{"id":34419,"date":"2026-02-12T19:48:12","date_gmt":"2026-02-12T18:48:12","guid":{"rendered":"https:\/\/footdavant.fr\/actualites\/kai-havertz-se-blesse-avant-son-voyage-a-brentford\/"},"modified":"2026-02-12T19:48:14","modified_gmt":"2026-02-12T18:48:14","slug":"kai-havertz-se-blesse-avant-son-voyage-a-brentford","status":"publish","type":"post","link":"https:\/\/footdavant.fr\/actualites\/kai-havertz-se-blesse-avant-son-voyage-a-brentford\/","title":{"rendered":"Kai Havertz se blesse avant son voyage \u00e0 Brentford"},"content":{"rendered":"<div>\n<p>Matin.<\/p>\n<p>Arsenal est en action en Premier League ce soir, \u00e0 Brentford. L&#39;avance au sommet a \u00e9t\u00e9 r\u00e9duite \u00e0 seulement 3 points apr\u00e8s la victoire tout \u00e0 fait pr\u00e9visible de Man City contre Fulham hier soir, mais je ne pense pas que Mikel Arteta et ses joueurs s&#39;attendaient \u00e0 moins.<\/p>\n<p>Avec un match nul en FA Cup contre Wigan dimanche, je ne pense pas que ce soit le match o\u00f9 nous verrons trop de changements. Il y a peut-\u00eatre une d\u00e9cision \u00e0 prendre \u00e0 l&#39;arri\u00e8re gauche entre Riccardo Calafiori et Piero Hincapie, mais je pense que l&#39;Italien obtiendra le feu vert. Il y a aussi un choix de milieu de terrain \u00e0 faire en ce qui concerne qui joue avec Martin Zubimendi et Declan Rice. Le manager \u00e9tait timide quant \u00e0 la disponibilit\u00e9 de Martin Odegaard et de Bukayo Saka, mais avec Kai Havertz pr\u00eat \u00e0 rester sur la touche (plus \u00e0 ce sujet prochainement), il serait tr\u00e8s utile que le capitaine revienne.<\/p>\n<p>Qu&#39;il soit pr\u00eat \u00e0 d\u00e9buter ce qui sera un match intense \u00e0 l&#39;ext\u00e9rieur en Premier League est une autre affaire, mais il y a Eberechi Eze \u00e0 notre disposition, et le fait qu&#39;il n&#39;ait pas \u00e9t\u00e9 absent depuis quelques semaines en fait le choix \u00e9vident. Cela a \u00e9t\u00e9 assez int\u00e9ressant de voir le partenariat Rice\/Zubimendi se d\u00e9velopper au cours de la saison, et m\u00eame s&#39;il ne s&#39;agit pas vraiment d&#39;un double pivot dans la fa\u00e7on dont il serait normalement d\u00e9ploy\u00e9, leur \u00e9quilibre devrait donner \u00e0 Eze une chance de jouer davantage en itin\u00e9rance 10, ce qui, je pense, convient mieux \u00e0 son jeu.<\/p>\n<p>Sur les ailes, la pr\u00e9sence de Leandro Trossard serait tr\u00e8s utile, mais il est sorti vers la fin du match contre Sunderland. Encore une fois, nous attendons de voir \u00e0 quel point cela est grave, mais sinon, on pourrait supposer que ce serait Gabriel Martinelli \u00e0 gauche et Noni Madueke de l&#39;autre c\u00f4t\u00e9. Ensuite, le choix de l&#39;attaquant entre Viktor Gyokeres et Gabriel Jesus devient assez int\u00e9ressant. Le premier a marqu\u00e9 deux fois lors de notre dernier match, mais n&#39;a pas vraiment r\u00e9ussi \u00e0 former un trio avec ces deux-l\u00e0 en dehors de lui ; ce dernier a \u00e9t\u00e9 m\u00e9diocre contre Sunderland, mais apporte un niveau technique qui pourrait \u00eatre plus align\u00e9 avec les deux ailiers.<\/p>\n<p>Mon intuition est que ce sera Gyokeres, mais si vous avez quelqu&#39;un comme Eze qui joue plus pr\u00e8s de lui, vous compensez une partie de cela. Et si, par exemple, Odegaard est de retour et re\u00e7oit le feu vert, il doit jouer plus haut sur le terrain que ce que nous avons souvent vu de sa part cette saison. Quelle que soit votre opinion sur sa forme r\u00e9cente, il ne fait aucun doute qu&#39;il est bien plus efficace dans les domaines avanc\u00e9s, alors voyons ce qui se passe l\u00e0-bas.<\/p>\n<p>Brentford, comme nous le savons, constitue une r\u00e9elle menace et conna\u00eet une saison fantastique. Il y a eu beaucoup de discussions sur Thomas Frank et le travail qu&#39;il a fait chez Sp*rs \u00e0 la suite de son limogeage (pr\u00e9vu !) hier, mais quels que soient ses \u00e9checs l\u00e0-bas, la qualit\u00e9 du travail qu&#39;il a effectu\u00e9 \u00e0 Brentford ne fait aucun doute. Parfois, l&#39;analyse d&#39;un manager devient trop binaire, mais peut-\u00eatre que ce qui lui est arriv\u00e9 et ce qui se passe avec Keith Andrews raconte une histoire plus importante.<\/p>\n<p>Qu&#39;un manager qui travaille dans un club bien g\u00e9r\u00e9 aura du mal \u00e0 faire de son mieux dans un club qui est en perp\u00e9tuel d\u00e9sastre, et que le club bien g\u00e9r\u00e9 peut plus facilement identifier et embaucher un rempla\u00e7ant capable de poursuivre le bon travail de l&#39;homme pr\u00e9c\u00e9dent. L&#39;environnement est si important, Andrews a fait un travail fantastique, mais \u2013 cela ne lui enl\u00e8ve rien \u2013 cela aide qu&#39;il soit dans un club stable et intelligent ; alors que Thomas Frank s&#39;est lanc\u00e9 dans une situation o\u00f9 la prise de d\u00e9cision a \u00e9t\u00e9, pendant des ann\u00e9es et des ann\u00e9es, bien en de\u00e7\u00e0 des normes. La liste des hommes qui l\u2019ont pr\u00e9c\u00e9d\u00e9 vous raconte tr\u00e8s clairement cette histoire.<\/p>\n<p>Alors, attendez-vous \u00e0 ce que celui-ci soit difficile, physique et dur. Brentford a le deuxi\u00e8me attaquant le plus performant de la Premier League cette saison, ils jouent un football de transition rapide, et nous allons devoir \u00eatre allum\u00e9s pour prendre les trois points de celui-ci. Mikel Arteta dit :<\/p>\n<blockquote>\n<p>C&#39;est un autre match difficile. Nous connaissons aussi Brentford \u00e0 domicile, les derniers r\u00e9sultats qu&#39;ils ont obtenus, le staff technique a \u00e9t\u00e9 incroyable. Donc merci \u00e0 eux, car ils sont une \u00e9quipe de premier plan.<\/p>\n<\/blockquote>\n<p>Le travail d&#39;Arsenal est assez simple : il suffit de gagner des matchs. C&#39;est plus facile \u00e0 dire qu&#39;\u00e0 faire, bien s\u00fbr, mais m\u00eame si Arteta a minimis\u00e9 l&#39;avance de 9 points ce week-end, il ne permettra pas \u00e0 ses joueurs de se concentrer sur les 3 points dont ils disposent actuellement. La t\u00e2che reste la m\u00eame, sortez et obtenez trois points. Peu importe comment, c&#39;est le r\u00e9sultat qui compte, mais apr\u00e8s une solide victoire ce week-end, il serait utile de cocher un autre match difficile \u00e0 l&#39;ext\u00e9rieur de la liste et de remettre la balle dans le camp de City. On croise les doigts.<\/p>\n<p>\u2014<\/p>\n<p>Juste pour revenir sur la nouvelle de Havertz qui est tomb\u00e9e hier soir, il semble qu&#39;il va manquer environ un mois \u00e0 cause d&#39;un probl\u00e8me musculaire. C&#39;est \u00e9videmment un v\u00e9ritable coup dur, car il est tellement positif depuis son retour. J&#39;esp\u00e8re que c&#39;est celui dont il pourra revenir plus rapidement, mais nous allons avoir un accord sans lui pour le moment.<\/p>\n<p>Mais m\u00eame si c&#39;est un coup dur, c&#39;est de toute fa\u00e7on la r\u00e9alit\u00e9 de la majeure partie de notre saison. Il n&#39;a fait son retour sur le terrain qu&#39;en janvier, et m\u00eame si je n&#39;ai pas le temps ce matin de compter exactement le nombre de matchs qu&#39;il a manqu\u00e9s, c&#39;\u00e9tait beaucoup. Et nous avons plut\u00f4t bien r\u00e9ussi. Donc, m\u00eame si je suis aussi vid\u00e9 que vous tous et que je crains que les blessures ne soient notre plus grand obstacle au succ\u00e8s cette saison, je pense que nous devons savoir que nous pouvons le faire sans lui, et quand il sera de retour, c&#39;est un coup de pouce opportun.<\/p>\n<p>Arteta ne peut pas permettre aux joueurs de se tourner vers un \u00e9tat d&#39;esprit \u00ab malheur \u00e0 nous \u00bb lorsqu&#39;un autre joueur est absent. Cela rend la vie plus difficile, mais cela ne change rien \u00e0 ce que nous devons faire. Je pense aussi qu&#39;il y a des joueurs comme Eze, Odegaard et Saka qui peuvent nous offrir plus de coh\u00e9rence dans les performances et le produit final, et il incombe d\u00e9sormais \u00e0 eux (et aux autres) d&#39;intensifier et de compenser l&#39;absence de Kai.<\/p>\n<p>\u2014<\/p>\n<p>Bon, restons-en l\u00e0 ce matin. Comme toujours, nous aurons une couverture de blog en direct pour vous, tous les trucs d&#39;apr\u00e8s-match sur Arseblog News, et il y aura un podcast en avant-premi\u00e8re sur Patreon si vous avez besoin de quelque chose \u00e0 \u00e9couter en attendant.<\/p>\n<p>Pour l&#39;instant, passez-en une bonne et je vous retrouverai plus tard pour le match.<\/p>\n<\/div>\n","protected":false},"excerpt":{"rendered":"<p>Matin. Arsenal est en action en Premier League ce soir, \u00e0 Brentford. L&#39;avance au sommet a \u00e9t\u00e9 r\u00e9duite \u00e0 seulement 3 points apr\u00e8s la victoire<\/p>\n","protected":false},"author":1,"featured_media":34420,"comment_status":"closed","ping_status":"","sticky":false,"template":"","format":"standard","meta":{"footnotes":""},"categories":[3],"tags":[491,2030,52,1307,2336,86,759],"yoast_head":"<!-- This site is optimized with the Yoast SEO plugin v21.0 - https:\/\/yoast.com\/wordpress\/plugins\/seo\/ -->\n<title>Kai Havertz se blesse avant son voyage \u00e0 Brentford<\/title>\n<meta name=\"robots\" content=\"index, follow, max-snippet:-1, max-image-preview:large, max-video-preview:-1\" \/>\n<link rel=\"canonical\" href=\"https:\/\/footdavant.fr\/actualites\/kai-havertz-se-blesse-avant-son-voyage-a-brentford\/\" \/>\n<meta property=\"og:locale\" content=\"fr_FR\" \/>\n<meta property=\"og:type\" content=\"article\" \/>\n<meta property=\"og:title\" content=\"Kai Havertz se blesse avant son voyage \u00e0 Brentford\" \/>\n<meta property=\"og:description\" content=\"Matin. Arsenal est en action en Premier League ce soir, \u00e0 Brentford. L&#039;avance au sommet a \u00e9t\u00e9 r\u00e9duite \u00e0 seulement 3 points apr\u00e8s la victoire\" \/>\n<meta property=\"og:url\" content=\"https:\/\/footdavant.fr\/actualites\/kai-havertz-se-blesse-avant-son-voyage-a-brentford\/\" \/>\n<meta property=\"og:site_name\" content=\"Foot d&#039;avant\" \/>\n<meta property=\"article:publisher\" content=\"https:\/\/www.facebook.com\/Footdavant\/\" \/>\n<meta property=\"article:published_time\" content=\"2026-02-12T18:48:12+00:00\" \/>\n<meta property=\"article:modified_time\" content=\"2026-02-12T18:48:14+00:00\" \/>\n<meta property=\"og:image\" content=\"https:\/\/footdavant.fr\/actualites\/wp-content\/uploads\/2026\/02\/Kai-Havertz-se-blesse-avant-son-voyage-a-Brentford.jpg\" \/>\n\t<meta property=\"og:image:width\" content=\"1500\" \/>\n\t<meta property=\"og:image:height\" content=\"750\" \/>\n\t<meta property=\"og:image:type\" content=\"image\/jpeg\" \/>\n<meta name=\"author\" content=\"Cl\u00e9ment\" \/>\n<meta name=\"twitter:card\" content=\"summary_large_image\" \/>\n<meta name=\"twitter:creator\" content=\"@FootdavantFr\" \/>\n<meta name=\"twitter:site\" content=\"@FootdavantFr\" \/>\n<meta name=\"twitter:label1\" content=\"\u00c9crit par\" \/>\n\t<meta name=\"twitter:data1\" content=\"Cl\u00e9ment\" \/>\n\t<meta name=\"twitter:label2\" content=\"Dur\u00e9e de lecture estim\u00e9e\" \/>\n\t<meta name=\"twitter:data2\" content=\"6 minutes\" \/>\n<script type=\"application\/ld+json\" class=\"yoast-schema-graph\">{\"@context\":\"https:\/\/schema.org\",\"@graph\":[{\"@type\":\"Article\",\"@id\":\"https:\/\/footdavant.fr\/actualites\/kai-havertz-se-blesse-avant-son-voyage-a-brentford\/#article\",\"isPartOf\":{\"@id\":\"https:\/\/footdavant.fr\/actualites\/kai-havertz-se-blesse-avant-son-voyage-a-brentford\/\"},\"author\":{\"name\":\"Cl\u00e9ment\",\"@id\":\"https:\/\/footdavant.fr\/actualites\/#\/schema\/person\/bc222566d95871b37e597b3ed3ba5e1d\"},\"headline\":\"Kai Havertz se blesse avant son voyage \u00e0 Brentford\",\"datePublished\":\"2026-02-12T18:48:12+00:00\",\"dateModified\":\"2026-02-12T18:48:14+00:00\",\"mainEntityOfPage\":{\"@id\":\"https:\/\/footdavant.fr\/actualites\/kai-havertz-se-blesse-avant-son-voyage-a-brentford\/\"},\"wordCount\":1272,\"publisher\":{\"@id\":\"https:\/\/footdavant.fr\/actualites\/#organization\"},\"keywords\":[\"avant\",\"bless\u00e9\",\"Brentford\",\"Havertz\",\"Kai\",\"son\",\"voyage\"],\"articleSection\":[\"Football\"],\"inLanguage\":\"fr-FR\"},{\"@type\":\"WebPage\",\"@id\":\"https:\/\/footdavant.fr\/actualites\/kai-havertz-se-blesse-avant-son-voyage-a-brentford\/\",\"url\":\"https:\/\/footdavant.fr\/actualites\/kai-havertz-se-blesse-avant-son-voyage-a-brentford\/\",\"name\":\"Kai Havertz se blesse avant son voyage \u00e0 Brentford\",\"isPartOf\":{\"@id\":\"https:\/\/footdavant.fr\/actualites\/#website\"},\"datePublished\":\"2026-02-12T18:48:12+00:00\",\"dateModified\":\"2026-02-12T18:48:14+00:00\",\"breadcrumb\":{\"@id\":\"https:\/\/footdavant.fr\/actualites\/kai-havertz-se-blesse-avant-son-voyage-a-brentford\/#breadcrumb\"},\"inLanguage\":\"fr-FR\",\"potentialAction\":[{\"@type\":\"ReadAction\",\"target\":[\"https:\/\/footdavant.fr\/actualites\/kai-havertz-se-blesse-avant-son-voyage-a-brentford\/\"]}]},{\"@type\":\"BreadcrumbList\",\"@id\":\"https:\/\/footdavant.fr\/actualites\/kai-havertz-se-blesse-avant-son-voyage-a-brentford\/#breadcrumb\",\"itemListElement\":[{\"@type\":\"ListItem\",\"position\":1,\"name\":\"Accueil\",\"item\":\"https:\/\/footdavant.fr\/actualites\/\"},{\"@type\":\"ListItem\",\"position\":2,\"name\":\"Kai Havertz se blesse avant son voyage \u00e0 Brentford\"}]},{\"@type\":\"WebSite\",\"@id\":\"https:\/\/footdavant.fr\/actualites\/#website\",\"url\":\"https:\/\/footdavant.fr\/actualites\/\",\"name\":\"Foot d'avant\",\"description\":\"\",\"publisher\":{\"@id\":\"https:\/\/footdavant.fr\/actualites\/#organization\"},\"potentialAction\":[{\"@type\":\"SearchAction\",\"target\":{\"@type\":\"EntryPoint\",\"urlTemplate\":\"https:\/\/footdavant.fr\/actualites\/?s={search_term_string}\"},\"query-input\":\"required name=search_term_string\"}],\"inLanguage\":\"fr-FR\"},{\"@type\":\"Organization\",\"@id\":\"https:\/\/footdavant.fr\/actualites\/#organization\",\"name\":\"Foot d'avant\",\"url\":\"https:\/\/footdavant.fr\/actualites\/\",\"logo\":{\"@type\":\"ImageObject\",\"inLanguage\":\"fr-FR\",\"@id\":\"https:\/\/footdavant.fr\/actualites\/#\/schema\/logo\/image\/\",\"url\":\"https:\/\/footdavant.fr\/actualites\/wp-content\/uploads\/2023\/09\/Copy-of-FootDavant-Logo.png\",\"contentUrl\":\"https:\/\/footdavant.fr\/actualites\/wp-content\/uploads\/2023\/09\/Copy-of-FootDavant-Logo.png\",\"width\":936,\"height\":549,\"caption\":\"Foot d'avant\"},\"image\":{\"@id\":\"https:\/\/footdavant.fr\/actualites\/#\/schema\/logo\/image\/\"},\"sameAs\":[\"https:\/\/www.facebook.com\/Footdavant\/\",\"https:\/\/twitter.com\/FootdavantFr\",\"https:\/\/www.instagram.com\/footdavant.fr\/\"]},{\"@type\":\"Person\",\"@id\":\"https:\/\/footdavant.fr\/actualites\/#\/schema\/person\/bc222566d95871b37e597b3ed3ba5e1d\",\"name\":\"Cl\u00e9ment\",\"image\":{\"@type\":\"ImageObject\",\"inLanguage\":\"fr-FR\",\"@id\":\"https:\/\/footdavant.fr\/actualites\/#\/schema\/person\/image\/\",\"url\":\"https:\/\/secure.gravatar.com\/avatar\/7728b29aac2719421e1a9159b2254c44?s=96&d=mm&r=g\",\"contentUrl\":\"https:\/\/secure.gravatar.com\/avatar\/7728b29aac2719421e1a9159b2254c44?s=96&d=mm&r=g\",\"caption\":\"Cl\u00e9ment\"},\"sameAs\":[\"https:\/\/footdavant.fr\/\"]}]}<\/script>\n<!-- \/ Yoast SEO plugin. -->","yoast_head_json":{"title":"Kai Havertz se blesse avant son voyage \u00e0 Brentford","robots":{"index":"index","follow":"follow","max-snippet":"max-snippet:-1","max-image-preview":"max-image-preview:large","max-video-preview":"max-video-preview:-1"},"canonical":"https:\/\/footdavant.fr\/actualites\/kai-havertz-se-blesse-avant-son-voyage-a-brentford\/","og_locale":"fr_FR","og_type":"article","og_title":"Kai Havertz se blesse avant son voyage \u00e0 Brentford","og_description":"Matin. Arsenal est en action en Premier League ce soir, \u00e0 Brentford. L&#39;avance au sommet a \u00e9t\u00e9 r\u00e9duite \u00e0 seulement 3 points apr\u00e8s la victoire","og_url":"https:\/\/footdavant.fr\/actualites\/kai-havertz-se-blesse-avant-son-voyage-a-brentford\/","og_site_name":"Foot d&#039;avant","article_publisher":"https:\/\/www.facebook.com\/Footdavant\/","article_published_time":"2026-02-12T18:48:12+00:00","article_modified_time":"2026-02-12T18:48:14+00:00","og_image":[{"width":1500,"height":750,"url":"https:\/\/footdavant.fr\/actualites\/wp-content\/uploads\/2026\/02\/Kai-Havertz-se-blesse-avant-son-voyage-a-Brentford.jpg","type":"image\/jpeg"}],"author":"Cl\u00e9ment","twitter_card":"summary_large_image","twitter_creator":"@FootdavantFr","twitter_site":"@FootdavantFr","twitter_misc":{"\u00c9crit par":"Cl\u00e9ment","Dur\u00e9e de lecture estim\u00e9e":"6 minutes"},"schema":{"@context":"https:\/\/schema.org","@graph":[{"@type":"Article","@id":"https:\/\/footdavant.fr\/actualites\/kai-havertz-se-blesse-avant-son-voyage-a-brentford\/#article","isPartOf":{"@id":"https:\/\/footdavant.fr\/actualites\/kai-havertz-se-blesse-avant-son-voyage-a-brentford\/"},"author":{"name":"Cl\u00e9ment","@id":"https:\/\/footdavant.fr\/actualites\/#\/schema\/person\/bc222566d95871b37e597b3ed3ba5e1d"},"headline":"Kai Havertz se blesse avant son voyage \u00e0 Brentford","datePublished":"2026-02-12T18:48:12+00:00","dateModified":"2026-02-12T18:48:14+00:00","mainEntityOfPage":{"@id":"https:\/\/footdavant.fr\/actualites\/kai-havertz-se-blesse-avant-son-voyage-a-brentford\/"},"wordCount":1272,"publisher":{"@id":"https:\/\/footdavant.fr\/actualites\/#organization"},"keywords":["avant","bless\u00e9","Brentford","Havertz","Kai","son","voyage"],"articleSection":["Football"],"inLanguage":"fr-FR"},{"@type":"WebPage","@id":"https:\/\/footdavant.fr\/actualites\/kai-havertz-se-blesse-avant-son-voyage-a-brentford\/","url":"https:\/\/footdavant.fr\/actualites\/kai-havertz-se-blesse-avant-son-voyage-a-brentford\/","name":"Kai Havertz se blesse avant son voyage \u00e0 Brentford","isPartOf":{"@id":"https:\/\/footdavant.fr\/actualites\/#website"},"datePublished":"2026-02-12T18:48:12+00:00","dateModified":"2026-02-12T18:48:14+00:00","breadcrumb":{"@id":"https:\/\/footdavant.fr\/actualites\/kai-havertz-se-blesse-avant-son-voyage-a-brentford\/#breadcrumb"},"inLanguage":"fr-FR","potentialAction":[{"@type":"ReadAction","target":["https:\/\/footdavant.fr\/actualites\/kai-havertz-se-blesse-avant-son-voyage-a-brentford\/"]}]},{"@type":"BreadcrumbList","@id":"https:\/\/footdavant.fr\/actualites\/kai-havertz-se-blesse-avant-son-voyage-a-brentford\/#breadcrumb","itemListElement":[{"@type":"ListItem","position":1,"name":"Accueil","item":"https:\/\/footdavant.fr\/actualites\/"},{"@type":"ListItem","position":2,"name":"Kai Havertz se blesse avant son voyage \u00e0 Brentford"}]},{"@type":"WebSite","@id":"https:\/\/footdavant.fr\/actualites\/#website","url":"https:\/\/footdavant.fr\/actualites\/","name":"Foot d'avant","description":"","publisher":{"@id":"https:\/\/footdavant.fr\/actualites\/#organization"},"potentialAction":[{"@type":"SearchAction","target":{"@type":"EntryPoint","urlTemplate":"https:\/\/footdavant.fr\/actualites\/?s={search_term_string}"},"query-input":"required name=search_term_string"}],"inLanguage":"fr-FR"},{"@type":"Organization","@id":"https:\/\/footdavant.fr\/actualites\/#organization","name":"Foot d'avant","url":"https:\/\/footdavant.fr\/actualites\/","logo":{"@type":"ImageObject","inLanguage":"fr-FR","@id":"https:\/\/footdavant.fr\/actualites\/#\/schema\/logo\/image\/","url":"https:\/\/footdavant.fr\/actualites\/wp-content\/uploads\/2023\/09\/Copy-of-FootDavant-Logo.png","contentUrl":"https:\/\/footdavant.fr\/actualites\/wp-content\/uploads\/2023\/09\/Copy-of-FootDavant-Logo.png","width":936,"height":549,"caption":"Foot d'avant"},"image":{"@id":"https:\/\/footdavant.fr\/actualites\/#\/schema\/logo\/image\/"},"sameAs":["https:\/\/www.facebook.com\/Footdavant\/","https:\/\/twitter.com\/FootdavantFr","https:\/\/www.instagram.com\/footdavant.fr\/"]},{"@type":"Person","@id":"https:\/\/footdavant.fr\/actualites\/#\/schema\/person\/bc222566d95871b37e597b3ed3ba5e1d","name":"Cl\u00e9ment","image":{"@type":"ImageObject","inLanguage":"fr-FR","@id":"https:\/\/footdavant.fr\/actualites\/#\/schema\/person\/image\/","url":"https:\/\/secure.gravatar.com\/avatar\/7728b29aac2719421e1a9159b2254c44?s=96&d=mm&r=g","contentUrl":"https:\/\/secure.gravatar.com\/avatar\/7728b29aac2719421e1a9159b2254c44?s=96&d=mm&r=g","caption":"Cl\u00e9ment"},"sameAs":["https:\/\/footdavant.fr\/"]}]}},"_links":{"self":[{"href":"https:\/\/footdavant.fr\/actualites\/wp-json\/wp\/v2\/posts\/34419"}],"collection":[{"href":"https:\/\/footdavant.fr\/actualites\/wp-json\/wp\/v2\/posts"}],"about":[{"href":"https:\/\/footdavant.fr\/actualites\/wp-json\/wp\/v2\/types\/post"}],"author":[{"embeddable":true,"href":"https:\/\/footdavant.fr\/actualites\/wp-json\/wp\/v2\/users\/1"}],"replies":[{"embeddable":true,"href":"https:\/\/footdavant.fr\/actualites\/wp-json\/wp\/v2\/comments?post=34419"}],"version-history":[{"count":1,"href":"https:\/\/footdavant.fr\/actualites\/wp-json\/wp\/v2\/posts\/34419\/revisions"}],"predecessor-version":[{"id":34421,"href":"https:\/\/footdavant.fr\/actualites\/wp-json\/wp\/v2\/posts\/34419\/revisions\/34421"}],"wp:featuredmedia":[{"embeddable":true,"href":"https:\/\/footdavant.fr\/actualites\/wp-json\/wp\/v2\/media\/34420"}],"wp:attachment":[{"href":"https:\/\/footdavant.fr\/actualites\/wp-json\/wp\/v2\/media?parent=34419"}],"wp:term":[{"taxonomy":"category","embeddable":true,"href":"https:\/\/footdavant.fr\/actualites\/wp-json\/wp\/v2\/categories?post=34419"},{"taxonomy":"post_tag","embeddable":true,"href":"https:\/\/footdavant.fr\/actualites\/wp-json\/wp\/v2\/tags?post=34419"}],"curies":[{"name":"wp","href":"https:\/\/api.w.org\/{rel}","templated":true}]}}