{"id":34422,"date":"2026-02-12T21:48:23","date_gmt":"2026-02-12T20:48:23","guid":{"rendered":"https:\/\/footdavant.fr\/actualites\/nouvelles-de-lequipe-de-chelsea-liam-rosenior-fait-allusion-au-depart-dun-espoir-contre-hull-city-au-quatrieme-tour-de-la-fa-cup\/"},"modified":"2026-02-12T21:48:28","modified_gmt":"2026-02-12T20:48:28","slug":"nouvelles-de-lequipe-de-chelsea-liam-rosenior-fait-allusion-au-depart-dun-espoir-contre-hull-city-au-quatrieme-tour-de-la-fa-cup","status":"publish","type":"post","link":"https:\/\/footdavant.fr\/actualites\/nouvelles-de-lequipe-de-chelsea-liam-rosenior-fait-allusion-au-depart-dun-espoir-contre-hull-city-au-quatrieme-tour-de-la-fa-cup\/","title":{"rendered":"Nouvelles de l&#39;\u00e9quipe de Chelsea: Liam Rosenior fait allusion au d\u00e9part d&#39;un espoir contre Hull City au quatri\u00e8me tour de la FA Cup"},"content":{"rendered":"<div itemprop=\"articleBody\">\n<p>L&#39;entra\u00eeneur-chef de Chelsea, Liam Rosenior, a sugg\u00e9r\u00e9 que Mamadou Sarr d\u00e9buterait contre Hull City au quatri\u00e8me tour de la FA Cup vendredi soir.<\/p>\n<p>Les Bleus feront le d\u00e9placement au Stade MKM pour ce qui sera leur troisi\u00e8me match en l&#39;espace d&#39;une semaine.<\/p>\n<p>Lors d&#39;une conf\u00e9rence de presse mercredi, Rosenior a insist\u00e9 sur le fait qu&#39;il ne proc\u00e9derait pas \u00e0 une rotation importante de son onze de d\u00e9part lors du match nul 2-2 de mardi contre Leeds United en Premier League.<\/p>\n<p>N\u00e9anmoins, certains changements seront in\u00e9vitablement apport\u00e9s, et cela inclura probablement une premi\u00e8re titularisation \u00e0 Chelsea pour Sarr.<\/p>\n<p>Lors des derniers jours du mercato hivernal, le d\u00e9fenseur central a \u00e9t\u00e9 rappel\u00e9 de son pr\u00eat \u00e0 Strasbourg.<\/p>\n<div>\n<div>\n<p>\u00a9 Imago<\/p>\n<\/div>\n<\/div>\n<h2>Rosenior confirme les minutes de Sarr contre Hull<\/h2>\n<p>Alors que Sarr est rest\u00e9 un rempla\u00e7ant inutilis\u00e9 lors des deux derniers matchs, le joueur de 20 ans jouera une partie de la comp\u00e9tition \u00e0 Humberside.<\/p>\n<p>Rosenior a d\u00e9clar\u00e9 aux journalistes : \u00ab\u00a0Mamadou a une grande chance de d\u00e9buter le match. C&#39;est tr\u00e8s difficile pour un joueur en janvier de changer de club.<\/p>\n<p>\u00ab\u00a0\u00c9videmment, ce qui est bien pour Mamadou, c&#39;est qu&#39;il est d\u00e9j\u00e0 venu ici et qu&#39;il me conna\u00eet tr\u00e8s bien, ainsi que mes attentes et mes exigences envers les joueurs.<\/p>\n<p>\u00ab\u00a0Il n&#39;est ici que depuis une semaine, donc il a besoin de temps pour se coucher. Il a besoin de temps pour s&#39;acclimater, mais maintenant je pense qu&#39;il est dans une tr\u00e8s bonne position et il verra certainement le terrain \u00e0 un moment donn\u00e9 vendredi.\u00a0\u00bb<\/p>\n<div>\n<div><img decoding=\"async\" data-img-id=\"146145\" class=\"lazy\" loading=\"lazy\" src=\"https:\/\/footdavant.fr\/actualites\/wp-content\/uploads\/2025\/06\/1751046496_Chelsea-Blessury-News-Wesley-Fofana-pourrait-il-figurer-lors-de-la.jpg\"\/><\/p>\n<p>\u00a9 Imago<\/p>\n<\/div>\n<\/div>\n<h2>Sarr pourrait-il associer Fofana contre Hull ?<\/h2>\n<p>Rosenior a \u00e9galement \u00e9t\u00e9 interrog\u00e9 sur la rotation constante de Wesley Fofana alors que Chelsea tentait de prot\u00e9ger un joueur qui a subi un certain nombre d&#39;absences pour blessures \u00e0 long terme.<\/p>\n<p>Le Fran\u00e7ais a effectu\u00e9 cinq titularisations et cinq sorties de remplacement lors des 10 premiers matches de Rosenior, alors qu&#39;il n&#39;a \u00e9t\u00e9 pr\u00e9sent\u00e9 que comme rempla\u00e7ant \u00e0 la 79e minute contre Leeds.<\/p>\n<p>S&#39;exprimant sur Fofana, Rosenior a d\u00e9clar\u00e9 : \u00ab\u00a0En ce qui concerne Wes, il a eu des probl\u00e8mes de blessures et je veux m&#39;assurer qu&#39;il ne s&#39;effondrera pas \u00e0 nouveau.<\/p>\n<p>\u00ab\u00a0C&#39;est un joueur exceptionnel. Ils voudront toujours de la coh\u00e9rence dans votre ligne arri\u00e8re. Je suis s\u00fbr que nous y arriverons \u00e0 la fin.\u00a0\u00bb<\/p>\n<p>\u00ab\u00a0Pour la premi\u00e8re fois depuis longtemps, il a jou\u00e9 cons\u00e9cutivement du milieu de la semaine au week-end. C&#39;est un signe vraiment positif.<\/p>\n<p>\u00ab\u00a0L&#39;objectif de chaque joueur est de le former au point o\u00f9 il peut jouer chaque match. C&#39;est l&#39;objectif et nous n&#39;y sommes pas encore tout \u00e0 fait. Mais avec l&#39;\u00e9quipe m\u00e9dicale avec laquelle je travaille et la fa\u00e7on dont nous travaillons, je suis convaincu que nous pouvons l&#39;y amener.\u00a0\u00bb<\/p>\n<p>Avec Tosin Adarabioyo \u00e9galement de nouveau en forme apr\u00e8s une blessure aux ischio-jambiers, Rosenior pourrait \u00e9galement chercher \u00e0 lui accorder quelques minutes contre le club de championnat.<\/p>\n<\/div>\n","protected":false},"excerpt":{"rendered":"<p>L&#39;entra\u00eeneur-chef de Chelsea, Liam Rosenior, a sugg\u00e9r\u00e9 que Mamadou Sarr d\u00e9buterait contre Hull City au quatri\u00e8me tour de la FA Cup vendredi soir. Les Bleus<\/p>\n","protected":false},"author":1,"featured_media":33872,"comment_status":"closed","ping_status":"","sticky":false,"template":"","format":"standard","meta":{"footnotes":""},"categories":[5],"tags":[390,171,27,20,466,4260,560,5256,152,2785,4219,5457,461,1620,10942,2984],"yoast_head":"<!-- This site is optimized with the Yoast SEO plugin v21.0 - https:\/\/yoast.com\/wordpress\/plugins\/seo\/ -->\n<title>Nouvelles de l&#039;\u00e9quipe de Chelsea: Liam Rosenior fait allusion au d\u00e9part d&#039;un espoir contre Hull City au quatri\u00e8me tour de la FA Cup<\/title>\n<meta name=\"robots\" content=\"index, follow, max-snippet:-1, max-image-preview:large, max-video-preview:-1\" \/>\n<link rel=\"canonical\" href=\"https:\/\/footdavant.fr\/actualites\/nouvelles-de-lequipe-de-chelsea-liam-rosenior-fait-allusion-au-depart-dun-espoir-contre-hull-city-au-quatrieme-tour-de-la-fa-cup\/\" \/>\n<meta property=\"og:locale\" content=\"fr_FR\" \/>\n<meta property=\"og:type\" content=\"article\" \/>\n<meta property=\"og:title\" content=\"Nouvelles de l&#039;\u00e9quipe de Chelsea: Liam Rosenior fait allusion au d\u00e9part d&#039;un espoir contre Hull City au quatri\u00e8me tour de la FA Cup\" \/>\n<meta property=\"og:description\" content=\"L&#039;entra\u00eeneur-chef de Chelsea, Liam Rosenior, a sugg\u00e9r\u00e9 que Mamadou Sarr d\u00e9buterait contre Hull City au quatri\u00e8me tour de la FA Cup vendredi soir. Les Bleus\" \/>\n<meta property=\"og:url\" content=\"https:\/\/footdavant.fr\/actualites\/nouvelles-de-lequipe-de-chelsea-liam-rosenior-fait-allusion-au-depart-dun-espoir-contre-hull-city-au-quatrieme-tour-de-la-fa-cup\/\" \/>\n<meta property=\"og:site_name\" content=\"Foot d&#039;avant\" \/>\n<meta property=\"article:publisher\" content=\"https:\/\/www.facebook.com\/Footdavant\/\" \/>\n<meta property=\"article:published_time\" content=\"2026-02-12T20:48:23+00:00\" \/>\n<meta property=\"article:modified_time\" content=\"2026-02-12T20:48:28+00:00\" \/>\n<meta property=\"og:image\" content=\"https:\/\/footdavant.fr\/actualites\/wp-content\/uploads\/2026\/01\/Nouvelles-du-transfert-de-Chelsea-les-Blues-activent-le.net2Fuploads2F20262F012Farne-slot-mo-sal.webp\" \/>\n\t<meta property=\"og:image:width\" content=\"720\" \/>\n\t<meta property=\"og:image:height\" content=\"410\" \/>\n\t<meta property=\"og:image:type\" content=\"image\/webp\" \/>\n<meta name=\"author\" content=\"Cl\u00e9ment\" \/>\n<meta name=\"twitter:card\" content=\"summary_large_image\" \/>\n<meta name=\"twitter:creator\" content=\"@FootdavantFr\" \/>\n<meta name=\"twitter:site\" content=\"@FootdavantFr\" \/>\n<meta name=\"twitter:label1\" content=\"\u00c9crit par\" \/>\n\t<meta name=\"twitter:data1\" content=\"Cl\u00e9ment\" \/>\n\t<meta name=\"twitter:label2\" content=\"Dur\u00e9e de lecture estim\u00e9e\" \/>\n\t<meta name=\"twitter:data2\" content=\"3 minutes\" \/>\n<script type=\"application\/ld+json\" class=\"yoast-schema-graph\">{\"@context\":\"https:\/\/schema.org\",\"@graph\":[{\"@type\":\"Article\",\"@id\":\"https:\/\/footdavant.fr\/actualites\/nouvelles-de-lequipe-de-chelsea-liam-rosenior-fait-allusion-au-depart-dun-espoir-contre-hull-city-au-quatrieme-tour-de-la-fa-cup\/#article\",\"isPartOf\":{\"@id\":\"https:\/\/footdavant.fr\/actualites\/nouvelles-de-lequipe-de-chelsea-liam-rosenior-fait-allusion-au-depart-dun-espoir-contre-hull-city-au-quatrieme-tour-de-la-fa-cup\/\"},\"author\":{\"name\":\"Cl\u00e9ment\",\"@id\":\"https:\/\/footdavant.fr\/actualites\/#\/schema\/person\/bc222566d95871b37e597b3ed3ba5e1d\"},\"headline\":\"Nouvelles de l&#39;\u00e9quipe de Chelsea: Liam Rosenior fait allusion au d\u00e9part d&#39;un espoir contre Hull City au quatri\u00e8me tour de la FA Cup\",\"datePublished\":\"2026-02-12T20:48:23+00:00\",\"dateModified\":\"2026-02-12T20:48:28+00:00\",\"mainEntityOfPage\":{\"@id\":\"https:\/\/footdavant.fr\/actualites\/nouvelles-de-lequipe-de-chelsea-liam-rosenior-fait-allusion-au-depart-dun-espoir-contre-hull-city-au-quatrieme-tour-de-la-fa-cup\/\"},\"wordCount\":550,\"publisher\":{\"@id\":\"https:\/\/footdavant.fr\/actualites\/#organization\"},\"keywords\":[\"allusion\",\"Chelsea\",\"City\",\"contre\",\"Cup\",\"d39un\",\"d\u00e9part\",\"espoir\",\"fait\",\"Hull\",\"l39\u00e9quipe\",\"Liam\",\"Nouvelles\",\"quatri\u00e8me\",\"Rosenior\",\"tour\"],\"articleSection\":[\"Premier League\"],\"inLanguage\":\"fr-FR\"},{\"@type\":\"WebPage\",\"@id\":\"https:\/\/footdavant.fr\/actualites\/nouvelles-de-lequipe-de-chelsea-liam-rosenior-fait-allusion-au-depart-dun-espoir-contre-hull-city-au-quatrieme-tour-de-la-fa-cup\/\",\"url\":\"https:\/\/footdavant.fr\/actualites\/nouvelles-de-lequipe-de-chelsea-liam-rosenior-fait-allusion-au-depart-dun-espoir-contre-hull-city-au-quatrieme-tour-de-la-fa-cup\/\",\"name\":\"Nouvelles de l&#39;\u00e9quipe de Chelsea: Liam Rosenior fait allusion au d\u00e9part d&#39;un espoir contre Hull City au quatri\u00e8me tour de la FA Cup\",\"isPartOf\":{\"@id\":\"https:\/\/footdavant.fr\/actualites\/#website\"},\"datePublished\":\"2026-02-12T20:48:23+00:00\",\"dateModified\":\"2026-02-12T20:48:28+00:00\",\"breadcrumb\":{\"@id\":\"https:\/\/footdavant.fr\/actualites\/nouvelles-de-lequipe-de-chelsea-liam-rosenior-fait-allusion-au-depart-dun-espoir-contre-hull-city-au-quatrieme-tour-de-la-fa-cup\/#breadcrumb\"},\"inLanguage\":\"fr-FR\",\"potentialAction\":[{\"@type\":\"ReadAction\",\"target\":[\"https:\/\/footdavant.fr\/actualites\/nouvelles-de-lequipe-de-chelsea-liam-rosenior-fait-allusion-au-depart-dun-espoir-contre-hull-city-au-quatrieme-tour-de-la-fa-cup\/\"]}]},{\"@type\":\"BreadcrumbList\",\"@id\":\"https:\/\/footdavant.fr\/actualites\/nouvelles-de-lequipe-de-chelsea-liam-rosenior-fait-allusion-au-depart-dun-espoir-contre-hull-city-au-quatrieme-tour-de-la-fa-cup\/#breadcrumb\",\"itemListElement\":[{\"@type\":\"ListItem\",\"position\":1,\"name\":\"Accueil\",\"item\":\"https:\/\/footdavant.fr\/actualites\/\"},{\"@type\":\"ListItem\",\"position\":2,\"name\":\"Nouvelles de l&#39;\u00e9quipe de Chelsea: Liam Rosenior fait allusion au d\u00e9part d&#39;un espoir contre Hull City au quatri\u00e8me tour de la FA Cup\"}]},{\"@type\":\"WebSite\",\"@id\":\"https:\/\/footdavant.fr\/actualites\/#website\",\"url\":\"https:\/\/footdavant.fr\/actualites\/\",\"name\":\"Foot d'avant\",\"description\":\"\",\"publisher\":{\"@id\":\"https:\/\/footdavant.fr\/actualites\/#organization\"},\"potentialAction\":[{\"@type\":\"SearchAction\",\"target\":{\"@type\":\"EntryPoint\",\"urlTemplate\":\"https:\/\/footdavant.fr\/actualites\/?s={search_term_string}\"},\"query-input\":\"required name=search_term_string\"}],\"inLanguage\":\"fr-FR\"},{\"@type\":\"Organization\",\"@id\":\"https:\/\/footdavant.fr\/actualites\/#organization\",\"name\":\"Foot d'avant\",\"url\":\"https:\/\/footdavant.fr\/actualites\/\",\"logo\":{\"@type\":\"ImageObject\",\"inLanguage\":\"fr-FR\",\"@id\":\"https:\/\/footdavant.fr\/actualites\/#\/schema\/logo\/image\/\",\"url\":\"https:\/\/footdavant.fr\/actualites\/wp-content\/uploads\/2023\/09\/Copy-of-FootDavant-Logo.png\",\"contentUrl\":\"https:\/\/footdavant.fr\/actualites\/wp-content\/uploads\/2023\/09\/Copy-of-FootDavant-Logo.png\",\"width\":936,\"height\":549,\"caption\":\"Foot d'avant\"},\"image\":{\"@id\":\"https:\/\/footdavant.fr\/actualites\/#\/schema\/logo\/image\/\"},\"sameAs\":[\"https:\/\/www.facebook.com\/Footdavant\/\",\"https:\/\/twitter.com\/FootdavantFr\",\"https:\/\/www.instagram.com\/footdavant.fr\/\"]},{\"@type\":\"Person\",\"@id\":\"https:\/\/footdavant.fr\/actualites\/#\/schema\/person\/bc222566d95871b37e597b3ed3ba5e1d\",\"name\":\"Cl\u00e9ment\",\"image\":{\"@type\":\"ImageObject\",\"inLanguage\":\"fr-FR\",\"@id\":\"https:\/\/footdavant.fr\/actualites\/#\/schema\/person\/image\/\",\"url\":\"https:\/\/secure.gravatar.com\/avatar\/7728b29aac2719421e1a9159b2254c44?s=96&d=mm&r=g\",\"contentUrl\":\"https:\/\/secure.gravatar.com\/avatar\/7728b29aac2719421e1a9159b2254c44?s=96&d=mm&r=g\",\"caption\":\"Cl\u00e9ment\"},\"sameAs\":[\"https:\/\/footdavant.fr\/\"]}]}<\/script>\n<!-- \/ Yoast SEO plugin. -->","yoast_head_json":{"title":"Nouvelles de l&#39;\u00e9quipe de Chelsea: Liam Rosenior fait allusion au d\u00e9part d&#39;un espoir contre Hull City au quatri\u00e8me tour de la FA Cup","robots":{"index":"index","follow":"follow","max-snippet":"max-snippet:-1","max-image-preview":"max-image-preview:large","max-video-preview":"max-video-preview:-1"},"canonical":"https:\/\/footdavant.fr\/actualites\/nouvelles-de-lequipe-de-chelsea-liam-rosenior-fait-allusion-au-depart-dun-espoir-contre-hull-city-au-quatrieme-tour-de-la-fa-cup\/","og_locale":"fr_FR","og_type":"article","og_title":"Nouvelles de l&#39;\u00e9quipe de Chelsea: Liam Rosenior fait allusion au d\u00e9part d&#39;un espoir contre Hull City au quatri\u00e8me tour de la FA Cup","og_description":"L&#39;entra\u00eeneur-chef de Chelsea, Liam Rosenior, a sugg\u00e9r\u00e9 que Mamadou Sarr d\u00e9buterait contre Hull City au quatri\u00e8me tour de la FA Cup vendredi soir. Les Bleus","og_url":"https:\/\/footdavant.fr\/actualites\/nouvelles-de-lequipe-de-chelsea-liam-rosenior-fait-allusion-au-depart-dun-espoir-contre-hull-city-au-quatrieme-tour-de-la-fa-cup\/","og_site_name":"Foot d&#039;avant","article_publisher":"https:\/\/www.facebook.com\/Footdavant\/","article_published_time":"2026-02-12T20:48:23+00:00","article_modified_time":"2026-02-12T20:48:28+00:00","og_image":[{"width":720,"height":410,"url":"https:\/\/footdavant.fr\/actualites\/wp-content\/uploads\/2026\/01\/Nouvelles-du-transfert-de-Chelsea-les-Blues-activent-le.net2Fuploads2F20262F012Farne-slot-mo-sal.webp","type":"image\/webp"}],"author":"Cl\u00e9ment","twitter_card":"summary_large_image","twitter_creator":"@FootdavantFr","twitter_site":"@FootdavantFr","twitter_misc":{"\u00c9crit par":"Cl\u00e9ment","Dur\u00e9e de lecture estim\u00e9e":"3 minutes"},"schema":{"@context":"https:\/\/schema.org","@graph":[{"@type":"Article","@id":"https:\/\/footdavant.fr\/actualites\/nouvelles-de-lequipe-de-chelsea-liam-rosenior-fait-allusion-au-depart-dun-espoir-contre-hull-city-au-quatrieme-tour-de-la-fa-cup\/#article","isPartOf":{"@id":"https:\/\/footdavant.fr\/actualites\/nouvelles-de-lequipe-de-chelsea-liam-rosenior-fait-allusion-au-depart-dun-espoir-contre-hull-city-au-quatrieme-tour-de-la-fa-cup\/"},"author":{"name":"Cl\u00e9ment","@id":"https:\/\/footdavant.fr\/actualites\/#\/schema\/person\/bc222566d95871b37e597b3ed3ba5e1d"},"headline":"Nouvelles de l&#39;\u00e9quipe de Chelsea: Liam Rosenior fait allusion au d\u00e9part d&#39;un espoir contre Hull City au quatri\u00e8me tour de la FA Cup","datePublished":"2026-02-12T20:48:23+00:00","dateModified":"2026-02-12T20:48:28+00:00","mainEntityOfPage":{"@id":"https:\/\/footdavant.fr\/actualites\/nouvelles-de-lequipe-de-chelsea-liam-rosenior-fait-allusion-au-depart-dun-espoir-contre-hull-city-au-quatrieme-tour-de-la-fa-cup\/"},"wordCount":550,"publisher":{"@id":"https:\/\/footdavant.fr\/actualites\/#organization"},"keywords":["allusion","Chelsea","City","contre","Cup","d39un","d\u00e9part","espoir","fait","Hull","l39\u00e9quipe","Liam","Nouvelles","quatri\u00e8me","Rosenior","tour"],"articleSection":["Premier League"],"inLanguage":"fr-FR"},{"@type":"WebPage","@id":"https:\/\/footdavant.fr\/actualites\/nouvelles-de-lequipe-de-chelsea-liam-rosenior-fait-allusion-au-depart-dun-espoir-contre-hull-city-au-quatrieme-tour-de-la-fa-cup\/","url":"https:\/\/footdavant.fr\/actualites\/nouvelles-de-lequipe-de-chelsea-liam-rosenior-fait-allusion-au-depart-dun-espoir-contre-hull-city-au-quatrieme-tour-de-la-fa-cup\/","name":"Nouvelles de l&#39;\u00e9quipe de Chelsea: Liam Rosenior fait allusion au d\u00e9part d&#39;un espoir contre Hull City au quatri\u00e8me tour de la FA Cup","isPartOf":{"@id":"https:\/\/footdavant.fr\/actualites\/#website"},"datePublished":"2026-02-12T20:48:23+00:00","dateModified":"2026-02-12T20:48:28+00:00","breadcrumb":{"@id":"https:\/\/footdavant.fr\/actualites\/nouvelles-de-lequipe-de-chelsea-liam-rosenior-fait-allusion-au-depart-dun-espoir-contre-hull-city-au-quatrieme-tour-de-la-fa-cup\/#breadcrumb"},"inLanguage":"fr-FR","potentialAction":[{"@type":"ReadAction","target":["https:\/\/footdavant.fr\/actualites\/nouvelles-de-lequipe-de-chelsea-liam-rosenior-fait-allusion-au-depart-dun-espoir-contre-hull-city-au-quatrieme-tour-de-la-fa-cup\/"]}]},{"@type":"BreadcrumbList","@id":"https:\/\/footdavant.fr\/actualites\/nouvelles-de-lequipe-de-chelsea-liam-rosenior-fait-allusion-au-depart-dun-espoir-contre-hull-city-au-quatrieme-tour-de-la-fa-cup\/#breadcrumb","itemListElement":[{"@type":"ListItem","position":1,"name":"Accueil","item":"https:\/\/footdavant.fr\/actualites\/"},{"@type":"ListItem","position":2,"name":"Nouvelles de l&#39;\u00e9quipe de Chelsea: Liam Rosenior fait allusion au d\u00e9part d&#39;un espoir contre Hull City au quatri\u00e8me tour de la FA Cup"}]},{"@type":"WebSite","@id":"https:\/\/footdavant.fr\/actualites\/#website","url":"https:\/\/footdavant.fr\/actualites\/","name":"Foot d'avant","description":"","publisher":{"@id":"https:\/\/footdavant.fr\/actualites\/#organization"},"potentialAction":[{"@type":"SearchAction","target":{"@type":"EntryPoint","urlTemplate":"https:\/\/footdavant.fr\/actualites\/?s={search_term_string}"},"query-input":"required name=search_term_string"}],"inLanguage":"fr-FR"},{"@type":"Organization","@id":"https:\/\/footdavant.fr\/actualites\/#organization","name":"Foot d'avant","url":"https:\/\/footdavant.fr\/actualites\/","logo":{"@type":"ImageObject","inLanguage":"fr-FR","@id":"https:\/\/footdavant.fr\/actualites\/#\/schema\/logo\/image\/","url":"https:\/\/footdavant.fr\/actualites\/wp-content\/uploads\/2023\/09\/Copy-of-FootDavant-Logo.png","contentUrl":"https:\/\/footdavant.fr\/actualites\/wp-content\/uploads\/2023\/09\/Copy-of-FootDavant-Logo.png","width":936,"height":549,"caption":"Foot d'avant"},"image":{"@id":"https:\/\/footdavant.fr\/actualites\/#\/schema\/logo\/image\/"},"sameAs":["https:\/\/www.facebook.com\/Footdavant\/","https:\/\/twitter.com\/FootdavantFr","https:\/\/www.instagram.com\/footdavant.fr\/"]},{"@type":"Person","@id":"https:\/\/footdavant.fr\/actualites\/#\/schema\/person\/bc222566d95871b37e597b3ed3ba5e1d","name":"Cl\u00e9ment","image":{"@type":"ImageObject","inLanguage":"fr-FR","@id":"https:\/\/footdavant.fr\/actualites\/#\/schema\/person\/image\/","url":"https:\/\/secure.gravatar.com\/avatar\/7728b29aac2719421e1a9159b2254c44?s=96&d=mm&r=g","contentUrl":"https:\/\/secure.gravatar.com\/avatar\/7728b29aac2719421e1a9159b2254c44?s=96&d=mm&r=g","caption":"Cl\u00e9ment"},"sameAs":["https:\/\/footdavant.fr\/"]}]}},"_links":{"self":[{"href":"https:\/\/footdavant.fr\/actualites\/wp-json\/wp\/v2\/posts\/34422"}],"collection":[{"href":"https:\/\/footdavant.fr\/actualites\/wp-json\/wp\/v2\/posts"}],"about":[{"href":"https:\/\/footdavant.fr\/actualites\/wp-json\/wp\/v2\/types\/post"}],"author":[{"embeddable":true,"href":"https:\/\/footdavant.fr\/actualites\/wp-json\/wp\/v2\/users\/1"}],"replies":[{"embeddable":true,"href":"https:\/\/footdavant.fr\/actualites\/wp-json\/wp\/v2\/comments?post=34422"}],"version-history":[{"count":1,"href":"https:\/\/footdavant.fr\/actualites\/wp-json\/wp\/v2\/posts\/34422\/revisions"}],"predecessor-version":[{"id":34423,"href":"https:\/\/footdavant.fr\/actualites\/wp-json\/wp\/v2\/posts\/34422\/revisions\/34423"}],"wp:featuredmedia":[{"embeddable":true,"href":"https:\/\/footdavant.fr\/actualites\/wp-json\/wp\/v2\/media\/33872"}],"wp:attachment":[{"href":"https:\/\/footdavant.fr\/actualites\/wp-json\/wp\/v2\/media?parent=34422"}],"wp:term":[{"taxonomy":"category","embeddable":true,"href":"https:\/\/footdavant.fr\/actualites\/wp-json\/wp\/v2\/categories?post=34422"},{"taxonomy":"post_tag","embeddable":true,"href":"https:\/\/footdavant.fr\/actualites\/wp-json\/wp\/v2\/tags?post=34422"}],"curies":[{"name":"wp","href":"https:\/\/api.w.org\/{rel}","templated":true}]}}