{"id":34427,"date":"2026-02-13T01:48:10","date_gmt":"2026-02-13T00:48:10","guid":{"rendered":"https:\/\/footdavant.fr\/actualites\/nouvelles-des-blessures-a-chelsea-marc-cucurella-et-reece-james-font-le-point-avant-le-retour-de-liam-rosenior-en-fa-cup-a-hull-city\/"},"modified":"2026-02-13T01:48:11","modified_gmt":"2026-02-13T00:48:11","slug":"nouvelles-des-blessures-a-chelsea-marc-cucurella-et-reece-james-font-le-point-avant-le-retour-de-liam-rosenior-en-fa-cup-a-hull-city","status":"publish","type":"post","link":"https:\/\/footdavant.fr\/actualites\/nouvelles-des-blessures-a-chelsea-marc-cucurella-et-reece-james-font-le-point-avant-le-retour-de-liam-rosenior-en-fa-cup-a-hull-city\/","title":{"rendered":"Nouvelles des blessures \u00e0 Chelsea: Marc Cucurella et Reece James font le point avant le retour de Liam Rosenior en FA Cup \u00e0 Hull City"},"content":{"rendered":"<div itemprop=\"articleBody\">\n<p>L&#39;entra\u00eeneur-chef de Chelsea, Liam Rosenior, a r\u00e9v\u00e9l\u00e9 que Marc Cucurella manquerait le quatri\u00e8me tour de la FA Cup vendredi \u00e0 Hull City.<\/p>\n<p>Les Bleus se rendent au stade MKM pour ce qui est leur troisi\u00e8me match en l&#39;espace d&#39;une semaine.<\/p>\n<p>En plus de subir la d\u00e9ception de laisser \u00e9chapper une avance de deux buts contre Leeds United mardi, Rosenior a \u00e9t\u00e9 victime d&#39;un probl\u00e8me de blessure avec Cucurella.<\/p>\n<p>Jorrel Hato a d\u00fb remplacer l&#39;Espagnol \u00e0 la mi-temps en raison de ce que Rosenior a d\u00e9crit comme une douleur aux ischio-jambiers.<\/p>\n<p>S&#39;exprimant en conf\u00e9rence de presse mercredi, Rosenior a confirm\u00e9 que l&#39;arri\u00e8re gauche ne se d\u00e9placerait pas \u00e0 Hull.<\/p>\n<div>\n<div>\n<p>\u00a9 Imago \/ IPA Sport<\/p>\n<\/div>\n<\/div>\n<h2>Rosenior fournit des mises \u00e0 jour sur Cucurella et James<\/h2>\n<p>Pendant ce temps, l&#39;Anglais a reconnu que le capitaine Reece James ne devait toujours pas participer \u00e0 l&#39;entra\u00eenement complet pour cause de maladie.<\/p>\n<p>Rosenior a d\u00e9clar\u00e9 aux journalistes : \u00ab\u00a0Pour Marc, il est trop t\u00f4t pour le savoir. De toute \u00e9vidence, il est d\u00e9finitivement absent pour le match contre Hull. Nous faisons simplement nos analyses et \u00e9valuations sur lui et j&#39;esp\u00e8re qu&#39;il ne sera pas trop long.<\/p>\n<p>\u00ab\u00a0Reece s&#39;est entra\u00een\u00e9 modifi\u00e9, toujours sous le mauvais temps, et nous prendrons une d\u00e9cision sur Reece demain, mais c&#39;est une bonne nouvelle qu&#39;il soit de retour sur le terrain d&#39;entra\u00eenement.<\/p>\n<p>\u00ab\u00a0En termes de blessure, il va tout \u00e0 fait bien, mais il a eu un tr\u00e8s mauvais virus et j&#39;esp\u00e8re qu&#39;il s&#39;en est remis.\u00a0\u00bb<\/p>\n<p>Levi Colwill, Romeo Lavia et Dario Essugo restent \u00e9galement absents pour blessure pour Chelsea avant la visite au club de championnat.<\/p>\n<div>\n<div><img decoding=\"async\" data-img-id=\"156644\" class=\"lazy\" loading=\"lazy\" src=\"https:\/\/footdavant.fr\/actualites\/wp-content\/uploads\/2026\/02\/Nouvelles-des-blessures-a-Chelsea-Liam-Rosenior-double-la-rotation.webp\"\/><\/p>\n<p>\u00a9 Imago \/ Mark Douleur<\/p>\n<\/div>\n<\/div>\n<h2>Possibilit\u00e9 de rotation ?<\/h2>\n<p>Interrog\u00e9 sur la possibilit\u00e9 de faire tourner la majorit\u00e9 de son alignement de d\u00e9part compte tenu de la r\u00e9cente charge de travail, Rosenior a insist\u00e9 sur le fait que ce ne serait pas le cas.<\/p>\n<p>Il a ajout\u00e9 : \u00ab\u00a0Non, c&#39;est un match difficile. Cela va \u00eatre un match difficile. Je veux bien r\u00e9ussir dans cette comp\u00e9tition. Je ne vois pas cela diff\u00e9rent d&#39;un match de Premier League ou d&#39;un match de Ligue des Champions.<\/p>\n<p>\u00ab\u00a0Nous y allons avec une \u00e9quipe qui, je pense, sera assez bonne pour gagner le match. Je veux prendre ce match vraiment, tr\u00e8s au s\u00e9rieux. Nous allons devoir le faire parce qu&#39;ils sont en bonne forme. Ils sont habitu\u00e9s \u00e0 gagner des matchs en ce moment.\u00a0\u00bb<\/p>\n<p>Entre le 14 f\u00e9vrier et la fin du mois, le seul match restant de Chelsea sera contre Burnley le 21 f\u00e9vrier.<\/p>\n<\/div>\n","protected":false},"excerpt":{"rendered":"<p>L&#39;entra\u00eeneur-chef de Chelsea, Liam Rosenior, a r\u00e9v\u00e9l\u00e9 que Marc Cucurella manquerait le quatri\u00e8me tour de la FA Cup vendredi \u00e0 Hull City. Les Bleus se<\/p>\n","protected":false},"author":1,"featured_media":34428,"comment_status":"closed","ping_status":"","sticky":false,"template":"","format":"standard","meta":{"footnotes":""},"categories":[5],"tags":[491,155,171,27,2357,466,12,999,2785,111,5457,1678,461,153,1192,393,10942],"yoast_head":"<!-- This site is optimized with the Yoast SEO plugin v21.0 - https:\/\/yoast.com\/wordpress\/plugins\/seo\/ -->\n<title>Nouvelles des blessures \u00e0 Chelsea: Marc Cucurella et Reece James font le point avant le retour de Liam Rosenior en FA Cup \u00e0 Hull City<\/title>\n<meta name=\"robots\" content=\"index, follow, max-snippet:-1, max-image-preview:large, max-video-preview:-1\" \/>\n<link rel=\"canonical\" href=\"https:\/\/footdavant.fr\/actualites\/nouvelles-des-blessures-a-chelsea-marc-cucurella-et-reece-james-font-le-point-avant-le-retour-de-liam-rosenior-en-fa-cup-a-hull-city\/\" \/>\n<meta property=\"og:locale\" content=\"fr_FR\" \/>\n<meta property=\"og:type\" content=\"article\" \/>\n<meta property=\"og:title\" content=\"Nouvelles des blessures \u00e0 Chelsea: Marc Cucurella et Reece James font le point avant le retour de Liam Rosenior en FA Cup \u00e0 Hull City\" \/>\n<meta property=\"og:description\" content=\"L&#039;entra\u00eeneur-chef de Chelsea, Liam Rosenior, a r\u00e9v\u00e9l\u00e9 que Marc Cucurella manquerait le quatri\u00e8me tour de la FA Cup vendredi \u00e0 Hull City. Les Bleus se\" \/>\n<meta property=\"og:url\" content=\"https:\/\/footdavant.fr\/actualites\/nouvelles-des-blessures-a-chelsea-marc-cucurella-et-reece-james-font-le-point-avant-le-retour-de-liam-rosenior-en-fa-cup-a-hull-city\/\" \/>\n<meta property=\"og:site_name\" content=\"Foot d&#039;avant\" \/>\n<meta property=\"article:publisher\" content=\"https:\/\/www.facebook.com\/Footdavant\/\" \/>\n<meta property=\"article:published_time\" content=\"2026-02-13T00:48:10+00:00\" \/>\n<meta property=\"article:modified_time\" content=\"2026-02-13T00:48:11+00:00\" \/>\n<meta property=\"og:image\" content=\"https:\/\/footdavant.fr\/actualites\/wp-content\/uploads\/2026\/02\/Nouvelles-des-blessures-a-Chelsea-Marc-Cucurella-et-Reece-James.net2Fuploads2F20252F122Fcucurella-3-6951.webp\" \/>\n\t<meta property=\"og:image:width\" content=\"720\" \/>\n\t<meta property=\"og:image:height\" content=\"410\" \/>\n\t<meta property=\"og:image:type\" content=\"image\/webp\" \/>\n<meta name=\"author\" content=\"Cl\u00e9ment\" \/>\n<meta name=\"twitter:card\" content=\"summary_large_image\" \/>\n<meta name=\"twitter:creator\" content=\"@FootdavantFr\" \/>\n<meta name=\"twitter:site\" content=\"@FootdavantFr\" \/>\n<meta name=\"twitter:label1\" content=\"\u00c9crit par\" \/>\n\t<meta name=\"twitter:data1\" content=\"Cl\u00e9ment\" \/>\n\t<meta name=\"twitter:label2\" content=\"Dur\u00e9e de lecture estim\u00e9e\" \/>\n\t<meta name=\"twitter:data2\" content=\"2 minutes\" \/>\n<script type=\"application\/ld+json\" class=\"yoast-schema-graph\">{\"@context\":\"https:\/\/schema.org\",\"@graph\":[{\"@type\":\"Article\",\"@id\":\"https:\/\/footdavant.fr\/actualites\/nouvelles-des-blessures-a-chelsea-marc-cucurella-et-reece-james-font-le-point-avant-le-retour-de-liam-rosenior-en-fa-cup-a-hull-city\/#article\",\"isPartOf\":{\"@id\":\"https:\/\/footdavant.fr\/actualites\/nouvelles-des-blessures-a-chelsea-marc-cucurella-et-reece-james-font-le-point-avant-le-retour-de-liam-rosenior-en-fa-cup-a-hull-city\/\"},\"author\":{\"name\":\"Cl\u00e9ment\",\"@id\":\"https:\/\/footdavant.fr\/actualites\/#\/schema\/person\/bc222566d95871b37e597b3ed3ba5e1d\"},\"headline\":\"Nouvelles des blessures \u00e0 Chelsea: Marc Cucurella et Reece James font le point avant le retour de Liam Rosenior en FA Cup \u00e0 Hull City\",\"datePublished\":\"2026-02-13T00:48:10+00:00\",\"dateModified\":\"2026-02-13T00:48:11+00:00\",\"mainEntityOfPage\":{\"@id\":\"https:\/\/footdavant.fr\/actualites\/nouvelles-des-blessures-a-chelsea-marc-cucurella-et-reece-james-font-le-point-avant-le-retour-de-liam-rosenior-en-fa-cup-a-hull-city\/\"},\"wordCount\":476,\"publisher\":{\"@id\":\"https:\/\/footdavant.fr\/actualites\/#organization\"},\"keywords\":[\"avant\",\"blessures\",\"Chelsea\",\"City\",\"Cucurella\",\"Cup\",\"des\",\"font\",\"Hull\",\"James\",\"Liam\",\"Marc\",\"Nouvelles\",\"point\",\"Reece\",\"retour\",\"Rosenior\"],\"articleSection\":[\"Premier League\"],\"inLanguage\":\"fr-FR\"},{\"@type\":\"WebPage\",\"@id\":\"https:\/\/footdavant.fr\/actualites\/nouvelles-des-blessures-a-chelsea-marc-cucurella-et-reece-james-font-le-point-avant-le-retour-de-liam-rosenior-en-fa-cup-a-hull-city\/\",\"url\":\"https:\/\/footdavant.fr\/actualites\/nouvelles-des-blessures-a-chelsea-marc-cucurella-et-reece-james-font-le-point-avant-le-retour-de-liam-rosenior-en-fa-cup-a-hull-city\/\",\"name\":\"Nouvelles des blessures \u00e0 Chelsea: Marc Cucurella et Reece James font le point avant le retour de Liam Rosenior en FA Cup \u00e0 Hull City\",\"isPartOf\":{\"@id\":\"https:\/\/footdavant.fr\/actualites\/#website\"},\"datePublished\":\"2026-02-13T00:48:10+00:00\",\"dateModified\":\"2026-02-13T00:48:11+00:00\",\"breadcrumb\":{\"@id\":\"https:\/\/footdavant.fr\/actualites\/nouvelles-des-blessures-a-chelsea-marc-cucurella-et-reece-james-font-le-point-avant-le-retour-de-liam-rosenior-en-fa-cup-a-hull-city\/#breadcrumb\"},\"inLanguage\":\"fr-FR\",\"potentialAction\":[{\"@type\":\"ReadAction\",\"target\":[\"https:\/\/footdavant.fr\/actualites\/nouvelles-des-blessures-a-chelsea-marc-cucurella-et-reece-james-font-le-point-avant-le-retour-de-liam-rosenior-en-fa-cup-a-hull-city\/\"]}]},{\"@type\":\"BreadcrumbList\",\"@id\":\"https:\/\/footdavant.fr\/actualites\/nouvelles-des-blessures-a-chelsea-marc-cucurella-et-reece-james-font-le-point-avant-le-retour-de-liam-rosenior-en-fa-cup-a-hull-city\/#breadcrumb\",\"itemListElement\":[{\"@type\":\"ListItem\",\"position\":1,\"name\":\"Accueil\",\"item\":\"https:\/\/footdavant.fr\/actualites\/\"},{\"@type\":\"ListItem\",\"position\":2,\"name\":\"Nouvelles des blessures \u00e0 Chelsea: Marc Cucurella et Reece James font le point avant le retour de Liam Rosenior en FA Cup \u00e0 Hull City\"}]},{\"@type\":\"WebSite\",\"@id\":\"https:\/\/footdavant.fr\/actualites\/#website\",\"url\":\"https:\/\/footdavant.fr\/actualites\/\",\"name\":\"Foot d'avant\",\"description\":\"\",\"publisher\":{\"@id\":\"https:\/\/footdavant.fr\/actualites\/#organization\"},\"potentialAction\":[{\"@type\":\"SearchAction\",\"target\":{\"@type\":\"EntryPoint\",\"urlTemplate\":\"https:\/\/footdavant.fr\/actualites\/?s={search_term_string}\"},\"query-input\":\"required name=search_term_string\"}],\"inLanguage\":\"fr-FR\"},{\"@type\":\"Organization\",\"@id\":\"https:\/\/footdavant.fr\/actualites\/#organization\",\"name\":\"Foot d'avant\",\"url\":\"https:\/\/footdavant.fr\/actualites\/\",\"logo\":{\"@type\":\"ImageObject\",\"inLanguage\":\"fr-FR\",\"@id\":\"https:\/\/footdavant.fr\/actualites\/#\/schema\/logo\/image\/\",\"url\":\"https:\/\/footdavant.fr\/actualites\/wp-content\/uploads\/2023\/09\/Copy-of-FootDavant-Logo.png\",\"contentUrl\":\"https:\/\/footdavant.fr\/actualites\/wp-content\/uploads\/2023\/09\/Copy-of-FootDavant-Logo.png\",\"width\":936,\"height\":549,\"caption\":\"Foot d'avant\"},\"image\":{\"@id\":\"https:\/\/footdavant.fr\/actualites\/#\/schema\/logo\/image\/\"},\"sameAs\":[\"https:\/\/www.facebook.com\/Footdavant\/\",\"https:\/\/twitter.com\/FootdavantFr\",\"https:\/\/www.instagram.com\/footdavant.fr\/\"]},{\"@type\":\"Person\",\"@id\":\"https:\/\/footdavant.fr\/actualites\/#\/schema\/person\/bc222566d95871b37e597b3ed3ba5e1d\",\"name\":\"Cl\u00e9ment\",\"image\":{\"@type\":\"ImageObject\",\"inLanguage\":\"fr-FR\",\"@id\":\"https:\/\/footdavant.fr\/actualites\/#\/schema\/person\/image\/\",\"url\":\"https:\/\/secure.gravatar.com\/avatar\/7728b29aac2719421e1a9159b2254c44?s=96&d=mm&r=g\",\"contentUrl\":\"https:\/\/secure.gravatar.com\/avatar\/7728b29aac2719421e1a9159b2254c44?s=96&d=mm&r=g\",\"caption\":\"Cl\u00e9ment\"},\"sameAs\":[\"https:\/\/footdavant.fr\/\"]}]}<\/script>\n<!-- \/ Yoast SEO plugin. -->","yoast_head_json":{"title":"Nouvelles des blessures \u00e0 Chelsea: Marc Cucurella et Reece James font le point avant le retour de Liam Rosenior en FA Cup \u00e0 Hull City","robots":{"index":"index","follow":"follow","max-snippet":"max-snippet:-1","max-image-preview":"max-image-preview:large","max-video-preview":"max-video-preview:-1"},"canonical":"https:\/\/footdavant.fr\/actualites\/nouvelles-des-blessures-a-chelsea-marc-cucurella-et-reece-james-font-le-point-avant-le-retour-de-liam-rosenior-en-fa-cup-a-hull-city\/","og_locale":"fr_FR","og_type":"article","og_title":"Nouvelles des blessures \u00e0 Chelsea: Marc Cucurella et Reece James font le point avant le retour de Liam Rosenior en FA Cup \u00e0 Hull City","og_description":"L&#39;entra\u00eeneur-chef de Chelsea, Liam Rosenior, a r\u00e9v\u00e9l\u00e9 que Marc Cucurella manquerait le quatri\u00e8me tour de la FA Cup vendredi \u00e0 Hull City. Les Bleus se","og_url":"https:\/\/footdavant.fr\/actualites\/nouvelles-des-blessures-a-chelsea-marc-cucurella-et-reece-james-font-le-point-avant-le-retour-de-liam-rosenior-en-fa-cup-a-hull-city\/","og_site_name":"Foot d&#039;avant","article_publisher":"https:\/\/www.facebook.com\/Footdavant\/","article_published_time":"2026-02-13T00:48:10+00:00","article_modified_time":"2026-02-13T00:48:11+00:00","og_image":[{"width":720,"height":410,"url":"https:\/\/footdavant.fr\/actualites\/wp-content\/uploads\/2026\/02\/Nouvelles-des-blessures-a-Chelsea-Marc-Cucurella-et-Reece-James.net2Fuploads2F20252F122Fcucurella-3-6951.webp","type":"image\/webp"}],"author":"Cl\u00e9ment","twitter_card":"summary_large_image","twitter_creator":"@FootdavantFr","twitter_site":"@FootdavantFr","twitter_misc":{"\u00c9crit par":"Cl\u00e9ment","Dur\u00e9e de lecture estim\u00e9e":"2 minutes"},"schema":{"@context":"https:\/\/schema.org","@graph":[{"@type":"Article","@id":"https:\/\/footdavant.fr\/actualites\/nouvelles-des-blessures-a-chelsea-marc-cucurella-et-reece-james-font-le-point-avant-le-retour-de-liam-rosenior-en-fa-cup-a-hull-city\/#article","isPartOf":{"@id":"https:\/\/footdavant.fr\/actualites\/nouvelles-des-blessures-a-chelsea-marc-cucurella-et-reece-james-font-le-point-avant-le-retour-de-liam-rosenior-en-fa-cup-a-hull-city\/"},"author":{"name":"Cl\u00e9ment","@id":"https:\/\/footdavant.fr\/actualites\/#\/schema\/person\/bc222566d95871b37e597b3ed3ba5e1d"},"headline":"Nouvelles des blessures \u00e0 Chelsea: Marc Cucurella et Reece James font le point avant le retour de Liam Rosenior en FA Cup \u00e0 Hull City","datePublished":"2026-02-13T00:48:10+00:00","dateModified":"2026-02-13T00:48:11+00:00","mainEntityOfPage":{"@id":"https:\/\/footdavant.fr\/actualites\/nouvelles-des-blessures-a-chelsea-marc-cucurella-et-reece-james-font-le-point-avant-le-retour-de-liam-rosenior-en-fa-cup-a-hull-city\/"},"wordCount":476,"publisher":{"@id":"https:\/\/footdavant.fr\/actualites\/#organization"},"keywords":["avant","blessures","Chelsea","City","Cucurella","Cup","des","font","Hull","James","Liam","Marc","Nouvelles","point","Reece","retour","Rosenior"],"articleSection":["Premier League"],"inLanguage":"fr-FR"},{"@type":"WebPage","@id":"https:\/\/footdavant.fr\/actualites\/nouvelles-des-blessures-a-chelsea-marc-cucurella-et-reece-james-font-le-point-avant-le-retour-de-liam-rosenior-en-fa-cup-a-hull-city\/","url":"https:\/\/footdavant.fr\/actualites\/nouvelles-des-blessures-a-chelsea-marc-cucurella-et-reece-james-font-le-point-avant-le-retour-de-liam-rosenior-en-fa-cup-a-hull-city\/","name":"Nouvelles des blessures \u00e0 Chelsea: Marc Cucurella et Reece James font le point avant le retour de Liam Rosenior en FA Cup \u00e0 Hull City","isPartOf":{"@id":"https:\/\/footdavant.fr\/actualites\/#website"},"datePublished":"2026-02-13T00:48:10+00:00","dateModified":"2026-02-13T00:48:11+00:00","breadcrumb":{"@id":"https:\/\/footdavant.fr\/actualites\/nouvelles-des-blessures-a-chelsea-marc-cucurella-et-reece-james-font-le-point-avant-le-retour-de-liam-rosenior-en-fa-cup-a-hull-city\/#breadcrumb"},"inLanguage":"fr-FR","potentialAction":[{"@type":"ReadAction","target":["https:\/\/footdavant.fr\/actualites\/nouvelles-des-blessures-a-chelsea-marc-cucurella-et-reece-james-font-le-point-avant-le-retour-de-liam-rosenior-en-fa-cup-a-hull-city\/"]}]},{"@type":"BreadcrumbList","@id":"https:\/\/footdavant.fr\/actualites\/nouvelles-des-blessures-a-chelsea-marc-cucurella-et-reece-james-font-le-point-avant-le-retour-de-liam-rosenior-en-fa-cup-a-hull-city\/#breadcrumb","itemListElement":[{"@type":"ListItem","position":1,"name":"Accueil","item":"https:\/\/footdavant.fr\/actualites\/"},{"@type":"ListItem","position":2,"name":"Nouvelles des blessures \u00e0 Chelsea: Marc Cucurella et Reece James font le point avant le retour de Liam Rosenior en FA Cup \u00e0 Hull City"}]},{"@type":"WebSite","@id":"https:\/\/footdavant.fr\/actualites\/#website","url":"https:\/\/footdavant.fr\/actualites\/","name":"Foot d'avant","description":"","publisher":{"@id":"https:\/\/footdavant.fr\/actualites\/#organization"},"potentialAction":[{"@type":"SearchAction","target":{"@type":"EntryPoint","urlTemplate":"https:\/\/footdavant.fr\/actualites\/?s={search_term_string}"},"query-input":"required name=search_term_string"}],"inLanguage":"fr-FR"},{"@type":"Organization","@id":"https:\/\/footdavant.fr\/actualites\/#organization","name":"Foot d'avant","url":"https:\/\/footdavant.fr\/actualites\/","logo":{"@type":"ImageObject","inLanguage":"fr-FR","@id":"https:\/\/footdavant.fr\/actualites\/#\/schema\/logo\/image\/","url":"https:\/\/footdavant.fr\/actualites\/wp-content\/uploads\/2023\/09\/Copy-of-FootDavant-Logo.png","contentUrl":"https:\/\/footdavant.fr\/actualites\/wp-content\/uploads\/2023\/09\/Copy-of-FootDavant-Logo.png","width":936,"height":549,"caption":"Foot d'avant"},"image":{"@id":"https:\/\/footdavant.fr\/actualites\/#\/schema\/logo\/image\/"},"sameAs":["https:\/\/www.facebook.com\/Footdavant\/","https:\/\/twitter.com\/FootdavantFr","https:\/\/www.instagram.com\/footdavant.fr\/"]},{"@type":"Person","@id":"https:\/\/footdavant.fr\/actualites\/#\/schema\/person\/bc222566d95871b37e597b3ed3ba5e1d","name":"Cl\u00e9ment","image":{"@type":"ImageObject","inLanguage":"fr-FR","@id":"https:\/\/footdavant.fr\/actualites\/#\/schema\/person\/image\/","url":"https:\/\/secure.gravatar.com\/avatar\/7728b29aac2719421e1a9159b2254c44?s=96&d=mm&r=g","contentUrl":"https:\/\/secure.gravatar.com\/avatar\/7728b29aac2719421e1a9159b2254c44?s=96&d=mm&r=g","caption":"Cl\u00e9ment"},"sameAs":["https:\/\/footdavant.fr\/"]}]}},"_links":{"self":[{"href":"https:\/\/footdavant.fr\/actualites\/wp-json\/wp\/v2\/posts\/34427"}],"collection":[{"href":"https:\/\/footdavant.fr\/actualites\/wp-json\/wp\/v2\/posts"}],"about":[{"href":"https:\/\/footdavant.fr\/actualites\/wp-json\/wp\/v2\/types\/post"}],"author":[{"embeddable":true,"href":"https:\/\/footdavant.fr\/actualites\/wp-json\/wp\/v2\/users\/1"}],"replies":[{"embeddable":true,"href":"https:\/\/footdavant.fr\/actualites\/wp-json\/wp\/v2\/comments?post=34427"}],"version-history":[{"count":1,"href":"https:\/\/footdavant.fr\/actualites\/wp-json\/wp\/v2\/posts\/34427\/revisions"}],"predecessor-version":[{"id":34429,"href":"https:\/\/footdavant.fr\/actualites\/wp-json\/wp\/v2\/posts\/34427\/revisions\/34429"}],"wp:featuredmedia":[{"embeddable":true,"href":"https:\/\/footdavant.fr\/actualites\/wp-json\/wp\/v2\/media\/34428"}],"wp:attachment":[{"href":"https:\/\/footdavant.fr\/actualites\/wp-json\/wp\/v2\/media?parent=34427"}],"wp:term":[{"taxonomy":"category","embeddable":true,"href":"https:\/\/footdavant.fr\/actualites\/wp-json\/wp\/v2\/categories?post=34427"},{"taxonomy":"post_tag","embeddable":true,"href":"https:\/\/footdavant.fr\/actualites\/wp-json\/wp\/v2\/tags?post=34427"}],"curies":[{"name":"wp","href":"https:\/\/api.w.org\/{rel}","templated":true}]}}