{"id":34438,"date":"2026-02-13T09:48:28","date_gmt":"2026-02-13T08:48:28","guid":{"rendered":"https:\/\/footdavant.fr\/actualites\/composition-de-chelsea-contre-hull-city-xi-prevu-pour-le-choc-de-la-fa-cup-alors-que-cole-palmer-et-deux-coequipiers-cles-sont-reposes\/"},"modified":"2026-02-13T09:48:29","modified_gmt":"2026-02-13T08:48:29","slug":"composition-de-chelsea-contre-hull-city-xi-prevu-pour-le-choc-de-la-fa-cup-alors-que-cole-palmer-et-deux-coequipiers-cles-sont-reposes","status":"publish","type":"post","link":"https:\/\/footdavant.fr\/actualites\/composition-de-chelsea-contre-hull-city-xi-prevu-pour-le-choc-de-la-fa-cup-alors-que-cole-palmer-et-deux-coequipiers-cles-sont-reposes\/","title":{"rendered":"Composition de Chelsea contre Hull City\u00a0: XI pr\u00e9vu pour le choc de la FA Cup alors que Cole Palmer et deux co\u00e9quipiers cl\u00e9s sont repos\u00e9s"},"content":{"rendered":"<div itemprop=\"articleBody\"><meta charset=\"UTF-8\"\/><\/p>\n<p>L&#39;entra\u00eeneur-chef de Chelsea, Liam Rosenior, devrait apporter des changements lors du d\u00e9placement de la FA Cup vendredi \u00e0 Hull City, le trio cl\u00e9 Cole Palmer, Enzo Fernandez et Joao Pedro devant b\u00e9n\u00e9ficier de repos bien m\u00e9rit\u00e9s.<\/p>\n<p>Le capitaine du club, Reece James, a r\u00e9cemment lutt\u00e9 contre une maladie et sera \u00e9valu\u00e9 avant le coup d&#39;envoi, mais le jeune Josh Acheampong est en attente pour remplacer le c\u00f4t\u00e9 droit de la ligne arri\u00e8re si le skipper ne court aucun risque.<\/p>\n<p>Les Bleus ont de nouvelles inqui\u00e9tudes concernant Marc Cucurella apr\u00e8s que l&#39;Espagnol ait \u00e9t\u00e9 contraint de quitter le terrain en raison d&#39;un probl\u00e8me aux ischio-jambiers lors du match nul 2-2 contre Leeds United, rejoignant potentiellement Levi Colwill, Dario Essugo et Jamie Gittens sur la touche.<\/p>\n<p>Romeo Lavia a repris l&#39;entra\u00eenement en \u00e9quipe suite \u00e0 un probl\u00e8me \u00e0 la cuisse, mais ce match nul en coupe pourrait arriver trop t\u00f4t pour que le milieu de terrain soit impliqu\u00e9, ce qui signifie qu&#39;Andrey Santos devrait s&#39;associer \u00e0 Moises Caicedo dans la salle des machines.<\/p>\n<p>En d\u00e9fense, Jorrel Hato est en lice pour une titularisation sur la gauche, tandis que Mamadou Sarr vise seulement sa deuxi\u00e8me apparition depuis la phase de groupes de la Coupe du Monde des Clubs contre l&#39;Esp\u00e9rance, bien que Wesley Fofana et Benoit Badiashile soient le duo central probable.<\/p>\n<p>Filip Jorgensen et Tosin Adarabioyo subiront des tests de condition physique tardifs, mais Robert Sanchez devrait conserver sa place dans le but derri\u00e8re les quatre arri\u00e8re en rotation.<\/p>\n<p>Plus loin, Liam Delap est sur le point de mener la ligne \u00e0 la place des stars repos\u00e9es, soutenu par un nouveau trident offensif compos\u00e9 de Pedro Neto, Estevao Willian et Alejandro Garnacho.  <\/p>\n<p>Onze de d\u00e9part possibles pour Chelsea :<\/p>\n<p>S\u00e1nchez\u00a0; Acheampong, Fofana, Badiashile, Hato\u00a0; Caicedo, Santos\u00a0; Neto, Estevao, Garnacho; D\u00e9lap<\/p>\n<\/div>\n","protected":false},"excerpt":{"rendered":"<p>L&#39;entra\u00eeneur-chef de Chelsea, Liam Rosenior, devrait apporter des changements lors du d\u00e9placement de la FA Cup vendredi \u00e0 Hull City, le trio cl\u00e9 Cole Palmer,<\/p>\n","protected":false},"author":1,"featured_media":34439,"comment_status":"closed","ping_status":"","sticky":false,"template":"","format":"standard","meta":{"footnotes":""},"categories":[5],"tags":[318,171,332,27,2142,2681,1122,2291,20,466,857,2785,1123,51,3924,2227,45],"yoast_head":"<!-- This site is optimized with the Yoast SEO plugin v21.0 - https:\/\/yoast.com\/wordpress\/plugins\/seo\/ -->\n<title>Composition de Chelsea contre Hull City\u00a0: XI pr\u00e9vu pour le choc de la FA Cup alors que Cole Palmer et deux co\u00e9quipiers cl\u00e9s sont repos\u00e9s<\/title>\n<meta name=\"robots\" content=\"index, follow, max-snippet:-1, max-image-preview:large, max-video-preview:-1\" \/>\n<link rel=\"canonical\" href=\"https:\/\/footdavant.fr\/actualites\/composition-de-chelsea-contre-hull-city-xi-prevu-pour-le-choc-de-la-fa-cup-alors-que-cole-palmer-et-deux-coequipiers-cles-sont-reposes\/\" \/>\n<meta property=\"og:locale\" content=\"fr_FR\" \/>\n<meta property=\"og:type\" content=\"article\" \/>\n<meta property=\"og:title\" content=\"Composition de Chelsea contre Hull City\u00a0: XI pr\u00e9vu pour le choc de la FA Cup alors que Cole Palmer et deux co\u00e9quipiers cl\u00e9s sont repos\u00e9s\" \/>\n<meta property=\"og:description\" content=\"L&#039;entra\u00eeneur-chef de Chelsea, Liam Rosenior, devrait apporter des changements lors du d\u00e9placement de la FA Cup vendredi \u00e0 Hull City, le trio cl\u00e9 Cole Palmer,\" \/>\n<meta property=\"og:url\" content=\"https:\/\/footdavant.fr\/actualites\/composition-de-chelsea-contre-hull-city-xi-prevu-pour-le-choc-de-la-fa-cup-alors-que-cole-palmer-et-deux-coequipiers-cles-sont-reposes\/\" \/>\n<meta property=\"og:site_name\" content=\"Foot d&#039;avant\" \/>\n<meta property=\"article:publisher\" content=\"https:\/\/www.facebook.com\/Footdavant\/\" \/>\n<meta property=\"article:published_time\" content=\"2026-02-13T08:48:28+00:00\" \/>\n<meta property=\"article:modified_time\" content=\"2026-02-13T08:48:29+00:00\" \/>\n<meta property=\"og:image\" content=\"https:\/\/footdavant.fr\/actualites\/wp-content\/uploads\/2026\/02\/Composition-de-Chelsea-contre-Hull-City-XI-prevu-pour-le.net2Fuploads2F20262F012Fcole-palmer-and.webp\" \/>\n\t<meta property=\"og:image:width\" content=\"720\" \/>\n\t<meta property=\"og:image:height\" content=\"410\" \/>\n\t<meta property=\"og:image:type\" content=\"image\/webp\" \/>\n<meta name=\"author\" content=\"Cl\u00e9ment\" \/>\n<meta name=\"twitter:card\" content=\"summary_large_image\" \/>\n<meta name=\"twitter:creator\" content=\"@FootdavantFr\" \/>\n<meta name=\"twitter:site\" content=\"@FootdavantFr\" \/>\n<meta name=\"twitter:label1\" content=\"\u00c9crit par\" \/>\n\t<meta name=\"twitter:data1\" content=\"Cl\u00e9ment\" \/>\n\t<meta name=\"twitter:label2\" content=\"Dur\u00e9e de lecture estim\u00e9e\" \/>\n\t<meta name=\"twitter:data2\" content=\"2 minutes\" \/>\n<script type=\"application\/ld+json\" class=\"yoast-schema-graph\">{\"@context\":\"https:\/\/schema.org\",\"@graph\":[{\"@type\":\"Article\",\"@id\":\"https:\/\/footdavant.fr\/actualites\/composition-de-chelsea-contre-hull-city-xi-prevu-pour-le-choc-de-la-fa-cup-alors-que-cole-palmer-et-deux-coequipiers-cles-sont-reposes\/#article\",\"isPartOf\":{\"@id\":\"https:\/\/footdavant.fr\/actualites\/composition-de-chelsea-contre-hull-city-xi-prevu-pour-le-choc-de-la-fa-cup-alors-que-cole-palmer-et-deux-coequipiers-cles-sont-reposes\/\"},\"author\":{\"name\":\"Cl\u00e9ment\",\"@id\":\"https:\/\/footdavant.fr\/actualites\/#\/schema\/person\/bc222566d95871b37e597b3ed3ba5e1d\"},\"headline\":\"Composition de Chelsea contre Hull City\u00a0: XI pr\u00e9vu pour le choc de la FA Cup alors que Cole Palmer et deux co\u00e9quipiers cl\u00e9s sont repos\u00e9s\",\"datePublished\":\"2026-02-13T08:48:28+00:00\",\"dateModified\":\"2026-02-13T08:48:29+00:00\",\"mainEntityOfPage\":{\"@id\":\"https:\/\/footdavant.fr\/actualites\/composition-de-chelsea-contre-hull-city-xi-prevu-pour-le-choc-de-la-fa-cup-alors-que-cole-palmer-et-deux-coequipiers-cles-sont-reposes\/\"},\"wordCount\":353,\"publisher\":{\"@id\":\"https:\/\/footdavant.fr\/actualites\/#organization\"},\"keywords\":[\"alors\",\"Chelsea\",\"choc\",\"City\",\"cl\u00e9s\",\"co\u00e9quipiers\",\"Cole\",\"composition\",\"contre\",\"Cup\",\"deux\",\"Hull\",\"Palmer\",\"pour\",\"pr\u00e9vu\",\"repos\u00e9s\",\"sont\"],\"articleSection\":[\"Premier League\"],\"inLanguage\":\"fr-FR\"},{\"@type\":\"WebPage\",\"@id\":\"https:\/\/footdavant.fr\/actualites\/composition-de-chelsea-contre-hull-city-xi-prevu-pour-le-choc-de-la-fa-cup-alors-que-cole-palmer-et-deux-coequipiers-cles-sont-reposes\/\",\"url\":\"https:\/\/footdavant.fr\/actualites\/composition-de-chelsea-contre-hull-city-xi-prevu-pour-le-choc-de-la-fa-cup-alors-que-cole-palmer-et-deux-coequipiers-cles-sont-reposes\/\",\"name\":\"Composition de Chelsea contre Hull City\u00a0: XI pr\u00e9vu pour le choc de la FA Cup alors que Cole Palmer et deux co\u00e9quipiers cl\u00e9s sont repos\u00e9s\",\"isPartOf\":{\"@id\":\"https:\/\/footdavant.fr\/actualites\/#website\"},\"datePublished\":\"2026-02-13T08:48:28+00:00\",\"dateModified\":\"2026-02-13T08:48:29+00:00\",\"breadcrumb\":{\"@id\":\"https:\/\/footdavant.fr\/actualites\/composition-de-chelsea-contre-hull-city-xi-prevu-pour-le-choc-de-la-fa-cup-alors-que-cole-palmer-et-deux-coequipiers-cles-sont-reposes\/#breadcrumb\"},\"inLanguage\":\"fr-FR\",\"potentialAction\":[{\"@type\":\"ReadAction\",\"target\":[\"https:\/\/footdavant.fr\/actualites\/composition-de-chelsea-contre-hull-city-xi-prevu-pour-le-choc-de-la-fa-cup-alors-que-cole-palmer-et-deux-coequipiers-cles-sont-reposes\/\"]}]},{\"@type\":\"BreadcrumbList\",\"@id\":\"https:\/\/footdavant.fr\/actualites\/composition-de-chelsea-contre-hull-city-xi-prevu-pour-le-choc-de-la-fa-cup-alors-que-cole-palmer-et-deux-coequipiers-cles-sont-reposes\/#breadcrumb\",\"itemListElement\":[{\"@type\":\"ListItem\",\"position\":1,\"name\":\"Accueil\",\"item\":\"https:\/\/footdavant.fr\/actualites\/\"},{\"@type\":\"ListItem\",\"position\":2,\"name\":\"Composition de Chelsea contre Hull City\u00a0: XI pr\u00e9vu pour le choc de la FA Cup alors que Cole Palmer et deux co\u00e9quipiers cl\u00e9s sont repos\u00e9s\"}]},{\"@type\":\"WebSite\",\"@id\":\"https:\/\/footdavant.fr\/actualites\/#website\",\"url\":\"https:\/\/footdavant.fr\/actualites\/\",\"name\":\"Foot d'avant\",\"description\":\"\",\"publisher\":{\"@id\":\"https:\/\/footdavant.fr\/actualites\/#organization\"},\"potentialAction\":[{\"@type\":\"SearchAction\",\"target\":{\"@type\":\"EntryPoint\",\"urlTemplate\":\"https:\/\/footdavant.fr\/actualites\/?s={search_term_string}\"},\"query-input\":\"required name=search_term_string\"}],\"inLanguage\":\"fr-FR\"},{\"@type\":\"Organization\",\"@id\":\"https:\/\/footdavant.fr\/actualites\/#organization\",\"name\":\"Foot d'avant\",\"url\":\"https:\/\/footdavant.fr\/actualites\/\",\"logo\":{\"@type\":\"ImageObject\",\"inLanguage\":\"fr-FR\",\"@id\":\"https:\/\/footdavant.fr\/actualites\/#\/schema\/logo\/image\/\",\"url\":\"https:\/\/footdavant.fr\/actualites\/wp-content\/uploads\/2023\/09\/Copy-of-FootDavant-Logo.png\",\"contentUrl\":\"https:\/\/footdavant.fr\/actualites\/wp-content\/uploads\/2023\/09\/Copy-of-FootDavant-Logo.png\",\"width\":936,\"height\":549,\"caption\":\"Foot d'avant\"},\"image\":{\"@id\":\"https:\/\/footdavant.fr\/actualites\/#\/schema\/logo\/image\/\"},\"sameAs\":[\"https:\/\/www.facebook.com\/Footdavant\/\",\"https:\/\/twitter.com\/FootdavantFr\",\"https:\/\/www.instagram.com\/footdavant.fr\/\"]},{\"@type\":\"Person\",\"@id\":\"https:\/\/footdavant.fr\/actualites\/#\/schema\/person\/bc222566d95871b37e597b3ed3ba5e1d\",\"name\":\"Cl\u00e9ment\",\"image\":{\"@type\":\"ImageObject\",\"inLanguage\":\"fr-FR\",\"@id\":\"https:\/\/footdavant.fr\/actualites\/#\/schema\/person\/image\/\",\"url\":\"https:\/\/secure.gravatar.com\/avatar\/7728b29aac2719421e1a9159b2254c44?s=96&d=mm&r=g\",\"contentUrl\":\"https:\/\/secure.gravatar.com\/avatar\/7728b29aac2719421e1a9159b2254c44?s=96&d=mm&r=g\",\"caption\":\"Cl\u00e9ment\"},\"sameAs\":[\"https:\/\/footdavant.fr\/\"]}]}<\/script>\n<!-- \/ Yoast SEO plugin. -->","yoast_head_json":{"title":"Composition de Chelsea contre Hull City\u00a0: XI pr\u00e9vu pour le choc de la FA Cup alors que Cole Palmer et deux co\u00e9quipiers cl\u00e9s sont repos\u00e9s","robots":{"index":"index","follow":"follow","max-snippet":"max-snippet:-1","max-image-preview":"max-image-preview:large","max-video-preview":"max-video-preview:-1"},"canonical":"https:\/\/footdavant.fr\/actualites\/composition-de-chelsea-contre-hull-city-xi-prevu-pour-le-choc-de-la-fa-cup-alors-que-cole-palmer-et-deux-coequipiers-cles-sont-reposes\/","og_locale":"fr_FR","og_type":"article","og_title":"Composition de Chelsea contre Hull City\u00a0: XI pr\u00e9vu pour le choc de la FA Cup alors que Cole Palmer et deux co\u00e9quipiers cl\u00e9s sont repos\u00e9s","og_description":"L&#39;entra\u00eeneur-chef de Chelsea, Liam Rosenior, devrait apporter des changements lors du d\u00e9placement de la FA Cup vendredi \u00e0 Hull City, le trio cl\u00e9 Cole Palmer,","og_url":"https:\/\/footdavant.fr\/actualites\/composition-de-chelsea-contre-hull-city-xi-prevu-pour-le-choc-de-la-fa-cup-alors-que-cole-palmer-et-deux-coequipiers-cles-sont-reposes\/","og_site_name":"Foot d&#039;avant","article_publisher":"https:\/\/www.facebook.com\/Footdavant\/","article_published_time":"2026-02-13T08:48:28+00:00","article_modified_time":"2026-02-13T08:48:29+00:00","og_image":[{"width":720,"height":410,"url":"https:\/\/footdavant.fr\/actualites\/wp-content\/uploads\/2026\/02\/Composition-de-Chelsea-contre-Hull-City-XI-prevu-pour-le.net2Fuploads2F20262F012Fcole-palmer-and.webp","type":"image\/webp"}],"author":"Cl\u00e9ment","twitter_card":"summary_large_image","twitter_creator":"@FootdavantFr","twitter_site":"@FootdavantFr","twitter_misc":{"\u00c9crit par":"Cl\u00e9ment","Dur\u00e9e de lecture estim\u00e9e":"2 minutes"},"schema":{"@context":"https:\/\/schema.org","@graph":[{"@type":"Article","@id":"https:\/\/footdavant.fr\/actualites\/composition-de-chelsea-contre-hull-city-xi-prevu-pour-le-choc-de-la-fa-cup-alors-que-cole-palmer-et-deux-coequipiers-cles-sont-reposes\/#article","isPartOf":{"@id":"https:\/\/footdavant.fr\/actualites\/composition-de-chelsea-contre-hull-city-xi-prevu-pour-le-choc-de-la-fa-cup-alors-que-cole-palmer-et-deux-coequipiers-cles-sont-reposes\/"},"author":{"name":"Cl\u00e9ment","@id":"https:\/\/footdavant.fr\/actualites\/#\/schema\/person\/bc222566d95871b37e597b3ed3ba5e1d"},"headline":"Composition de Chelsea contre Hull City\u00a0: XI pr\u00e9vu pour le choc de la FA Cup alors que Cole Palmer et deux co\u00e9quipiers cl\u00e9s sont repos\u00e9s","datePublished":"2026-02-13T08:48:28+00:00","dateModified":"2026-02-13T08:48:29+00:00","mainEntityOfPage":{"@id":"https:\/\/footdavant.fr\/actualites\/composition-de-chelsea-contre-hull-city-xi-prevu-pour-le-choc-de-la-fa-cup-alors-que-cole-palmer-et-deux-coequipiers-cles-sont-reposes\/"},"wordCount":353,"publisher":{"@id":"https:\/\/footdavant.fr\/actualites\/#organization"},"keywords":["alors","Chelsea","choc","City","cl\u00e9s","co\u00e9quipiers","Cole","composition","contre","Cup","deux","Hull","Palmer","pour","pr\u00e9vu","repos\u00e9s","sont"],"articleSection":["Premier League"],"inLanguage":"fr-FR"},{"@type":"WebPage","@id":"https:\/\/footdavant.fr\/actualites\/composition-de-chelsea-contre-hull-city-xi-prevu-pour-le-choc-de-la-fa-cup-alors-que-cole-palmer-et-deux-coequipiers-cles-sont-reposes\/","url":"https:\/\/footdavant.fr\/actualites\/composition-de-chelsea-contre-hull-city-xi-prevu-pour-le-choc-de-la-fa-cup-alors-que-cole-palmer-et-deux-coequipiers-cles-sont-reposes\/","name":"Composition de Chelsea contre Hull City\u00a0: XI pr\u00e9vu pour le choc de la FA Cup alors que Cole Palmer et deux co\u00e9quipiers cl\u00e9s sont repos\u00e9s","isPartOf":{"@id":"https:\/\/footdavant.fr\/actualites\/#website"},"datePublished":"2026-02-13T08:48:28+00:00","dateModified":"2026-02-13T08:48:29+00:00","breadcrumb":{"@id":"https:\/\/footdavant.fr\/actualites\/composition-de-chelsea-contre-hull-city-xi-prevu-pour-le-choc-de-la-fa-cup-alors-que-cole-palmer-et-deux-coequipiers-cles-sont-reposes\/#breadcrumb"},"inLanguage":"fr-FR","potentialAction":[{"@type":"ReadAction","target":["https:\/\/footdavant.fr\/actualites\/composition-de-chelsea-contre-hull-city-xi-prevu-pour-le-choc-de-la-fa-cup-alors-que-cole-palmer-et-deux-coequipiers-cles-sont-reposes\/"]}]},{"@type":"BreadcrumbList","@id":"https:\/\/footdavant.fr\/actualites\/composition-de-chelsea-contre-hull-city-xi-prevu-pour-le-choc-de-la-fa-cup-alors-que-cole-palmer-et-deux-coequipiers-cles-sont-reposes\/#breadcrumb","itemListElement":[{"@type":"ListItem","position":1,"name":"Accueil","item":"https:\/\/footdavant.fr\/actualites\/"},{"@type":"ListItem","position":2,"name":"Composition de Chelsea contre Hull City\u00a0: XI pr\u00e9vu pour le choc de la FA Cup alors que Cole Palmer et deux co\u00e9quipiers cl\u00e9s sont repos\u00e9s"}]},{"@type":"WebSite","@id":"https:\/\/footdavant.fr\/actualites\/#website","url":"https:\/\/footdavant.fr\/actualites\/","name":"Foot d'avant","description":"","publisher":{"@id":"https:\/\/footdavant.fr\/actualites\/#organization"},"potentialAction":[{"@type":"SearchAction","target":{"@type":"EntryPoint","urlTemplate":"https:\/\/footdavant.fr\/actualites\/?s={search_term_string}"},"query-input":"required name=search_term_string"}],"inLanguage":"fr-FR"},{"@type":"Organization","@id":"https:\/\/footdavant.fr\/actualites\/#organization","name":"Foot d'avant","url":"https:\/\/footdavant.fr\/actualites\/","logo":{"@type":"ImageObject","inLanguage":"fr-FR","@id":"https:\/\/footdavant.fr\/actualites\/#\/schema\/logo\/image\/","url":"https:\/\/footdavant.fr\/actualites\/wp-content\/uploads\/2023\/09\/Copy-of-FootDavant-Logo.png","contentUrl":"https:\/\/footdavant.fr\/actualites\/wp-content\/uploads\/2023\/09\/Copy-of-FootDavant-Logo.png","width":936,"height":549,"caption":"Foot d'avant"},"image":{"@id":"https:\/\/footdavant.fr\/actualites\/#\/schema\/logo\/image\/"},"sameAs":["https:\/\/www.facebook.com\/Footdavant\/","https:\/\/twitter.com\/FootdavantFr","https:\/\/www.instagram.com\/footdavant.fr\/"]},{"@type":"Person","@id":"https:\/\/footdavant.fr\/actualites\/#\/schema\/person\/bc222566d95871b37e597b3ed3ba5e1d","name":"Cl\u00e9ment","image":{"@type":"ImageObject","inLanguage":"fr-FR","@id":"https:\/\/footdavant.fr\/actualites\/#\/schema\/person\/image\/","url":"https:\/\/secure.gravatar.com\/avatar\/7728b29aac2719421e1a9159b2254c44?s=96&d=mm&r=g","contentUrl":"https:\/\/secure.gravatar.com\/avatar\/7728b29aac2719421e1a9159b2254c44?s=96&d=mm&r=g","caption":"Cl\u00e9ment"},"sameAs":["https:\/\/footdavant.fr\/"]}]}},"_links":{"self":[{"href":"https:\/\/footdavant.fr\/actualites\/wp-json\/wp\/v2\/posts\/34438"}],"collection":[{"href":"https:\/\/footdavant.fr\/actualites\/wp-json\/wp\/v2\/posts"}],"about":[{"href":"https:\/\/footdavant.fr\/actualites\/wp-json\/wp\/v2\/types\/post"}],"author":[{"embeddable":true,"href":"https:\/\/footdavant.fr\/actualites\/wp-json\/wp\/v2\/users\/1"}],"replies":[{"embeddable":true,"href":"https:\/\/footdavant.fr\/actualites\/wp-json\/wp\/v2\/comments?post=34438"}],"version-history":[{"count":1,"href":"https:\/\/footdavant.fr\/actualites\/wp-json\/wp\/v2\/posts\/34438\/revisions"}],"predecessor-version":[{"id":34440,"href":"https:\/\/footdavant.fr\/actualites\/wp-json\/wp\/v2\/posts\/34438\/revisions\/34440"}],"wp:featuredmedia":[{"embeddable":true,"href":"https:\/\/footdavant.fr\/actualites\/wp-json\/wp\/v2\/media\/34439"}],"wp:attachment":[{"href":"https:\/\/footdavant.fr\/actualites\/wp-json\/wp\/v2\/media?parent=34438"}],"wp:term":[{"taxonomy":"category","embeddable":true,"href":"https:\/\/footdavant.fr\/actualites\/wp-json\/wp\/v2\/categories?post=34438"},{"taxonomy":"post_tag","embeddable":true,"href":"https:\/\/footdavant.fr\/actualites\/wp-json\/wp\/v2\/tags?post=34438"}],"curies":[{"name":"wp","href":"https:\/\/api.w.org\/{rel}","templated":true}]}}