{"id":34454,"date":"2026-02-13T21:48:04","date_gmt":"2026-02-13T20:48:04","guid":{"rendered":"https:\/\/footdavant.fr\/actualites\/dernier-manager-de-tottenham-trois-personnalites-cles-ont-pris-la-decision-finale-concernant-le-limogeage-de-thomas-frank\/"},"modified":"2026-02-13T21:48:06","modified_gmt":"2026-02-13T20:48:06","slug":"dernier-manager-de-tottenham-trois-personnalites-cles-ont-pris-la-decision-finale-concernant-le-limogeage-de-thomas-frank","status":"publish","type":"post","link":"https:\/\/footdavant.fr\/actualites\/dernier-manager-de-tottenham-trois-personnalites-cles-ont-pris-la-decision-finale-concernant-le-limogeage-de-thomas-frank\/","title":{"rendered":"Dernier manager de Tottenham : trois personnalit\u00e9s cl\u00e9s ont pris la \u00ab d\u00e9cision finale \u00bb concernant le limogeage de Thomas Frank"},"content":{"rendered":"<div itemprop=\"articleBody\">\n<p>Vinai Venkatesham, Johan Lange et Nick Beucher auraient tous jou\u00e9 un r\u00f4le cl\u00e9 dans la d\u00e9cision de relever Thomas Frank de ses fonctions d&#39;entra\u00eeneur de Tottenham Hotspur. <\/p>\n<p>Les Spurs ont annonc\u00e9 mercredi matin qu&#39;ils s&#39;\u00e9taient s\u00e9par\u00e9s du Danois apr\u00e8s la d\u00e9faite 2-1 de mardi contre Newcastle United.<\/p>\n<p>Ce r\u00e9sultat repr\u00e9sente la 11e d\u00e9faite de Tottenham en Premier League et prolonge sa s\u00e9quence de championnat sans victoire \u00e0 huit matches.<\/p>\n<p>Frank a laiss\u00e9 les Spurs \u00e0 la 16e place du classement de la Premier League, leur laissant seulement cinq points d&#39;avance sur la zone de rel\u00e9gation.<\/p>\n<div>\n<div>\n<p>\u00a9 Imago \/ IMAGO \/ Mark Pain<\/p>\n<\/div>\n<\/div>\n<h2>Trois personnalit\u00e9s impliqu\u00e9es dans le limogeage de Frank<\/h2>\n<p>Selon le journaliste <em>Ben Jacobs<\/em>la hi\u00e9rarchie de Tottenham a fait tout son possible pour donner \u00e0 Frank le plus de temps possible pour renverser les r\u00e9sultats.<\/p>\n<p>Cependant, ils ont finalement d\u00e9cid\u00e9 que la position de Frank \u00e9tait devenue \u00ab intenable \u00bb suite \u00e0 une s\u00e9rie de r\u00e9sultats lamentables en championnat.<\/p>\n<p>Le PDG du club, Venkatesham et le directeur sportif Lange faisaient partie de l&#39;\u00e9quipe de direction qui a pris la d\u00e9cision et a recommand\u00e9 le limogeage de Frank au conseil d&#39;administration. <\/p>\n<p>Nick Beucher, co-PDG de Tavistock aux c\u00f4t\u00e9s de Josh Levy, a \u00e9galement \u00e9t\u00e9 impliqu\u00e9 dans le processus de destitution de Frank, agissant au nom de la propri\u00e9t\u00e9 familiale Lewis. <\/p>\n<div>\n<div><img decoding=\"async\" data-img-id=\"153204\" class=\"lazy\" loading=\"lazy\" src=\"https:\/\/footdavant.fr\/actualites\/wp-content\/uploads\/2026\/02\/1770986912_661_Suivant-Entraineur-de-Tottenham-Pourquoi-Roberto-De-Zerbi-est.webp\"\/><\/p>\n<p>\u00a9 Imago \/ Sportsphoto<\/p>\n<\/div>\n<\/div>\n<h2>De Zerbi et Iraola sur le radar de Tottenham<\/h2>\n<p>La hi\u00e9rarchie de Tottenham va d\u00e9sormais se concentrer sur la recherche du successeur de Frank, qu&#39;il s&#39;agisse d&#39;un entra\u00eeneur-chef par int\u00e9rim ou permanent.<\/p>\n<p>L&#39;ancien patron des Spurs, Mauricio Pochettino, semble \u00eatre en lice, m\u00eame si le patron des \u00c9tats-Unis ne pourra prendre la rel\u00e8ve qu&#39;apr\u00e8s la Coupe du monde 2026.<\/p>\n<p>Jacobs rapporte que Roberto De Zerbi et l&#39;entra\u00eeneur-chef de Bournemouth, Andoni Iraola, \u00e9taient auparavant sur le radar de Daniel Levy avant qu&#39;il ne quitte son poste de pr\u00e9sident ex\u00e9cutif en septembre.<\/p>\n<p>De Zerbi et Iraola avaient pr\u00e9c\u00e9demment rejet\u00e9 les approches des Spurs, m\u00eame si la premi\u00e8re pourrait \u00e0 nouveau \u00eatre une option r\u00e9aliste.<\/p>\n<p>Marseille a annonc\u00e9 mercredi que De Zerbi avait quitt\u00e9 son poste d&#39;entra\u00eeneur-chef apr\u00e8s la d\u00e9faite 5-0 de dimanche face \u00e0 son rival du Paris Saint-Germain.<\/p>\n<p>Cependant, il reste \u00e0 voir si De Zerbi est pr\u00eat \u00e0 se lancer directement dans un nouvel emploi ou s&#39;il envisagera d&#39;attendre jusqu&#39;\u00e0 l&#39;\u00e9t\u00e9. <\/p>\n<\/p>\n<\/div>\n","protected":false},"excerpt":{"rendered":"<p>Vinai Venkatesham, Johan Lange et Nick Beucher auraient tous jou\u00e9 un r\u00f4le cl\u00e9 dans la d\u00e9cision de relever Thomas Frank de ses fonctions d&#39;entra\u00eeneur de<\/p>\n","protected":false},"author":1,"featured_media":34455,"comment_status":"closed","ping_status":"","sticky":false,"template":"","format":"standard","meta":{"footnotes":""},"categories":[5],"tags":[2142,1313,497,2317,897,662,2679,504,244,5148,1061,235,68,947],"yoast_head":"<!-- This site is optimized with the Yoast SEO plugin v21.0 - https:\/\/yoast.com\/wordpress\/plugins\/seo\/ -->\n<title>Dernier manager de Tottenham : trois personnalit\u00e9s cl\u00e9s ont pris la \u00ab d\u00e9cision finale \u00bb concernant le limogeage de Thomas Frank<\/title>\n<meta name=\"robots\" content=\"index, follow, max-snippet:-1, max-image-preview:large, max-video-preview:-1\" \/>\n<link rel=\"canonical\" href=\"https:\/\/footdavant.fr\/actualites\/dernier-manager-de-tottenham-trois-personnalites-cles-ont-pris-la-decision-finale-concernant-le-limogeage-de-thomas-frank\/\" \/>\n<meta property=\"og:locale\" content=\"fr_FR\" \/>\n<meta property=\"og:type\" content=\"article\" \/>\n<meta property=\"og:title\" content=\"Dernier manager de Tottenham : trois personnalit\u00e9s cl\u00e9s ont pris la \u00ab d\u00e9cision finale \u00bb concernant le limogeage de Thomas Frank\" \/>\n<meta property=\"og:description\" content=\"Vinai Venkatesham, Johan Lange et Nick Beucher auraient tous jou\u00e9 un r\u00f4le cl\u00e9 dans la d\u00e9cision de relever Thomas Frank de ses fonctions d&#039;entra\u00eeneur de\" \/>\n<meta property=\"og:url\" content=\"https:\/\/footdavant.fr\/actualites\/dernier-manager-de-tottenham-trois-personnalites-cles-ont-pris-la-decision-finale-concernant-le-limogeage-de-thomas-frank\/\" \/>\n<meta property=\"og:site_name\" content=\"Foot d&#039;avant\" \/>\n<meta property=\"article:publisher\" content=\"https:\/\/www.facebook.com\/Footdavant\/\" \/>\n<meta property=\"article:published_time\" content=\"2026-02-13T20:48:04+00:00\" \/>\n<meta property=\"article:modified_time\" content=\"2026-02-13T20:48:06+00:00\" \/>\n<meta property=\"og:image\" content=\"https:\/\/footdavant.fr\/actualites\/wp-content\/uploads\/2026\/02\/Dernier-manager-de-Tottenham-trois-personnalites-cles-ont-pris.net2Fuploads2F20262F012Fimago1071344209.webp\" \/>\n\t<meta property=\"og:image:width\" content=\"720\" \/>\n\t<meta property=\"og:image:height\" content=\"410\" \/>\n\t<meta property=\"og:image:type\" content=\"image\/webp\" \/>\n<meta name=\"author\" content=\"Cl\u00e9ment\" \/>\n<meta name=\"twitter:card\" content=\"summary_large_image\" \/>\n<meta name=\"twitter:creator\" content=\"@FootdavantFr\" \/>\n<meta name=\"twitter:site\" content=\"@FootdavantFr\" \/>\n<meta name=\"twitter:label1\" content=\"\u00c9crit par\" \/>\n\t<meta name=\"twitter:data1\" content=\"Cl\u00e9ment\" \/>\n\t<meta name=\"twitter:label2\" content=\"Dur\u00e9e de lecture estim\u00e9e\" \/>\n\t<meta name=\"twitter:data2\" content=\"2 minutes\" \/>\n<script type=\"application\/ld+json\" class=\"yoast-schema-graph\">{\"@context\":\"https:\/\/schema.org\",\"@graph\":[{\"@type\":\"Article\",\"@id\":\"https:\/\/footdavant.fr\/actualites\/dernier-manager-de-tottenham-trois-personnalites-cles-ont-pris-la-decision-finale-concernant-le-limogeage-de-thomas-frank\/#article\",\"isPartOf\":{\"@id\":\"https:\/\/footdavant.fr\/actualites\/dernier-manager-de-tottenham-trois-personnalites-cles-ont-pris-la-decision-finale-concernant-le-limogeage-de-thomas-frank\/\"},\"author\":{\"name\":\"Cl\u00e9ment\",\"@id\":\"https:\/\/footdavant.fr\/actualites\/#\/schema\/person\/bc222566d95871b37e597b3ed3ba5e1d\"},\"headline\":\"Dernier manager de Tottenham : trois personnalit\u00e9s cl\u00e9s ont pris la \u00ab d\u00e9cision finale \u00bb concernant le limogeage de Thomas Frank\",\"datePublished\":\"2026-02-13T20:48:04+00:00\",\"dateModified\":\"2026-02-13T20:48:06+00:00\",\"mainEntityOfPage\":{\"@id\":\"https:\/\/footdavant.fr\/actualites\/dernier-manager-de-tottenham-trois-personnalites-cles-ont-pris-la-decision-finale-concernant-le-limogeage-de-thomas-frank\/\"},\"wordCount\":449,\"publisher\":{\"@id\":\"https:\/\/footdavant.fr\/actualites\/#organization\"},\"keywords\":[\"cl\u00e9s\",\"concernant\",\"d\u00e9cision\",\"dernier\",\"finale\",\"Frank\",\"limogeage\",\"manager\",\"ont\",\"personnalit\u00e9s\",\"pris\",\"Thomas\",\"Tottenham\",\"trois\"],\"articleSection\":[\"Premier League\"],\"inLanguage\":\"fr-FR\"},{\"@type\":\"WebPage\",\"@id\":\"https:\/\/footdavant.fr\/actualites\/dernier-manager-de-tottenham-trois-personnalites-cles-ont-pris-la-decision-finale-concernant-le-limogeage-de-thomas-frank\/\",\"url\":\"https:\/\/footdavant.fr\/actualites\/dernier-manager-de-tottenham-trois-personnalites-cles-ont-pris-la-decision-finale-concernant-le-limogeage-de-thomas-frank\/\",\"name\":\"Dernier manager de Tottenham : trois personnalit\u00e9s cl\u00e9s ont pris la \u00ab d\u00e9cision finale \u00bb concernant le limogeage de Thomas Frank\",\"isPartOf\":{\"@id\":\"https:\/\/footdavant.fr\/actualites\/#website\"},\"datePublished\":\"2026-02-13T20:48:04+00:00\",\"dateModified\":\"2026-02-13T20:48:06+00:00\",\"breadcrumb\":{\"@id\":\"https:\/\/footdavant.fr\/actualites\/dernier-manager-de-tottenham-trois-personnalites-cles-ont-pris-la-decision-finale-concernant-le-limogeage-de-thomas-frank\/#breadcrumb\"},\"inLanguage\":\"fr-FR\",\"potentialAction\":[{\"@type\":\"ReadAction\",\"target\":[\"https:\/\/footdavant.fr\/actualites\/dernier-manager-de-tottenham-trois-personnalites-cles-ont-pris-la-decision-finale-concernant-le-limogeage-de-thomas-frank\/\"]}]},{\"@type\":\"BreadcrumbList\",\"@id\":\"https:\/\/footdavant.fr\/actualites\/dernier-manager-de-tottenham-trois-personnalites-cles-ont-pris-la-decision-finale-concernant-le-limogeage-de-thomas-frank\/#breadcrumb\",\"itemListElement\":[{\"@type\":\"ListItem\",\"position\":1,\"name\":\"Accueil\",\"item\":\"https:\/\/footdavant.fr\/actualites\/\"},{\"@type\":\"ListItem\",\"position\":2,\"name\":\"Dernier manager de Tottenham : trois personnalit\u00e9s cl\u00e9s ont pris la \u00ab d\u00e9cision finale \u00bb concernant le limogeage de Thomas Frank\"}]},{\"@type\":\"WebSite\",\"@id\":\"https:\/\/footdavant.fr\/actualites\/#website\",\"url\":\"https:\/\/footdavant.fr\/actualites\/\",\"name\":\"Foot d'avant\",\"description\":\"\",\"publisher\":{\"@id\":\"https:\/\/footdavant.fr\/actualites\/#organization\"},\"potentialAction\":[{\"@type\":\"SearchAction\",\"target\":{\"@type\":\"EntryPoint\",\"urlTemplate\":\"https:\/\/footdavant.fr\/actualites\/?s={search_term_string}\"},\"query-input\":\"required name=search_term_string\"}],\"inLanguage\":\"fr-FR\"},{\"@type\":\"Organization\",\"@id\":\"https:\/\/footdavant.fr\/actualites\/#organization\",\"name\":\"Foot d'avant\",\"url\":\"https:\/\/footdavant.fr\/actualites\/\",\"logo\":{\"@type\":\"ImageObject\",\"inLanguage\":\"fr-FR\",\"@id\":\"https:\/\/footdavant.fr\/actualites\/#\/schema\/logo\/image\/\",\"url\":\"https:\/\/footdavant.fr\/actualites\/wp-content\/uploads\/2023\/09\/Copy-of-FootDavant-Logo.png\",\"contentUrl\":\"https:\/\/footdavant.fr\/actualites\/wp-content\/uploads\/2023\/09\/Copy-of-FootDavant-Logo.png\",\"width\":936,\"height\":549,\"caption\":\"Foot d'avant\"},\"image\":{\"@id\":\"https:\/\/footdavant.fr\/actualites\/#\/schema\/logo\/image\/\"},\"sameAs\":[\"https:\/\/www.facebook.com\/Footdavant\/\",\"https:\/\/twitter.com\/FootdavantFr\",\"https:\/\/www.instagram.com\/footdavant.fr\/\"]},{\"@type\":\"Person\",\"@id\":\"https:\/\/footdavant.fr\/actualites\/#\/schema\/person\/bc222566d95871b37e597b3ed3ba5e1d\",\"name\":\"Cl\u00e9ment\",\"image\":{\"@type\":\"ImageObject\",\"inLanguage\":\"fr-FR\",\"@id\":\"https:\/\/footdavant.fr\/actualites\/#\/schema\/person\/image\/\",\"url\":\"https:\/\/secure.gravatar.com\/avatar\/7728b29aac2719421e1a9159b2254c44?s=96&d=mm&r=g\",\"contentUrl\":\"https:\/\/secure.gravatar.com\/avatar\/7728b29aac2719421e1a9159b2254c44?s=96&d=mm&r=g\",\"caption\":\"Cl\u00e9ment\"},\"sameAs\":[\"https:\/\/footdavant.fr\/\"]}]}<\/script>\n<!-- \/ Yoast SEO plugin. -->","yoast_head_json":{"title":"Dernier manager de Tottenham : trois personnalit\u00e9s cl\u00e9s ont pris la \u00ab d\u00e9cision finale \u00bb concernant le limogeage de Thomas Frank","robots":{"index":"index","follow":"follow","max-snippet":"max-snippet:-1","max-image-preview":"max-image-preview:large","max-video-preview":"max-video-preview:-1"},"canonical":"https:\/\/footdavant.fr\/actualites\/dernier-manager-de-tottenham-trois-personnalites-cles-ont-pris-la-decision-finale-concernant-le-limogeage-de-thomas-frank\/","og_locale":"fr_FR","og_type":"article","og_title":"Dernier manager de Tottenham : trois personnalit\u00e9s cl\u00e9s ont pris la \u00ab d\u00e9cision finale \u00bb concernant le limogeage de Thomas Frank","og_description":"Vinai Venkatesham, Johan Lange et Nick Beucher auraient tous jou\u00e9 un r\u00f4le cl\u00e9 dans la d\u00e9cision de relever Thomas Frank de ses fonctions d&#39;entra\u00eeneur de","og_url":"https:\/\/footdavant.fr\/actualites\/dernier-manager-de-tottenham-trois-personnalites-cles-ont-pris-la-decision-finale-concernant-le-limogeage-de-thomas-frank\/","og_site_name":"Foot d&#039;avant","article_publisher":"https:\/\/www.facebook.com\/Footdavant\/","article_published_time":"2026-02-13T20:48:04+00:00","article_modified_time":"2026-02-13T20:48:06+00:00","og_image":[{"width":720,"height":410,"url":"https:\/\/footdavant.fr\/actualites\/wp-content\/uploads\/2026\/02\/Dernier-manager-de-Tottenham-trois-personnalites-cles-ont-pris.net2Fuploads2F20262F012Fimago1071344209.webp","type":"image\/webp"}],"author":"Cl\u00e9ment","twitter_card":"summary_large_image","twitter_creator":"@FootdavantFr","twitter_site":"@FootdavantFr","twitter_misc":{"\u00c9crit par":"Cl\u00e9ment","Dur\u00e9e de lecture estim\u00e9e":"2 minutes"},"schema":{"@context":"https:\/\/schema.org","@graph":[{"@type":"Article","@id":"https:\/\/footdavant.fr\/actualites\/dernier-manager-de-tottenham-trois-personnalites-cles-ont-pris-la-decision-finale-concernant-le-limogeage-de-thomas-frank\/#article","isPartOf":{"@id":"https:\/\/footdavant.fr\/actualites\/dernier-manager-de-tottenham-trois-personnalites-cles-ont-pris-la-decision-finale-concernant-le-limogeage-de-thomas-frank\/"},"author":{"name":"Cl\u00e9ment","@id":"https:\/\/footdavant.fr\/actualites\/#\/schema\/person\/bc222566d95871b37e597b3ed3ba5e1d"},"headline":"Dernier manager de Tottenham : trois personnalit\u00e9s cl\u00e9s ont pris la \u00ab d\u00e9cision finale \u00bb concernant le limogeage de Thomas Frank","datePublished":"2026-02-13T20:48:04+00:00","dateModified":"2026-02-13T20:48:06+00:00","mainEntityOfPage":{"@id":"https:\/\/footdavant.fr\/actualites\/dernier-manager-de-tottenham-trois-personnalites-cles-ont-pris-la-decision-finale-concernant-le-limogeage-de-thomas-frank\/"},"wordCount":449,"publisher":{"@id":"https:\/\/footdavant.fr\/actualites\/#organization"},"keywords":["cl\u00e9s","concernant","d\u00e9cision","dernier","finale","Frank","limogeage","manager","ont","personnalit\u00e9s","pris","Thomas","Tottenham","trois"],"articleSection":["Premier League"],"inLanguage":"fr-FR"},{"@type":"WebPage","@id":"https:\/\/footdavant.fr\/actualites\/dernier-manager-de-tottenham-trois-personnalites-cles-ont-pris-la-decision-finale-concernant-le-limogeage-de-thomas-frank\/","url":"https:\/\/footdavant.fr\/actualites\/dernier-manager-de-tottenham-trois-personnalites-cles-ont-pris-la-decision-finale-concernant-le-limogeage-de-thomas-frank\/","name":"Dernier manager de Tottenham : trois personnalit\u00e9s cl\u00e9s ont pris la \u00ab d\u00e9cision finale \u00bb concernant le limogeage de Thomas Frank","isPartOf":{"@id":"https:\/\/footdavant.fr\/actualites\/#website"},"datePublished":"2026-02-13T20:48:04+00:00","dateModified":"2026-02-13T20:48:06+00:00","breadcrumb":{"@id":"https:\/\/footdavant.fr\/actualites\/dernier-manager-de-tottenham-trois-personnalites-cles-ont-pris-la-decision-finale-concernant-le-limogeage-de-thomas-frank\/#breadcrumb"},"inLanguage":"fr-FR","potentialAction":[{"@type":"ReadAction","target":["https:\/\/footdavant.fr\/actualites\/dernier-manager-de-tottenham-trois-personnalites-cles-ont-pris-la-decision-finale-concernant-le-limogeage-de-thomas-frank\/"]}]},{"@type":"BreadcrumbList","@id":"https:\/\/footdavant.fr\/actualites\/dernier-manager-de-tottenham-trois-personnalites-cles-ont-pris-la-decision-finale-concernant-le-limogeage-de-thomas-frank\/#breadcrumb","itemListElement":[{"@type":"ListItem","position":1,"name":"Accueil","item":"https:\/\/footdavant.fr\/actualites\/"},{"@type":"ListItem","position":2,"name":"Dernier manager de Tottenham : trois personnalit\u00e9s cl\u00e9s ont pris la \u00ab d\u00e9cision finale \u00bb concernant le limogeage de Thomas Frank"}]},{"@type":"WebSite","@id":"https:\/\/footdavant.fr\/actualites\/#website","url":"https:\/\/footdavant.fr\/actualites\/","name":"Foot d'avant","description":"","publisher":{"@id":"https:\/\/footdavant.fr\/actualites\/#organization"},"potentialAction":[{"@type":"SearchAction","target":{"@type":"EntryPoint","urlTemplate":"https:\/\/footdavant.fr\/actualites\/?s={search_term_string}"},"query-input":"required name=search_term_string"}],"inLanguage":"fr-FR"},{"@type":"Organization","@id":"https:\/\/footdavant.fr\/actualites\/#organization","name":"Foot d'avant","url":"https:\/\/footdavant.fr\/actualites\/","logo":{"@type":"ImageObject","inLanguage":"fr-FR","@id":"https:\/\/footdavant.fr\/actualites\/#\/schema\/logo\/image\/","url":"https:\/\/footdavant.fr\/actualites\/wp-content\/uploads\/2023\/09\/Copy-of-FootDavant-Logo.png","contentUrl":"https:\/\/footdavant.fr\/actualites\/wp-content\/uploads\/2023\/09\/Copy-of-FootDavant-Logo.png","width":936,"height":549,"caption":"Foot d'avant"},"image":{"@id":"https:\/\/footdavant.fr\/actualites\/#\/schema\/logo\/image\/"},"sameAs":["https:\/\/www.facebook.com\/Footdavant\/","https:\/\/twitter.com\/FootdavantFr","https:\/\/www.instagram.com\/footdavant.fr\/"]},{"@type":"Person","@id":"https:\/\/footdavant.fr\/actualites\/#\/schema\/person\/bc222566d95871b37e597b3ed3ba5e1d","name":"Cl\u00e9ment","image":{"@type":"ImageObject","inLanguage":"fr-FR","@id":"https:\/\/footdavant.fr\/actualites\/#\/schema\/person\/image\/","url":"https:\/\/secure.gravatar.com\/avatar\/7728b29aac2719421e1a9159b2254c44?s=96&d=mm&r=g","contentUrl":"https:\/\/secure.gravatar.com\/avatar\/7728b29aac2719421e1a9159b2254c44?s=96&d=mm&r=g","caption":"Cl\u00e9ment"},"sameAs":["https:\/\/footdavant.fr\/"]}]}},"_links":{"self":[{"href":"https:\/\/footdavant.fr\/actualites\/wp-json\/wp\/v2\/posts\/34454"}],"collection":[{"href":"https:\/\/footdavant.fr\/actualites\/wp-json\/wp\/v2\/posts"}],"about":[{"href":"https:\/\/footdavant.fr\/actualites\/wp-json\/wp\/v2\/types\/post"}],"author":[{"embeddable":true,"href":"https:\/\/footdavant.fr\/actualites\/wp-json\/wp\/v2\/users\/1"}],"replies":[{"embeddable":true,"href":"https:\/\/footdavant.fr\/actualites\/wp-json\/wp\/v2\/comments?post=34454"}],"version-history":[{"count":1,"href":"https:\/\/footdavant.fr\/actualites\/wp-json\/wp\/v2\/posts\/34454\/revisions"}],"predecessor-version":[{"id":34456,"href":"https:\/\/footdavant.fr\/actualites\/wp-json\/wp\/v2\/posts\/34454\/revisions\/34456"}],"wp:featuredmedia":[{"embeddable":true,"href":"https:\/\/footdavant.fr\/actualites\/wp-json\/wp\/v2\/media\/34455"}],"wp:attachment":[{"href":"https:\/\/footdavant.fr\/actualites\/wp-json\/wp\/v2\/media?parent=34454"}],"wp:term":[{"taxonomy":"category","embeddable":true,"href":"https:\/\/footdavant.fr\/actualites\/wp-json\/wp\/v2\/categories?post=34454"},{"taxonomy":"post_tag","embeddable":true,"href":"https:\/\/footdavant.fr\/actualites\/wp-json\/wp\/v2\/tags?post=34454"}],"curies":[{"name":"wp","href":"https:\/\/api.w.org\/{rel}","templated":true}]}}