{"id":34457,"date":"2026-02-13T23:48:05","date_gmt":"2026-02-13T22:48:05","guid":{"rendered":"https:\/\/footdavant.fr\/actualites\/federico-dimarco-man-united-refuse-dabandonner-un-raid-audacieux-contre-une-puissance-europeenne\/"},"modified":"2026-02-13T23:48:07","modified_gmt":"2026-02-13T22:48:07","slug":"federico-dimarco-man-united-refuse-dabandonner-un-raid-audacieux-contre-une-puissance-europeenne","status":"publish","type":"post","link":"https:\/\/footdavant.fr\/actualites\/federico-dimarco-man-united-refuse-dabandonner-un-raid-audacieux-contre-une-puissance-europeenne\/","title":{"rendered":"Federico Dimarco : Man United refuse d&#39;abandonner un raid audacieux contre une puissance europ\u00e9enne &#8211;"},"content":{"rendered":"<div id=\"penci-post-entry-inner\">\n<p>\t\t\t<i class=\"penci-post-countview-number-check\" style=\"display:none\">8<\/i><\/p>\n<p><!--Article Start--><br \/>L&#39;un des affrontements les plus marquants du football europ\u00e9en ce week-end sera sans doute l&#39;Inter Milan contre la Juventus \u00e0 San Siro.<\/p>\n<p>Alors que les deux poids lourds italiens s&#39;affrontent, les \u00e9claireurs de Manchester United seront en mission.<\/p>\n<h2>Des \u00e9claireurs envoy\u00e9s<\/h2>\n<p>Selon Tutto Sport, Ineos a envoy\u00e9 ses \u00e9missaires pour surveiller Federico Dimarco et Pierre Kalulu, deux de leurs principales cibles estivales.<\/p>\n<p>Concernant Dimarco, le rapport d\u00e9clare :<\/p>\n<p>\u00ab\u00a0Manchester United le suit avec beaucoup d&#39;int\u00e9r\u00eat. Le club anglais, en effet, le suivra en direct par l&#39;interm\u00e9diaire de son propre \u00e9missaire demain soir lors du Derby d&#39;Italia.\u00a0\u00bb<\/p>\n<p>Pendant ce temps, \u00e0 Kalulu, le m\u00e9dia italien confirme que les rumeurs de la mission de reconnaissance circulent, notant\u00a0:<\/p>\n<p>\u00ab\u00a0Ce sera l&#39;occasion id\u00e9ale pour les Diables Rouges de garder un \u0153il sur une autre de leurs cibles, Pierre Kalulu de la Juventus.\u00a0\u00bb<\/p>\n<p>M\u00eame s\u2019il est encourageant de voir United faire preuve de diligence raisonnable, les deux accords semblent hautement improbables.<\/p>\n<h3>Dimarco<\/h3>\n<p>Dimarco r\u00e9alise une brillante saison, avec 6 buts et 13 passes d\u00e9cisives en 31 apparitions avec les Nerazzurri. Cela n&#39;a pas de sens que l&#39;Inter sanctionne son d\u00e9part.<\/p>\n<p>Sans surprise, Tutto Sport r\u00e9v\u00e8le : \u00ab\u00a0L&#39;Inter n&#39;a pas l&#39;intention de l\u00e2cher l&#39;un de ses joyaux, consid\u00e9r\u00e9 comme invendable autour du Viale della Liberazione.\u00a0\u00bb<\/p>\n<p>On parle m\u00eame de la signature par l\u2019ailier d\u2019un nouvel accord qui pourrait durer jusqu\u2019en 2030. Si cela se concr\u00e9tisait, le retirer exigerait quelque chose d\u2019extraordinaire.<\/p>\n<h3>Kalulu<\/h3>\n<p>Pierre Kalulu de la Juventus est \u00e9galement en pleine ascension, attirant l&#39;attention d&#39;Ineos par sa r\u00e9gularit\u00e9.<\/p>\n<p>Pourtant, alors que United r\u00e9fl\u00e9chit \u00e0 une d\u00e9cision, la Vieille Dame s\u2019efforce d\u00e9j\u00e0 de repousser les int\u00e9r\u00eats en proposant un nouveau contrat au joueur de 25 ans.<\/p>\n<p>Le Fran\u00e7ais a jusqu&#39;\u00e0 pr\u00e9sent particip\u00e9 \u00e0 chaque minute de sa campagne en Serie A, soulignant son importance.<\/p>\n<p>Ainsi, m\u00eame si les \u00e9claireurs de United pourraient revenir avec des rapports \u00e9logieux sur Dimarco et Kalulu, s\u00e9curiser l&#39;un ou l&#39;autre n\u00e9cessiterait un effort vraiment particulier. Pourtant, dans le football, rien n\u2019est jamais impossible.<\/p>\n<\/p>\n<p>The Peoples Person est l&#39;un des principaux sites d&#39;information de Man United au monde depuis plus d&#39;une d\u00e9cennie. Suivez-nous sur Bluesky\u00a0: @peoplesperson.bsky.social<\/p>\n<p><!-- CONTENT END 2 --><\/p><\/div>\n","protected":false},"excerpt":{"rendered":"<p>8 L&#39;un des affrontements les plus marquants du football europ\u00e9en ce week-end sera sans doute l&#39;Inter Milan contre la Juventus \u00e0 San Siro. Alors que<\/p>\n","protected":false},"author":1,"featured_media":34458,"comment_status":"closed","ping_status":"","sticky":false,"template":"","format":"standard","meta":{"footnotes":""},"categories":[3],"tags":[3321,20,11495,9407,1552,701,24,7133,5358,2110,92,13],"yoast_head":"<!-- This site is optimized with the Yoast SEO plugin v21.0 - https:\/\/yoast.com\/wordpress\/plugins\/seo\/ -->\n<title>Federico Dimarco : Man United refuse d&#039;abandonner un raid audacieux contre une puissance europ\u00e9enne -<\/title>\n<meta name=\"robots\" content=\"index, follow, max-snippet:-1, max-image-preview:large, max-video-preview:-1\" \/>\n<link rel=\"canonical\" href=\"https:\/\/footdavant.fr\/actualites\/federico-dimarco-man-united-refuse-dabandonner-un-raid-audacieux-contre-une-puissance-europeenne\/\" \/>\n<meta property=\"og:locale\" content=\"fr_FR\" \/>\n<meta property=\"og:type\" content=\"article\" \/>\n<meta property=\"og:title\" content=\"Federico Dimarco : Man United refuse d&#039;abandonner un raid audacieux contre une puissance europ\u00e9enne -\" \/>\n<meta property=\"og:description\" content=\"8 L&#039;un des affrontements les plus marquants du football europ\u00e9en ce week-end sera sans doute l&#039;Inter Milan contre la Juventus \u00e0 San Siro. Alors que\" \/>\n<meta property=\"og:url\" content=\"https:\/\/footdavant.fr\/actualites\/federico-dimarco-man-united-refuse-dabandonner-un-raid-audacieux-contre-une-puissance-europeenne\/\" \/>\n<meta property=\"og:site_name\" content=\"Foot d&#039;avant\" \/>\n<meta property=\"article:publisher\" content=\"https:\/\/www.facebook.com\/Footdavant\/\" \/>\n<meta property=\"article:published_time\" content=\"2026-02-13T22:48:05+00:00\" \/>\n<meta property=\"article:modified_time\" content=\"2026-02-13T22:48:07+00:00\" \/>\n<meta property=\"og:image\" content=\"https:\/\/footdavant.fr\/actualites\/wp-content\/uploads\/2026\/02\/Federico-Dimarco-Man-United-refuse-d39abandonner-un-raid-audacieux.jpg\" \/>\n\t<meta property=\"og:image:width\" content=\"1600\" \/>\n\t<meta property=\"og:image:height\" content=\"713\" \/>\n\t<meta property=\"og:image:type\" content=\"image\/jpeg\" \/>\n<meta name=\"author\" content=\"Cl\u00e9ment\" \/>\n<meta name=\"twitter:card\" content=\"summary_large_image\" \/>\n<meta name=\"twitter:creator\" content=\"@FootdavantFr\" \/>\n<meta name=\"twitter:site\" content=\"@FootdavantFr\" \/>\n<meta name=\"twitter:label1\" content=\"\u00c9crit par\" \/>\n\t<meta name=\"twitter:data1\" content=\"Cl\u00e9ment\" \/>\n\t<meta name=\"twitter:label2\" content=\"Dur\u00e9e de lecture estim\u00e9e\" \/>\n\t<meta name=\"twitter:data2\" content=\"2 minutes\" \/>\n<script type=\"application\/ld+json\" class=\"yoast-schema-graph\">{\"@context\":\"https:\/\/schema.org\",\"@graph\":[{\"@type\":\"Article\",\"@id\":\"https:\/\/footdavant.fr\/actualites\/federico-dimarco-man-united-refuse-dabandonner-un-raid-audacieux-contre-une-puissance-europeenne\/#article\",\"isPartOf\":{\"@id\":\"https:\/\/footdavant.fr\/actualites\/federico-dimarco-man-united-refuse-dabandonner-un-raid-audacieux-contre-une-puissance-europeenne\/\"},\"author\":{\"name\":\"Cl\u00e9ment\",\"@id\":\"https:\/\/footdavant.fr\/actualites\/#\/schema\/person\/bc222566d95871b37e597b3ed3ba5e1d\"},\"headline\":\"Federico Dimarco : Man United refuse d&#39;abandonner un raid audacieux contre une puissance europ\u00e9enne &#8211;\",\"datePublished\":\"2026-02-13T22:48:05+00:00\",\"dateModified\":\"2026-02-13T22:48:07+00:00\",\"mainEntityOfPage\":{\"@id\":\"https:\/\/footdavant.fr\/actualites\/federico-dimarco-man-united-refuse-dabandonner-un-raid-audacieux-contre-une-puissance-europeenne\/\"},\"wordCount\":418,\"publisher\":{\"@id\":\"https:\/\/footdavant.fr\/actualites\/#organization\"},\"keywords\":[\"audacieux\",\"contre\",\"d39abandonner\",\"DiMarco\",\"europ\u00e9enne\",\"Federico\",\"Man\",\"puissance\",\"raid\",\"refuse\",\"une\",\"United\"],\"articleSection\":[\"Football\"],\"inLanguage\":\"fr-FR\"},{\"@type\":\"WebPage\",\"@id\":\"https:\/\/footdavant.fr\/actualites\/federico-dimarco-man-united-refuse-dabandonner-un-raid-audacieux-contre-une-puissance-europeenne\/\",\"url\":\"https:\/\/footdavant.fr\/actualites\/federico-dimarco-man-united-refuse-dabandonner-un-raid-audacieux-contre-une-puissance-europeenne\/\",\"name\":\"Federico Dimarco : Man United refuse d&#39;abandonner un raid audacieux contre une puissance europ\u00e9enne -\",\"isPartOf\":{\"@id\":\"https:\/\/footdavant.fr\/actualites\/#website\"},\"datePublished\":\"2026-02-13T22:48:05+00:00\",\"dateModified\":\"2026-02-13T22:48:07+00:00\",\"breadcrumb\":{\"@id\":\"https:\/\/footdavant.fr\/actualites\/federico-dimarco-man-united-refuse-dabandonner-un-raid-audacieux-contre-une-puissance-europeenne\/#breadcrumb\"},\"inLanguage\":\"fr-FR\",\"potentialAction\":[{\"@type\":\"ReadAction\",\"target\":[\"https:\/\/footdavant.fr\/actualites\/federico-dimarco-man-united-refuse-dabandonner-un-raid-audacieux-contre-une-puissance-europeenne\/\"]}]},{\"@type\":\"BreadcrumbList\",\"@id\":\"https:\/\/footdavant.fr\/actualites\/federico-dimarco-man-united-refuse-dabandonner-un-raid-audacieux-contre-une-puissance-europeenne\/#breadcrumb\",\"itemListElement\":[{\"@type\":\"ListItem\",\"position\":1,\"name\":\"Accueil\",\"item\":\"https:\/\/footdavant.fr\/actualites\/\"},{\"@type\":\"ListItem\",\"position\":2,\"name\":\"Federico Dimarco : Man United refuse d&#39;abandonner un raid audacieux contre une puissance europ\u00e9enne &#8211;\"}]},{\"@type\":\"WebSite\",\"@id\":\"https:\/\/footdavant.fr\/actualites\/#website\",\"url\":\"https:\/\/footdavant.fr\/actualites\/\",\"name\":\"Foot d'avant\",\"description\":\"\",\"publisher\":{\"@id\":\"https:\/\/footdavant.fr\/actualites\/#organization\"},\"potentialAction\":[{\"@type\":\"SearchAction\",\"target\":{\"@type\":\"EntryPoint\",\"urlTemplate\":\"https:\/\/footdavant.fr\/actualites\/?s={search_term_string}\"},\"query-input\":\"required name=search_term_string\"}],\"inLanguage\":\"fr-FR\"},{\"@type\":\"Organization\",\"@id\":\"https:\/\/footdavant.fr\/actualites\/#organization\",\"name\":\"Foot d'avant\",\"url\":\"https:\/\/footdavant.fr\/actualites\/\",\"logo\":{\"@type\":\"ImageObject\",\"inLanguage\":\"fr-FR\",\"@id\":\"https:\/\/footdavant.fr\/actualites\/#\/schema\/logo\/image\/\",\"url\":\"https:\/\/footdavant.fr\/actualites\/wp-content\/uploads\/2023\/09\/Copy-of-FootDavant-Logo.png\",\"contentUrl\":\"https:\/\/footdavant.fr\/actualites\/wp-content\/uploads\/2023\/09\/Copy-of-FootDavant-Logo.png\",\"width\":936,\"height\":549,\"caption\":\"Foot d'avant\"},\"image\":{\"@id\":\"https:\/\/footdavant.fr\/actualites\/#\/schema\/logo\/image\/\"},\"sameAs\":[\"https:\/\/www.facebook.com\/Footdavant\/\",\"https:\/\/twitter.com\/FootdavantFr\",\"https:\/\/www.instagram.com\/footdavant.fr\/\"]},{\"@type\":\"Person\",\"@id\":\"https:\/\/footdavant.fr\/actualites\/#\/schema\/person\/bc222566d95871b37e597b3ed3ba5e1d\",\"name\":\"Cl\u00e9ment\",\"image\":{\"@type\":\"ImageObject\",\"inLanguage\":\"fr-FR\",\"@id\":\"https:\/\/footdavant.fr\/actualites\/#\/schema\/person\/image\/\",\"url\":\"https:\/\/secure.gravatar.com\/avatar\/7728b29aac2719421e1a9159b2254c44?s=96&d=mm&r=g\",\"contentUrl\":\"https:\/\/secure.gravatar.com\/avatar\/7728b29aac2719421e1a9159b2254c44?s=96&d=mm&r=g\",\"caption\":\"Cl\u00e9ment\"},\"sameAs\":[\"https:\/\/footdavant.fr\/\"]}]}<\/script>\n<!-- \/ Yoast SEO plugin. -->","yoast_head_json":{"title":"Federico Dimarco : Man United refuse d&#39;abandonner un raid audacieux contre une puissance europ\u00e9enne -","robots":{"index":"index","follow":"follow","max-snippet":"max-snippet:-1","max-image-preview":"max-image-preview:large","max-video-preview":"max-video-preview:-1"},"canonical":"https:\/\/footdavant.fr\/actualites\/federico-dimarco-man-united-refuse-dabandonner-un-raid-audacieux-contre-une-puissance-europeenne\/","og_locale":"fr_FR","og_type":"article","og_title":"Federico Dimarco : Man United refuse d&#39;abandonner un raid audacieux contre une puissance europ\u00e9enne -","og_description":"8 L&#39;un des affrontements les plus marquants du football europ\u00e9en ce week-end sera sans doute l&#39;Inter Milan contre la Juventus \u00e0 San Siro. Alors que","og_url":"https:\/\/footdavant.fr\/actualites\/federico-dimarco-man-united-refuse-dabandonner-un-raid-audacieux-contre-une-puissance-europeenne\/","og_site_name":"Foot d&#039;avant","article_publisher":"https:\/\/www.facebook.com\/Footdavant\/","article_published_time":"2026-02-13T22:48:05+00:00","article_modified_time":"2026-02-13T22:48:07+00:00","og_image":[{"width":1600,"height":713,"url":"https:\/\/footdavant.fr\/actualites\/wp-content\/uploads\/2026\/02\/Federico-Dimarco-Man-United-refuse-d39abandonner-un-raid-audacieux.jpg","type":"image\/jpeg"}],"author":"Cl\u00e9ment","twitter_card":"summary_large_image","twitter_creator":"@FootdavantFr","twitter_site":"@FootdavantFr","twitter_misc":{"\u00c9crit par":"Cl\u00e9ment","Dur\u00e9e de lecture estim\u00e9e":"2 minutes"},"schema":{"@context":"https:\/\/schema.org","@graph":[{"@type":"Article","@id":"https:\/\/footdavant.fr\/actualites\/federico-dimarco-man-united-refuse-dabandonner-un-raid-audacieux-contre-une-puissance-europeenne\/#article","isPartOf":{"@id":"https:\/\/footdavant.fr\/actualites\/federico-dimarco-man-united-refuse-dabandonner-un-raid-audacieux-contre-une-puissance-europeenne\/"},"author":{"name":"Cl\u00e9ment","@id":"https:\/\/footdavant.fr\/actualites\/#\/schema\/person\/bc222566d95871b37e597b3ed3ba5e1d"},"headline":"Federico Dimarco : Man United refuse d&#39;abandonner un raid audacieux contre une puissance europ\u00e9enne &#8211;","datePublished":"2026-02-13T22:48:05+00:00","dateModified":"2026-02-13T22:48:07+00:00","mainEntityOfPage":{"@id":"https:\/\/footdavant.fr\/actualites\/federico-dimarco-man-united-refuse-dabandonner-un-raid-audacieux-contre-une-puissance-europeenne\/"},"wordCount":418,"publisher":{"@id":"https:\/\/footdavant.fr\/actualites\/#organization"},"keywords":["audacieux","contre","d39abandonner","DiMarco","europ\u00e9enne","Federico","Man","puissance","raid","refuse","une","United"],"articleSection":["Football"],"inLanguage":"fr-FR"},{"@type":"WebPage","@id":"https:\/\/footdavant.fr\/actualites\/federico-dimarco-man-united-refuse-dabandonner-un-raid-audacieux-contre-une-puissance-europeenne\/","url":"https:\/\/footdavant.fr\/actualites\/federico-dimarco-man-united-refuse-dabandonner-un-raid-audacieux-contre-une-puissance-europeenne\/","name":"Federico Dimarco : Man United refuse d&#39;abandonner un raid audacieux contre une puissance europ\u00e9enne -","isPartOf":{"@id":"https:\/\/footdavant.fr\/actualites\/#website"},"datePublished":"2026-02-13T22:48:05+00:00","dateModified":"2026-02-13T22:48:07+00:00","breadcrumb":{"@id":"https:\/\/footdavant.fr\/actualites\/federico-dimarco-man-united-refuse-dabandonner-un-raid-audacieux-contre-une-puissance-europeenne\/#breadcrumb"},"inLanguage":"fr-FR","potentialAction":[{"@type":"ReadAction","target":["https:\/\/footdavant.fr\/actualites\/federico-dimarco-man-united-refuse-dabandonner-un-raid-audacieux-contre-une-puissance-europeenne\/"]}]},{"@type":"BreadcrumbList","@id":"https:\/\/footdavant.fr\/actualites\/federico-dimarco-man-united-refuse-dabandonner-un-raid-audacieux-contre-une-puissance-europeenne\/#breadcrumb","itemListElement":[{"@type":"ListItem","position":1,"name":"Accueil","item":"https:\/\/footdavant.fr\/actualites\/"},{"@type":"ListItem","position":2,"name":"Federico Dimarco : Man United refuse d&#39;abandonner un raid audacieux contre une puissance europ\u00e9enne &#8211;"}]},{"@type":"WebSite","@id":"https:\/\/footdavant.fr\/actualites\/#website","url":"https:\/\/footdavant.fr\/actualites\/","name":"Foot d'avant","description":"","publisher":{"@id":"https:\/\/footdavant.fr\/actualites\/#organization"},"potentialAction":[{"@type":"SearchAction","target":{"@type":"EntryPoint","urlTemplate":"https:\/\/footdavant.fr\/actualites\/?s={search_term_string}"},"query-input":"required name=search_term_string"}],"inLanguage":"fr-FR"},{"@type":"Organization","@id":"https:\/\/footdavant.fr\/actualites\/#organization","name":"Foot d'avant","url":"https:\/\/footdavant.fr\/actualites\/","logo":{"@type":"ImageObject","inLanguage":"fr-FR","@id":"https:\/\/footdavant.fr\/actualites\/#\/schema\/logo\/image\/","url":"https:\/\/footdavant.fr\/actualites\/wp-content\/uploads\/2023\/09\/Copy-of-FootDavant-Logo.png","contentUrl":"https:\/\/footdavant.fr\/actualites\/wp-content\/uploads\/2023\/09\/Copy-of-FootDavant-Logo.png","width":936,"height":549,"caption":"Foot d'avant"},"image":{"@id":"https:\/\/footdavant.fr\/actualites\/#\/schema\/logo\/image\/"},"sameAs":["https:\/\/www.facebook.com\/Footdavant\/","https:\/\/twitter.com\/FootdavantFr","https:\/\/www.instagram.com\/footdavant.fr\/"]},{"@type":"Person","@id":"https:\/\/footdavant.fr\/actualites\/#\/schema\/person\/bc222566d95871b37e597b3ed3ba5e1d","name":"Cl\u00e9ment","image":{"@type":"ImageObject","inLanguage":"fr-FR","@id":"https:\/\/footdavant.fr\/actualites\/#\/schema\/person\/image\/","url":"https:\/\/secure.gravatar.com\/avatar\/7728b29aac2719421e1a9159b2254c44?s=96&d=mm&r=g","contentUrl":"https:\/\/secure.gravatar.com\/avatar\/7728b29aac2719421e1a9159b2254c44?s=96&d=mm&r=g","caption":"Cl\u00e9ment"},"sameAs":["https:\/\/footdavant.fr\/"]}]}},"_links":{"self":[{"href":"https:\/\/footdavant.fr\/actualites\/wp-json\/wp\/v2\/posts\/34457"}],"collection":[{"href":"https:\/\/footdavant.fr\/actualites\/wp-json\/wp\/v2\/posts"}],"about":[{"href":"https:\/\/footdavant.fr\/actualites\/wp-json\/wp\/v2\/types\/post"}],"author":[{"embeddable":true,"href":"https:\/\/footdavant.fr\/actualites\/wp-json\/wp\/v2\/users\/1"}],"replies":[{"embeddable":true,"href":"https:\/\/footdavant.fr\/actualites\/wp-json\/wp\/v2\/comments?post=34457"}],"version-history":[{"count":1,"href":"https:\/\/footdavant.fr\/actualites\/wp-json\/wp\/v2\/posts\/34457\/revisions"}],"predecessor-version":[{"id":34459,"href":"https:\/\/footdavant.fr\/actualites\/wp-json\/wp\/v2\/posts\/34457\/revisions\/34459"}],"wp:featuredmedia":[{"embeddable":true,"href":"https:\/\/footdavant.fr\/actualites\/wp-json\/wp\/v2\/media\/34458"}],"wp:attachment":[{"href":"https:\/\/footdavant.fr\/actualites\/wp-json\/wp\/v2\/media?parent=34457"}],"wp:term":[{"taxonomy":"category","embeddable":true,"href":"https:\/\/footdavant.fr\/actualites\/wp-json\/wp\/v2\/categories?post=34457"},{"taxonomy":"post_tag","embeddable":true,"href":"https:\/\/footdavant.fr\/actualites\/wp-json\/wp\/v2\/tags?post=34457"}],"curies":[{"name":"wp","href":"https:\/\/api.w.org\/{rel}","templated":true}]}}