{"id":34466,"date":"2026-02-14T05:48:08","date_gmt":"2026-02-14T04:48:08","guid":{"rendered":"https:\/\/footdavant.fr\/actualites\/man-city-decouvre-la-position-de-transfert-de-jack-grealish-deverton-apres-une-blessure-majeure\/"},"modified":"2026-02-14T05:48:09","modified_gmt":"2026-02-14T04:48:09","slug":"man-city-decouvre-la-position-de-transfert-de-jack-grealish-deverton-apres-une-blessure-majeure","status":"publish","type":"post","link":"https:\/\/footdavant.fr\/actualites\/man-city-decouvre-la-position-de-transfert-de-jack-grealish-deverton-apres-une-blessure-majeure\/","title":{"rendered":"Man City \u00ab d\u00e9couvre \u00bb la position de transfert de Jack Grealish d\u2019Everton apr\u00e8s une blessure majeure"},"content":{"rendered":"<div itemprop=\"articleBody\">\n<p>Everton serait pr\u00eat \u00e0 explorer un transfert permanent pour Jack Grealish, pr\u00eat\u00e9 par Manchester City.<\/p>\n<p>Le joueur de 30 ans a rejoint Everton en pr\u00eat l&#39;\u00e9t\u00e9 dernier apr\u00e8s \u00eatre tomb\u00e9 en disgr\u00e2ce sous Pep Guardiola au stade Etihad. <\/p>\n<p>Grealish s&#39;est rapidement impos\u00e9 comme un \u00e9l\u00e9ment r\u00e9gulier du c\u00f4t\u00e9 de David Moyes, contribuant deux buts et six passes d\u00e9cisives en 20 matches de Premier League.<\/p>\n<p>Malheureusement pour Grealish et Everton, sa saison a \u00e9t\u00e9 interrompue pr\u00e9matur\u00e9ment par une fracture de stress au pied.<\/p>\n<p>La blessure a \u00e9galement an\u00e9anti les minces espoirs de Grealish de faire partie de l&#39;\u00e9quipe d&#39;Angleterre de Thomas Tuchel pour la Coupe du monde de cet \u00e9t\u00e9. <\/p>\n<div>\n<div>\n<p>\u00a9 Imago \/ Sportimage<\/p>\n<\/div>\n<\/div>\n<h2>Everton envisage un transfert permanent de Grealish<\/h2>\n<p>La blessure a \u00e9galement soulev\u00e9 la question de savoir si l&#39;ailier portera \u00e0 nouveau un maillot d&#39;Everton, \u00e9tant donn\u00e9 que son contrat de pr\u00eat expire \u00e0 la fin de la saison.<\/p>\n<p>Selon <em>Le papier,<\/em> le club du Merseyside cherchera \u00e0 n\u00e9gocier un nouvel accord avec Man City pour Grealish. <\/p>\n<p>Everton n&#39;activera pas l&#39;option d&#39;achat de 50 millions de livres sterling dans l&#39;accord de pr\u00eat, qui \u00e9tait effectivement incluse \u00e0 des fins comptables de Man City.<\/p>\n<p>Au lieu de cela, les Toffees tenteront de n\u00e9gocier de nouveaux frais ou chercheront \u00e0 ramener Grealish au stade Hill Dickinson dans le cadre d&#39;un autre accord de pr\u00eat. <\/p>\n<p>Du point de vue du joueur, Grealish a aim\u00e9 jouer sous Moyes et semble d\u00e9sireux de prolonger son s\u00e9jour avec les Toffees.<\/p>\n<div>\n<div><img decoding=\"async\" data-img-id=\"152197\" class=\"lazy\" loading=\"lazy\" src=\"https:\/\/footdavant.fr\/actualites\/wp-content\/uploads\/2026\/02\/1771044488_278_Man-City-decouvre-la-position-de-transfert-de.webp\"\/><\/p>\n<p>\u00a9 Imago<\/p>\n<\/div>\n<\/div>\n<h2>Combien Everton est-il pr\u00eat \u00e0 payer pour Grealish ?<\/h2>\n<p>Man City voudra s\u00fbrement se d\u00e9barrasser de Grealish pour un transfert permanent cet \u00e9t\u00e9, d&#39;autant plus qu&#39;il est entr\u00e9 dans les 18 derniers mois de son contrat \u00e0 l&#39;Etihad Stadium.<\/p>\n<p>Cependant, ils devront probablement faire des compromis sur le prix demand\u00e9 s\u2019ils veulent vendre l\u2019international anglais de 39 s\u00e9lections.<\/p>\n<p>Everton serait pr\u00eat \u00e0 payer entre 20 et 25 millions de livres sterling pour signer Grealish dans le cadre d\u2019un accord permanent. <\/p>\n<p>M\u00eame si cela repr\u00e9senterait environ la moiti\u00e9 de l\u2019option d\u2019achat actuelle, cela repr\u00e9senterait tout de m\u00eame une d\u00e9pense consid\u00e9rable pour un joueur qui aura 31 ans plus tard cette ann\u00e9e. <\/p>\n<\/div>\n","protected":false},"excerpt":{"rendered":"<p>Everton serait pr\u00eat \u00e0 explorer un transfert permanent pour Jack Grealish, pr\u00eat\u00e9 par Manchester City. Le joueur de 30 ans a rejoint Everton en pr\u00eat<\/p>\n","protected":false},"author":1,"featured_media":34467,"comment_status":"closed","ping_status":"","sticky":false,"template":"","format":"standard","meta":{"footnotes":""},"categories":[5],"tags":[25,15,27,5385,1260,4811,2155,1628,24,2283,700,92],"yoast_head":"<!-- This site is optimized with the Yoast SEO plugin v21.0 - https:\/\/yoast.com\/wordpress\/plugins\/seo\/ -->\n<title>Man City \u00ab d\u00e9couvre \u00bb la position de transfert de Jack Grealish d\u2019Everton apr\u00e8s une blessure majeure<\/title>\n<meta name=\"robots\" content=\"index, follow, max-snippet:-1, max-image-preview:large, max-video-preview:-1\" \/>\n<link rel=\"canonical\" href=\"https:\/\/footdavant.fr\/actualites\/man-city-decouvre-la-position-de-transfert-de-jack-grealish-deverton-apres-une-blessure-majeure\/\" \/>\n<meta property=\"og:locale\" content=\"fr_FR\" \/>\n<meta property=\"og:type\" content=\"article\" \/>\n<meta property=\"og:title\" content=\"Man City \u00ab d\u00e9couvre \u00bb la position de transfert de Jack Grealish d\u2019Everton apr\u00e8s une blessure majeure\" \/>\n<meta property=\"og:description\" content=\"Everton serait pr\u00eat \u00e0 explorer un transfert permanent pour Jack Grealish, pr\u00eat\u00e9 par Manchester City. Le joueur de 30 ans a rejoint Everton en pr\u00eat\" \/>\n<meta property=\"og:url\" content=\"https:\/\/footdavant.fr\/actualites\/man-city-decouvre-la-position-de-transfert-de-jack-grealish-deverton-apres-une-blessure-majeure\/\" \/>\n<meta property=\"og:site_name\" content=\"Foot d&#039;avant\" \/>\n<meta property=\"article:publisher\" content=\"https:\/\/www.facebook.com\/Footdavant\/\" \/>\n<meta property=\"article:published_time\" content=\"2026-02-14T04:48:08+00:00\" \/>\n<meta property=\"article:modified_time\" content=\"2026-02-14T04:48:09+00:00\" \/>\n<meta property=\"og:image\" content=\"https:\/\/footdavant.fr\/actualites\/wp-content\/uploads\/2026\/02\/Man-City-decouvre-la-position-de-transfert-de.net2Fuploads2F20262F022Fgrealish-2-698c7.webp\" \/>\n\t<meta property=\"og:image:width\" content=\"720\" \/>\n\t<meta property=\"og:image:height\" content=\"410\" \/>\n\t<meta property=\"og:image:type\" content=\"image\/webp\" \/>\n<meta name=\"author\" content=\"Cl\u00e9ment\" \/>\n<meta name=\"twitter:card\" content=\"summary_large_image\" \/>\n<meta name=\"twitter:creator\" content=\"@FootdavantFr\" \/>\n<meta name=\"twitter:site\" content=\"@FootdavantFr\" \/>\n<meta name=\"twitter:label1\" content=\"\u00c9crit par\" \/>\n\t<meta name=\"twitter:data1\" content=\"Cl\u00e9ment\" \/>\n\t<meta name=\"twitter:label2\" content=\"Dur\u00e9e de lecture estim\u00e9e\" \/>\n\t<meta name=\"twitter:data2\" content=\"2 minutes\" \/>\n<script type=\"application\/ld+json\" class=\"yoast-schema-graph\">{\"@context\":\"https:\/\/schema.org\",\"@graph\":[{\"@type\":\"Article\",\"@id\":\"https:\/\/footdavant.fr\/actualites\/man-city-decouvre-la-position-de-transfert-de-jack-grealish-deverton-apres-une-blessure-majeure\/#article\",\"isPartOf\":{\"@id\":\"https:\/\/footdavant.fr\/actualites\/man-city-decouvre-la-position-de-transfert-de-jack-grealish-deverton-apres-une-blessure-majeure\/\"},\"author\":{\"name\":\"Cl\u00e9ment\",\"@id\":\"https:\/\/footdavant.fr\/actualites\/#\/schema\/person\/bc222566d95871b37e597b3ed3ba5e1d\"},\"headline\":\"Man City \u00ab d\u00e9couvre \u00bb la position de transfert de Jack Grealish d\u2019Everton apr\u00e8s une blessure majeure\",\"datePublished\":\"2026-02-14T04:48:08+00:00\",\"dateModified\":\"2026-02-14T04:48:09+00:00\",\"mainEntityOfPage\":{\"@id\":\"https:\/\/footdavant.fr\/actualites\/man-city-decouvre-la-position-de-transfert-de-jack-grealish-deverton-apres-une-blessure-majeure\/\"},\"wordCount\":405,\"publisher\":{\"@id\":\"https:\/\/footdavant.fr\/actualites\/#organization\"},\"keywords\":[\"apr\u00e8s\",\"Blessure\",\"City\",\"d\u00e9couvre\",\"dEverton\",\"Grealish\",\"Jack\",\"majeure\",\"Man\",\"position\",\"transfert\",\"une\"],\"articleSection\":[\"Premier League\"],\"inLanguage\":\"fr-FR\"},{\"@type\":\"WebPage\",\"@id\":\"https:\/\/footdavant.fr\/actualites\/man-city-decouvre-la-position-de-transfert-de-jack-grealish-deverton-apres-une-blessure-majeure\/\",\"url\":\"https:\/\/footdavant.fr\/actualites\/man-city-decouvre-la-position-de-transfert-de-jack-grealish-deverton-apres-une-blessure-majeure\/\",\"name\":\"Man City \u00ab d\u00e9couvre \u00bb la position de transfert de Jack Grealish d\u2019Everton apr\u00e8s une blessure majeure\",\"isPartOf\":{\"@id\":\"https:\/\/footdavant.fr\/actualites\/#website\"},\"datePublished\":\"2026-02-14T04:48:08+00:00\",\"dateModified\":\"2026-02-14T04:48:09+00:00\",\"breadcrumb\":{\"@id\":\"https:\/\/footdavant.fr\/actualites\/man-city-decouvre-la-position-de-transfert-de-jack-grealish-deverton-apres-une-blessure-majeure\/#breadcrumb\"},\"inLanguage\":\"fr-FR\",\"potentialAction\":[{\"@type\":\"ReadAction\",\"target\":[\"https:\/\/footdavant.fr\/actualites\/man-city-decouvre-la-position-de-transfert-de-jack-grealish-deverton-apres-une-blessure-majeure\/\"]}]},{\"@type\":\"BreadcrumbList\",\"@id\":\"https:\/\/footdavant.fr\/actualites\/man-city-decouvre-la-position-de-transfert-de-jack-grealish-deverton-apres-une-blessure-majeure\/#breadcrumb\",\"itemListElement\":[{\"@type\":\"ListItem\",\"position\":1,\"name\":\"Accueil\",\"item\":\"https:\/\/footdavant.fr\/actualites\/\"},{\"@type\":\"ListItem\",\"position\":2,\"name\":\"Man City \u00ab d\u00e9couvre \u00bb la position de transfert de Jack Grealish d\u2019Everton apr\u00e8s une blessure majeure\"}]},{\"@type\":\"WebSite\",\"@id\":\"https:\/\/footdavant.fr\/actualites\/#website\",\"url\":\"https:\/\/footdavant.fr\/actualites\/\",\"name\":\"Foot d'avant\",\"description\":\"\",\"publisher\":{\"@id\":\"https:\/\/footdavant.fr\/actualites\/#organization\"},\"potentialAction\":[{\"@type\":\"SearchAction\",\"target\":{\"@type\":\"EntryPoint\",\"urlTemplate\":\"https:\/\/footdavant.fr\/actualites\/?s={search_term_string}\"},\"query-input\":\"required name=search_term_string\"}],\"inLanguage\":\"fr-FR\"},{\"@type\":\"Organization\",\"@id\":\"https:\/\/footdavant.fr\/actualites\/#organization\",\"name\":\"Foot d'avant\",\"url\":\"https:\/\/footdavant.fr\/actualites\/\",\"logo\":{\"@type\":\"ImageObject\",\"inLanguage\":\"fr-FR\",\"@id\":\"https:\/\/footdavant.fr\/actualites\/#\/schema\/logo\/image\/\",\"url\":\"https:\/\/footdavant.fr\/actualites\/wp-content\/uploads\/2023\/09\/Copy-of-FootDavant-Logo.png\",\"contentUrl\":\"https:\/\/footdavant.fr\/actualites\/wp-content\/uploads\/2023\/09\/Copy-of-FootDavant-Logo.png\",\"width\":936,\"height\":549,\"caption\":\"Foot d'avant\"},\"image\":{\"@id\":\"https:\/\/footdavant.fr\/actualites\/#\/schema\/logo\/image\/\"},\"sameAs\":[\"https:\/\/www.facebook.com\/Footdavant\/\",\"https:\/\/twitter.com\/FootdavantFr\",\"https:\/\/www.instagram.com\/footdavant.fr\/\"]},{\"@type\":\"Person\",\"@id\":\"https:\/\/footdavant.fr\/actualites\/#\/schema\/person\/bc222566d95871b37e597b3ed3ba5e1d\",\"name\":\"Cl\u00e9ment\",\"image\":{\"@type\":\"ImageObject\",\"inLanguage\":\"fr-FR\",\"@id\":\"https:\/\/footdavant.fr\/actualites\/#\/schema\/person\/image\/\",\"url\":\"https:\/\/secure.gravatar.com\/avatar\/7728b29aac2719421e1a9159b2254c44?s=96&d=mm&r=g\",\"contentUrl\":\"https:\/\/secure.gravatar.com\/avatar\/7728b29aac2719421e1a9159b2254c44?s=96&d=mm&r=g\",\"caption\":\"Cl\u00e9ment\"},\"sameAs\":[\"https:\/\/footdavant.fr\/\"]}]}<\/script>\n<!-- \/ Yoast SEO plugin. -->","yoast_head_json":{"title":"Man City \u00ab d\u00e9couvre \u00bb la position de transfert de Jack Grealish d\u2019Everton apr\u00e8s une blessure majeure","robots":{"index":"index","follow":"follow","max-snippet":"max-snippet:-1","max-image-preview":"max-image-preview:large","max-video-preview":"max-video-preview:-1"},"canonical":"https:\/\/footdavant.fr\/actualites\/man-city-decouvre-la-position-de-transfert-de-jack-grealish-deverton-apres-une-blessure-majeure\/","og_locale":"fr_FR","og_type":"article","og_title":"Man City \u00ab d\u00e9couvre \u00bb la position de transfert de Jack Grealish d\u2019Everton apr\u00e8s une blessure majeure","og_description":"Everton serait pr\u00eat \u00e0 explorer un transfert permanent pour Jack Grealish, pr\u00eat\u00e9 par Manchester City. Le joueur de 30 ans a rejoint Everton en pr\u00eat","og_url":"https:\/\/footdavant.fr\/actualites\/man-city-decouvre-la-position-de-transfert-de-jack-grealish-deverton-apres-une-blessure-majeure\/","og_site_name":"Foot d&#039;avant","article_publisher":"https:\/\/www.facebook.com\/Footdavant\/","article_published_time":"2026-02-14T04:48:08+00:00","article_modified_time":"2026-02-14T04:48:09+00:00","og_image":[{"width":720,"height":410,"url":"https:\/\/footdavant.fr\/actualites\/wp-content\/uploads\/2026\/02\/Man-City-decouvre-la-position-de-transfert-de.net2Fuploads2F20262F022Fgrealish-2-698c7.webp","type":"image\/webp"}],"author":"Cl\u00e9ment","twitter_card":"summary_large_image","twitter_creator":"@FootdavantFr","twitter_site":"@FootdavantFr","twitter_misc":{"\u00c9crit par":"Cl\u00e9ment","Dur\u00e9e de lecture estim\u00e9e":"2 minutes"},"schema":{"@context":"https:\/\/schema.org","@graph":[{"@type":"Article","@id":"https:\/\/footdavant.fr\/actualites\/man-city-decouvre-la-position-de-transfert-de-jack-grealish-deverton-apres-une-blessure-majeure\/#article","isPartOf":{"@id":"https:\/\/footdavant.fr\/actualites\/man-city-decouvre-la-position-de-transfert-de-jack-grealish-deverton-apres-une-blessure-majeure\/"},"author":{"name":"Cl\u00e9ment","@id":"https:\/\/footdavant.fr\/actualites\/#\/schema\/person\/bc222566d95871b37e597b3ed3ba5e1d"},"headline":"Man City \u00ab d\u00e9couvre \u00bb la position de transfert de Jack Grealish d\u2019Everton apr\u00e8s une blessure majeure","datePublished":"2026-02-14T04:48:08+00:00","dateModified":"2026-02-14T04:48:09+00:00","mainEntityOfPage":{"@id":"https:\/\/footdavant.fr\/actualites\/man-city-decouvre-la-position-de-transfert-de-jack-grealish-deverton-apres-une-blessure-majeure\/"},"wordCount":405,"publisher":{"@id":"https:\/\/footdavant.fr\/actualites\/#organization"},"keywords":["apr\u00e8s","Blessure","City","d\u00e9couvre","dEverton","Grealish","Jack","majeure","Man","position","transfert","une"],"articleSection":["Premier League"],"inLanguage":"fr-FR"},{"@type":"WebPage","@id":"https:\/\/footdavant.fr\/actualites\/man-city-decouvre-la-position-de-transfert-de-jack-grealish-deverton-apres-une-blessure-majeure\/","url":"https:\/\/footdavant.fr\/actualites\/man-city-decouvre-la-position-de-transfert-de-jack-grealish-deverton-apres-une-blessure-majeure\/","name":"Man City \u00ab d\u00e9couvre \u00bb la position de transfert de Jack Grealish d\u2019Everton apr\u00e8s une blessure majeure","isPartOf":{"@id":"https:\/\/footdavant.fr\/actualites\/#website"},"datePublished":"2026-02-14T04:48:08+00:00","dateModified":"2026-02-14T04:48:09+00:00","breadcrumb":{"@id":"https:\/\/footdavant.fr\/actualites\/man-city-decouvre-la-position-de-transfert-de-jack-grealish-deverton-apres-une-blessure-majeure\/#breadcrumb"},"inLanguage":"fr-FR","potentialAction":[{"@type":"ReadAction","target":["https:\/\/footdavant.fr\/actualites\/man-city-decouvre-la-position-de-transfert-de-jack-grealish-deverton-apres-une-blessure-majeure\/"]}]},{"@type":"BreadcrumbList","@id":"https:\/\/footdavant.fr\/actualites\/man-city-decouvre-la-position-de-transfert-de-jack-grealish-deverton-apres-une-blessure-majeure\/#breadcrumb","itemListElement":[{"@type":"ListItem","position":1,"name":"Accueil","item":"https:\/\/footdavant.fr\/actualites\/"},{"@type":"ListItem","position":2,"name":"Man City \u00ab d\u00e9couvre \u00bb la position de transfert de Jack Grealish d\u2019Everton apr\u00e8s une blessure majeure"}]},{"@type":"WebSite","@id":"https:\/\/footdavant.fr\/actualites\/#website","url":"https:\/\/footdavant.fr\/actualites\/","name":"Foot d'avant","description":"","publisher":{"@id":"https:\/\/footdavant.fr\/actualites\/#organization"},"potentialAction":[{"@type":"SearchAction","target":{"@type":"EntryPoint","urlTemplate":"https:\/\/footdavant.fr\/actualites\/?s={search_term_string}"},"query-input":"required name=search_term_string"}],"inLanguage":"fr-FR"},{"@type":"Organization","@id":"https:\/\/footdavant.fr\/actualites\/#organization","name":"Foot d'avant","url":"https:\/\/footdavant.fr\/actualites\/","logo":{"@type":"ImageObject","inLanguage":"fr-FR","@id":"https:\/\/footdavant.fr\/actualites\/#\/schema\/logo\/image\/","url":"https:\/\/footdavant.fr\/actualites\/wp-content\/uploads\/2023\/09\/Copy-of-FootDavant-Logo.png","contentUrl":"https:\/\/footdavant.fr\/actualites\/wp-content\/uploads\/2023\/09\/Copy-of-FootDavant-Logo.png","width":936,"height":549,"caption":"Foot d'avant"},"image":{"@id":"https:\/\/footdavant.fr\/actualites\/#\/schema\/logo\/image\/"},"sameAs":["https:\/\/www.facebook.com\/Footdavant\/","https:\/\/twitter.com\/FootdavantFr","https:\/\/www.instagram.com\/footdavant.fr\/"]},{"@type":"Person","@id":"https:\/\/footdavant.fr\/actualites\/#\/schema\/person\/bc222566d95871b37e597b3ed3ba5e1d","name":"Cl\u00e9ment","image":{"@type":"ImageObject","inLanguage":"fr-FR","@id":"https:\/\/footdavant.fr\/actualites\/#\/schema\/person\/image\/","url":"https:\/\/secure.gravatar.com\/avatar\/7728b29aac2719421e1a9159b2254c44?s=96&d=mm&r=g","contentUrl":"https:\/\/secure.gravatar.com\/avatar\/7728b29aac2719421e1a9159b2254c44?s=96&d=mm&r=g","caption":"Cl\u00e9ment"},"sameAs":["https:\/\/footdavant.fr\/"]}]}},"_links":{"self":[{"href":"https:\/\/footdavant.fr\/actualites\/wp-json\/wp\/v2\/posts\/34466"}],"collection":[{"href":"https:\/\/footdavant.fr\/actualites\/wp-json\/wp\/v2\/posts"}],"about":[{"href":"https:\/\/footdavant.fr\/actualites\/wp-json\/wp\/v2\/types\/post"}],"author":[{"embeddable":true,"href":"https:\/\/footdavant.fr\/actualites\/wp-json\/wp\/v2\/users\/1"}],"replies":[{"embeddable":true,"href":"https:\/\/footdavant.fr\/actualites\/wp-json\/wp\/v2\/comments?post=34466"}],"version-history":[{"count":1,"href":"https:\/\/footdavant.fr\/actualites\/wp-json\/wp\/v2\/posts\/34466\/revisions"}],"predecessor-version":[{"id":34468,"href":"https:\/\/footdavant.fr\/actualites\/wp-json\/wp\/v2\/posts\/34466\/revisions\/34468"}],"wp:featuredmedia":[{"embeddable":true,"href":"https:\/\/footdavant.fr\/actualites\/wp-json\/wp\/v2\/media\/34467"}],"wp:attachment":[{"href":"https:\/\/footdavant.fr\/actualites\/wp-json\/wp\/v2\/media?parent=34466"}],"wp:term":[{"taxonomy":"category","embeddable":true,"href":"https:\/\/footdavant.fr\/actualites\/wp-json\/wp\/v2\/categories?post=34466"},{"taxonomy":"post_tag","embeddable":true,"href":"https:\/\/footdavant.fr\/actualites\/wp-json\/wp\/v2\/tags?post=34466"}],"curies":[{"name":"wp","href":"https:\/\/api.w.org\/{rel}","templated":true}]}}