{"id":34478,"date":"2026-02-14T13:48:07","date_gmt":"2026-02-14T12:48:07","guid":{"rendered":"https:\/\/footdavant.fr\/actualites\/tottenham-limoge-thomas-frank-que-se-passe-t-il-maintenant-qui-remplacera-lhomme-de-52-ans-a-la-barre\/"},"modified":"2026-02-14T13:48:08","modified_gmt":"2026-02-14T12:48:08","slug":"tottenham-limoge-thomas-frank-que-se-passe-t-il-maintenant-qui-remplacera-lhomme-de-52-ans-a-la-barre","status":"publish","type":"post","link":"https:\/\/footdavant.fr\/actualites\/tottenham-limoge-thomas-frank-que-se-passe-t-il-maintenant-qui-remplacera-lhomme-de-52-ans-a-la-barre\/","title":{"rendered":"Tottenham limoge Thomas Frank : que se passe-t-il maintenant ? Qui remplacera l&#39;homme de 52 ans \u00e0 la barre ?"},"content":{"rendered":"<div itemprop=\"articleBody\">\n<p>Tottenham Hotspur a limog\u00e9 Thomas Frank en tant qu&#39;entra\u00eeneur-chef, le club du nord de Londres craignant une bataille de rel\u00e9gation lors des derni\u00e8res \u00e9tapes de la campagne 2025-26 de Premier League.<\/p>\n<p>Apr\u00e8s la d\u00e9faite 2-1 \u00e0 domicile contre Newcastle United en Premier League mardi soir, Frank s&#39;est d\u00e9clar\u00e9 \u00ab\u00a0convaincu\u00a0\u00bb de conserver son poste pour le prochain match de l&#39;\u00e9quipe contre Arsenal le 22 f\u00e9vrier.<\/p>\n<p>Cependant, la d\u00e9cision a \u00e9t\u00e9 prise de d\u00e9mettre l&#39;homme de 52 ans de ses fonctions.<\/p>\n<p>\u00ab\u00a0Le club a pris la d\u00e9cision de proc\u00e9der \u00e0 un changement au poste d&#39;entra\u00eeneur-chef masculin et Thomas Frank partira aujourd&#39;hui\u00a0\u00bb, peut-on lire dans un communiqu\u00e9 du club.<\/p>\n<p>\u00ab\u00a0Thomas a \u00e9t\u00e9 nomm\u00e9 en juin 2025 et nous sommes d\u00e9termin\u00e9s \u00e0 lui donner le temps et le soutien n\u00e9cessaires pour construire ensemble l&#39;avenir.<\/p>\n<p>\u00ab\u00a0Cependant, les r\u00e9sultats et les performances ont amen\u00e9 le Conseil d&#39;administration \u00e0 conclure qu&#39;un changement \u00e0 ce stade de la saison est n\u00e9cessaire. Tout au long de son mandat au Club, Thomas s&#39;est conduit avec un engagement sans faille, donnant tout dans ses efforts pour faire avancer le Club. Nous tenons \u00e0 le remercier pour sa contribution et lui souhaitons plein succ\u00e8s dans le futur.\u00a0\u00bb<\/p>\n<p>Frank est arriv\u00e9 \u00e0 Tottenham l&#39;\u00e9t\u00e9 dernier avec une grande r\u00e9putation suite \u00e0 son excellent travail \u00e0 Brentford, mais cela a \u00e9t\u00e9 une lutte pour lui aux Spurs, avec un bilan de 13 victoires, 11 nuls et 14 d\u00e9faites en 38 matches toutes comp\u00e9titions confondues.<\/p>\n<p>Le Danois a r\u00e9ussi \u00e0 guider les Spurs vers les huiti\u00e8mes de finale de la Ligue des champions, mais le club du nord de Londres est sans victoire en championnat en 2026 et occupe la 16e place du classement de la Premier League, \u00e0 seulement cinq points de la zone de rel\u00e9gation.<\/p>\n<blockquote class=\"twitter-tweet\"><p>&#13;<\/p>\n<p dir=\"ltr\" lang=\"en\">1,12 &#8211; Thomas Frank a en moyenne 1,12 points par match en tant que patron de Tottenham Hotspur en Premier League (29 points en 26 matchs), le taux le plus bas de tous les managers des Spurs avec plus de 5 matchs dans la comp\u00e9tition. Insoutenable. <a rel=\"nofollow\" href=\"https:\/\/t.co\/GILDFMsjoH\">pic.twitter.com\/GILDFMsjoH<\/a><\/p>\n<p>\u2013 OptaJoe (@OptaJoe) <a rel=\"nofollow\" href=\"https:\/\/twitter.com\/OptaJoe\/status\/2021526129249841412?ref_src=twsrc%5Etfw\">11 f\u00e9vrier 2026<\/a><\/p><\/blockquote>\n<h2>Tottenham limoge Frank apr\u00e8s la d\u00e9faite de mardi contre Newcastle<\/h2>\n<p>Des sections de supporters de Tottenham r\u00e9clamaient le retour de l&#39;ancien entra\u00eeneur-chef Mauricio Pochettino lors du choc avec Newcastle.<\/p>\n<p>Le contrat de Pochettino avec les \u00c9tats-Unis expirera apr\u00e8s la Coupe du monde 2026, et le joueur de 53 ans est ouvert \u00e0 un retour aux Spurs, apr\u00e8s avoir connu un \u00e9norme succ\u00e8s avec le club, les menant notamment \u00e0 la finale de la Ligue des champions 2019.<\/p>\n<p>L&#39;homme de 53 ans est le premier favori pour devenir le rempla\u00e7ant \u00e0 long terme de Frank, m\u00eame si tout transfert ne serait possible qu&#39;apr\u00e8s la Coupe du monde 2026.<\/p>\n<p>L&#39;ancien entra\u00eeneur-chef de Brighton &#038; Hove Albion, Roberto De Zerbi, serait \u00e9galement une option, le d\u00e9part du joueur de 46 ans de Marseille \u00e9tant d\u00e9sormais confirm\u00e9.<\/p>\n<p>On pense \u00e9galement que Manchester United surveille de pr\u00e8s De Zerbi, mais Tottenham pourrait le remplacer imm\u00e9diatement par Pochettino.<\/p>\n<p>Oliver Glasner, qui quitte Crystal Palace cet \u00e9t\u00e9, et l&#39;ancien entra\u00eeneur-chef de Barcelone, Xavi, sont \u00e9galement consid\u00e9r\u00e9s comme des candidats potentiels pour ce poste.<\/p>\n<div>\n<div>\n<div>\n<div>\n<div>\n<p>\u00a9 Imago\/Zuma Press Wire<\/p>\n<\/div>\n<\/div>\n<\/div>\n<\/div>\n<\/div>\n<h2>Qui pourrait \u00eatre le manager par int\u00e9rim de Tottenham ?<\/h2>\n<p>Selon <em>Le t\u00e9l\u00e9graphe<\/em>le directeur g\u00e9n\u00e9ral de Tottenham, Vinai Venkatesham, et le directeur sportif Johan Lange ont annonc\u00e9 la nouvelle \u00e0 Frank mercredi matin.<\/p>\n<p>Cependant, il est entendu qu&#39;une d\u00e9cision sur un entra\u00eeneur-chef par int\u00e9rim, ce qui est le sc\u00e9nario le plus probable \u00e0 ce stade de la saison, n&#39;a pas encore \u00e9t\u00e9 prise.<\/p>\n<p>L&#39;objectif principal de Tottenham sera de s&#39;\u00e9loigner de la zone de rel\u00e9gation de la Premier League, mais ils sont \u00e9galement pr\u00e9sents lors des huiti\u00e8mes de finale de la Ligue des champions.<\/p>\n<p>Les Spurs ont \u00e9t\u00e9 \u00e9limin\u00e9s au troisi\u00e8me tour de la FA Cup et ne sont donc de retour en action que lors du derby du nord de Londres contre Arsenal le 22 f\u00e9vrier.<\/p>\n<\/div>\n<p><script async src=\"https:\/\/platform.twitter.com\/widgets.js\" charset=\"utf-8\"><\/script><\/p>\n","protected":false},"excerpt":{"rendered":"<p>Tottenham Hotspur a limog\u00e9 Thomas Frank en tant qu&#39;entra\u00eeneur-chef, le club du nord de Londres craignant une bataille de rel\u00e9gation lors des derni\u00e8res \u00e9tapes de<\/p>\n","protected":false},"author":1,"featured_media":34473,"comment_status":"closed","ping_status":"","sticky":false,"template":"","format":"standard","meta":{"footnotes":""},"categories":[5],"tags":[209,11497,662,4674,1960,579,11263,243,11496,235,68],"yoast_head":"<!-- This site is optimized with the Yoast SEO plugin v21.0 - https:\/\/yoast.com\/wordpress\/plugins\/seo\/ -->\n<title>Tottenham limoge Thomas Frank : que se passe-t-il maintenant ? Qui remplacera l&#039;homme de 52 ans \u00e0 la barre ?<\/title>\n<meta name=\"robots\" content=\"index, follow, max-snippet:-1, max-image-preview:large, max-video-preview:-1\" \/>\n<link rel=\"canonical\" href=\"https:\/\/footdavant.fr\/actualites\/tottenham-limoge-thomas-frank-que-se-passe-t-il-maintenant-qui-remplacera-lhomme-de-52-ans-a-la-barre\/\" \/>\n<meta property=\"og:locale\" content=\"fr_FR\" \/>\n<meta property=\"og:type\" content=\"article\" \/>\n<meta property=\"og:title\" content=\"Tottenham limoge Thomas Frank : que se passe-t-il maintenant ? Qui remplacera l&#039;homme de 52 ans \u00e0 la barre ?\" \/>\n<meta property=\"og:description\" content=\"Tottenham Hotspur a limog\u00e9 Thomas Frank en tant qu&#039;entra\u00eeneur-chef, le club du nord de Londres craignant une bataille de rel\u00e9gation lors des derni\u00e8res \u00e9tapes de\" \/>\n<meta property=\"og:url\" content=\"https:\/\/footdavant.fr\/actualites\/tottenham-limoge-thomas-frank-que-se-passe-t-il-maintenant-qui-remplacera-lhomme-de-52-ans-a-la-barre\/\" \/>\n<meta property=\"og:site_name\" content=\"Foot d&#039;avant\" \/>\n<meta property=\"article:publisher\" content=\"https:\/\/www.facebook.com\/Footdavant\/\" \/>\n<meta property=\"article:published_time\" content=\"2026-02-14T12:48:07+00:00\" \/>\n<meta property=\"article:modified_time\" content=\"2026-02-14T12:48:08+00:00\" \/>\n<meta property=\"og:image\" content=\"https:\/\/footdavant.fr\/actualites\/wp-content\/uploads\/2026\/02\/Mauricio-Pochettino-de-retour-Trois-candidats-pour-succeder-a.net2Fuploads2F20262F012Farne-slot-mo-sal.webp\" \/>\n\t<meta property=\"og:image:width\" content=\"720\" \/>\n\t<meta property=\"og:image:height\" content=\"410\" \/>\n\t<meta property=\"og:image:type\" content=\"image\/webp\" \/>\n<meta name=\"author\" content=\"Cl\u00e9ment\" \/>\n<meta name=\"twitter:card\" content=\"summary_large_image\" \/>\n<meta name=\"twitter:creator\" content=\"@FootdavantFr\" \/>\n<meta name=\"twitter:site\" content=\"@FootdavantFr\" \/>\n<meta name=\"twitter:label1\" content=\"\u00c9crit par\" \/>\n\t<meta name=\"twitter:data1\" content=\"Cl\u00e9ment\" \/>\n\t<meta name=\"twitter:label2\" content=\"Dur\u00e9e de lecture estim\u00e9e\" \/>\n\t<meta name=\"twitter:data2\" content=\"3 minutes\" \/>\n<script type=\"application\/ld+json\" class=\"yoast-schema-graph\">{\"@context\":\"https:\/\/schema.org\",\"@graph\":[{\"@type\":\"Article\",\"@id\":\"https:\/\/footdavant.fr\/actualites\/tottenham-limoge-thomas-frank-que-se-passe-t-il-maintenant-qui-remplacera-lhomme-de-52-ans-a-la-barre\/#article\",\"isPartOf\":{\"@id\":\"https:\/\/footdavant.fr\/actualites\/tottenham-limoge-thomas-frank-que-se-passe-t-il-maintenant-qui-remplacera-lhomme-de-52-ans-a-la-barre\/\"},\"author\":{\"name\":\"Cl\u00e9ment\",\"@id\":\"https:\/\/footdavant.fr\/actualites\/#\/schema\/person\/bc222566d95871b37e597b3ed3ba5e1d\"},\"headline\":\"Tottenham limoge Thomas Frank : que se passe-t-il maintenant ? Qui remplacera l&#39;homme de 52 ans \u00e0 la barre ?\",\"datePublished\":\"2026-02-14T12:48:07+00:00\",\"dateModified\":\"2026-02-14T12:48:08+00:00\",\"mainEntityOfPage\":{\"@id\":\"https:\/\/footdavant.fr\/actualites\/tottenham-limoge-thomas-frank-que-se-passe-t-il-maintenant-qui-remplacera-lhomme-de-52-ans-a-la-barre\/\"},\"wordCount\":709,\"publisher\":{\"@id\":\"https:\/\/footdavant.fr\/actualites\/#organization\"},\"keywords\":[\"ans\",\"barre\",\"Frank\",\"L39homme\",\"limoge\",\"maintenant\",\"passetil\",\"qui\",\"remplacera\",\"Thomas\",\"Tottenham\"],\"articleSection\":[\"Premier League\"],\"inLanguage\":\"fr-FR\"},{\"@type\":\"WebPage\",\"@id\":\"https:\/\/footdavant.fr\/actualites\/tottenham-limoge-thomas-frank-que-se-passe-t-il-maintenant-qui-remplacera-lhomme-de-52-ans-a-la-barre\/\",\"url\":\"https:\/\/footdavant.fr\/actualites\/tottenham-limoge-thomas-frank-que-se-passe-t-il-maintenant-qui-remplacera-lhomme-de-52-ans-a-la-barre\/\",\"name\":\"Tottenham limoge Thomas Frank : que se passe-t-il maintenant ? Qui remplacera l&#39;homme de 52 ans \u00e0 la barre ?\",\"isPartOf\":{\"@id\":\"https:\/\/footdavant.fr\/actualites\/#website\"},\"datePublished\":\"2026-02-14T12:48:07+00:00\",\"dateModified\":\"2026-02-14T12:48:08+00:00\",\"breadcrumb\":{\"@id\":\"https:\/\/footdavant.fr\/actualites\/tottenham-limoge-thomas-frank-que-se-passe-t-il-maintenant-qui-remplacera-lhomme-de-52-ans-a-la-barre\/#breadcrumb\"},\"inLanguage\":\"fr-FR\",\"potentialAction\":[{\"@type\":\"ReadAction\",\"target\":[\"https:\/\/footdavant.fr\/actualites\/tottenham-limoge-thomas-frank-que-se-passe-t-il-maintenant-qui-remplacera-lhomme-de-52-ans-a-la-barre\/\"]}]},{\"@type\":\"BreadcrumbList\",\"@id\":\"https:\/\/footdavant.fr\/actualites\/tottenham-limoge-thomas-frank-que-se-passe-t-il-maintenant-qui-remplacera-lhomme-de-52-ans-a-la-barre\/#breadcrumb\",\"itemListElement\":[{\"@type\":\"ListItem\",\"position\":1,\"name\":\"Accueil\",\"item\":\"https:\/\/footdavant.fr\/actualites\/\"},{\"@type\":\"ListItem\",\"position\":2,\"name\":\"Tottenham limoge Thomas Frank : que se passe-t-il maintenant ? Qui remplacera l&#39;homme de 52 ans \u00e0 la barre ?\"}]},{\"@type\":\"WebSite\",\"@id\":\"https:\/\/footdavant.fr\/actualites\/#website\",\"url\":\"https:\/\/footdavant.fr\/actualites\/\",\"name\":\"Foot d'avant\",\"description\":\"\",\"publisher\":{\"@id\":\"https:\/\/footdavant.fr\/actualites\/#organization\"},\"potentialAction\":[{\"@type\":\"SearchAction\",\"target\":{\"@type\":\"EntryPoint\",\"urlTemplate\":\"https:\/\/footdavant.fr\/actualites\/?s={search_term_string}\"},\"query-input\":\"required name=search_term_string\"}],\"inLanguage\":\"fr-FR\"},{\"@type\":\"Organization\",\"@id\":\"https:\/\/footdavant.fr\/actualites\/#organization\",\"name\":\"Foot d'avant\",\"url\":\"https:\/\/footdavant.fr\/actualites\/\",\"logo\":{\"@type\":\"ImageObject\",\"inLanguage\":\"fr-FR\",\"@id\":\"https:\/\/footdavant.fr\/actualites\/#\/schema\/logo\/image\/\",\"url\":\"https:\/\/footdavant.fr\/actualites\/wp-content\/uploads\/2023\/09\/Copy-of-FootDavant-Logo.png\",\"contentUrl\":\"https:\/\/footdavant.fr\/actualites\/wp-content\/uploads\/2023\/09\/Copy-of-FootDavant-Logo.png\",\"width\":936,\"height\":549,\"caption\":\"Foot d'avant\"},\"image\":{\"@id\":\"https:\/\/footdavant.fr\/actualites\/#\/schema\/logo\/image\/\"},\"sameAs\":[\"https:\/\/www.facebook.com\/Footdavant\/\",\"https:\/\/twitter.com\/FootdavantFr\",\"https:\/\/www.instagram.com\/footdavant.fr\/\"]},{\"@type\":\"Person\",\"@id\":\"https:\/\/footdavant.fr\/actualites\/#\/schema\/person\/bc222566d95871b37e597b3ed3ba5e1d\",\"name\":\"Cl\u00e9ment\",\"image\":{\"@type\":\"ImageObject\",\"inLanguage\":\"fr-FR\",\"@id\":\"https:\/\/footdavant.fr\/actualites\/#\/schema\/person\/image\/\",\"url\":\"https:\/\/secure.gravatar.com\/avatar\/7728b29aac2719421e1a9159b2254c44?s=96&d=mm&r=g\",\"contentUrl\":\"https:\/\/secure.gravatar.com\/avatar\/7728b29aac2719421e1a9159b2254c44?s=96&d=mm&r=g\",\"caption\":\"Cl\u00e9ment\"},\"sameAs\":[\"https:\/\/footdavant.fr\/\"]}]}<\/script>\n<!-- \/ Yoast SEO plugin. -->","yoast_head_json":{"title":"Tottenham limoge Thomas Frank : que se passe-t-il maintenant ? Qui remplacera l&#39;homme de 52 ans \u00e0 la barre ?","robots":{"index":"index","follow":"follow","max-snippet":"max-snippet:-1","max-image-preview":"max-image-preview:large","max-video-preview":"max-video-preview:-1"},"canonical":"https:\/\/footdavant.fr\/actualites\/tottenham-limoge-thomas-frank-que-se-passe-t-il-maintenant-qui-remplacera-lhomme-de-52-ans-a-la-barre\/","og_locale":"fr_FR","og_type":"article","og_title":"Tottenham limoge Thomas Frank : que se passe-t-il maintenant ? Qui remplacera l&#39;homme de 52 ans \u00e0 la barre ?","og_description":"Tottenham Hotspur a limog\u00e9 Thomas Frank en tant qu&#39;entra\u00eeneur-chef, le club du nord de Londres craignant une bataille de rel\u00e9gation lors des derni\u00e8res \u00e9tapes de","og_url":"https:\/\/footdavant.fr\/actualites\/tottenham-limoge-thomas-frank-que-se-passe-t-il-maintenant-qui-remplacera-lhomme-de-52-ans-a-la-barre\/","og_site_name":"Foot d&#039;avant","article_publisher":"https:\/\/www.facebook.com\/Footdavant\/","article_published_time":"2026-02-14T12:48:07+00:00","article_modified_time":"2026-02-14T12:48:08+00:00","og_image":[{"width":720,"height":410,"url":"https:\/\/footdavant.fr\/actualites\/wp-content\/uploads\/2026\/02\/Mauricio-Pochettino-de-retour-Trois-candidats-pour-succeder-a.net2Fuploads2F20262F012Farne-slot-mo-sal.webp","type":"image\/webp"}],"author":"Cl\u00e9ment","twitter_card":"summary_large_image","twitter_creator":"@FootdavantFr","twitter_site":"@FootdavantFr","twitter_misc":{"\u00c9crit par":"Cl\u00e9ment","Dur\u00e9e de lecture estim\u00e9e":"3 minutes"},"schema":{"@context":"https:\/\/schema.org","@graph":[{"@type":"Article","@id":"https:\/\/footdavant.fr\/actualites\/tottenham-limoge-thomas-frank-que-se-passe-t-il-maintenant-qui-remplacera-lhomme-de-52-ans-a-la-barre\/#article","isPartOf":{"@id":"https:\/\/footdavant.fr\/actualites\/tottenham-limoge-thomas-frank-que-se-passe-t-il-maintenant-qui-remplacera-lhomme-de-52-ans-a-la-barre\/"},"author":{"name":"Cl\u00e9ment","@id":"https:\/\/footdavant.fr\/actualites\/#\/schema\/person\/bc222566d95871b37e597b3ed3ba5e1d"},"headline":"Tottenham limoge Thomas Frank : que se passe-t-il maintenant ? Qui remplacera l&#39;homme de 52 ans \u00e0 la barre ?","datePublished":"2026-02-14T12:48:07+00:00","dateModified":"2026-02-14T12:48:08+00:00","mainEntityOfPage":{"@id":"https:\/\/footdavant.fr\/actualites\/tottenham-limoge-thomas-frank-que-se-passe-t-il-maintenant-qui-remplacera-lhomme-de-52-ans-a-la-barre\/"},"wordCount":709,"publisher":{"@id":"https:\/\/footdavant.fr\/actualites\/#organization"},"keywords":["ans","barre","Frank","L39homme","limoge","maintenant","passetil","qui","remplacera","Thomas","Tottenham"],"articleSection":["Premier League"],"inLanguage":"fr-FR"},{"@type":"WebPage","@id":"https:\/\/footdavant.fr\/actualites\/tottenham-limoge-thomas-frank-que-se-passe-t-il-maintenant-qui-remplacera-lhomme-de-52-ans-a-la-barre\/","url":"https:\/\/footdavant.fr\/actualites\/tottenham-limoge-thomas-frank-que-se-passe-t-il-maintenant-qui-remplacera-lhomme-de-52-ans-a-la-barre\/","name":"Tottenham limoge Thomas Frank : que se passe-t-il maintenant ? Qui remplacera l&#39;homme de 52 ans \u00e0 la barre ?","isPartOf":{"@id":"https:\/\/footdavant.fr\/actualites\/#website"},"datePublished":"2026-02-14T12:48:07+00:00","dateModified":"2026-02-14T12:48:08+00:00","breadcrumb":{"@id":"https:\/\/footdavant.fr\/actualites\/tottenham-limoge-thomas-frank-que-se-passe-t-il-maintenant-qui-remplacera-lhomme-de-52-ans-a-la-barre\/#breadcrumb"},"inLanguage":"fr-FR","potentialAction":[{"@type":"ReadAction","target":["https:\/\/footdavant.fr\/actualites\/tottenham-limoge-thomas-frank-que-se-passe-t-il-maintenant-qui-remplacera-lhomme-de-52-ans-a-la-barre\/"]}]},{"@type":"BreadcrumbList","@id":"https:\/\/footdavant.fr\/actualites\/tottenham-limoge-thomas-frank-que-se-passe-t-il-maintenant-qui-remplacera-lhomme-de-52-ans-a-la-barre\/#breadcrumb","itemListElement":[{"@type":"ListItem","position":1,"name":"Accueil","item":"https:\/\/footdavant.fr\/actualites\/"},{"@type":"ListItem","position":2,"name":"Tottenham limoge Thomas Frank : que se passe-t-il maintenant ? Qui remplacera l&#39;homme de 52 ans \u00e0 la barre ?"}]},{"@type":"WebSite","@id":"https:\/\/footdavant.fr\/actualites\/#website","url":"https:\/\/footdavant.fr\/actualites\/","name":"Foot d'avant","description":"","publisher":{"@id":"https:\/\/footdavant.fr\/actualites\/#organization"},"potentialAction":[{"@type":"SearchAction","target":{"@type":"EntryPoint","urlTemplate":"https:\/\/footdavant.fr\/actualites\/?s={search_term_string}"},"query-input":"required name=search_term_string"}],"inLanguage":"fr-FR"},{"@type":"Organization","@id":"https:\/\/footdavant.fr\/actualites\/#organization","name":"Foot d'avant","url":"https:\/\/footdavant.fr\/actualites\/","logo":{"@type":"ImageObject","inLanguage":"fr-FR","@id":"https:\/\/footdavant.fr\/actualites\/#\/schema\/logo\/image\/","url":"https:\/\/footdavant.fr\/actualites\/wp-content\/uploads\/2023\/09\/Copy-of-FootDavant-Logo.png","contentUrl":"https:\/\/footdavant.fr\/actualites\/wp-content\/uploads\/2023\/09\/Copy-of-FootDavant-Logo.png","width":936,"height":549,"caption":"Foot d'avant"},"image":{"@id":"https:\/\/footdavant.fr\/actualites\/#\/schema\/logo\/image\/"},"sameAs":["https:\/\/www.facebook.com\/Footdavant\/","https:\/\/twitter.com\/FootdavantFr","https:\/\/www.instagram.com\/footdavant.fr\/"]},{"@type":"Person","@id":"https:\/\/footdavant.fr\/actualites\/#\/schema\/person\/bc222566d95871b37e597b3ed3ba5e1d","name":"Cl\u00e9ment","image":{"@type":"ImageObject","inLanguage":"fr-FR","@id":"https:\/\/footdavant.fr\/actualites\/#\/schema\/person\/image\/","url":"https:\/\/secure.gravatar.com\/avatar\/7728b29aac2719421e1a9159b2254c44?s=96&d=mm&r=g","contentUrl":"https:\/\/secure.gravatar.com\/avatar\/7728b29aac2719421e1a9159b2254c44?s=96&d=mm&r=g","caption":"Cl\u00e9ment"},"sameAs":["https:\/\/footdavant.fr\/"]}]}},"_links":{"self":[{"href":"https:\/\/footdavant.fr\/actualites\/wp-json\/wp\/v2\/posts\/34478"}],"collection":[{"href":"https:\/\/footdavant.fr\/actualites\/wp-json\/wp\/v2\/posts"}],"about":[{"href":"https:\/\/footdavant.fr\/actualites\/wp-json\/wp\/v2\/types\/post"}],"author":[{"embeddable":true,"href":"https:\/\/footdavant.fr\/actualites\/wp-json\/wp\/v2\/users\/1"}],"replies":[{"embeddable":true,"href":"https:\/\/footdavant.fr\/actualites\/wp-json\/wp\/v2\/comments?post=34478"}],"version-history":[{"count":1,"href":"https:\/\/footdavant.fr\/actualites\/wp-json\/wp\/v2\/posts\/34478\/revisions"}],"predecessor-version":[{"id":34479,"href":"https:\/\/footdavant.fr\/actualites\/wp-json\/wp\/v2\/posts\/34478\/revisions\/34479"}],"wp:featuredmedia":[{"embeddable":true,"href":"https:\/\/footdavant.fr\/actualites\/wp-json\/wp\/v2\/media\/34473"}],"wp:attachment":[{"href":"https:\/\/footdavant.fr\/actualites\/wp-json\/wp\/v2\/media?parent=34478"}],"wp:term":[{"taxonomy":"category","embeddable":true,"href":"https:\/\/footdavant.fr\/actualites\/wp-json\/wp\/v2\/categories?post=34478"},{"taxonomy":"post_tag","embeddable":true,"href":"https:\/\/footdavant.fr\/actualites\/wp-json\/wp\/v2\/tags?post=34478"}],"curies":[{"name":"wp","href":"https:\/\/api.w.org\/{rel}","templated":true}]}}