{"id":34480,"date":"2026-02-14T15:48:32","date_gmt":"2026-02-14T14:48:32","guid":{"rendered":"https:\/\/footdavant.fr\/actualites\/marc-skinner-le-patron-de-united-donne-des-reflexions-honnetes-sur-melvine-malard\/"},"modified":"2026-02-14T15:48:33","modified_gmt":"2026-02-14T14:48:33","slug":"marc-skinner-le-patron-de-united-donne-des-reflexions-honnetes-sur-melvine-malard","status":"publish","type":"post","link":"https:\/\/footdavant.fr\/actualites\/marc-skinner-le-patron-de-united-donne-des-reflexions-honnetes-sur-melvine-malard\/","title":{"rendered":"Marc Skinner: le patron de United donne des r\u00e9flexions honn\u00eates sur Melvine Malard &#8211;"},"content":{"rendered":"<div id=\"penci-post-entry-inner\">\n<p>\t\t\t<i class=\"penci-post-countview-number-check\" style=\"display:none\">1<\/i><\/p>\n<p>Manchester United Women a remport\u00e9 une impressionnante victoire 3-0 contre l&#39;Atletico Madrid jeudi soir en Ligue des champions.<\/p>\n<p>Elles doivent maintenant se concentrer pleinement sur leur prochain match contre les London City Lionesses dimanche alors qu&#39;elles visent \u00e0 conserver la deuxi\u00e8me place du classement de la Super League f\u00e9minine.<\/p>\n<p>S&#39;exprimant lors de la conf\u00e9rence de presse d&#39;avant-match, l&#39;entra\u00eeneur-chef de Manchester United, Marc Skinner, a \u00e9t\u00e9 interrog\u00e9 jeudi sur le r\u00e9sultat et \u00e9tait clairement ravi de la performance de son \u00e9quipe ce soir-l\u00e0.<\/p>\n<h3>R\u00e9sultat contre l&#39;Atl\u00e9tico<\/h3>\n<p>Commentant le match, il a d\u00e9clar\u00e9 : \u00ab\u00a0Honn\u00eatement, vraiment heureux. Le terrain \u00e9tait tr\u00e8s difficile \u00e0 planifier, pour les deux \u00e9quipes. Je pense qu&#39;ils ont pu s&#39;entra\u00eener dessus, ce qui leur a donn\u00e9 un petit avantage. Mais j&#39;ai senti que nous \u00e9tions impitoyables quand nous devions l&#39;\u00eatre, \u00e0 la fois en attaque et en d\u00e9fense, presque un mill\u00e9sime, vraiment.\u00a0\u00bb<\/p>\n<p>Il a expliqu\u00e9 que parfois il n&#39;est pas n\u00e9cessaire de jouer le plus beau football, mais que les buts \u00e9taient d&#39;une qualit\u00e9 \u00ab incroyable \u00bb.<\/p>\n<h3>Anne Sandberg<\/h3>\n<p>Le point n\u00e9gatif du match de la semaine a \u00e9t\u00e9 qu&#39;Anna Sandberg a \u00e9t\u00e9 forc\u00e9e de se blesser au d\u00e9but de la seconde p\u00e9riode.<\/p>\n<p>Commentant sa disponibilit\u00e9 pour le week-end, il a d\u00e9clar\u00e9 : \u00ab\u00a0Anna manquera le match ce week-end. Frido (Rolfo) sera \u00e9galement absent. Tooney (Ella) et Leah (Galton) restent indisponibles. Tout le monde devrait \u00eatre en forme et disponible. Anna va bien &#8211; nous l&#39;\u00e9valuerons au cours des prochains jours et ferons le point sur le match contre l&#39;Atletico la semaine prochaine. Mais elle manquera ce week-end. \u00ab\u00a0<\/p>\n<h3>Julia Olm\u00e9<\/h3>\n<p>La signature estivale a \u00e9t\u00e9 dans une forme fantastique et a marqu\u00e9 quatre buts cette ann\u00e9e civile.<\/p>\n<p>On a demand\u00e9 \u00e0 Skinner s&#39;il pensait que le joueur \u00e9tait sous-estim\u00e9 par les autres. Il a r\u00e9pondu : \u00ab\u00a0Si les gens ext\u00e9rieurs la sous-estiment, je ne le fais certainement pas. Elle est l&#39;un de ces cerveaux sur le terrain auxquels vous vous adressez en tant qu&#39;entra\u00eeneur. Si vous avez besoin d&#39;un peu plus d&#39;impulsion, elle r\u00e9fl\u00e9chit \u00e0 l&#39;avance.\u00a0\u00bb<\/p>\n<p>Il a \u00e9galement affirm\u00e9 que London City s&#39;\u00e9tait am\u00e9lior\u00e9 sous la direction de son nouvel entra\u00eeneur, Eder Maestre, et que ses id\u00e9es \u00e9taient progressivement mises en \u0153uvre dans l&#39;\u00e9quipe.<\/p>\n<h3>Mises \u00e0 jour sur les blessures<\/h3>\n<p>En r\u00e9fl\u00e9chissant \u00e0 la forme physique de son \u00e9quipe, il a affirm\u00e9 : \u00ab\u00a0Fredo (Rolfo), nous esp\u00e9rons qu&#39;il sera disponible pour le match contre l&#39;Atletico la semaine prochaine. Il n&#39;y a toujours pas de nouvelles sur Leah (Galton). Ella Toone est sur la bonne voie &#8211; nous esp\u00e9rons qu&#39;elle sera de retour dans le groupe vers la fin mars. Puis cela s&#39;acc\u00e9l\u00e8re une fois de retour sur le terrain. S&#39;il n&#39;y a pas d&#39;autres revers &#8211; et jusqu&#39;\u00e0 pr\u00e9sent, le processus de gu\u00e9rison a \u00e9t\u00e9 bon &#8211; nous devrions la voir vers la fin de Mars. \u00bb<\/p>\n<p>Il a \u00e9galement confirm\u00e9 que la finale de la Coupe de la Ligue contre Chelsea le mois prochain arriverait probablement trop t\u00f4t.<\/p>\n<h3>Caract\u00e8re impitoyable<\/h3>\n<p>Lorsqu&#39;on lui a demand\u00e9 comment son \u00e9quipe s&#39;\u00e9tait am\u00e9lior\u00e9e cette ann\u00e9e, il a expliqu\u00e9 : \u00ab\u00a0Je pense que c&#39;est la maturit\u00e9. Mon \u00e9quipe a une id\u00e9ologie qui consiste \u00e0 jouer un football attrayant et \u00e0 d\u00e9velopper la possession. Mais c&#39;est la fa\u00e7on dont nous m\u00e9langeons le jeu qui emp\u00eache les adversaires de savoir ce que nous allons faire.\u00a0\u00bb<\/p>\n<p>En repensant \u00e0 la victoire en Espagne jeudi, il a d\u00e9clar\u00e9 : \u00ab\u00a0Les buts de l&#39;autre jour ont \u00e9t\u00e9 impitoyables. Dans la balance du jeu, on pourrait dire que nous \u00e9tions la meilleure \u00e9quipe, mais dans les loges, nous \u00e9tions d\u00e9finitivement la meilleure \u00e9quipe. Je pr\u00e9f\u00e8re \u00eatre cette \u00e9quipe plut\u00f4t que celle qui joue un beau football jusqu&#39;aux loges mais ne marque rien et encaisse\u00a0\u00bb.<\/p>\n<h3>Melvine Malard<\/h3>\n<p>La Fran\u00e7aise \u00e9tait dans une forme exceptionnelle jeudi, inscrivant un superbe but et d\u00e9livrant deux nouvelles passes d\u00e9cisives.<\/p>\n<p>Interrog\u00e9 sur son impact sur l&#39;\u00e9quipe, il a d\u00e9clar\u00e9: \u00ab\u00a0J&#39;adore Mal dans notre environnement. Elle est une telle boule d&#39;\u00e9nergie. Quand vous voyez Mal, vous savez qu&#39;elle a la personnalit\u00e9 pour jouer pour Manchester United. Les pressions sont toujours l\u00e0, mais elle apporte cette \u00e9nergie effervescente. Elle est joueuse, elle cr\u00e9e des liens pour les autres, et les d\u00e9tails de sa passe \u00e0 Ziggy pour le but \u00e9taient parfaits. Cela montre qu&#39;elle est dans un espace fluide, n&#39;essayant pas de forcer la performance. Si nous pouvons la garder dans cet espace espace, elle sera fantastique pour nous.<\/p>\n<h3>Sur la ville de Londres<\/h3>\n<p>Enfin, il a affirm\u00e9 que United devait se concentrer contre London City car son objectif \u00e9tait de participer \u00e0 toutes les comp\u00e9titions au plus haut niveau.<\/p>\n<p>Il a expliqu\u00e9 : \u00ab\u00a0Nous devons \u00eatre tr\u00e8s concentr\u00e9s sur la possession. Leigh Sports Village est large et grand, donc m\u00eame pour bloquer, ils doivent trouver leurs distances &#8211; sinon nous pouvons les ouvrir. Il y a des zones que nous savons que nous pouvons exploiter, mais nous devons \u00eatre enti\u00e8rement concentr\u00e9s sur la destruction rapide des contre-attaques. Ce sera la cl\u00e9 du match.\u00a0\u00bb<\/p>\n<hr\/>\n<p>The Peoples Person est l&#39;un des principaux sites d&#39;information de Man United au monde depuis plus d&#39;une d\u00e9cennie. Suivez-nous sur Bluesky\u00a0: @peoplesperson.bsky.social<\/p>\n<p><!-- CONTENT END 2 --><\/p><\/div>\n","protected":false},"excerpt":{"rendered":"<p>1 Manchester United Women a remport\u00e9 une impressionnante victoire 3-0 contre l&#39;Atletico Madrid jeudi soir en Ligue des champions. Elles doivent maintenant se concentrer pleinement<\/p>\n","protected":false},"author":1,"featured_media":34481,"comment_status":"closed","ping_status":"","sticky":false,"template":"","format":"standard","meta":{"footnotes":""},"categories":[3],"tags":[12,672,7050,11499,1678,11498,231,4048,2195,103,13],"yoast_head":"<!-- This site is optimized with the Yoast SEO plugin v21.0 - https:\/\/yoast.com\/wordpress\/plugins\/seo\/ -->\n<title>Marc Skinner: le patron de United donne des r\u00e9flexions honn\u00eates sur Melvine Malard -<\/title>\n<meta name=\"robots\" content=\"index, follow, max-snippet:-1, max-image-preview:large, max-video-preview:-1\" \/>\n<link rel=\"canonical\" href=\"https:\/\/footdavant.fr\/actualites\/marc-skinner-le-patron-de-united-donne-des-reflexions-honnetes-sur-melvine-malard\/\" \/>\n<meta property=\"og:locale\" content=\"fr_FR\" \/>\n<meta property=\"og:type\" content=\"article\" \/>\n<meta property=\"og:title\" content=\"Marc Skinner: le patron de United donne des r\u00e9flexions honn\u00eates sur Melvine Malard -\" \/>\n<meta property=\"og:description\" content=\"1 Manchester United Women a remport\u00e9 une impressionnante victoire 3-0 contre l&#039;Atletico Madrid jeudi soir en Ligue des champions. Elles doivent maintenant se concentrer pleinement\" \/>\n<meta property=\"og:url\" content=\"https:\/\/footdavant.fr\/actualites\/marc-skinner-le-patron-de-united-donne-des-reflexions-honnetes-sur-melvine-malard\/\" \/>\n<meta property=\"og:site_name\" content=\"Foot d&#039;avant\" \/>\n<meta property=\"article:publisher\" content=\"https:\/\/www.facebook.com\/Footdavant\/\" \/>\n<meta property=\"article:published_time\" content=\"2026-02-14T14:48:32+00:00\" \/>\n<meta property=\"article:modified_time\" content=\"2026-02-14T14:48:33+00:00\" \/>\n<meta property=\"og:image\" content=\"https:\/\/footdavant.fr\/actualites\/wp-content\/uploads\/2026\/02\/Marc-Skinner-le-patron-de-United-donne-des-reflexions-honnetes.jpg\" \/>\n\t<meta property=\"og:image:width\" content=\"1600\" \/>\n\t<meta property=\"og:image:height\" content=\"704\" \/>\n\t<meta property=\"og:image:type\" content=\"image\/jpeg\" \/>\n<meta name=\"author\" content=\"Cl\u00e9ment\" \/>\n<meta name=\"twitter:card\" content=\"summary_large_image\" \/>\n<meta name=\"twitter:creator\" content=\"@FootdavantFr\" \/>\n<meta name=\"twitter:site\" content=\"@FootdavantFr\" \/>\n<meta name=\"twitter:label1\" content=\"\u00c9crit par\" \/>\n\t<meta name=\"twitter:data1\" content=\"Cl\u00e9ment\" \/>\n\t<meta name=\"twitter:label2\" content=\"Dur\u00e9e de lecture estim\u00e9e\" \/>\n\t<meta name=\"twitter:data2\" content=\"5 minutes\" \/>\n<script type=\"application\/ld+json\" class=\"yoast-schema-graph\">{\"@context\":\"https:\/\/schema.org\",\"@graph\":[{\"@type\":\"Article\",\"@id\":\"https:\/\/footdavant.fr\/actualites\/marc-skinner-le-patron-de-united-donne-des-reflexions-honnetes-sur-melvine-malard\/#article\",\"isPartOf\":{\"@id\":\"https:\/\/footdavant.fr\/actualites\/marc-skinner-le-patron-de-united-donne-des-reflexions-honnetes-sur-melvine-malard\/\"},\"author\":{\"name\":\"Cl\u00e9ment\",\"@id\":\"https:\/\/footdavant.fr\/actualites\/#\/schema\/person\/bc222566d95871b37e597b3ed3ba5e1d\"},\"headline\":\"Marc Skinner: le patron de United donne des r\u00e9flexions honn\u00eates sur Melvine Malard &#8211;\",\"datePublished\":\"2026-02-14T14:48:32+00:00\",\"dateModified\":\"2026-02-14T14:48:33+00:00\",\"mainEntityOfPage\":{\"@id\":\"https:\/\/footdavant.fr\/actualites\/marc-skinner-le-patron-de-united-donne-des-reflexions-honnetes-sur-melvine-malard\/\"},\"wordCount\":957,\"publisher\":{\"@id\":\"https:\/\/footdavant.fr\/actualites\/#organization\"},\"keywords\":[\"des\",\"donne\",\"honn\u00eates\",\"Malard\",\"Marc\",\"Melvine\",\"patron\",\"r\u00e9flexions\",\"Skinner\",\"sur\",\"United\"],\"articleSection\":[\"Football\"],\"inLanguage\":\"fr-FR\"},{\"@type\":\"WebPage\",\"@id\":\"https:\/\/footdavant.fr\/actualites\/marc-skinner-le-patron-de-united-donne-des-reflexions-honnetes-sur-melvine-malard\/\",\"url\":\"https:\/\/footdavant.fr\/actualites\/marc-skinner-le-patron-de-united-donne-des-reflexions-honnetes-sur-melvine-malard\/\",\"name\":\"Marc Skinner: le patron de United donne des r\u00e9flexions honn\u00eates sur Melvine Malard -\",\"isPartOf\":{\"@id\":\"https:\/\/footdavant.fr\/actualites\/#website\"},\"datePublished\":\"2026-02-14T14:48:32+00:00\",\"dateModified\":\"2026-02-14T14:48:33+00:00\",\"breadcrumb\":{\"@id\":\"https:\/\/footdavant.fr\/actualites\/marc-skinner-le-patron-de-united-donne-des-reflexions-honnetes-sur-melvine-malard\/#breadcrumb\"},\"inLanguage\":\"fr-FR\",\"potentialAction\":[{\"@type\":\"ReadAction\",\"target\":[\"https:\/\/footdavant.fr\/actualites\/marc-skinner-le-patron-de-united-donne-des-reflexions-honnetes-sur-melvine-malard\/\"]}]},{\"@type\":\"BreadcrumbList\",\"@id\":\"https:\/\/footdavant.fr\/actualites\/marc-skinner-le-patron-de-united-donne-des-reflexions-honnetes-sur-melvine-malard\/#breadcrumb\",\"itemListElement\":[{\"@type\":\"ListItem\",\"position\":1,\"name\":\"Accueil\",\"item\":\"https:\/\/footdavant.fr\/actualites\/\"},{\"@type\":\"ListItem\",\"position\":2,\"name\":\"Marc Skinner: le patron de United donne des r\u00e9flexions honn\u00eates sur Melvine Malard &#8211;\"}]},{\"@type\":\"WebSite\",\"@id\":\"https:\/\/footdavant.fr\/actualites\/#website\",\"url\":\"https:\/\/footdavant.fr\/actualites\/\",\"name\":\"Foot d'avant\",\"description\":\"\",\"publisher\":{\"@id\":\"https:\/\/footdavant.fr\/actualites\/#organization\"},\"potentialAction\":[{\"@type\":\"SearchAction\",\"target\":{\"@type\":\"EntryPoint\",\"urlTemplate\":\"https:\/\/footdavant.fr\/actualites\/?s={search_term_string}\"},\"query-input\":\"required name=search_term_string\"}],\"inLanguage\":\"fr-FR\"},{\"@type\":\"Organization\",\"@id\":\"https:\/\/footdavant.fr\/actualites\/#organization\",\"name\":\"Foot d'avant\",\"url\":\"https:\/\/footdavant.fr\/actualites\/\",\"logo\":{\"@type\":\"ImageObject\",\"inLanguage\":\"fr-FR\",\"@id\":\"https:\/\/footdavant.fr\/actualites\/#\/schema\/logo\/image\/\",\"url\":\"https:\/\/footdavant.fr\/actualites\/wp-content\/uploads\/2023\/09\/Copy-of-FootDavant-Logo.png\",\"contentUrl\":\"https:\/\/footdavant.fr\/actualites\/wp-content\/uploads\/2023\/09\/Copy-of-FootDavant-Logo.png\",\"width\":936,\"height\":549,\"caption\":\"Foot d'avant\"},\"image\":{\"@id\":\"https:\/\/footdavant.fr\/actualites\/#\/schema\/logo\/image\/\"},\"sameAs\":[\"https:\/\/www.facebook.com\/Footdavant\/\",\"https:\/\/twitter.com\/FootdavantFr\",\"https:\/\/www.instagram.com\/footdavant.fr\/\"]},{\"@type\":\"Person\",\"@id\":\"https:\/\/footdavant.fr\/actualites\/#\/schema\/person\/bc222566d95871b37e597b3ed3ba5e1d\",\"name\":\"Cl\u00e9ment\",\"image\":{\"@type\":\"ImageObject\",\"inLanguage\":\"fr-FR\",\"@id\":\"https:\/\/footdavant.fr\/actualites\/#\/schema\/person\/image\/\",\"url\":\"https:\/\/secure.gravatar.com\/avatar\/7728b29aac2719421e1a9159b2254c44?s=96&d=mm&r=g\",\"contentUrl\":\"https:\/\/secure.gravatar.com\/avatar\/7728b29aac2719421e1a9159b2254c44?s=96&d=mm&r=g\",\"caption\":\"Cl\u00e9ment\"},\"sameAs\":[\"https:\/\/footdavant.fr\/\"]}]}<\/script>\n<!-- \/ Yoast SEO plugin. -->","yoast_head_json":{"title":"Marc Skinner: le patron de United donne des r\u00e9flexions honn\u00eates sur Melvine Malard -","robots":{"index":"index","follow":"follow","max-snippet":"max-snippet:-1","max-image-preview":"max-image-preview:large","max-video-preview":"max-video-preview:-1"},"canonical":"https:\/\/footdavant.fr\/actualites\/marc-skinner-le-patron-de-united-donne-des-reflexions-honnetes-sur-melvine-malard\/","og_locale":"fr_FR","og_type":"article","og_title":"Marc Skinner: le patron de United donne des r\u00e9flexions honn\u00eates sur Melvine Malard -","og_description":"1 Manchester United Women a remport\u00e9 une impressionnante victoire 3-0 contre l&#39;Atletico Madrid jeudi soir en Ligue des champions. Elles doivent maintenant se concentrer pleinement","og_url":"https:\/\/footdavant.fr\/actualites\/marc-skinner-le-patron-de-united-donne-des-reflexions-honnetes-sur-melvine-malard\/","og_site_name":"Foot d&#039;avant","article_publisher":"https:\/\/www.facebook.com\/Footdavant\/","article_published_time":"2026-02-14T14:48:32+00:00","article_modified_time":"2026-02-14T14:48:33+00:00","og_image":[{"width":1600,"height":704,"url":"https:\/\/footdavant.fr\/actualites\/wp-content\/uploads\/2026\/02\/Marc-Skinner-le-patron-de-United-donne-des-reflexions-honnetes.jpg","type":"image\/jpeg"}],"author":"Cl\u00e9ment","twitter_card":"summary_large_image","twitter_creator":"@FootdavantFr","twitter_site":"@FootdavantFr","twitter_misc":{"\u00c9crit par":"Cl\u00e9ment","Dur\u00e9e de lecture estim\u00e9e":"5 minutes"},"schema":{"@context":"https:\/\/schema.org","@graph":[{"@type":"Article","@id":"https:\/\/footdavant.fr\/actualites\/marc-skinner-le-patron-de-united-donne-des-reflexions-honnetes-sur-melvine-malard\/#article","isPartOf":{"@id":"https:\/\/footdavant.fr\/actualites\/marc-skinner-le-patron-de-united-donne-des-reflexions-honnetes-sur-melvine-malard\/"},"author":{"name":"Cl\u00e9ment","@id":"https:\/\/footdavant.fr\/actualites\/#\/schema\/person\/bc222566d95871b37e597b3ed3ba5e1d"},"headline":"Marc Skinner: le patron de United donne des r\u00e9flexions honn\u00eates sur Melvine Malard &#8211;","datePublished":"2026-02-14T14:48:32+00:00","dateModified":"2026-02-14T14:48:33+00:00","mainEntityOfPage":{"@id":"https:\/\/footdavant.fr\/actualites\/marc-skinner-le-patron-de-united-donne-des-reflexions-honnetes-sur-melvine-malard\/"},"wordCount":957,"publisher":{"@id":"https:\/\/footdavant.fr\/actualites\/#organization"},"keywords":["des","donne","honn\u00eates","Malard","Marc","Melvine","patron","r\u00e9flexions","Skinner","sur","United"],"articleSection":["Football"],"inLanguage":"fr-FR"},{"@type":"WebPage","@id":"https:\/\/footdavant.fr\/actualites\/marc-skinner-le-patron-de-united-donne-des-reflexions-honnetes-sur-melvine-malard\/","url":"https:\/\/footdavant.fr\/actualites\/marc-skinner-le-patron-de-united-donne-des-reflexions-honnetes-sur-melvine-malard\/","name":"Marc Skinner: le patron de United donne des r\u00e9flexions honn\u00eates sur Melvine Malard -","isPartOf":{"@id":"https:\/\/footdavant.fr\/actualites\/#website"},"datePublished":"2026-02-14T14:48:32+00:00","dateModified":"2026-02-14T14:48:33+00:00","breadcrumb":{"@id":"https:\/\/footdavant.fr\/actualites\/marc-skinner-le-patron-de-united-donne-des-reflexions-honnetes-sur-melvine-malard\/#breadcrumb"},"inLanguage":"fr-FR","potentialAction":[{"@type":"ReadAction","target":["https:\/\/footdavant.fr\/actualites\/marc-skinner-le-patron-de-united-donne-des-reflexions-honnetes-sur-melvine-malard\/"]}]},{"@type":"BreadcrumbList","@id":"https:\/\/footdavant.fr\/actualites\/marc-skinner-le-patron-de-united-donne-des-reflexions-honnetes-sur-melvine-malard\/#breadcrumb","itemListElement":[{"@type":"ListItem","position":1,"name":"Accueil","item":"https:\/\/footdavant.fr\/actualites\/"},{"@type":"ListItem","position":2,"name":"Marc Skinner: le patron de United donne des r\u00e9flexions honn\u00eates sur Melvine Malard &#8211;"}]},{"@type":"WebSite","@id":"https:\/\/footdavant.fr\/actualites\/#website","url":"https:\/\/footdavant.fr\/actualites\/","name":"Foot d'avant","description":"","publisher":{"@id":"https:\/\/footdavant.fr\/actualites\/#organization"},"potentialAction":[{"@type":"SearchAction","target":{"@type":"EntryPoint","urlTemplate":"https:\/\/footdavant.fr\/actualites\/?s={search_term_string}"},"query-input":"required name=search_term_string"}],"inLanguage":"fr-FR"},{"@type":"Organization","@id":"https:\/\/footdavant.fr\/actualites\/#organization","name":"Foot d'avant","url":"https:\/\/footdavant.fr\/actualites\/","logo":{"@type":"ImageObject","inLanguage":"fr-FR","@id":"https:\/\/footdavant.fr\/actualites\/#\/schema\/logo\/image\/","url":"https:\/\/footdavant.fr\/actualites\/wp-content\/uploads\/2023\/09\/Copy-of-FootDavant-Logo.png","contentUrl":"https:\/\/footdavant.fr\/actualites\/wp-content\/uploads\/2023\/09\/Copy-of-FootDavant-Logo.png","width":936,"height":549,"caption":"Foot d'avant"},"image":{"@id":"https:\/\/footdavant.fr\/actualites\/#\/schema\/logo\/image\/"},"sameAs":["https:\/\/www.facebook.com\/Footdavant\/","https:\/\/twitter.com\/FootdavantFr","https:\/\/www.instagram.com\/footdavant.fr\/"]},{"@type":"Person","@id":"https:\/\/footdavant.fr\/actualites\/#\/schema\/person\/bc222566d95871b37e597b3ed3ba5e1d","name":"Cl\u00e9ment","image":{"@type":"ImageObject","inLanguage":"fr-FR","@id":"https:\/\/footdavant.fr\/actualites\/#\/schema\/person\/image\/","url":"https:\/\/secure.gravatar.com\/avatar\/7728b29aac2719421e1a9159b2254c44?s=96&d=mm&r=g","contentUrl":"https:\/\/secure.gravatar.com\/avatar\/7728b29aac2719421e1a9159b2254c44?s=96&d=mm&r=g","caption":"Cl\u00e9ment"},"sameAs":["https:\/\/footdavant.fr\/"]}]}},"_links":{"self":[{"href":"https:\/\/footdavant.fr\/actualites\/wp-json\/wp\/v2\/posts\/34480"}],"collection":[{"href":"https:\/\/footdavant.fr\/actualites\/wp-json\/wp\/v2\/posts"}],"about":[{"href":"https:\/\/footdavant.fr\/actualites\/wp-json\/wp\/v2\/types\/post"}],"author":[{"embeddable":true,"href":"https:\/\/footdavant.fr\/actualites\/wp-json\/wp\/v2\/users\/1"}],"replies":[{"embeddable":true,"href":"https:\/\/footdavant.fr\/actualites\/wp-json\/wp\/v2\/comments?post=34480"}],"version-history":[{"count":1,"href":"https:\/\/footdavant.fr\/actualites\/wp-json\/wp\/v2\/posts\/34480\/revisions"}],"predecessor-version":[{"id":34482,"href":"https:\/\/footdavant.fr\/actualites\/wp-json\/wp\/v2\/posts\/34480\/revisions\/34482"}],"wp:featuredmedia":[{"embeddable":true,"href":"https:\/\/footdavant.fr\/actualites\/wp-json\/wp\/v2\/media\/34481"}],"wp:attachment":[{"href":"https:\/\/footdavant.fr\/actualites\/wp-json\/wp\/v2\/media?parent=34480"}],"wp:term":[{"taxonomy":"category","embeddable":true,"href":"https:\/\/footdavant.fr\/actualites\/wp-json\/wp\/v2\/categories?post=34480"},{"taxonomy":"post_tag","embeddable":true,"href":"https:\/\/footdavant.fr\/actualites\/wp-json\/wp\/v2\/tags?post=34480"}],"curies":[{"name":"wp","href":"https:\/\/api.w.org\/{rel}","templated":true}]}}