{"id":34483,"date":"2026-02-14T17:48:02","date_gmt":"2026-02-14T16:48:02","guid":{"rendered":"https:\/\/footdavant.fr\/actualites\/lentraineur-chef-de-tottenham-thomas-frank-fait-une-declaration-importante-sur-lavenir-avant-le-derby-du-nord-de-londres\/"},"modified":"2026-02-14T17:48:04","modified_gmt":"2026-02-14T16:48:04","slug":"lentraineur-chef-de-tottenham-thomas-frank-fait-une-declaration-importante-sur-lavenir-avant-le-derby-du-nord-de-londres","status":"publish","type":"post","link":"https:\/\/footdavant.fr\/actualites\/lentraineur-chef-de-tottenham-thomas-frank-fait-une-declaration-importante-sur-lavenir-avant-le-derby-du-nord-de-londres\/","title":{"rendered":"L&#39;entra\u00eeneur-chef de Tottenham, Thomas Frank, fait une d\u00e9claration importante sur l&#39;avenir avant le derby du nord de Londres"},"content":{"rendered":"<div itemprop=\"articleBody\">\n<p>L&#39;entra\u00eeneur-chef de Tottenham Hotspur, Thomas Frank, est \u00ab\u00a0convaincu\u00a0\u00bb qu&#39;il restera \u00e0 la t\u00eate du club pour le prochain match de Premier League contre Arsenal le 22 f\u00e9vrier.<\/p>\n<p>Les Spurs ont subi une d\u00e9faite 2-1 \u00e0 domicile contre Newcastle United mardi soir, le r\u00e9sultat les laissant \u00e0 la 16e place du classement de la Premier League, \u00e0 seulement cinq points d&#39;avance sur West Ham United, 18e, avec 12 matchs \u00e0 jouer.<\/p>\n<p>Les supporters de Tottenham ont \u00e9t\u00e9 entendus chanter pour leur ancien entra\u00eeneur-chef Mauricio Pochettino lors du choc contre Newcastle, tandis que Frank a fait l&#39;objet de chants \u00ab\u00a0Vous \u00eates limog\u00e9 le matin\u00a0\u00bb de la part des propres supporters du club.<\/p>\n<p>Cependant, malgr\u00e9 le m\u00e9contentement croissant, Frank reste \u00ab convaincu \u00bb qu&#39;il dirigera Tottenham pour leur prochain match, qui est un derby du nord de Londres contre Arsenal.<\/p>\n<p>\u00ab\u00a0Oui, je suis convaincu que je le serai. Je comprends la question, je comprends qu&#39;il est facile de me la poser. Il ne s&#39;agit jamais seulement de l&#39;entra\u00eeneur-chef, des propri\u00e9taires, des dirigeants ou des joueurs\u00a0\u00bb, a d\u00e9clar\u00e9 Frank aux journalistes apr\u00e8s la d\u00e9faite \u00e0 domicile contre Newcastle.<\/p>\n<div>\n<div>\n<div>\n<div>\n<p>\u00a9 Imago \/ Mark Douleur<\/p>\n<\/div>\n<\/div>\n<\/div>\n<\/div>\n<h2>Frank \u00ab\u00a0convaincu\u00a0\u00bb qu&#39;il dirigera Tottenham contre Arsenal<\/h2>\n<p>\u00ab\u00a0Tout le monde sait dans quelle position nous nous trouvons et ce que nous devons am\u00e9liorer. C&#39;est sur cela que nous travaillons dur.<\/p>\n<p>\u00ab\u00a0Je comprends la frustration des supporters. C&#39;est une position dans laquelle ils ne veulent pas \u00eatre. Nous travaillons jour et nuit pour essayer de changer. C&#39;est une position dans laquelle le club a \u00e9t\u00e9 ces deux derni\u00e8res ann\u00e9es. Le sch\u00e9ma est que le club a du mal \u00e0 rivaliser en Europe et en Premier League.<\/p>\n<p>\u00ab\u00a0Une partie de cela consiste \u00e0 \u00e9liminer les blessures et les suspensions. Nous affrontons une \u00e9quipe de Newcastle qui a eu un peu de mal ces derniers temps. Mais je pense qu&#39;ils \u00e9taient plus au top en premi\u00e8re mi-temps et ensuite nous sommes bien revenus. Le deuxi\u00e8me but est un peu symbolique de notre saison.\u00a0\u00bb<\/p>\n<p>Lorsqu&#39;on lui a demand\u00e9 s&#39;il \u00e9tait toujours confiant dans sa capacit\u00e9 \u00e0 sortir Tottenham de son p\u00e9trin, Frank a r\u00e9pondu : \u00ab\u00a0\u00c0 mille pour cent. Je suis \u00e9galement s\u00fbr \u00e0 mille pour cent que je ne m&#39;attendais pas \u00e0 ce que nous soyons dans la position dans laquelle nous sommes avec 11 \u00e0 12 blessures.<\/p>\n<p>\u00ab\u00a0Il y en a quelques-uns avant moi, ici \u00e0 Tottenham et dans de nombreux autres clubs, qui ont perdu la t\u00eate. Je dois rester calme. Nous devons traverser cela ensemble.\u00a0\u00bb<\/p>\n<div>\n<div>\n<div>\n<div><img decoding=\"async\" data-img-id=\"156609\" class=\"lazy\" loading=\"lazy\" src=\"https:\/\/footdavant.fr\/actualites\/wp-content\/uploads\/2026\/02\/L39entraineur-chef-de-Tottenham-Thomas-Frank-fait-une-declaration-importante-sur.webp\"\/><\/p>\n<p>\u00a9 Imago \/ Paul Marriott<\/p>\n<\/div>\n<\/div>\n<\/div>\n<\/div>\n<h2>Tottenham pourrait-il s\u00e9rieusement \u00eatre rel\u00e9gu\u00e9 cette saison ?<\/h2>\n<p>Tottenham n\u2019a plus remport\u00e9 la Premier League depuis fin d\u00e9cembre, r\u00e9coltant seulement quatre points de championnat en 2026, ce qui est une forme incroyablement mauvaise.<\/p>\n<p>Les Spurs ont encore un bon \u00e9cart par rapport \u00e0 la zone de rel\u00e9gation, mais si leurs luttes se poursuivent, alors la rel\u00e9gation est une possibilit\u00e9 s\u00e9rieuse pour le club du nord de Londres.<\/p>\n<p>Les deux prochains matches de Tottenham sont cruciaux, accueillant Arsenal avant de se rendre \u00e0 Fulham, tandis qu&#39;ils auront \u00e9galement un match contre Liverpool \u00e0 Anfield \u00e0 la mi-mars.<\/p>\n<p>Les probl\u00e8mes des Spurs en championnat sont d&#39;autant plus remarquables qu&#39;ils ont termin\u00e9 quatri\u00e8mes du classement g\u00e9n\u00e9ral de la Ligue des champions pour se qualifier pour les huiti\u00e8mes de finale de la comp\u00e9tition.<\/p>\n<\/div>\n","protected":false},"excerpt":{"rendered":"<p>L&#39;entra\u00eeneur-chef de Tottenham Hotspur, Thomas Frank, est \u00ab\u00a0convaincu\u00a0\u00bb qu&#39;il restera \u00e0 la t\u00eate du club pour le prochain match de Premier League contre Arsenal le<\/p>\n","protected":false},"author":1,"featured_media":33711,"comment_status":"closed","ping_status":"","sticky":false,"template":"","format":"standard","meta":{"footnotes":""},"categories":[5],"tags":[491,749,203,152,662,853,4309,6048,389,978,103,235,68,92],"yoast_head":"<!-- This site is optimized with the Yoast SEO plugin v21.0 - https:\/\/yoast.com\/wordpress\/plugins\/seo\/ -->\n<title>L&#039;entra\u00eeneur-chef de Tottenham, Thomas Frank, fait une d\u00e9claration importante sur l&#039;avenir avant le derby du nord de Londres<\/title>\n<meta name=\"robots\" content=\"index, follow, max-snippet:-1, max-image-preview:large, max-video-preview:-1\" \/>\n<link rel=\"canonical\" href=\"https:\/\/footdavant.fr\/actualites\/lentraineur-chef-de-tottenham-thomas-frank-fait-une-declaration-importante-sur-lavenir-avant-le-derby-du-nord-de-londres\/\" \/>\n<meta property=\"og:locale\" content=\"fr_FR\" \/>\n<meta property=\"og:type\" content=\"article\" \/>\n<meta property=\"og:title\" content=\"L&#039;entra\u00eeneur-chef de Tottenham, Thomas Frank, fait une d\u00e9claration importante sur l&#039;avenir avant le derby du nord de Londres\" \/>\n<meta property=\"og:description\" content=\"L&#039;entra\u00eeneur-chef de Tottenham Hotspur, Thomas Frank, est \u00ab\u00a0convaincu\u00a0\u00bb qu&#039;il restera \u00e0 la t\u00eate du club pour le prochain match de Premier League contre Arsenal le\" \/>\n<meta property=\"og:url\" content=\"https:\/\/footdavant.fr\/actualites\/lentraineur-chef-de-tottenham-thomas-frank-fait-une-declaration-importante-sur-lavenir-avant-le-derby-du-nord-de-londres\/\" \/>\n<meta property=\"og:site_name\" content=\"Foot d&#039;avant\" \/>\n<meta property=\"article:publisher\" content=\"https:\/\/www.facebook.com\/Footdavant\/\" \/>\n<meta property=\"article:published_time\" content=\"2026-02-14T16:48:02+00:00\" \/>\n<meta property=\"article:modified_time\" content=\"2026-02-14T16:48:04+00:00\" \/>\n<meta property=\"og:image\" content=\"https:\/\/footdavant.fr\/actualites\/wp-content\/uploads\/2026\/01\/Thomas-Frank-le-patron-de-Tottenham-Hotspur-aborde-les.net2Fuploads2F20262F012Farne-slot-mo-sal.webp\" \/>\n\t<meta property=\"og:image:width\" content=\"720\" \/>\n\t<meta property=\"og:image:height\" content=\"410\" \/>\n\t<meta property=\"og:image:type\" content=\"image\/webp\" \/>\n<meta name=\"author\" content=\"Cl\u00e9ment\" \/>\n<meta name=\"twitter:card\" content=\"summary_large_image\" \/>\n<meta name=\"twitter:creator\" content=\"@FootdavantFr\" \/>\n<meta name=\"twitter:site\" content=\"@FootdavantFr\" \/>\n<meta name=\"twitter:label1\" content=\"\u00c9crit par\" \/>\n\t<meta name=\"twitter:data1\" content=\"Cl\u00e9ment\" \/>\n\t<meta name=\"twitter:label2\" content=\"Dur\u00e9e de lecture estim\u00e9e\" \/>\n\t<meta name=\"twitter:data2\" content=\"3 minutes\" \/>\n<script type=\"application\/ld+json\" class=\"yoast-schema-graph\">{\"@context\":\"https:\/\/schema.org\",\"@graph\":[{\"@type\":\"Article\",\"@id\":\"https:\/\/footdavant.fr\/actualites\/lentraineur-chef-de-tottenham-thomas-frank-fait-une-declaration-importante-sur-lavenir-avant-le-derby-du-nord-de-londres\/#article\",\"isPartOf\":{\"@id\":\"https:\/\/footdavant.fr\/actualites\/lentraineur-chef-de-tottenham-thomas-frank-fait-une-declaration-importante-sur-lavenir-avant-le-derby-du-nord-de-londres\/\"},\"author\":{\"name\":\"Cl\u00e9ment\",\"@id\":\"https:\/\/footdavant.fr\/actualites\/#\/schema\/person\/bc222566d95871b37e597b3ed3ba5e1d\"},\"headline\":\"L&#39;entra\u00eeneur-chef de Tottenham, Thomas Frank, fait une d\u00e9claration importante sur l&#39;avenir avant le derby du nord de Londres\",\"datePublished\":\"2026-02-14T16:48:02+00:00\",\"dateModified\":\"2026-02-14T16:48:04+00:00\",\"mainEntityOfPage\":{\"@id\":\"https:\/\/footdavant.fr\/actualites\/lentraineur-chef-de-tottenham-thomas-frank-fait-une-declaration-importante-sur-lavenir-avant-le-derby-du-nord-de-londres\/\"},\"wordCount\":594,\"publisher\":{\"@id\":\"https:\/\/footdavant.fr\/actualites\/#organization\"},\"keywords\":[\"avant\",\"D\u00e9claration\",\"derby\",\"fait\",\"Frank\",\"importante\",\"l39avenir\",\"L39entra\u00eeneurchef\",\"Londres\",\"Nord\",\"sur\",\"Thomas\",\"Tottenham\",\"une\"],\"articleSection\":[\"Premier League\"],\"inLanguage\":\"fr-FR\"},{\"@type\":\"WebPage\",\"@id\":\"https:\/\/footdavant.fr\/actualites\/lentraineur-chef-de-tottenham-thomas-frank-fait-une-declaration-importante-sur-lavenir-avant-le-derby-du-nord-de-londres\/\",\"url\":\"https:\/\/footdavant.fr\/actualites\/lentraineur-chef-de-tottenham-thomas-frank-fait-une-declaration-importante-sur-lavenir-avant-le-derby-du-nord-de-londres\/\",\"name\":\"L&#39;entra\u00eeneur-chef de Tottenham, Thomas Frank, fait une d\u00e9claration importante sur l&#39;avenir avant le derby du nord de Londres\",\"isPartOf\":{\"@id\":\"https:\/\/footdavant.fr\/actualites\/#website\"},\"datePublished\":\"2026-02-14T16:48:02+00:00\",\"dateModified\":\"2026-02-14T16:48:04+00:00\",\"breadcrumb\":{\"@id\":\"https:\/\/footdavant.fr\/actualites\/lentraineur-chef-de-tottenham-thomas-frank-fait-une-declaration-importante-sur-lavenir-avant-le-derby-du-nord-de-londres\/#breadcrumb\"},\"inLanguage\":\"fr-FR\",\"potentialAction\":[{\"@type\":\"ReadAction\",\"target\":[\"https:\/\/footdavant.fr\/actualites\/lentraineur-chef-de-tottenham-thomas-frank-fait-une-declaration-importante-sur-lavenir-avant-le-derby-du-nord-de-londres\/\"]}]},{\"@type\":\"BreadcrumbList\",\"@id\":\"https:\/\/footdavant.fr\/actualites\/lentraineur-chef-de-tottenham-thomas-frank-fait-une-declaration-importante-sur-lavenir-avant-le-derby-du-nord-de-londres\/#breadcrumb\",\"itemListElement\":[{\"@type\":\"ListItem\",\"position\":1,\"name\":\"Accueil\",\"item\":\"https:\/\/footdavant.fr\/actualites\/\"},{\"@type\":\"ListItem\",\"position\":2,\"name\":\"L&#39;entra\u00eeneur-chef de Tottenham, Thomas Frank, fait une d\u00e9claration importante sur l&#39;avenir avant le derby du nord de Londres\"}]},{\"@type\":\"WebSite\",\"@id\":\"https:\/\/footdavant.fr\/actualites\/#website\",\"url\":\"https:\/\/footdavant.fr\/actualites\/\",\"name\":\"Foot d'avant\",\"description\":\"\",\"publisher\":{\"@id\":\"https:\/\/footdavant.fr\/actualites\/#organization\"},\"potentialAction\":[{\"@type\":\"SearchAction\",\"target\":{\"@type\":\"EntryPoint\",\"urlTemplate\":\"https:\/\/footdavant.fr\/actualites\/?s={search_term_string}\"},\"query-input\":\"required name=search_term_string\"}],\"inLanguage\":\"fr-FR\"},{\"@type\":\"Organization\",\"@id\":\"https:\/\/footdavant.fr\/actualites\/#organization\",\"name\":\"Foot d'avant\",\"url\":\"https:\/\/footdavant.fr\/actualites\/\",\"logo\":{\"@type\":\"ImageObject\",\"inLanguage\":\"fr-FR\",\"@id\":\"https:\/\/footdavant.fr\/actualites\/#\/schema\/logo\/image\/\",\"url\":\"https:\/\/footdavant.fr\/actualites\/wp-content\/uploads\/2023\/09\/Copy-of-FootDavant-Logo.png\",\"contentUrl\":\"https:\/\/footdavant.fr\/actualites\/wp-content\/uploads\/2023\/09\/Copy-of-FootDavant-Logo.png\",\"width\":936,\"height\":549,\"caption\":\"Foot d'avant\"},\"image\":{\"@id\":\"https:\/\/footdavant.fr\/actualites\/#\/schema\/logo\/image\/\"},\"sameAs\":[\"https:\/\/www.facebook.com\/Footdavant\/\",\"https:\/\/twitter.com\/FootdavantFr\",\"https:\/\/www.instagram.com\/footdavant.fr\/\"]},{\"@type\":\"Person\",\"@id\":\"https:\/\/footdavant.fr\/actualites\/#\/schema\/person\/bc222566d95871b37e597b3ed3ba5e1d\",\"name\":\"Cl\u00e9ment\",\"image\":{\"@type\":\"ImageObject\",\"inLanguage\":\"fr-FR\",\"@id\":\"https:\/\/footdavant.fr\/actualites\/#\/schema\/person\/image\/\",\"url\":\"https:\/\/secure.gravatar.com\/avatar\/7728b29aac2719421e1a9159b2254c44?s=96&d=mm&r=g\",\"contentUrl\":\"https:\/\/secure.gravatar.com\/avatar\/7728b29aac2719421e1a9159b2254c44?s=96&d=mm&r=g\",\"caption\":\"Cl\u00e9ment\"},\"sameAs\":[\"https:\/\/footdavant.fr\/\"]}]}<\/script>\n<!-- \/ Yoast SEO plugin. -->","yoast_head_json":{"title":"L&#39;entra\u00eeneur-chef de Tottenham, Thomas Frank, fait une d\u00e9claration importante sur l&#39;avenir avant le derby du nord de Londres","robots":{"index":"index","follow":"follow","max-snippet":"max-snippet:-1","max-image-preview":"max-image-preview:large","max-video-preview":"max-video-preview:-1"},"canonical":"https:\/\/footdavant.fr\/actualites\/lentraineur-chef-de-tottenham-thomas-frank-fait-une-declaration-importante-sur-lavenir-avant-le-derby-du-nord-de-londres\/","og_locale":"fr_FR","og_type":"article","og_title":"L&#39;entra\u00eeneur-chef de Tottenham, Thomas Frank, fait une d\u00e9claration importante sur l&#39;avenir avant le derby du nord de Londres","og_description":"L&#39;entra\u00eeneur-chef de Tottenham Hotspur, Thomas Frank, est \u00ab\u00a0convaincu\u00a0\u00bb qu&#39;il restera \u00e0 la t\u00eate du club pour le prochain match de Premier League contre Arsenal le","og_url":"https:\/\/footdavant.fr\/actualites\/lentraineur-chef-de-tottenham-thomas-frank-fait-une-declaration-importante-sur-lavenir-avant-le-derby-du-nord-de-londres\/","og_site_name":"Foot d&#039;avant","article_publisher":"https:\/\/www.facebook.com\/Footdavant\/","article_published_time":"2026-02-14T16:48:02+00:00","article_modified_time":"2026-02-14T16:48:04+00:00","og_image":[{"width":720,"height":410,"url":"https:\/\/footdavant.fr\/actualites\/wp-content\/uploads\/2026\/01\/Thomas-Frank-le-patron-de-Tottenham-Hotspur-aborde-les.net2Fuploads2F20262F012Farne-slot-mo-sal.webp","type":"image\/webp"}],"author":"Cl\u00e9ment","twitter_card":"summary_large_image","twitter_creator":"@FootdavantFr","twitter_site":"@FootdavantFr","twitter_misc":{"\u00c9crit par":"Cl\u00e9ment","Dur\u00e9e de lecture estim\u00e9e":"3 minutes"},"schema":{"@context":"https:\/\/schema.org","@graph":[{"@type":"Article","@id":"https:\/\/footdavant.fr\/actualites\/lentraineur-chef-de-tottenham-thomas-frank-fait-une-declaration-importante-sur-lavenir-avant-le-derby-du-nord-de-londres\/#article","isPartOf":{"@id":"https:\/\/footdavant.fr\/actualites\/lentraineur-chef-de-tottenham-thomas-frank-fait-une-declaration-importante-sur-lavenir-avant-le-derby-du-nord-de-londres\/"},"author":{"name":"Cl\u00e9ment","@id":"https:\/\/footdavant.fr\/actualites\/#\/schema\/person\/bc222566d95871b37e597b3ed3ba5e1d"},"headline":"L&#39;entra\u00eeneur-chef de Tottenham, Thomas Frank, fait une d\u00e9claration importante sur l&#39;avenir avant le derby du nord de Londres","datePublished":"2026-02-14T16:48:02+00:00","dateModified":"2026-02-14T16:48:04+00:00","mainEntityOfPage":{"@id":"https:\/\/footdavant.fr\/actualites\/lentraineur-chef-de-tottenham-thomas-frank-fait-une-declaration-importante-sur-lavenir-avant-le-derby-du-nord-de-londres\/"},"wordCount":594,"publisher":{"@id":"https:\/\/footdavant.fr\/actualites\/#organization"},"keywords":["avant","D\u00e9claration","derby","fait","Frank","importante","l39avenir","L39entra\u00eeneurchef","Londres","Nord","sur","Thomas","Tottenham","une"],"articleSection":["Premier League"],"inLanguage":"fr-FR"},{"@type":"WebPage","@id":"https:\/\/footdavant.fr\/actualites\/lentraineur-chef-de-tottenham-thomas-frank-fait-une-declaration-importante-sur-lavenir-avant-le-derby-du-nord-de-londres\/","url":"https:\/\/footdavant.fr\/actualites\/lentraineur-chef-de-tottenham-thomas-frank-fait-une-declaration-importante-sur-lavenir-avant-le-derby-du-nord-de-londres\/","name":"L&#39;entra\u00eeneur-chef de Tottenham, Thomas Frank, fait une d\u00e9claration importante sur l&#39;avenir avant le derby du nord de Londres","isPartOf":{"@id":"https:\/\/footdavant.fr\/actualites\/#website"},"datePublished":"2026-02-14T16:48:02+00:00","dateModified":"2026-02-14T16:48:04+00:00","breadcrumb":{"@id":"https:\/\/footdavant.fr\/actualites\/lentraineur-chef-de-tottenham-thomas-frank-fait-une-declaration-importante-sur-lavenir-avant-le-derby-du-nord-de-londres\/#breadcrumb"},"inLanguage":"fr-FR","potentialAction":[{"@type":"ReadAction","target":["https:\/\/footdavant.fr\/actualites\/lentraineur-chef-de-tottenham-thomas-frank-fait-une-declaration-importante-sur-lavenir-avant-le-derby-du-nord-de-londres\/"]}]},{"@type":"BreadcrumbList","@id":"https:\/\/footdavant.fr\/actualites\/lentraineur-chef-de-tottenham-thomas-frank-fait-une-declaration-importante-sur-lavenir-avant-le-derby-du-nord-de-londres\/#breadcrumb","itemListElement":[{"@type":"ListItem","position":1,"name":"Accueil","item":"https:\/\/footdavant.fr\/actualites\/"},{"@type":"ListItem","position":2,"name":"L&#39;entra\u00eeneur-chef de Tottenham, Thomas Frank, fait une d\u00e9claration importante sur l&#39;avenir avant le derby du nord de Londres"}]},{"@type":"WebSite","@id":"https:\/\/footdavant.fr\/actualites\/#website","url":"https:\/\/footdavant.fr\/actualites\/","name":"Foot d'avant","description":"","publisher":{"@id":"https:\/\/footdavant.fr\/actualites\/#organization"},"potentialAction":[{"@type":"SearchAction","target":{"@type":"EntryPoint","urlTemplate":"https:\/\/footdavant.fr\/actualites\/?s={search_term_string}"},"query-input":"required name=search_term_string"}],"inLanguage":"fr-FR"},{"@type":"Organization","@id":"https:\/\/footdavant.fr\/actualites\/#organization","name":"Foot d'avant","url":"https:\/\/footdavant.fr\/actualites\/","logo":{"@type":"ImageObject","inLanguage":"fr-FR","@id":"https:\/\/footdavant.fr\/actualites\/#\/schema\/logo\/image\/","url":"https:\/\/footdavant.fr\/actualites\/wp-content\/uploads\/2023\/09\/Copy-of-FootDavant-Logo.png","contentUrl":"https:\/\/footdavant.fr\/actualites\/wp-content\/uploads\/2023\/09\/Copy-of-FootDavant-Logo.png","width":936,"height":549,"caption":"Foot d'avant"},"image":{"@id":"https:\/\/footdavant.fr\/actualites\/#\/schema\/logo\/image\/"},"sameAs":["https:\/\/www.facebook.com\/Footdavant\/","https:\/\/twitter.com\/FootdavantFr","https:\/\/www.instagram.com\/footdavant.fr\/"]},{"@type":"Person","@id":"https:\/\/footdavant.fr\/actualites\/#\/schema\/person\/bc222566d95871b37e597b3ed3ba5e1d","name":"Cl\u00e9ment","image":{"@type":"ImageObject","inLanguage":"fr-FR","@id":"https:\/\/footdavant.fr\/actualites\/#\/schema\/person\/image\/","url":"https:\/\/secure.gravatar.com\/avatar\/7728b29aac2719421e1a9159b2254c44?s=96&d=mm&r=g","contentUrl":"https:\/\/secure.gravatar.com\/avatar\/7728b29aac2719421e1a9159b2254c44?s=96&d=mm&r=g","caption":"Cl\u00e9ment"},"sameAs":["https:\/\/footdavant.fr\/"]}]}},"_links":{"self":[{"href":"https:\/\/footdavant.fr\/actualites\/wp-json\/wp\/v2\/posts\/34483"}],"collection":[{"href":"https:\/\/footdavant.fr\/actualites\/wp-json\/wp\/v2\/posts"}],"about":[{"href":"https:\/\/footdavant.fr\/actualites\/wp-json\/wp\/v2\/types\/post"}],"author":[{"embeddable":true,"href":"https:\/\/footdavant.fr\/actualites\/wp-json\/wp\/v2\/users\/1"}],"replies":[{"embeddable":true,"href":"https:\/\/footdavant.fr\/actualites\/wp-json\/wp\/v2\/comments?post=34483"}],"version-history":[{"count":1,"href":"https:\/\/footdavant.fr\/actualites\/wp-json\/wp\/v2\/posts\/34483\/revisions"}],"predecessor-version":[{"id":34484,"href":"https:\/\/footdavant.fr\/actualites\/wp-json\/wp\/v2\/posts\/34483\/revisions\/34484"}],"wp:featuredmedia":[{"embeddable":true,"href":"https:\/\/footdavant.fr\/actualites\/wp-json\/wp\/v2\/media\/33711"}],"wp:attachment":[{"href":"https:\/\/footdavant.fr\/actualites\/wp-json\/wp\/v2\/media?parent=34483"}],"wp:term":[{"taxonomy":"category","embeddable":true,"href":"https:\/\/footdavant.fr\/actualites\/wp-json\/wp\/v2\/categories?post=34483"},{"taxonomy":"post_tag","embeddable":true,"href":"https:\/\/footdavant.fr\/actualites\/wp-json\/wp\/v2\/tags?post=34483"}],"curies":[{"name":"wp","href":"https:\/\/api.w.org\/{rel}","templated":true}]}}