{"id":34485,"date":"2026-02-14T19:48:19","date_gmt":"2026-02-14T18:48:19","guid":{"rendered":"https:\/\/footdavant.fr\/actualites\/liverpool-pourrait-envisager-longuement-et-durement-de-signer-un-mdp-cet-ete\/"},"modified":"2026-02-14T19:48:21","modified_gmt":"2026-02-14T18:48:21","slug":"liverpool-pourrait-envisager-longuement-et-durement-de-signer-un-mdp-cet-ete","status":"publish","type":"post","link":"https:\/\/footdavant.fr\/actualites\/liverpool-pourrait-envisager-longuement-et-durement-de-signer-un-mdp-cet-ete\/","title":{"rendered":"Liverpool pourrait envisager \u00ab longuement et durement \u00bb de signer un MDP cet \u00e9t\u00e9"},"content":{"rendered":"<div id=\"article-body\">\n<!-- Article Start --><\/p>\n<p>Le journaliste Ian Doyle a affirm\u00e9 que Liverpool pourrait envisager \u00ab longuement et s\u00e9rieusement \u00bb de renforcer une position en particulier pendant la fen\u00eatre de transfert estivale.<\/p>\n<p>Bien qu\u2019il ait d\u00e9pens\u00e9 pr\u00e8s de 450 millions de livres sterling en nouvelles recrues l\u2019ann\u00e9e derni\u00e8re, une s\u00e9rie de blessures cette saison a laiss\u00e9 Arne Slot terriblement \u00e0 court d\u2019options seniors dans quelques postes cl\u00e9s \u2013 notamment en d\u00e9fense, avec plusieurs milieux de terrain suppl\u00e9ant comme arri\u00e8re droit d\u2019urgence.<\/p>\n<p>Les Reds ont d\u00e9j\u00e0 d\u00e9cid\u00e9 de renforcer leur d\u00e9fense avant la campagne 2026\/27 en signant Jeremy Jacquet, qui arrivera de Rennes cet \u00e9t\u00e9, mais il pourrait \u00eatre n\u00e9cessaire d&#39;ajouter des renforts d\u00e9fensifs suppl\u00e9mentaires si les n\u00e9gociations sur un nouveau contrat potentiel pour Ibrahima Konate aboutissent \u00e0 une impasse.<\/p>\n<h2>Liverpool pourrait envisager \u00ab longuement et s\u00e9rieusement \u00bb de signer un nouveau n\u00b06<\/h2>\n<p>Dans une s\u00e9ance de questions-r\u00e9ponses avec les lecteurs du Liverpool Echo, Doyle a \u00e9t\u00e9 interrog\u00e9 sur la probabilit\u00e9 d&#39;une activit\u00e9 de transfert entrante pendant l&#39;intersaison et sur les postes les plus susceptibles d&#39;\u00eatre cibl\u00e9s.<\/p>\n<p>Si le journaliste a indiqu\u00e9 que l&#39;activit\u00e9 pourrait d\u00e9pendre du d\u00e9part des joueurs cet \u00e9t\u00e9, il a particuli\u00e8rement attir\u00e9 l&#39;attention sur la n\u00e9cessit\u00e9 d&#39;un nouveau milieu d\u00e9fensif.<\/p>\n<figure id=\"attachment_284172\" aria-describedby=\"caption-attachment-284172\" style=\"width: 713px\" class=\"wp-caption alignnone\"><picture><source type=\"image\/webp\" data- data-><\/source><\/picture><\/figure>\n<p>Il a d\u00e9clar\u00e9 : <\/p>\n<\/p>\n<h2>Liverpool est-il susceptible de recruter un milieu de terrain d\u00e9fensif cet \u00e9t\u00e9 ?<\/h2>\n<p>Le milieu de terrain a \u00e9t\u00e9 l&#39;un des rares postes o\u00f9 Liverpool n&#39;a pas \u00e9t\u00e9 gravement touch\u00e9 par les blessures cette saison, et bien qu&#39;Endo soit d\u00e9sormais exclu pour une longue p\u00e9riode, il a \u00e9t\u00e9 pr\u00e9sent sporadiquement dans l&#39;alignement cette saison.<\/p>\n<p>M\u00eame s&#39;il ne s&#39;\u00e9tait pas bless\u00e9 \u00e0 Sunderland en milieu de semaine, il est plausible que la hi\u00e9rarchie d&#39;Anfield aurait envisag\u00e9 l&#39;ajout d&#39;un milieu de terrain d\u00e9fensif sp\u00e9cialis\u00e9 cet \u00e9t\u00e9.<\/p>\n<figure id=\"attachment_284173\" aria-describedby=\"caption-attachment-284173\" style=\"width: 713px\" class=\"wp-caption alignnone\"><picture><source type=\"image\/webp\" data- data-><img decoding=\"async\" src=\"https:\/\/footdavant.fr\/actualites\/wp-content\/uploads\/2026\/02\/1771094899_567_Liverpool-pourrait-envisager-longuement-et-durement-de-signer.jpg\" class=\"lazyload wp-image-284173 has-webp\" alt=\"Liverpool pourrait-il recruter un milieu de terrain d\u00e9fensif \u00e0 la Fabinho cet \u00e9t\u00e9 ?\"  data- style=\"aspect-ratio:1467\/1008;max-width:1467px\"\/><\/source><\/picture><\/figure>\n<p>Alors que Ryan Gravenberch et Mac Allister ont excell\u00e9 dans la salle des machines du milieu de terrain la saison derni\u00e8re, ce double acte n&#39;a pas \u00e9t\u00e9 aussi efficace dans la campagne actuelle, et il y a de bonnes raisons de faire appel \u00e0 un v\u00e9ritable num\u00e9ro 6 de d\u00e9part dans le moule d&#39;un Fabinho.<\/p>\n<p>Comme Doyle l&#39;a soulign\u00e9, que cela se produise ou non cette ann\u00e9e pourrait d\u00e9pendre de la n\u00e9cessit\u00e9 d&#39;occuper d&#39;autres postes dans l&#39;\u00e9quipe, ainsi que de l&#39;\u00e9tendue du budget de transfert de Liverpool.<\/p>\n<p>Slot a alarm\u00e9 certains supporters cette semaine en d\u00e9clarant que le fait de ne pas se qualifier pour la Ligue des champions aurait un \u00ab\u00a0impact \u00e9norme\u00a0\u00bb sur le pouvoir d&#39;achat du club cet \u00e9t\u00e9 (The Athletic), et l&#39;importance d&#39;\u00eatre dans cette comp\u00e9tition ne peut \u00eatre surestim\u00e9e.<\/p>\n<p>Cela fait bient\u00f4t trois ans depuis la refonte compl\u00e8te du milieu de terrain op\u00e9r\u00e9e par Jurgen Klopp, qui a grandement contribu\u00e9 \u00e0 transformer la fortune des Reds de part et d&#39;autre du transfert de direction. Il n&#39;est pas impensable que le poste puisse \u00eatre abord\u00e9 lors du prochain mercato, m\u00eame si ce n&#39;est pas dans la m\u00eame mesure qu&#39;en 2023.<\/p>\n<p><!-- Article End -->\t\t\t\t<\/div>\n","protected":false},"excerpt":{"rendered":"<p>Le journaliste Ian Doyle a affirm\u00e9 que Liverpool pourrait envisager \u00ab longuement et s\u00e9rieusement \u00bb de renforcer une position en particulier pendant la fen\u00eatre de<\/p>\n","protected":false},"author":1,"featured_media":34486,"comment_status":"closed","ping_status":"","sticky":false,"template":"","format":"standard","meta":{"footnotes":""},"categories":[3],"tags":[775,5393,4240,776,53,11500,11501,269,774],"yoast_head":"<!-- This site is optimized with the Yoast SEO plugin v21.0 - https:\/\/yoast.com\/wordpress\/plugins\/seo\/ -->\n<title>Liverpool pourrait envisager \u00ab longuement et durement \u00bb de signer un MDP cet \u00e9t\u00e9<\/title>\n<meta name=\"robots\" content=\"index, follow, max-snippet:-1, max-image-preview:large, max-video-preview:-1\" \/>\n<link rel=\"canonical\" href=\"https:\/\/footdavant.fr\/actualites\/liverpool-pourrait-envisager-longuement-et-durement-de-signer-un-mdp-cet-ete\/\" \/>\n<meta property=\"og:locale\" content=\"fr_FR\" \/>\n<meta property=\"og:type\" content=\"article\" \/>\n<meta property=\"og:title\" content=\"Liverpool pourrait envisager \u00ab longuement et durement \u00bb de signer un MDP cet \u00e9t\u00e9\" \/>\n<meta property=\"og:description\" content=\"Le journaliste Ian Doyle a affirm\u00e9 que Liverpool pourrait envisager \u00ab longuement et s\u00e9rieusement \u00bb de renforcer une position en particulier pendant la fen\u00eatre de\" \/>\n<meta property=\"og:url\" content=\"https:\/\/footdavant.fr\/actualites\/liverpool-pourrait-envisager-longuement-et-durement-de-signer-un-mdp-cet-ete\/\" \/>\n<meta property=\"og:site_name\" content=\"Foot d&#039;avant\" \/>\n<meta property=\"article:publisher\" content=\"https:\/\/www.facebook.com\/Footdavant\/\" \/>\n<meta property=\"article:published_time\" content=\"2026-02-14T18:48:19+00:00\" \/>\n<meta property=\"article:modified_time\" content=\"2026-02-14T18:48:21+00:00\" \/>\n<meta property=\"og:image\" content=\"https:\/\/footdavant.fr\/actualites\/wp-content\/uploads\/2026\/02\/1771094900_Liverpool-pourrait-envisager-longuement-et-durement-de-signer.jpg\" \/>\n\t<meta property=\"og:image:width\" content=\"1465\" \/>\n\t<meta property=\"og:image:height\" content=\"822\" \/>\n\t<meta property=\"og:image:type\" content=\"image\/jpeg\" \/>\n<meta name=\"author\" content=\"Cl\u00e9ment\" \/>\n<meta name=\"twitter:card\" content=\"summary_large_image\" \/>\n<meta name=\"twitter:creator\" content=\"@FootdavantFr\" \/>\n<meta name=\"twitter:site\" content=\"@FootdavantFr\" \/>\n<meta name=\"twitter:label1\" content=\"\u00c9crit par\" \/>\n\t<meta name=\"twitter:data1\" content=\"Cl\u00e9ment\" \/>\n\t<meta name=\"twitter:label2\" content=\"Dur\u00e9e de lecture estim\u00e9e\" \/>\n\t<meta name=\"twitter:data2\" content=\"3 minutes\" \/>\n<script type=\"application\/ld+json\" class=\"yoast-schema-graph\">{\"@context\":\"https:\/\/schema.org\",\"@graph\":[{\"@type\":\"Article\",\"@id\":\"https:\/\/footdavant.fr\/actualites\/liverpool-pourrait-envisager-longuement-et-durement-de-signer-un-mdp-cet-ete\/#article\",\"isPartOf\":{\"@id\":\"https:\/\/footdavant.fr\/actualites\/liverpool-pourrait-envisager-longuement-et-durement-de-signer-un-mdp-cet-ete\/\"},\"author\":{\"name\":\"Cl\u00e9ment\",\"@id\":\"https:\/\/footdavant.fr\/actualites\/#\/schema\/person\/bc222566d95871b37e597b3ed3ba5e1d\"},\"headline\":\"Liverpool pourrait envisager \u00ab longuement et durement \u00bb de signer un MDP cet \u00e9t\u00e9\",\"datePublished\":\"2026-02-14T18:48:19+00:00\",\"dateModified\":\"2026-02-14T18:48:21+00:00\",\"mainEntityOfPage\":{\"@id\":\"https:\/\/footdavant.fr\/actualites\/liverpool-pourrait-envisager-longuement-et-durement-de-signer-un-mdp-cet-ete\/\"},\"wordCount\":561,\"publisher\":{\"@id\":\"https:\/\/footdavant.fr\/actualites\/#organization\"},\"keywords\":[\"cet\",\"durement\",\"envisager\",\"\u00e9t\u00e9\",\"Liverpool\",\"longuement\",\"MDP\",\"pourrait\",\"signer\"],\"articleSection\":[\"Football\"],\"inLanguage\":\"fr-FR\"},{\"@type\":\"WebPage\",\"@id\":\"https:\/\/footdavant.fr\/actualites\/liverpool-pourrait-envisager-longuement-et-durement-de-signer-un-mdp-cet-ete\/\",\"url\":\"https:\/\/footdavant.fr\/actualites\/liverpool-pourrait-envisager-longuement-et-durement-de-signer-un-mdp-cet-ete\/\",\"name\":\"Liverpool pourrait envisager \u00ab longuement et durement \u00bb de signer un MDP cet \u00e9t\u00e9\",\"isPartOf\":{\"@id\":\"https:\/\/footdavant.fr\/actualites\/#website\"},\"datePublished\":\"2026-02-14T18:48:19+00:00\",\"dateModified\":\"2026-02-14T18:48:21+00:00\",\"breadcrumb\":{\"@id\":\"https:\/\/footdavant.fr\/actualites\/liverpool-pourrait-envisager-longuement-et-durement-de-signer-un-mdp-cet-ete\/#breadcrumb\"},\"inLanguage\":\"fr-FR\",\"potentialAction\":[{\"@type\":\"ReadAction\",\"target\":[\"https:\/\/footdavant.fr\/actualites\/liverpool-pourrait-envisager-longuement-et-durement-de-signer-un-mdp-cet-ete\/\"]}]},{\"@type\":\"BreadcrumbList\",\"@id\":\"https:\/\/footdavant.fr\/actualites\/liverpool-pourrait-envisager-longuement-et-durement-de-signer-un-mdp-cet-ete\/#breadcrumb\",\"itemListElement\":[{\"@type\":\"ListItem\",\"position\":1,\"name\":\"Accueil\",\"item\":\"https:\/\/footdavant.fr\/actualites\/\"},{\"@type\":\"ListItem\",\"position\":2,\"name\":\"Liverpool pourrait envisager \u00ab longuement et durement \u00bb de signer un MDP cet \u00e9t\u00e9\"}]},{\"@type\":\"WebSite\",\"@id\":\"https:\/\/footdavant.fr\/actualites\/#website\",\"url\":\"https:\/\/footdavant.fr\/actualites\/\",\"name\":\"Foot d'avant\",\"description\":\"\",\"publisher\":{\"@id\":\"https:\/\/footdavant.fr\/actualites\/#organization\"},\"potentialAction\":[{\"@type\":\"SearchAction\",\"target\":{\"@type\":\"EntryPoint\",\"urlTemplate\":\"https:\/\/footdavant.fr\/actualites\/?s={search_term_string}\"},\"query-input\":\"required name=search_term_string\"}],\"inLanguage\":\"fr-FR\"},{\"@type\":\"Organization\",\"@id\":\"https:\/\/footdavant.fr\/actualites\/#organization\",\"name\":\"Foot d'avant\",\"url\":\"https:\/\/footdavant.fr\/actualites\/\",\"logo\":{\"@type\":\"ImageObject\",\"inLanguage\":\"fr-FR\",\"@id\":\"https:\/\/footdavant.fr\/actualites\/#\/schema\/logo\/image\/\",\"url\":\"https:\/\/footdavant.fr\/actualites\/wp-content\/uploads\/2023\/09\/Copy-of-FootDavant-Logo.png\",\"contentUrl\":\"https:\/\/footdavant.fr\/actualites\/wp-content\/uploads\/2023\/09\/Copy-of-FootDavant-Logo.png\",\"width\":936,\"height\":549,\"caption\":\"Foot d'avant\"},\"image\":{\"@id\":\"https:\/\/footdavant.fr\/actualites\/#\/schema\/logo\/image\/\"},\"sameAs\":[\"https:\/\/www.facebook.com\/Footdavant\/\",\"https:\/\/twitter.com\/FootdavantFr\",\"https:\/\/www.instagram.com\/footdavant.fr\/\"]},{\"@type\":\"Person\",\"@id\":\"https:\/\/footdavant.fr\/actualites\/#\/schema\/person\/bc222566d95871b37e597b3ed3ba5e1d\",\"name\":\"Cl\u00e9ment\",\"image\":{\"@type\":\"ImageObject\",\"inLanguage\":\"fr-FR\",\"@id\":\"https:\/\/footdavant.fr\/actualites\/#\/schema\/person\/image\/\",\"url\":\"https:\/\/secure.gravatar.com\/avatar\/7728b29aac2719421e1a9159b2254c44?s=96&d=mm&r=g\",\"contentUrl\":\"https:\/\/secure.gravatar.com\/avatar\/7728b29aac2719421e1a9159b2254c44?s=96&d=mm&r=g\",\"caption\":\"Cl\u00e9ment\"},\"sameAs\":[\"https:\/\/footdavant.fr\/\"]}]}<\/script>\n<!-- \/ Yoast SEO plugin. -->","yoast_head_json":{"title":"Liverpool pourrait envisager \u00ab longuement et durement \u00bb de signer un MDP cet \u00e9t\u00e9","robots":{"index":"index","follow":"follow","max-snippet":"max-snippet:-1","max-image-preview":"max-image-preview:large","max-video-preview":"max-video-preview:-1"},"canonical":"https:\/\/footdavant.fr\/actualites\/liverpool-pourrait-envisager-longuement-et-durement-de-signer-un-mdp-cet-ete\/","og_locale":"fr_FR","og_type":"article","og_title":"Liverpool pourrait envisager \u00ab longuement et durement \u00bb de signer un MDP cet \u00e9t\u00e9","og_description":"Le journaliste Ian Doyle a affirm\u00e9 que Liverpool pourrait envisager \u00ab longuement et s\u00e9rieusement \u00bb de renforcer une position en particulier pendant la fen\u00eatre de","og_url":"https:\/\/footdavant.fr\/actualites\/liverpool-pourrait-envisager-longuement-et-durement-de-signer-un-mdp-cet-ete\/","og_site_name":"Foot d&#039;avant","article_publisher":"https:\/\/www.facebook.com\/Footdavant\/","article_published_time":"2026-02-14T18:48:19+00:00","article_modified_time":"2026-02-14T18:48:21+00:00","og_image":[{"width":1465,"height":822,"url":"https:\/\/footdavant.fr\/actualites\/wp-content\/uploads\/2026\/02\/1771094900_Liverpool-pourrait-envisager-longuement-et-durement-de-signer.jpg","type":"image\/jpeg"}],"author":"Cl\u00e9ment","twitter_card":"summary_large_image","twitter_creator":"@FootdavantFr","twitter_site":"@FootdavantFr","twitter_misc":{"\u00c9crit par":"Cl\u00e9ment","Dur\u00e9e de lecture estim\u00e9e":"3 minutes"},"schema":{"@context":"https:\/\/schema.org","@graph":[{"@type":"Article","@id":"https:\/\/footdavant.fr\/actualites\/liverpool-pourrait-envisager-longuement-et-durement-de-signer-un-mdp-cet-ete\/#article","isPartOf":{"@id":"https:\/\/footdavant.fr\/actualites\/liverpool-pourrait-envisager-longuement-et-durement-de-signer-un-mdp-cet-ete\/"},"author":{"name":"Cl\u00e9ment","@id":"https:\/\/footdavant.fr\/actualites\/#\/schema\/person\/bc222566d95871b37e597b3ed3ba5e1d"},"headline":"Liverpool pourrait envisager \u00ab longuement et durement \u00bb de signer un MDP cet \u00e9t\u00e9","datePublished":"2026-02-14T18:48:19+00:00","dateModified":"2026-02-14T18:48:21+00:00","mainEntityOfPage":{"@id":"https:\/\/footdavant.fr\/actualites\/liverpool-pourrait-envisager-longuement-et-durement-de-signer-un-mdp-cet-ete\/"},"wordCount":561,"publisher":{"@id":"https:\/\/footdavant.fr\/actualites\/#organization"},"keywords":["cet","durement","envisager","\u00e9t\u00e9","Liverpool","longuement","MDP","pourrait","signer"],"articleSection":["Football"],"inLanguage":"fr-FR"},{"@type":"WebPage","@id":"https:\/\/footdavant.fr\/actualites\/liverpool-pourrait-envisager-longuement-et-durement-de-signer-un-mdp-cet-ete\/","url":"https:\/\/footdavant.fr\/actualites\/liverpool-pourrait-envisager-longuement-et-durement-de-signer-un-mdp-cet-ete\/","name":"Liverpool pourrait envisager \u00ab longuement et durement \u00bb de signer un MDP cet \u00e9t\u00e9","isPartOf":{"@id":"https:\/\/footdavant.fr\/actualites\/#website"},"datePublished":"2026-02-14T18:48:19+00:00","dateModified":"2026-02-14T18:48:21+00:00","breadcrumb":{"@id":"https:\/\/footdavant.fr\/actualites\/liverpool-pourrait-envisager-longuement-et-durement-de-signer-un-mdp-cet-ete\/#breadcrumb"},"inLanguage":"fr-FR","potentialAction":[{"@type":"ReadAction","target":["https:\/\/footdavant.fr\/actualites\/liverpool-pourrait-envisager-longuement-et-durement-de-signer-un-mdp-cet-ete\/"]}]},{"@type":"BreadcrumbList","@id":"https:\/\/footdavant.fr\/actualites\/liverpool-pourrait-envisager-longuement-et-durement-de-signer-un-mdp-cet-ete\/#breadcrumb","itemListElement":[{"@type":"ListItem","position":1,"name":"Accueil","item":"https:\/\/footdavant.fr\/actualites\/"},{"@type":"ListItem","position":2,"name":"Liverpool pourrait envisager \u00ab longuement et durement \u00bb de signer un MDP cet \u00e9t\u00e9"}]},{"@type":"WebSite","@id":"https:\/\/footdavant.fr\/actualites\/#website","url":"https:\/\/footdavant.fr\/actualites\/","name":"Foot d'avant","description":"","publisher":{"@id":"https:\/\/footdavant.fr\/actualites\/#organization"},"potentialAction":[{"@type":"SearchAction","target":{"@type":"EntryPoint","urlTemplate":"https:\/\/footdavant.fr\/actualites\/?s={search_term_string}"},"query-input":"required name=search_term_string"}],"inLanguage":"fr-FR"},{"@type":"Organization","@id":"https:\/\/footdavant.fr\/actualites\/#organization","name":"Foot d'avant","url":"https:\/\/footdavant.fr\/actualites\/","logo":{"@type":"ImageObject","inLanguage":"fr-FR","@id":"https:\/\/footdavant.fr\/actualites\/#\/schema\/logo\/image\/","url":"https:\/\/footdavant.fr\/actualites\/wp-content\/uploads\/2023\/09\/Copy-of-FootDavant-Logo.png","contentUrl":"https:\/\/footdavant.fr\/actualites\/wp-content\/uploads\/2023\/09\/Copy-of-FootDavant-Logo.png","width":936,"height":549,"caption":"Foot d'avant"},"image":{"@id":"https:\/\/footdavant.fr\/actualites\/#\/schema\/logo\/image\/"},"sameAs":["https:\/\/www.facebook.com\/Footdavant\/","https:\/\/twitter.com\/FootdavantFr","https:\/\/www.instagram.com\/footdavant.fr\/"]},{"@type":"Person","@id":"https:\/\/footdavant.fr\/actualites\/#\/schema\/person\/bc222566d95871b37e597b3ed3ba5e1d","name":"Cl\u00e9ment","image":{"@type":"ImageObject","inLanguage":"fr-FR","@id":"https:\/\/footdavant.fr\/actualites\/#\/schema\/person\/image\/","url":"https:\/\/secure.gravatar.com\/avatar\/7728b29aac2719421e1a9159b2254c44?s=96&d=mm&r=g","contentUrl":"https:\/\/secure.gravatar.com\/avatar\/7728b29aac2719421e1a9159b2254c44?s=96&d=mm&r=g","caption":"Cl\u00e9ment"},"sameAs":["https:\/\/footdavant.fr\/"]}]}},"_links":{"self":[{"href":"https:\/\/footdavant.fr\/actualites\/wp-json\/wp\/v2\/posts\/34485"}],"collection":[{"href":"https:\/\/footdavant.fr\/actualites\/wp-json\/wp\/v2\/posts"}],"about":[{"href":"https:\/\/footdavant.fr\/actualites\/wp-json\/wp\/v2\/types\/post"}],"author":[{"embeddable":true,"href":"https:\/\/footdavant.fr\/actualites\/wp-json\/wp\/v2\/users\/1"}],"replies":[{"embeddable":true,"href":"https:\/\/footdavant.fr\/actualites\/wp-json\/wp\/v2\/comments?post=34485"}],"version-history":[{"count":1,"href":"https:\/\/footdavant.fr\/actualites\/wp-json\/wp\/v2\/posts\/34485\/revisions"}],"predecessor-version":[{"id":34487,"href":"https:\/\/footdavant.fr\/actualites\/wp-json\/wp\/v2\/posts\/34485\/revisions\/34487"}],"wp:featuredmedia":[{"embeddable":true,"href":"https:\/\/footdavant.fr\/actualites\/wp-json\/wp\/v2\/media\/34486"}],"wp:attachment":[{"href":"https:\/\/footdavant.fr\/actualites\/wp-json\/wp\/v2\/media?parent=34485"}],"wp:term":[{"taxonomy":"category","embeddable":true,"href":"https:\/\/footdavant.fr\/actualites\/wp-json\/wp\/v2\/categories?post=34485"},{"taxonomy":"post_tag","embeddable":true,"href":"https:\/\/footdavant.fr\/actualites\/wp-json\/wp\/v2\/tags?post=34485"}],"curies":[{"name":"wp","href":"https:\/\/api.w.org\/{rel}","templated":true}]}}