{"id":34488,"date":"2026-02-14T21:48:00","date_gmt":"2026-02-14T20:48:00","guid":{"rendered":"https:\/\/footdavant.fr\/actualites\/harry-maguire-de-man-utd-publie-une-mise-a-jour-sur-sa-condition-physique-apres-une-blessure-contre-west-ham-united\/"},"modified":"2026-02-14T21:48:01","modified_gmt":"2026-02-14T20:48:01","slug":"harry-maguire-de-man-utd-publie-une-mise-a-jour-sur-sa-condition-physique-apres-une-blessure-contre-west-ham-united","status":"publish","type":"post","link":"https:\/\/footdavant.fr\/actualites\/harry-maguire-de-man-utd-publie-une-mise-a-jour-sur-sa-condition-physique-apres-une-blessure-contre-west-ham-united\/","title":{"rendered":"Harry Maguire de Man Utd publie une mise \u00e0 jour sur sa condition physique apr\u00e8s une blessure contre West Ham United"},"content":{"rendered":"<div itemprop=\"articleBody\">\n<p>Harry Maguire de Manchester United a minimis\u00e9 les craintes qu&#39;il puisse \u00eatre mis \u00e0 l&#39;\u00e9cart \u00e0 nouveau apr\u00e8s avoir \u00e9t\u00e9 remplac\u00e9 contre West Ham United mardi soir.<\/p>\n<p>Maguire s&#39;est retrouv\u00e9 avec un probl\u00e8me apparent aux ischio-jambiers dans la premi\u00e8re mi-temps du match nul 1-1, mais il a pu continuer, jusqu&#39;\u00e0 la 68e minute du match, lorsque Leny Yoro a \u00e9t\u00e9 introduit au milieu de la d\u00e9fense.<\/p>\n<p>Yoro a \u00e9t\u00e9 exceptionnel pendant son s\u00e9jour sur le terrain, le Fran\u00e7ais r\u00e9alisant deux excellents blocs alors que West Ham poursuivait un deuxi\u00e8me but, et il m\u00e9rite un \u00e9norme cr\u00e9dit pour que Man United ait finalement obtenu un point de dernier souffle.<\/p>\n<p>L&#39;entra\u00eeneur-chef de Man United, Michael Carrick, n&#39;a pas abord\u00e9 un probl\u00e8me potentiel pour Maguire apr\u00e8s le choc au stade de Londres, mais le d\u00e9fenseur a donn\u00e9 une r\u00e9ponse lorsqu&#39;il a travers\u00e9 la zone mixte apr\u00e8s le match de mardi.<\/p>\n<p>Selon le journaliste Steven Railston, le d\u00e9fenseur a d\u00e9clar\u00e9 que sa blessure \u00e9tait \u00ab\u00a0bonne\u00a0\u00bb, sugg\u00e9rant qu&#39;il devrait pouvoir se rendre sur le terrain pour le prochain match de Man United, qui aura lieu contre Everton le 23 f\u00e9vrier.<\/p>\n<div>\n<div>\n<div>\n<div>\n<p>\u00a9 Imago<\/p>\n<\/div>\n<\/div>\n<\/div>\n<\/div>\n<h2>Maguire parle d&#39;une \u00ab\u00a0blessure\u00a0\u00bb apr\u00e8s un match nul contre West Ham<\/h2>\n<p>Le joueur de 32 ans a \u00e9t\u00e9 impressionnant lors de la r\u00e9cente solide s\u00e9quence de Man United, mais il a \u00e9t\u00e9 limit\u00e9 \u00e0 seulement 15 apparitions cette saison en raison de probl\u00e8mes de blessures.<\/p>\n<p>Le contrat de Maguire doit expirer \u00e0 la fin de la saison, et il reste \u00e0 voir si l&#39;Anglais b\u00e9n\u00e9ficiera d&#39;une prolongation.<\/p>\n<p>Un rapport r\u00e9cent affirmait que Maguire signerait probablement un nouvel accord, apr\u00e8s avoir prouv\u00e9 qu&#39;il \u00e9tait un joueur important pour le club au cours de la p\u00e9riode la plus forte de la campagne.<\/p>\n<p>Lisandro Martinez a \u00e9galement excell\u00e9 au milieu, mais Carrick a Yoro et Ayden Heaven comme options, tandis que Matthijs de Ligt pourrait faire son retour tant attendu d&#39;un ancien num\u00e9ro avant la fin du mois.<\/p>\n<div>\n<div>\n<div>\n<div><img decoding=\"async\" data-img-id=\"156798\" class=\"lazy\" loading=\"lazy\" src=\"https:\/\/footdavant.fr\/actualites\/wp-content\/uploads\/2026\/02\/Harry-Maguire-de-Man-Utd-publie-une-mise-a-jour.webp\"\/><\/p>\n<p>\u00a9 Imago \/ Images de sports professionnels<\/p>\n<\/div>\n<\/div>\n<\/div>\n<\/div>\n<h2>West Ham 1-1 Man Utd : Sesko a sauv\u00e9 le point en retard pour les Red Devils<\/h2>\n<p>Benjamin Sesko a marqu\u00e9 un dernier but pour Man United mardi soir pour donner un point \u00e0 son \u00e9quipe au stade de Londres.<\/p>\n<p>\u00ab\u00a0Une finition fantastique. Il a encore r\u00e9ussi, c&#39;est important. C&#39;est important, nous avons tout jet\u00e9 \u00e0 la fin et nous avions beaucoup d&#39;attaquants sur le terrain\u00a0\u00bb, a d\u00e9clar\u00e9 Carrick aux journalistes interrog\u00e9s sur Sesko, qui a d\u00e9sormais marqu\u00e9 quatre fois lors de ses cinq derniers matches de championnat.<\/p>\n<p>\u00ab\u00a0(Nous) aurions probablement pu (nous aurions) mis quelques ballons suppl\u00e9mentaires dans la surface, si nous \u00e9tions honn\u00eates, avec les joueurs que nous avons. Josh (Zirkzee) a eu une occasion qui est pass\u00e9e \u00e0 c\u00f4t\u00e9, et (c&#39;est une) superbe finition de Benji. Donc, encore une fois ravi pour lui, un autre gros but pour lui et un bon pas. \u00ab\u00a0<\/p>\n<p>Man United a d\u00e9sormais un long \u00e9cart jusqu&#39;\u00e0 son prochain match, les Red Devils se rendant \u00e0 Everton en Premier League le 23 f\u00e9vrier.<\/p>\n<\/div>\n","protected":false},"excerpt":{"rendered":"<p>Harry Maguire de Manchester United a minimis\u00e9 les craintes qu&#39;il puisse \u00eatre mis \u00e0 l&#39;\u00e9cart \u00e0 nouveau apr\u00e8s avoir \u00e9t\u00e9 remplac\u00e9 contre West Ham United<\/p>\n","protected":false},"author":1,"featured_media":34489,"comment_status":"closed","ping_status":"","sticky":false,"template":"","format":"standard","meta":{"footnotes":""},"categories":[5],"tags":[25,15,1001,20,286,32,328,33,24,327,1002,1107,103,92,13,296,285],"yoast_head":"<!-- This site is optimized with the Yoast SEO plugin v21.0 - https:\/\/yoast.com\/wordpress\/plugins\/seo\/ -->\n<title>Harry Maguire de Man Utd publie une mise \u00e0 jour sur sa condition physique apr\u00e8s une blessure contre West Ham United<\/title>\n<meta name=\"robots\" content=\"index, follow, max-snippet:-1, max-image-preview:large, max-video-preview:-1\" \/>\n<link rel=\"canonical\" href=\"https:\/\/footdavant.fr\/actualites\/harry-maguire-de-man-utd-publie-une-mise-a-jour-sur-sa-condition-physique-apres-une-blessure-contre-west-ham-united\/\" \/>\n<meta property=\"og:locale\" content=\"fr_FR\" \/>\n<meta property=\"og:type\" content=\"article\" \/>\n<meta property=\"og:title\" content=\"Harry Maguire de Man Utd publie une mise \u00e0 jour sur sa condition physique apr\u00e8s une blessure contre West Ham United\" \/>\n<meta property=\"og:description\" content=\"Harry Maguire de Manchester United a minimis\u00e9 les craintes qu&#039;il puisse \u00eatre mis \u00e0 l&#039;\u00e9cart \u00e0 nouveau apr\u00e8s avoir \u00e9t\u00e9 remplac\u00e9 contre West Ham United\" \/>\n<meta property=\"og:url\" content=\"https:\/\/footdavant.fr\/actualites\/harry-maguire-de-man-utd-publie-une-mise-a-jour-sur-sa-condition-physique-apres-une-blessure-contre-west-ham-united\/\" \/>\n<meta property=\"og:site_name\" content=\"Foot d&#039;avant\" \/>\n<meta property=\"article:publisher\" content=\"https:\/\/www.facebook.com\/Footdavant\/\" \/>\n<meta property=\"article:published_time\" content=\"2026-02-14T20:48:00+00:00\" \/>\n<meta property=\"article:modified_time\" content=\"2026-02-14T20:48:01+00:00\" \/>\n<meta property=\"og:image\" content=\"https:\/\/footdavant.fr\/actualites\/wp-content\/uploads\/2026\/02\/Harry-Maguire-de-Man-Utd-publie-une-mise-a-jour.net2Fuploads2F20262F012Farne-slot-mo-sal.webp\" \/>\n\t<meta property=\"og:image:width\" content=\"720\" \/>\n\t<meta property=\"og:image:height\" content=\"410\" \/>\n\t<meta property=\"og:image:type\" content=\"image\/webp\" \/>\n<meta name=\"author\" content=\"Cl\u00e9ment\" \/>\n<meta name=\"twitter:card\" content=\"summary_large_image\" \/>\n<meta name=\"twitter:creator\" content=\"@FootdavantFr\" \/>\n<meta name=\"twitter:site\" content=\"@FootdavantFr\" \/>\n<meta name=\"twitter:label1\" content=\"\u00c9crit par\" \/>\n\t<meta name=\"twitter:data1\" content=\"Cl\u00e9ment\" \/>\n\t<meta name=\"twitter:label2\" content=\"Dur\u00e9e de lecture estim\u00e9e\" \/>\n\t<meta name=\"twitter:data2\" content=\"3 minutes\" \/>\n<script type=\"application\/ld+json\" class=\"yoast-schema-graph\">{\"@context\":\"https:\/\/schema.org\",\"@graph\":[{\"@type\":\"Article\",\"@id\":\"https:\/\/footdavant.fr\/actualites\/harry-maguire-de-man-utd-publie-une-mise-a-jour-sur-sa-condition-physique-apres-une-blessure-contre-west-ham-united\/#article\",\"isPartOf\":{\"@id\":\"https:\/\/footdavant.fr\/actualites\/harry-maguire-de-man-utd-publie-une-mise-a-jour-sur-sa-condition-physique-apres-une-blessure-contre-west-ham-united\/\"},\"author\":{\"name\":\"Cl\u00e9ment\",\"@id\":\"https:\/\/footdavant.fr\/actualites\/#\/schema\/person\/bc222566d95871b37e597b3ed3ba5e1d\"},\"headline\":\"Harry Maguire de Man Utd publie une mise \u00e0 jour sur sa condition physique apr\u00e8s une blessure contre West Ham United\",\"datePublished\":\"2026-02-14T20:48:00+00:00\",\"dateModified\":\"2026-02-14T20:48:01+00:00\",\"mainEntityOfPage\":{\"@id\":\"https:\/\/footdavant.fr\/actualites\/harry-maguire-de-man-utd-publie-une-mise-a-jour-sur-sa-condition-physique-apres-une-blessure-contre-west-ham-united\/\"},\"wordCount\":559,\"publisher\":{\"@id\":\"https:\/\/footdavant.fr\/actualites\/#organization\"},\"keywords\":[\"apr\u00e8s\",\"Blessure\",\"condition\",\"contre\",\"Ham\",\"Harry\",\"jour\",\"Maguire\",\"Man\",\"mise\",\"physique\",\"publi\u00e9\",\"sur\",\"une\",\"United\",\"Utd\",\"West\"],\"articleSection\":[\"Premier League\"],\"inLanguage\":\"fr-FR\"},{\"@type\":\"WebPage\",\"@id\":\"https:\/\/footdavant.fr\/actualites\/harry-maguire-de-man-utd-publie-une-mise-a-jour-sur-sa-condition-physique-apres-une-blessure-contre-west-ham-united\/\",\"url\":\"https:\/\/footdavant.fr\/actualites\/harry-maguire-de-man-utd-publie-une-mise-a-jour-sur-sa-condition-physique-apres-une-blessure-contre-west-ham-united\/\",\"name\":\"Harry Maguire de Man Utd publie une mise \u00e0 jour sur sa condition physique apr\u00e8s une blessure contre West Ham United\",\"isPartOf\":{\"@id\":\"https:\/\/footdavant.fr\/actualites\/#website\"},\"datePublished\":\"2026-02-14T20:48:00+00:00\",\"dateModified\":\"2026-02-14T20:48:01+00:00\",\"breadcrumb\":{\"@id\":\"https:\/\/footdavant.fr\/actualites\/harry-maguire-de-man-utd-publie-une-mise-a-jour-sur-sa-condition-physique-apres-une-blessure-contre-west-ham-united\/#breadcrumb\"},\"inLanguage\":\"fr-FR\",\"potentialAction\":[{\"@type\":\"ReadAction\",\"target\":[\"https:\/\/footdavant.fr\/actualites\/harry-maguire-de-man-utd-publie-une-mise-a-jour-sur-sa-condition-physique-apres-une-blessure-contre-west-ham-united\/\"]}]},{\"@type\":\"BreadcrumbList\",\"@id\":\"https:\/\/footdavant.fr\/actualites\/harry-maguire-de-man-utd-publie-une-mise-a-jour-sur-sa-condition-physique-apres-une-blessure-contre-west-ham-united\/#breadcrumb\",\"itemListElement\":[{\"@type\":\"ListItem\",\"position\":1,\"name\":\"Accueil\",\"item\":\"https:\/\/footdavant.fr\/actualites\/\"},{\"@type\":\"ListItem\",\"position\":2,\"name\":\"Harry Maguire de Man Utd publie une mise \u00e0 jour sur sa condition physique apr\u00e8s une blessure contre West Ham United\"}]},{\"@type\":\"WebSite\",\"@id\":\"https:\/\/footdavant.fr\/actualites\/#website\",\"url\":\"https:\/\/footdavant.fr\/actualites\/\",\"name\":\"Foot d'avant\",\"description\":\"\",\"publisher\":{\"@id\":\"https:\/\/footdavant.fr\/actualites\/#organization\"},\"potentialAction\":[{\"@type\":\"SearchAction\",\"target\":{\"@type\":\"EntryPoint\",\"urlTemplate\":\"https:\/\/footdavant.fr\/actualites\/?s={search_term_string}\"},\"query-input\":\"required name=search_term_string\"}],\"inLanguage\":\"fr-FR\"},{\"@type\":\"Organization\",\"@id\":\"https:\/\/footdavant.fr\/actualites\/#organization\",\"name\":\"Foot d'avant\",\"url\":\"https:\/\/footdavant.fr\/actualites\/\",\"logo\":{\"@type\":\"ImageObject\",\"inLanguage\":\"fr-FR\",\"@id\":\"https:\/\/footdavant.fr\/actualites\/#\/schema\/logo\/image\/\",\"url\":\"https:\/\/footdavant.fr\/actualites\/wp-content\/uploads\/2023\/09\/Copy-of-FootDavant-Logo.png\",\"contentUrl\":\"https:\/\/footdavant.fr\/actualites\/wp-content\/uploads\/2023\/09\/Copy-of-FootDavant-Logo.png\",\"width\":936,\"height\":549,\"caption\":\"Foot d'avant\"},\"image\":{\"@id\":\"https:\/\/footdavant.fr\/actualites\/#\/schema\/logo\/image\/\"},\"sameAs\":[\"https:\/\/www.facebook.com\/Footdavant\/\",\"https:\/\/twitter.com\/FootdavantFr\",\"https:\/\/www.instagram.com\/footdavant.fr\/\"]},{\"@type\":\"Person\",\"@id\":\"https:\/\/footdavant.fr\/actualites\/#\/schema\/person\/bc222566d95871b37e597b3ed3ba5e1d\",\"name\":\"Cl\u00e9ment\",\"image\":{\"@type\":\"ImageObject\",\"inLanguage\":\"fr-FR\",\"@id\":\"https:\/\/footdavant.fr\/actualites\/#\/schema\/person\/image\/\",\"url\":\"https:\/\/secure.gravatar.com\/avatar\/7728b29aac2719421e1a9159b2254c44?s=96&d=mm&r=g\",\"contentUrl\":\"https:\/\/secure.gravatar.com\/avatar\/7728b29aac2719421e1a9159b2254c44?s=96&d=mm&r=g\",\"caption\":\"Cl\u00e9ment\"},\"sameAs\":[\"https:\/\/footdavant.fr\/\"]}]}<\/script>\n<!-- \/ Yoast SEO plugin. -->","yoast_head_json":{"title":"Harry Maguire de Man Utd publie une mise \u00e0 jour sur sa condition physique apr\u00e8s une blessure contre West Ham United","robots":{"index":"index","follow":"follow","max-snippet":"max-snippet:-1","max-image-preview":"max-image-preview:large","max-video-preview":"max-video-preview:-1"},"canonical":"https:\/\/footdavant.fr\/actualites\/harry-maguire-de-man-utd-publie-une-mise-a-jour-sur-sa-condition-physique-apres-une-blessure-contre-west-ham-united\/","og_locale":"fr_FR","og_type":"article","og_title":"Harry Maguire de Man Utd publie une mise \u00e0 jour sur sa condition physique apr\u00e8s une blessure contre West Ham United","og_description":"Harry Maguire de Manchester United a minimis\u00e9 les craintes qu&#39;il puisse \u00eatre mis \u00e0 l&#39;\u00e9cart \u00e0 nouveau apr\u00e8s avoir \u00e9t\u00e9 remplac\u00e9 contre West Ham United","og_url":"https:\/\/footdavant.fr\/actualites\/harry-maguire-de-man-utd-publie-une-mise-a-jour-sur-sa-condition-physique-apres-une-blessure-contre-west-ham-united\/","og_site_name":"Foot d&#039;avant","article_publisher":"https:\/\/www.facebook.com\/Footdavant\/","article_published_time":"2026-02-14T20:48:00+00:00","article_modified_time":"2026-02-14T20:48:01+00:00","og_image":[{"width":720,"height":410,"url":"https:\/\/footdavant.fr\/actualites\/wp-content\/uploads\/2026\/02\/Harry-Maguire-de-Man-Utd-publie-une-mise-a-jour.net2Fuploads2F20262F012Farne-slot-mo-sal.webp","type":"image\/webp"}],"author":"Cl\u00e9ment","twitter_card":"summary_large_image","twitter_creator":"@FootdavantFr","twitter_site":"@FootdavantFr","twitter_misc":{"\u00c9crit par":"Cl\u00e9ment","Dur\u00e9e de lecture estim\u00e9e":"3 minutes"},"schema":{"@context":"https:\/\/schema.org","@graph":[{"@type":"Article","@id":"https:\/\/footdavant.fr\/actualites\/harry-maguire-de-man-utd-publie-une-mise-a-jour-sur-sa-condition-physique-apres-une-blessure-contre-west-ham-united\/#article","isPartOf":{"@id":"https:\/\/footdavant.fr\/actualites\/harry-maguire-de-man-utd-publie-une-mise-a-jour-sur-sa-condition-physique-apres-une-blessure-contre-west-ham-united\/"},"author":{"name":"Cl\u00e9ment","@id":"https:\/\/footdavant.fr\/actualites\/#\/schema\/person\/bc222566d95871b37e597b3ed3ba5e1d"},"headline":"Harry Maguire de Man Utd publie une mise \u00e0 jour sur sa condition physique apr\u00e8s une blessure contre West Ham United","datePublished":"2026-02-14T20:48:00+00:00","dateModified":"2026-02-14T20:48:01+00:00","mainEntityOfPage":{"@id":"https:\/\/footdavant.fr\/actualites\/harry-maguire-de-man-utd-publie-une-mise-a-jour-sur-sa-condition-physique-apres-une-blessure-contre-west-ham-united\/"},"wordCount":559,"publisher":{"@id":"https:\/\/footdavant.fr\/actualites\/#organization"},"keywords":["apr\u00e8s","Blessure","condition","contre","Ham","Harry","jour","Maguire","Man","mise","physique","publi\u00e9","sur","une","United","Utd","West"],"articleSection":["Premier League"],"inLanguage":"fr-FR"},{"@type":"WebPage","@id":"https:\/\/footdavant.fr\/actualites\/harry-maguire-de-man-utd-publie-une-mise-a-jour-sur-sa-condition-physique-apres-une-blessure-contre-west-ham-united\/","url":"https:\/\/footdavant.fr\/actualites\/harry-maguire-de-man-utd-publie-une-mise-a-jour-sur-sa-condition-physique-apres-une-blessure-contre-west-ham-united\/","name":"Harry Maguire de Man Utd publie une mise \u00e0 jour sur sa condition physique apr\u00e8s une blessure contre West Ham United","isPartOf":{"@id":"https:\/\/footdavant.fr\/actualites\/#website"},"datePublished":"2026-02-14T20:48:00+00:00","dateModified":"2026-02-14T20:48:01+00:00","breadcrumb":{"@id":"https:\/\/footdavant.fr\/actualites\/harry-maguire-de-man-utd-publie-une-mise-a-jour-sur-sa-condition-physique-apres-une-blessure-contre-west-ham-united\/#breadcrumb"},"inLanguage":"fr-FR","potentialAction":[{"@type":"ReadAction","target":["https:\/\/footdavant.fr\/actualites\/harry-maguire-de-man-utd-publie-une-mise-a-jour-sur-sa-condition-physique-apres-une-blessure-contre-west-ham-united\/"]}]},{"@type":"BreadcrumbList","@id":"https:\/\/footdavant.fr\/actualites\/harry-maguire-de-man-utd-publie-une-mise-a-jour-sur-sa-condition-physique-apres-une-blessure-contre-west-ham-united\/#breadcrumb","itemListElement":[{"@type":"ListItem","position":1,"name":"Accueil","item":"https:\/\/footdavant.fr\/actualites\/"},{"@type":"ListItem","position":2,"name":"Harry Maguire de Man Utd publie une mise \u00e0 jour sur sa condition physique apr\u00e8s une blessure contre West Ham United"}]},{"@type":"WebSite","@id":"https:\/\/footdavant.fr\/actualites\/#website","url":"https:\/\/footdavant.fr\/actualites\/","name":"Foot d'avant","description":"","publisher":{"@id":"https:\/\/footdavant.fr\/actualites\/#organization"},"potentialAction":[{"@type":"SearchAction","target":{"@type":"EntryPoint","urlTemplate":"https:\/\/footdavant.fr\/actualites\/?s={search_term_string}"},"query-input":"required name=search_term_string"}],"inLanguage":"fr-FR"},{"@type":"Organization","@id":"https:\/\/footdavant.fr\/actualites\/#organization","name":"Foot d'avant","url":"https:\/\/footdavant.fr\/actualites\/","logo":{"@type":"ImageObject","inLanguage":"fr-FR","@id":"https:\/\/footdavant.fr\/actualites\/#\/schema\/logo\/image\/","url":"https:\/\/footdavant.fr\/actualites\/wp-content\/uploads\/2023\/09\/Copy-of-FootDavant-Logo.png","contentUrl":"https:\/\/footdavant.fr\/actualites\/wp-content\/uploads\/2023\/09\/Copy-of-FootDavant-Logo.png","width":936,"height":549,"caption":"Foot d'avant"},"image":{"@id":"https:\/\/footdavant.fr\/actualites\/#\/schema\/logo\/image\/"},"sameAs":["https:\/\/www.facebook.com\/Footdavant\/","https:\/\/twitter.com\/FootdavantFr","https:\/\/www.instagram.com\/footdavant.fr\/"]},{"@type":"Person","@id":"https:\/\/footdavant.fr\/actualites\/#\/schema\/person\/bc222566d95871b37e597b3ed3ba5e1d","name":"Cl\u00e9ment","image":{"@type":"ImageObject","inLanguage":"fr-FR","@id":"https:\/\/footdavant.fr\/actualites\/#\/schema\/person\/image\/","url":"https:\/\/secure.gravatar.com\/avatar\/7728b29aac2719421e1a9159b2254c44?s=96&d=mm&r=g","contentUrl":"https:\/\/secure.gravatar.com\/avatar\/7728b29aac2719421e1a9159b2254c44?s=96&d=mm&r=g","caption":"Cl\u00e9ment"},"sameAs":["https:\/\/footdavant.fr\/"]}]}},"_links":{"self":[{"href":"https:\/\/footdavant.fr\/actualites\/wp-json\/wp\/v2\/posts\/34488"}],"collection":[{"href":"https:\/\/footdavant.fr\/actualites\/wp-json\/wp\/v2\/posts"}],"about":[{"href":"https:\/\/footdavant.fr\/actualites\/wp-json\/wp\/v2\/types\/post"}],"author":[{"embeddable":true,"href":"https:\/\/footdavant.fr\/actualites\/wp-json\/wp\/v2\/users\/1"}],"replies":[{"embeddable":true,"href":"https:\/\/footdavant.fr\/actualites\/wp-json\/wp\/v2\/comments?post=34488"}],"version-history":[{"count":1,"href":"https:\/\/footdavant.fr\/actualites\/wp-json\/wp\/v2\/posts\/34488\/revisions"}],"predecessor-version":[{"id":34490,"href":"https:\/\/footdavant.fr\/actualites\/wp-json\/wp\/v2\/posts\/34488\/revisions\/34490"}],"wp:featuredmedia":[{"embeddable":true,"href":"https:\/\/footdavant.fr\/actualites\/wp-json\/wp\/v2\/media\/34489"}],"wp:attachment":[{"href":"https:\/\/footdavant.fr\/actualites\/wp-json\/wp\/v2\/media?parent=34488"}],"wp:term":[{"taxonomy":"category","embeddable":true,"href":"https:\/\/footdavant.fr\/actualites\/wp-json\/wp\/v2\/categories?post=34488"},{"taxonomy":"post_tag","embeddable":true,"href":"https:\/\/footdavant.fr\/actualites\/wp-json\/wp\/v2\/tags?post=34488"}],"curies":[{"name":"wp","href":"https:\/\/api.w.org\/{rel}","templated":true}]}}