{"id":34491,"date":"2026-02-14T23:48:04","date_gmt":"2026-02-14T22:48:04","guid":{"rendered":"https:\/\/footdavant.fr\/actualites\/rapport-resultat-et-buts-alors-que-les-hotes-usurpent-barcelone-en-tete-de-la-liga-sans-kylian-mbappe\/"},"modified":"2026-02-14T23:48:06","modified_gmt":"2026-02-14T22:48:06","slug":"rapport-resultat-et-buts-alors-que-les-hotes-usurpent-barcelone-en-tete-de-la-liga-sans-kylian-mbappe","status":"publish","type":"post","link":"https:\/\/footdavant.fr\/actualites\/rapport-resultat-et-buts-alors-que-les-hotes-usurpent-barcelone-en-tete-de-la-liga-sans-kylian-mbappe\/","title":{"rendered":"Rapport, r\u00e9sultat et buts alors que les h\u00f4tes usurpent Barcelone en t\u00eate de la Liga sans Kylian Mbappe"},"content":{"rendered":"<div>\n<p>Vinicius Junior a converti deux p\u00e9nalit\u00e9s \u00e0 son retour de suspension alors que le Real Madrid a d\u00e9pass\u00e9 de deux points Barcelone en t\u00eate de la Liga en battant la Real Sociedad sans Kylian Mbappe \u00e0 l&#39;Estadio Bernabeu.<\/p>\n<p>Avec le meilleur buteur Mbappe sur le banc en raison d&#39;un probl\u00e8me au genou, Gonzalo Garcia a marqu\u00e9 son premier but en championnat depuis un tripl\u00e9 \u00e0 domicile contre le Real Betis le 4 janvier en inscrivant le centre de Trent Alexander-Arnold pour donner l&#39;avantage \u00e0 Madrid apr\u00e8s cinq minutes.<\/p>\n<p>Mikel Oyarzabal a \u00e9galis\u00e9 avec un penalty \u00e0 la 21e minute apr\u00e8s que Dean Huijsen ait \u00e9t\u00e9 averti pour un tacle irr\u00e9fl\u00e9chi \u00e0 l&#39;int\u00e9rieur de la surface sur Yangel Herrera, mais Vinicius Junior a frapp\u00e9 sur place aux 25e et 48e minutes, apr\u00e8s avoir \u00e9t\u00e9 victime d&#39;une faute de Jon Aramburu \u00e0 chaque fois.<\/p>\n<p>Entre les deux, la passe de Federico Valverde \u00e0 la 31e minute sur une passe d&#39;Alvaro Carreras a aid\u00e9 Madrid \u00e0 remporter une septi\u00e8me victoire cons\u00e9cutive en championnat, bien que le champion en titre, le Bar\u00e7a, les d\u00e9passera s&#39;il remporte son match en main au milieu de table de G\u00e9rone lundi (20h00 GMT).<\/p>\n<figure class=\"wp-block-embed is-type-rich is-provider-twitter wp-block-embed-twitter\"\/>\n<h2 class=\"wp-block-heading\"><span id=\"Analysis_Real_Madrid_cruise_despite_Kylian_Mbappe_injury\">Analyse : le Real Madrid en croisi\u00e8re malgr\u00e9 la blessure de Kylian Mbappe<\/span><\/h2>\n<p>Mbappe avait marqu\u00e9 lors de chacun des quatre matches de championnat pr\u00e9c\u00e9dents de Madrid et avait marqu\u00e9 au moins une fois dans chacun des six derniers pour lesquels il \u00e9tait disponible, marquant un total de cinq fois au cours de ces matchs.<\/p>\n<p>Mais Madrid a eu le luxe de laisser son talisman inutilis\u00e9, semblant rarement troubl\u00e9 apr\u00e8s son deuxi\u00e8me but contre des adversaires en forme en qu\u00eate de qualification europ\u00e9enne.<\/p>\n<p>La Sociedad \u00e9tait invaincue depuis 11 matches toutes comp\u00e9titions confondues, avec huit victoires en cours de route, dont une victoire 1-0 contre l&#39;Athletic Bilbao lors du match aller de sa demi-finale de la Copa del Rey mercredi.<\/p>\n<p>Ils avaient \u00e9galement remport\u00e9 quatre de leurs cinq matches pr\u00e9c\u00e9dents de Liga, mais Madrid compte d\u00e9sormais 19 victoires en 24 matches de haut niveau cette saison, ainsi que 33 points en 12 matches au Bernabeu.<\/p>\n<p>Les 15 fois champions d&#39;Europe ont \u00e9galement remport\u00e9 le match inverse 2-1 et sont invaincus dans ce match depuis mai 2023, tandis que le mauvais bilan \u00e0 l&#39;ext\u00e9rieur de la Sociedad totalise d\u00e9sormais 11 points en 12 matches de championnat \u00e0 l&#39;ext\u00e9rieur.<\/p>\n<figure class=\"wp-block-image size-large\"><picture decoding=\"async\" class=\"wp-image-96944\"><source type=\"image\/webp\" data-lazy- \/><img loading=\"lazy\" decoding=\"async\" width=\"1024\" height=\"576\" src=\"https:\/\/footdavant.fr\/actualites\/wp-content\/uploads\/2026\/02\/Rapport-resultat-et-buts-alors-que-les-hotes-usurpent-Barcelone.jpg\" alt=\"Kylian Mbapp\u00e9 joue au football pour le Real Madrid\"  \/>\n<\/picture>\n<\/figure>\n<h2 class=\"wp-block-heading\"><span id=\"Real_Madrid_starting_team_vs_Real_Sociedad\">\u00c9quipe de d\u00e9part du Real Madrid contre la Real Sociedad<\/span><\/h2>\n<p>La principale nouvelle concerne Mbapp\u00e9, qui a marqu\u00e9 38 buts en 31 apparitions toutes comp\u00e9titions confondues cette saison, trouvant le chemin des filets 23 fois en 22 matches de championnat.<\/p>\n<p>Eder Militao et Jude Bellingham \u00e9taient absents en raison de blessures aux ischio-jambiers, mais Vinicius Junior \u00e9tait de retour et Alexander-Arnold a d\u00e9but\u00e9 apr\u00e8s son r\u00e9cent retour \u00e0 l&#39;action.<\/p>\n<p>Brahim Diaz est rest\u00e9 sur le banc malgr\u00e9 une impressionnante apparition en remplacement lors de la victoire 2-0 \u00e0 Valence le dimanche pr\u00e9c\u00e9dent.<\/p>\n<p>  Thibaut Courtois, Trent Alexander-Arnold, Antonio Rudiger, Dean Huijsen, Alvaro Carreras, Federico Valverde, Aur\u00e9lien Tchouameni, Arda Guler, Eduardo Camavinga, Gonzalo Garcia, Vinicius Junior<\/p>\n<p>Andrii Lunin, Dani Carvajal, David Alaba, Kylian Mbappe, Raul Asencio, Dani Ceballos, Fran Garcia, Brahim Diaz, Ferland Mendy, Jorge Cestero, Franco Mastantuono, Cesar Palacios<\/p>\n<figure class=\"wp-block-image size-large\"><picture decoding=\"async\" class=\"wp-image-113601\"><source type=\"image\/webp\" data-lazy- \/><img loading=\"lazy\" decoding=\"async\" width=\"1024\" height=\"683\" http:=\"\" alt=\"Le footballeur Vinicius Junior joue pour le Real Madrid Football Club\"  data-lazy- src=\"https:\/\/footdavant.fr\/actualites\/wp-content\/uploads\/2026\/02\/1771109284_115_Rapport-resultat-et-buts-alors-que-les-hotes-usurpent-Barcelone.jpg\"\/><img loading=\"lazy\" decoding=\"async\" width=\"1024\" height=\"683\" src=\"https:\/\/footdavant.fr\/actualites\/wp-content\/uploads\/2026\/02\/1771109284_115_Rapport-resultat-et-buts-alors-que-les-hotes-usurpent-Barcelone.jpg\" alt=\"Le footballeur Vinicius Junior joue pour le Real Madrid Football Club\"  \/>\n<\/picture>\n<\/figure>\n<h2 class=\"wp-block-heading\"><span id=\"Real_Sociedad_full_line_up_vs_Real_Madrid\">Composition compl\u00e8te de la Real Sociedad contre le Real Madrid<\/span><\/h2>\n<p>Il manquait Takefusa Kubo \u00e0 la Real Sociedad, tandis que Brais Mendez \u00e9tait suspendu. Arsen Zakharyan, Ander Barrenetxea et Luka Sucic \u00e9taient \u00e9galement absents.<\/p>\n<p>Alvaro Odriozola \u00e9tait sur le banc face \u00e0 son ancien club. Oyarzabal a men\u00e9 l&#39;attaque de la Sociedad.<\/p>\n<p>  Alex Remiro, Jon Aramburu, Jon Martin, Igor Zubeldia, Aihen Munoz, Pablo Marin, Jon Gorrotxategi, Yangel Herrera, Wesley, Mikel Oyarzabal, Carlos Soler<\/p>\n<p>Unai Marrero, Aritz Elustondo, Benat Turrientes, Orri Oskarsson, Goncalo Guedes, Duje Caleta-Car, Sergio Gomez, Jon Karrikaburu, Alvaro Odriozola, Daniel Diaz, Ibai Aguirre, Job Ochien<\/p>\n<h2 class=\"wp-block-heading\"><span id=\"What8217s_next_for_these_teams_Real_Madrid_Real_Sociedad_fixtures\">Quelle est la prochaine \u00e9tape pour ces \u00e9quipes ? Real Madrid, Real Sociedad prochains matchs<\/span><\/h2>\n<p>Madrid retrouve Benfica, qui l&#39;a battu lors de son dernier match de la phase de championnat, en huiti\u00e8mes de finale de la Ligue des Champions, mardi (20h00 GMT).<\/p>\n<p>Ils rendront ensuite visite \u00e0 Osasuna, actuellement neuvi\u00e8me de la Liga, pour son retour dans l&#39;\u00e9lite, samedi (17h30).<\/p>\n<p>La Sociedad sera la prochaine en action le m\u00eame jour, accueillant Oviedo, menac\u00e9 de rel\u00e9gation (13h00).<\/p>\n<\/div>\n","protected":false},"excerpt":{"rendered":"<p>Vinicius Junior a converti deux p\u00e9nalit\u00e9s \u00e0 son retour de suspension alors que le Real Madrid a d\u00e9pass\u00e9 de deux points Barcelone en t\u00eate de<\/p>\n","protected":false},"author":1,"featured_media":23891,"comment_status":"closed","ping_status":"","sticky":false,"template":"","format":"standard","meta":{"footnotes":""},"categories":[3],"tags":[318,130,200,6569,62,93,1704,63,918,3669,706,568,11502],"yoast_head":"<!-- This site is optimized with the Yoast SEO plugin v21.0 - https:\/\/yoast.com\/wordpress\/plugins\/seo\/ -->\n<title>Rapport, r\u00e9sultat et buts alors que les h\u00f4tes usurpent Barcelone en t\u00eate de la Liga sans Kylian Mbappe<\/title>\n<meta name=\"robots\" content=\"index, follow, max-snippet:-1, max-image-preview:large, max-video-preview:-1\" \/>\n<link rel=\"canonical\" href=\"https:\/\/footdavant.fr\/actualites\/rapport-resultat-et-buts-alors-que-les-hotes-usurpent-barcelone-en-tete-de-la-liga-sans-kylian-mbappe\/\" \/>\n<meta property=\"og:locale\" content=\"fr_FR\" \/>\n<meta property=\"og:type\" content=\"article\" \/>\n<meta property=\"og:title\" content=\"Rapport, r\u00e9sultat et buts alors que les h\u00f4tes usurpent Barcelone en t\u00eate de la Liga sans Kylian Mbappe\" \/>\n<meta property=\"og:description\" content=\"Vinicius Junior a converti deux p\u00e9nalit\u00e9s \u00e0 son retour de suspension alors que le Real Madrid a d\u00e9pass\u00e9 de deux points Barcelone en t\u00eate de\" \/>\n<meta property=\"og:url\" content=\"https:\/\/footdavant.fr\/actualites\/rapport-resultat-et-buts-alors-que-les-hotes-usurpent-barcelone-en-tete-de-la-liga-sans-kylian-mbappe\/\" \/>\n<meta property=\"og:site_name\" content=\"Foot d&#039;avant\" \/>\n<meta property=\"article:publisher\" content=\"https:\/\/www.facebook.com\/Footdavant\/\" \/>\n<meta property=\"article:published_time\" content=\"2026-02-14T22:48:04+00:00\" \/>\n<meta property=\"article:modified_time\" content=\"2026-02-14T22:48:06+00:00\" \/>\n<meta property=\"og:image\" content=\"https:\/\/footdavant.fr\/actualites\/wp-content\/uploads\/2025\/05\/Ancien-directeur-sportif-du-Real-Madrid-pas-contre-la-vente.jpg\" \/>\n\t<meta property=\"og:image:width\" content=\"1200\" \/>\n\t<meta property=\"og:image:height\" content=\"675\" \/>\n\t<meta property=\"og:image:type\" content=\"image\/jpeg\" \/>\n<meta name=\"author\" content=\"Cl\u00e9ment\" \/>\n<meta name=\"twitter:card\" content=\"summary_large_image\" \/>\n<meta name=\"twitter:creator\" content=\"@FootdavantFr\" \/>\n<meta name=\"twitter:site\" content=\"@FootdavantFr\" \/>\n<meta name=\"twitter:label1\" content=\"\u00c9crit par\" \/>\n\t<meta name=\"twitter:data1\" content=\"Cl\u00e9ment\" \/>\n\t<meta name=\"twitter:label2\" content=\"Dur\u00e9e de lecture estim\u00e9e\" \/>\n\t<meta name=\"twitter:data2\" content=\"4 minutes\" \/>\n<script type=\"application\/ld+json\" class=\"yoast-schema-graph\">{\"@context\":\"https:\/\/schema.org\",\"@graph\":[{\"@type\":\"Article\",\"@id\":\"https:\/\/footdavant.fr\/actualites\/rapport-resultat-et-buts-alors-que-les-hotes-usurpent-barcelone-en-tete-de-la-liga-sans-kylian-mbappe\/#article\",\"isPartOf\":{\"@id\":\"https:\/\/footdavant.fr\/actualites\/rapport-resultat-et-buts-alors-que-les-hotes-usurpent-barcelone-en-tete-de-la-liga-sans-kylian-mbappe\/\"},\"author\":{\"name\":\"Cl\u00e9ment\",\"@id\":\"https:\/\/footdavant.fr\/actualites\/#\/schema\/person\/bc222566d95871b37e597b3ed3ba5e1d\"},\"headline\":\"Rapport, r\u00e9sultat et buts alors que les h\u00f4tes usurpent Barcelone en t\u00eate de la Liga sans Kylian Mbappe\",\"datePublished\":\"2026-02-14T22:48:04+00:00\",\"dateModified\":\"2026-02-14T22:48:06+00:00\",\"mainEntityOfPage\":{\"@id\":\"https:\/\/footdavant.fr\/actualites\/rapport-resultat-et-buts-alors-que-les-hotes-usurpent-barcelone-en-tete-de-la-liga-sans-kylian-mbappe\/\"},\"wordCount\":751,\"publisher\":{\"@id\":\"https:\/\/footdavant.fr\/actualites\/#organization\"},\"keywords\":[\"alors\",\"Barcelone\",\"buts\",\"h\u00f4tes\",\"Kylian\",\"les\",\"Liga\",\"Mbappe\",\"rapport\",\"r\u00e9sultat\",\"sans\",\"t\u00eate\",\"usurpent\"],\"articleSection\":[\"Football\"],\"inLanguage\":\"fr-FR\"},{\"@type\":\"WebPage\",\"@id\":\"https:\/\/footdavant.fr\/actualites\/rapport-resultat-et-buts-alors-que-les-hotes-usurpent-barcelone-en-tete-de-la-liga-sans-kylian-mbappe\/\",\"url\":\"https:\/\/footdavant.fr\/actualites\/rapport-resultat-et-buts-alors-que-les-hotes-usurpent-barcelone-en-tete-de-la-liga-sans-kylian-mbappe\/\",\"name\":\"Rapport, r\u00e9sultat et buts alors que les h\u00f4tes usurpent Barcelone en t\u00eate de la Liga sans Kylian Mbappe\",\"isPartOf\":{\"@id\":\"https:\/\/footdavant.fr\/actualites\/#website\"},\"datePublished\":\"2026-02-14T22:48:04+00:00\",\"dateModified\":\"2026-02-14T22:48:06+00:00\",\"breadcrumb\":{\"@id\":\"https:\/\/footdavant.fr\/actualites\/rapport-resultat-et-buts-alors-que-les-hotes-usurpent-barcelone-en-tete-de-la-liga-sans-kylian-mbappe\/#breadcrumb\"},\"inLanguage\":\"fr-FR\",\"potentialAction\":[{\"@type\":\"ReadAction\",\"target\":[\"https:\/\/footdavant.fr\/actualites\/rapport-resultat-et-buts-alors-que-les-hotes-usurpent-barcelone-en-tete-de-la-liga-sans-kylian-mbappe\/\"]}]},{\"@type\":\"BreadcrumbList\",\"@id\":\"https:\/\/footdavant.fr\/actualites\/rapport-resultat-et-buts-alors-que-les-hotes-usurpent-barcelone-en-tete-de-la-liga-sans-kylian-mbappe\/#breadcrumb\",\"itemListElement\":[{\"@type\":\"ListItem\",\"position\":1,\"name\":\"Accueil\",\"item\":\"https:\/\/footdavant.fr\/actualites\/\"},{\"@type\":\"ListItem\",\"position\":2,\"name\":\"Rapport, r\u00e9sultat et buts alors que les h\u00f4tes usurpent Barcelone en t\u00eate de la Liga sans Kylian Mbappe\"}]},{\"@type\":\"WebSite\",\"@id\":\"https:\/\/footdavant.fr\/actualites\/#website\",\"url\":\"https:\/\/footdavant.fr\/actualites\/\",\"name\":\"Foot d'avant\",\"description\":\"\",\"publisher\":{\"@id\":\"https:\/\/footdavant.fr\/actualites\/#organization\"},\"potentialAction\":[{\"@type\":\"SearchAction\",\"target\":{\"@type\":\"EntryPoint\",\"urlTemplate\":\"https:\/\/footdavant.fr\/actualites\/?s={search_term_string}\"},\"query-input\":\"required name=search_term_string\"}],\"inLanguage\":\"fr-FR\"},{\"@type\":\"Organization\",\"@id\":\"https:\/\/footdavant.fr\/actualites\/#organization\",\"name\":\"Foot d'avant\",\"url\":\"https:\/\/footdavant.fr\/actualites\/\",\"logo\":{\"@type\":\"ImageObject\",\"inLanguage\":\"fr-FR\",\"@id\":\"https:\/\/footdavant.fr\/actualites\/#\/schema\/logo\/image\/\",\"url\":\"https:\/\/footdavant.fr\/actualites\/wp-content\/uploads\/2023\/09\/Copy-of-FootDavant-Logo.png\",\"contentUrl\":\"https:\/\/footdavant.fr\/actualites\/wp-content\/uploads\/2023\/09\/Copy-of-FootDavant-Logo.png\",\"width\":936,\"height\":549,\"caption\":\"Foot d'avant\"},\"image\":{\"@id\":\"https:\/\/footdavant.fr\/actualites\/#\/schema\/logo\/image\/\"},\"sameAs\":[\"https:\/\/www.facebook.com\/Footdavant\/\",\"https:\/\/twitter.com\/FootdavantFr\",\"https:\/\/www.instagram.com\/footdavant.fr\/\"]},{\"@type\":\"Person\",\"@id\":\"https:\/\/footdavant.fr\/actualites\/#\/schema\/person\/bc222566d95871b37e597b3ed3ba5e1d\",\"name\":\"Cl\u00e9ment\",\"image\":{\"@type\":\"ImageObject\",\"inLanguage\":\"fr-FR\",\"@id\":\"https:\/\/footdavant.fr\/actualites\/#\/schema\/person\/image\/\",\"url\":\"https:\/\/secure.gravatar.com\/avatar\/7728b29aac2719421e1a9159b2254c44?s=96&d=mm&r=g\",\"contentUrl\":\"https:\/\/secure.gravatar.com\/avatar\/7728b29aac2719421e1a9159b2254c44?s=96&d=mm&r=g\",\"caption\":\"Cl\u00e9ment\"},\"sameAs\":[\"https:\/\/footdavant.fr\/\"]}]}<\/script>\n<!-- \/ Yoast SEO plugin. -->","yoast_head_json":{"title":"Rapport, r\u00e9sultat et buts alors que les h\u00f4tes usurpent Barcelone en t\u00eate de la Liga sans Kylian Mbappe","robots":{"index":"index","follow":"follow","max-snippet":"max-snippet:-1","max-image-preview":"max-image-preview:large","max-video-preview":"max-video-preview:-1"},"canonical":"https:\/\/footdavant.fr\/actualites\/rapport-resultat-et-buts-alors-que-les-hotes-usurpent-barcelone-en-tete-de-la-liga-sans-kylian-mbappe\/","og_locale":"fr_FR","og_type":"article","og_title":"Rapport, r\u00e9sultat et buts alors que les h\u00f4tes usurpent Barcelone en t\u00eate de la Liga sans Kylian Mbappe","og_description":"Vinicius Junior a converti deux p\u00e9nalit\u00e9s \u00e0 son retour de suspension alors que le Real Madrid a d\u00e9pass\u00e9 de deux points Barcelone en t\u00eate de","og_url":"https:\/\/footdavant.fr\/actualites\/rapport-resultat-et-buts-alors-que-les-hotes-usurpent-barcelone-en-tete-de-la-liga-sans-kylian-mbappe\/","og_site_name":"Foot d&#039;avant","article_publisher":"https:\/\/www.facebook.com\/Footdavant\/","article_published_time":"2026-02-14T22:48:04+00:00","article_modified_time":"2026-02-14T22:48:06+00:00","og_image":[{"width":1200,"height":675,"url":"https:\/\/footdavant.fr\/actualites\/wp-content\/uploads\/2025\/05\/Ancien-directeur-sportif-du-Real-Madrid-pas-contre-la-vente.jpg","type":"image\/jpeg"}],"author":"Cl\u00e9ment","twitter_card":"summary_large_image","twitter_creator":"@FootdavantFr","twitter_site":"@FootdavantFr","twitter_misc":{"\u00c9crit par":"Cl\u00e9ment","Dur\u00e9e de lecture estim\u00e9e":"4 minutes"},"schema":{"@context":"https:\/\/schema.org","@graph":[{"@type":"Article","@id":"https:\/\/footdavant.fr\/actualites\/rapport-resultat-et-buts-alors-que-les-hotes-usurpent-barcelone-en-tete-de-la-liga-sans-kylian-mbappe\/#article","isPartOf":{"@id":"https:\/\/footdavant.fr\/actualites\/rapport-resultat-et-buts-alors-que-les-hotes-usurpent-barcelone-en-tete-de-la-liga-sans-kylian-mbappe\/"},"author":{"name":"Cl\u00e9ment","@id":"https:\/\/footdavant.fr\/actualites\/#\/schema\/person\/bc222566d95871b37e597b3ed3ba5e1d"},"headline":"Rapport, r\u00e9sultat et buts alors que les h\u00f4tes usurpent Barcelone en t\u00eate de la Liga sans Kylian Mbappe","datePublished":"2026-02-14T22:48:04+00:00","dateModified":"2026-02-14T22:48:06+00:00","mainEntityOfPage":{"@id":"https:\/\/footdavant.fr\/actualites\/rapport-resultat-et-buts-alors-que-les-hotes-usurpent-barcelone-en-tete-de-la-liga-sans-kylian-mbappe\/"},"wordCount":751,"publisher":{"@id":"https:\/\/footdavant.fr\/actualites\/#organization"},"keywords":["alors","Barcelone","buts","h\u00f4tes","Kylian","les","Liga","Mbappe","rapport","r\u00e9sultat","sans","t\u00eate","usurpent"],"articleSection":["Football"],"inLanguage":"fr-FR"},{"@type":"WebPage","@id":"https:\/\/footdavant.fr\/actualites\/rapport-resultat-et-buts-alors-que-les-hotes-usurpent-barcelone-en-tete-de-la-liga-sans-kylian-mbappe\/","url":"https:\/\/footdavant.fr\/actualites\/rapport-resultat-et-buts-alors-que-les-hotes-usurpent-barcelone-en-tete-de-la-liga-sans-kylian-mbappe\/","name":"Rapport, r\u00e9sultat et buts alors que les h\u00f4tes usurpent Barcelone en t\u00eate de la Liga sans Kylian Mbappe","isPartOf":{"@id":"https:\/\/footdavant.fr\/actualites\/#website"},"datePublished":"2026-02-14T22:48:04+00:00","dateModified":"2026-02-14T22:48:06+00:00","breadcrumb":{"@id":"https:\/\/footdavant.fr\/actualites\/rapport-resultat-et-buts-alors-que-les-hotes-usurpent-barcelone-en-tete-de-la-liga-sans-kylian-mbappe\/#breadcrumb"},"inLanguage":"fr-FR","potentialAction":[{"@type":"ReadAction","target":["https:\/\/footdavant.fr\/actualites\/rapport-resultat-et-buts-alors-que-les-hotes-usurpent-barcelone-en-tete-de-la-liga-sans-kylian-mbappe\/"]}]},{"@type":"BreadcrumbList","@id":"https:\/\/footdavant.fr\/actualites\/rapport-resultat-et-buts-alors-que-les-hotes-usurpent-barcelone-en-tete-de-la-liga-sans-kylian-mbappe\/#breadcrumb","itemListElement":[{"@type":"ListItem","position":1,"name":"Accueil","item":"https:\/\/footdavant.fr\/actualites\/"},{"@type":"ListItem","position":2,"name":"Rapport, r\u00e9sultat et buts alors que les h\u00f4tes usurpent Barcelone en t\u00eate de la Liga sans Kylian Mbappe"}]},{"@type":"WebSite","@id":"https:\/\/footdavant.fr\/actualites\/#website","url":"https:\/\/footdavant.fr\/actualites\/","name":"Foot d'avant","description":"","publisher":{"@id":"https:\/\/footdavant.fr\/actualites\/#organization"},"potentialAction":[{"@type":"SearchAction","target":{"@type":"EntryPoint","urlTemplate":"https:\/\/footdavant.fr\/actualites\/?s={search_term_string}"},"query-input":"required name=search_term_string"}],"inLanguage":"fr-FR"},{"@type":"Organization","@id":"https:\/\/footdavant.fr\/actualites\/#organization","name":"Foot d'avant","url":"https:\/\/footdavant.fr\/actualites\/","logo":{"@type":"ImageObject","inLanguage":"fr-FR","@id":"https:\/\/footdavant.fr\/actualites\/#\/schema\/logo\/image\/","url":"https:\/\/footdavant.fr\/actualites\/wp-content\/uploads\/2023\/09\/Copy-of-FootDavant-Logo.png","contentUrl":"https:\/\/footdavant.fr\/actualites\/wp-content\/uploads\/2023\/09\/Copy-of-FootDavant-Logo.png","width":936,"height":549,"caption":"Foot d'avant"},"image":{"@id":"https:\/\/footdavant.fr\/actualites\/#\/schema\/logo\/image\/"},"sameAs":["https:\/\/www.facebook.com\/Footdavant\/","https:\/\/twitter.com\/FootdavantFr","https:\/\/www.instagram.com\/footdavant.fr\/"]},{"@type":"Person","@id":"https:\/\/footdavant.fr\/actualites\/#\/schema\/person\/bc222566d95871b37e597b3ed3ba5e1d","name":"Cl\u00e9ment","image":{"@type":"ImageObject","inLanguage":"fr-FR","@id":"https:\/\/footdavant.fr\/actualites\/#\/schema\/person\/image\/","url":"https:\/\/secure.gravatar.com\/avatar\/7728b29aac2719421e1a9159b2254c44?s=96&d=mm&r=g","contentUrl":"https:\/\/secure.gravatar.com\/avatar\/7728b29aac2719421e1a9159b2254c44?s=96&d=mm&r=g","caption":"Cl\u00e9ment"},"sameAs":["https:\/\/footdavant.fr\/"]}]}},"_links":{"self":[{"href":"https:\/\/footdavant.fr\/actualites\/wp-json\/wp\/v2\/posts\/34491"}],"collection":[{"href":"https:\/\/footdavant.fr\/actualites\/wp-json\/wp\/v2\/posts"}],"about":[{"href":"https:\/\/footdavant.fr\/actualites\/wp-json\/wp\/v2\/types\/post"}],"author":[{"embeddable":true,"href":"https:\/\/footdavant.fr\/actualites\/wp-json\/wp\/v2\/users\/1"}],"replies":[{"embeddable":true,"href":"https:\/\/footdavant.fr\/actualites\/wp-json\/wp\/v2\/comments?post=34491"}],"version-history":[{"count":1,"href":"https:\/\/footdavant.fr\/actualites\/wp-json\/wp\/v2\/posts\/34491\/revisions"}],"predecessor-version":[{"id":34492,"href":"https:\/\/footdavant.fr\/actualites\/wp-json\/wp\/v2\/posts\/34491\/revisions\/34492"}],"wp:featuredmedia":[{"embeddable":true,"href":"https:\/\/footdavant.fr\/actualites\/wp-json\/wp\/v2\/media\/23891"}],"wp:attachment":[{"href":"https:\/\/footdavant.fr\/actualites\/wp-json\/wp\/v2\/media?parent=34491"}],"wp:term":[{"taxonomy":"category","embeddable":true,"href":"https:\/\/footdavant.fr\/actualites\/wp-json\/wp\/v2\/categories?post=34491"},{"taxonomy":"post_tag","embeddable":true,"href":"https:\/\/footdavant.fr\/actualites\/wp-json\/wp\/v2\/tags?post=34491"}],"curies":[{"name":"wp","href":"https:\/\/api.w.org\/{rel}","templated":true}]}}