{"id":34493,"date":"2026-02-15T01:48:05","date_gmt":"2026-02-15T00:48:05","guid":{"rendered":"https:\/\/footdavant.fr\/actualites\/les-reflexions-de-man-utd-sur-le-voyage-immediat-de-mi-saison-revelees-avec-un-long-ecart-jusquau-choc-deverton\/"},"modified":"2026-02-15T01:48:07","modified_gmt":"2026-02-15T00:48:07","slug":"les-reflexions-de-man-utd-sur-le-voyage-immediat-de-mi-saison-revelees-avec-un-long-ecart-jusquau-choc-deverton","status":"publish","type":"post","link":"https:\/\/footdavant.fr\/actualites\/les-reflexions-de-man-utd-sur-le-voyage-immediat-de-mi-saison-revelees-avec-un-long-ecart-jusquau-choc-deverton\/","title":{"rendered":"Les r\u00e9flexions de Man Utd sur le voyage imm\u00e9diat de mi-saison r\u00e9v\u00e9l\u00e9es avec un long \u00e9cart jusqu&#39;au choc d&#39;Everton"},"content":{"rendered":"<div itemprop=\"articleBody\">\n<p>L&#39;entra\u00eeneur-chef de Manchester United, Michael Carrick, a confirm\u00e9 que les Red Devils resteraient \u00e0 Manchester pour pr\u00e9parer leur prochain match contre Everton.<\/p>\n<p>Les 20 fois champions d&#39;Angleterre ont \u00e9t\u00e9 \u00e9limin\u00e9s au troisi\u00e8me tour de la FA Cup par Brighton &#038; Hove Albion et ne seront donc de retour en action qu&#39;\u00e0 l&#39;occasion d&#39;un d\u00e9placement \u00e0 Everton en Premier League le 23 f\u00e9vrier.<\/p>\n<p>Il y a eu des suggestions selon lesquelles Man United pourrait se rendre \u00e0 l&#39;\u00e9tranger pour un camp d&#39;entra\u00eenement, avec des matchs amicaux de mi-saison une option pour le club.<\/p>\n<p>Cependant, les Red Devils resteront \u00e0 Manchester pour pr\u00e9parer leur prochain match contre les Toffees, Carrick recherchant des joueurs pour \u00ab recharger leurs batteries \u00bb.<\/p>\n<p>\u00ab\u00a0Nous resterons \u00e0 Manchester. C&#39;est l&#39;occasion de recharger nos batteries. Il y a quelques blessures et quelques petits soucis. Ce sera l&#39;occasion de faire une petite pause, d&#39;assimiler cette p\u00e9riode, de se vider la t\u00eate, de travailler et de revenir encore plus fort. C&#39;est \u00e9trange, 13 jours, mais nous allons essayer d&#39;en profiter au maximum\u00a0\u00bb, a d\u00e9clar\u00e9 Carrick aux journalistes lors de sa conf\u00e9rence de presse d&#39;apr\u00e8s-match.<\/p>\n<div>\n<div>\n<div>\n<div>\n<p>\u00a9 Imago \/ Chaque deuxi\u00e8me m\u00e9dia<\/p>\n<\/div>\n<\/div>\n<\/div>\n<\/div>\n<h2>Man Utd restera \u00e0 Manchester pour pr\u00e9parer le match d&#39;Everton<\/h2>\n<p>La s\u00e9rie de quatre victoires de Man United en Premier League a pris fin mardi soir, alors qu&#39;ils ont fait match nul 1-1 contre West Ham United au stade de Londres.<\/p>\n<p>Benjamin Sesko a marqu\u00e9 un dernier but pour les Diables Rouges, qui restent quatri\u00e8mes du classement de la Premier League, un point devant Chelsea, cinqui\u00e8me.<\/p>\n<p>\u00ab\u00a0Nous allions bien. Je pense que nous sommes un peu d\u00e9\u00e7us\u00a0\u00bb, a d\u00e9clar\u00e9 Carrick. <em>TNT Sports<\/em> apr\u00e8s le match.<\/p>\n<p>\u00ab\u00a0Nous n&#39;\u00e9tions certainement pas \u00e0 notre meilleur niveau. Nous avons disput\u00e9 cinq matchs maintenant et nous sommes \u00e0 un tr\u00e8s bon niveau. C&#39;est un endroit difficile \u00e0 atteindre, ils ont rendu la t\u00e2che difficile, et nous n&#39;avions tout simplement pas cette acuit\u00e9 ou cette \u00e9tincelle, vraiment, pour trouver les r\u00e9ponses trop souvent.<\/p>\n<p>\u00ab\u00a0Mais au final, c&#39;est un grand m\u00e9rite pour les gar\u00e7ons, l&#39;entrain \u00e0 nouveau dans le but tardif, et quand nous en avions besoin. C&#39;est une grande qualit\u00e9 \u00e0 avoir. Donc, nous allons prendre le point et passer \u00e0 autre chose.\u00a0\u00bb<\/p>\n<div>\n<div>\n<div>\n<div><img decoding=\"async\" data-img-id=\"157524\" class=\"lazy\" loading=\"lazy\" src=\"https:\/\/footdavant.fr\/actualites\/wp-content\/uploads\/2026\/02\/1771116485_570_Les-reflexions-de-Man-Utd-sur-le-voyage-immediat-de.webp\"\/><\/p>\n<p>\u00a9 Imago \/ APL<\/p>\n<\/div>\n<\/div>\n<\/div>\n<\/div>\n<h2>Man Utd pourrait-il encore se rendre \u00e0 l\u2019\u00e9tranger pour des matchs amicaux de mi-saison ?<\/h2>\n<p>Man United aura un intervalle de 11 jours entre les matches de Premier League contre Newcastle United le 4 mars et Aston Villa le 15 mars, tandis qu&#39;il y aura un intervalle de 22 jours entre leurs matches avec Bournemouth (20 mars) et Leeds United (11 avril).<\/p>\n<p>En cons\u00e9quence, il est toujours possible que les Red Devils se rendent \u00e0 l\u2019\u00e9tranger pour participer \u00e0 quelques matchs amicaux lucratifs, ce qui pourrait rapporter au club environ 5 millions de livres sterling par match.<\/p>\n<p>L&#39;Arabie Saoudite serait la destination la plus probable pour tout voyage, mais un certain nombre de facteurs doivent \u00eatre pris en compte avant qu&#39;une d\u00e9cision finale ne soit prise, l&#39;objectif principal de Man United pour le reste de la saison \u00e9tant d&#39;assurer la Ligue des Champions pour la prochaine saison.<\/p>\n<\/div>\n","protected":false},"excerpt":{"rendered":"<p>L&#39;entra\u00eeneur-chef de Manchester United, Michael Carrick, a confirm\u00e9 que les Red Devils resteraient \u00e0 Manchester pour pr\u00e9parer leur prochain match contre Everton. Les 20 fois<\/p>\n","protected":false},"author":1,"featured_media":34494,"comment_status":"closed","ping_status":"","sticky":false,"template":"","format":"standard","meta":{"footnotes":""},"categories":[5],"tags":[91,332,4282,5443,11477,7347,93,1827,24,2024,4048,7155,103,296,759],"yoast_head":"<!-- This site is optimized with the Yoast SEO plugin v21.0 - https:\/\/yoast.com\/wordpress\/plugins\/seo\/ -->\n<title>Les r\u00e9flexions de Man Utd sur le voyage imm\u00e9diat de mi-saison r\u00e9v\u00e9l\u00e9es avec un long \u00e9cart jusqu&#039;au choc d&#039;Everton<\/title>\n<meta name=\"robots\" content=\"index, follow, max-snippet:-1, max-image-preview:large, max-video-preview:-1\" \/>\n<link rel=\"canonical\" href=\"https:\/\/footdavant.fr\/actualites\/les-reflexions-de-man-utd-sur-le-voyage-immediat-de-mi-saison-revelees-avec-un-long-ecart-jusquau-choc-deverton\/\" \/>\n<meta property=\"og:locale\" content=\"fr_FR\" \/>\n<meta property=\"og:type\" content=\"article\" \/>\n<meta property=\"og:title\" content=\"Les r\u00e9flexions de Man Utd sur le voyage imm\u00e9diat de mi-saison r\u00e9v\u00e9l\u00e9es avec un long \u00e9cart jusqu&#039;au choc d&#039;Everton\" \/>\n<meta property=\"og:description\" content=\"L&#039;entra\u00eeneur-chef de Manchester United, Michael Carrick, a confirm\u00e9 que les Red Devils resteraient \u00e0 Manchester pour pr\u00e9parer leur prochain match contre Everton. Les 20 fois\" \/>\n<meta property=\"og:url\" content=\"https:\/\/footdavant.fr\/actualites\/les-reflexions-de-man-utd-sur-le-voyage-immediat-de-mi-saison-revelees-avec-un-long-ecart-jusquau-choc-deverton\/\" \/>\n<meta property=\"og:site_name\" content=\"Foot d&#039;avant\" \/>\n<meta property=\"article:publisher\" content=\"https:\/\/www.facebook.com\/Footdavant\/\" \/>\n<meta property=\"article:published_time\" content=\"2026-02-15T00:48:05+00:00\" \/>\n<meta property=\"article:modified_time\" content=\"2026-02-15T00:48:07+00:00\" \/>\n<meta property=\"og:image\" content=\"https:\/\/footdavant.fr\/actualites\/wp-content\/uploads\/2026\/02\/Les-reflexions-de-Man-Utd-sur-le-voyage-immediat-de.net2Fuploads2F20262F022Farne-slot-mo-sal.webp\" \/>\n\t<meta property=\"og:image:width\" content=\"720\" \/>\n\t<meta property=\"og:image:height\" content=\"410\" \/>\n\t<meta property=\"og:image:type\" content=\"image\/webp\" \/>\n<meta name=\"author\" content=\"Cl\u00e9ment\" \/>\n<meta name=\"twitter:card\" content=\"summary_large_image\" \/>\n<meta name=\"twitter:creator\" content=\"@FootdavantFr\" \/>\n<meta name=\"twitter:site\" content=\"@FootdavantFr\" \/>\n<meta name=\"twitter:label1\" content=\"\u00c9crit par\" \/>\n\t<meta name=\"twitter:data1\" content=\"Cl\u00e9ment\" \/>\n\t<meta name=\"twitter:label2\" content=\"Dur\u00e9e de lecture estim\u00e9e\" \/>\n\t<meta name=\"twitter:data2\" content=\"3 minutes\" \/>\n<script type=\"application\/ld+json\" class=\"yoast-schema-graph\">{\"@context\":\"https:\/\/schema.org\",\"@graph\":[{\"@type\":\"Article\",\"@id\":\"https:\/\/footdavant.fr\/actualites\/les-reflexions-de-man-utd-sur-le-voyage-immediat-de-mi-saison-revelees-avec-un-long-ecart-jusquau-choc-deverton\/#article\",\"isPartOf\":{\"@id\":\"https:\/\/footdavant.fr\/actualites\/les-reflexions-de-man-utd-sur-le-voyage-immediat-de-mi-saison-revelees-avec-un-long-ecart-jusquau-choc-deverton\/\"},\"author\":{\"name\":\"Cl\u00e9ment\",\"@id\":\"https:\/\/footdavant.fr\/actualites\/#\/schema\/person\/bc222566d95871b37e597b3ed3ba5e1d\"},\"headline\":\"Les r\u00e9flexions de Man Utd sur le voyage imm\u00e9diat de mi-saison r\u00e9v\u00e9l\u00e9es avec un long \u00e9cart jusqu&#39;au choc d&#39;Everton\",\"datePublished\":\"2026-02-15T00:48:05+00:00\",\"dateModified\":\"2026-02-15T00:48:07+00:00\",\"mainEntityOfPage\":{\"@id\":\"https:\/\/footdavant.fr\/actualites\/les-reflexions-de-man-utd-sur-le-voyage-immediat-de-mi-saison-revelees-avec-un-long-ecart-jusquau-choc-deverton\/\"},\"wordCount\":568,\"publisher\":{\"@id\":\"https:\/\/footdavant.fr\/actualites\/#organization\"},\"keywords\":[\"avec\",\"choc\",\"d39Everton\",\"\u00e9cart\",\"imm\u00e9diat\",\"jusqu39au\",\"les\",\"long\",\"Man\",\"misaison\",\"r\u00e9flexions\",\"r\u00e9v\u00e9l\u00e9es\",\"sur\",\"Utd\",\"voyage\"],\"articleSection\":[\"Premier League\"],\"inLanguage\":\"fr-FR\"},{\"@type\":\"WebPage\",\"@id\":\"https:\/\/footdavant.fr\/actualites\/les-reflexions-de-man-utd-sur-le-voyage-immediat-de-mi-saison-revelees-avec-un-long-ecart-jusquau-choc-deverton\/\",\"url\":\"https:\/\/footdavant.fr\/actualites\/les-reflexions-de-man-utd-sur-le-voyage-immediat-de-mi-saison-revelees-avec-un-long-ecart-jusquau-choc-deverton\/\",\"name\":\"Les r\u00e9flexions de Man Utd sur le voyage imm\u00e9diat de mi-saison r\u00e9v\u00e9l\u00e9es avec un long \u00e9cart jusqu&#39;au choc d&#39;Everton\",\"isPartOf\":{\"@id\":\"https:\/\/footdavant.fr\/actualites\/#website\"},\"datePublished\":\"2026-02-15T00:48:05+00:00\",\"dateModified\":\"2026-02-15T00:48:07+00:00\",\"breadcrumb\":{\"@id\":\"https:\/\/footdavant.fr\/actualites\/les-reflexions-de-man-utd-sur-le-voyage-immediat-de-mi-saison-revelees-avec-un-long-ecart-jusquau-choc-deverton\/#breadcrumb\"},\"inLanguage\":\"fr-FR\",\"potentialAction\":[{\"@type\":\"ReadAction\",\"target\":[\"https:\/\/footdavant.fr\/actualites\/les-reflexions-de-man-utd-sur-le-voyage-immediat-de-mi-saison-revelees-avec-un-long-ecart-jusquau-choc-deverton\/\"]}]},{\"@type\":\"BreadcrumbList\",\"@id\":\"https:\/\/footdavant.fr\/actualites\/les-reflexions-de-man-utd-sur-le-voyage-immediat-de-mi-saison-revelees-avec-un-long-ecart-jusquau-choc-deverton\/#breadcrumb\",\"itemListElement\":[{\"@type\":\"ListItem\",\"position\":1,\"name\":\"Accueil\",\"item\":\"https:\/\/footdavant.fr\/actualites\/\"},{\"@type\":\"ListItem\",\"position\":2,\"name\":\"Les r\u00e9flexions de Man Utd sur le voyage imm\u00e9diat de mi-saison r\u00e9v\u00e9l\u00e9es avec un long \u00e9cart jusqu&#39;au choc d&#39;Everton\"}]},{\"@type\":\"WebSite\",\"@id\":\"https:\/\/footdavant.fr\/actualites\/#website\",\"url\":\"https:\/\/footdavant.fr\/actualites\/\",\"name\":\"Foot d'avant\",\"description\":\"\",\"publisher\":{\"@id\":\"https:\/\/footdavant.fr\/actualites\/#organization\"},\"potentialAction\":[{\"@type\":\"SearchAction\",\"target\":{\"@type\":\"EntryPoint\",\"urlTemplate\":\"https:\/\/footdavant.fr\/actualites\/?s={search_term_string}\"},\"query-input\":\"required name=search_term_string\"}],\"inLanguage\":\"fr-FR\"},{\"@type\":\"Organization\",\"@id\":\"https:\/\/footdavant.fr\/actualites\/#organization\",\"name\":\"Foot d'avant\",\"url\":\"https:\/\/footdavant.fr\/actualites\/\",\"logo\":{\"@type\":\"ImageObject\",\"inLanguage\":\"fr-FR\",\"@id\":\"https:\/\/footdavant.fr\/actualites\/#\/schema\/logo\/image\/\",\"url\":\"https:\/\/footdavant.fr\/actualites\/wp-content\/uploads\/2023\/09\/Copy-of-FootDavant-Logo.png\",\"contentUrl\":\"https:\/\/footdavant.fr\/actualites\/wp-content\/uploads\/2023\/09\/Copy-of-FootDavant-Logo.png\",\"width\":936,\"height\":549,\"caption\":\"Foot d'avant\"},\"image\":{\"@id\":\"https:\/\/footdavant.fr\/actualites\/#\/schema\/logo\/image\/\"},\"sameAs\":[\"https:\/\/www.facebook.com\/Footdavant\/\",\"https:\/\/twitter.com\/FootdavantFr\",\"https:\/\/www.instagram.com\/footdavant.fr\/\"]},{\"@type\":\"Person\",\"@id\":\"https:\/\/footdavant.fr\/actualites\/#\/schema\/person\/bc222566d95871b37e597b3ed3ba5e1d\",\"name\":\"Cl\u00e9ment\",\"image\":{\"@type\":\"ImageObject\",\"inLanguage\":\"fr-FR\",\"@id\":\"https:\/\/footdavant.fr\/actualites\/#\/schema\/person\/image\/\",\"url\":\"https:\/\/secure.gravatar.com\/avatar\/7728b29aac2719421e1a9159b2254c44?s=96&d=mm&r=g\",\"contentUrl\":\"https:\/\/secure.gravatar.com\/avatar\/7728b29aac2719421e1a9159b2254c44?s=96&d=mm&r=g\",\"caption\":\"Cl\u00e9ment\"},\"sameAs\":[\"https:\/\/footdavant.fr\/\"]}]}<\/script>\n<!-- \/ Yoast SEO plugin. -->","yoast_head_json":{"title":"Les r\u00e9flexions de Man Utd sur le voyage imm\u00e9diat de mi-saison r\u00e9v\u00e9l\u00e9es avec un long \u00e9cart jusqu&#39;au choc d&#39;Everton","robots":{"index":"index","follow":"follow","max-snippet":"max-snippet:-1","max-image-preview":"max-image-preview:large","max-video-preview":"max-video-preview:-1"},"canonical":"https:\/\/footdavant.fr\/actualites\/les-reflexions-de-man-utd-sur-le-voyage-immediat-de-mi-saison-revelees-avec-un-long-ecart-jusquau-choc-deverton\/","og_locale":"fr_FR","og_type":"article","og_title":"Les r\u00e9flexions de Man Utd sur le voyage imm\u00e9diat de mi-saison r\u00e9v\u00e9l\u00e9es avec un long \u00e9cart jusqu&#39;au choc d&#39;Everton","og_description":"L&#39;entra\u00eeneur-chef de Manchester United, Michael Carrick, a confirm\u00e9 que les Red Devils resteraient \u00e0 Manchester pour pr\u00e9parer leur prochain match contre Everton. Les 20 fois","og_url":"https:\/\/footdavant.fr\/actualites\/les-reflexions-de-man-utd-sur-le-voyage-immediat-de-mi-saison-revelees-avec-un-long-ecart-jusquau-choc-deverton\/","og_site_name":"Foot d&#039;avant","article_publisher":"https:\/\/www.facebook.com\/Footdavant\/","article_published_time":"2026-02-15T00:48:05+00:00","article_modified_time":"2026-02-15T00:48:07+00:00","og_image":[{"width":720,"height":410,"url":"https:\/\/footdavant.fr\/actualites\/wp-content\/uploads\/2026\/02\/Les-reflexions-de-Man-Utd-sur-le-voyage-immediat-de.net2Fuploads2F20262F022Farne-slot-mo-sal.webp","type":"image\/webp"}],"author":"Cl\u00e9ment","twitter_card":"summary_large_image","twitter_creator":"@FootdavantFr","twitter_site":"@FootdavantFr","twitter_misc":{"\u00c9crit par":"Cl\u00e9ment","Dur\u00e9e de lecture estim\u00e9e":"3 minutes"},"schema":{"@context":"https:\/\/schema.org","@graph":[{"@type":"Article","@id":"https:\/\/footdavant.fr\/actualites\/les-reflexions-de-man-utd-sur-le-voyage-immediat-de-mi-saison-revelees-avec-un-long-ecart-jusquau-choc-deverton\/#article","isPartOf":{"@id":"https:\/\/footdavant.fr\/actualites\/les-reflexions-de-man-utd-sur-le-voyage-immediat-de-mi-saison-revelees-avec-un-long-ecart-jusquau-choc-deverton\/"},"author":{"name":"Cl\u00e9ment","@id":"https:\/\/footdavant.fr\/actualites\/#\/schema\/person\/bc222566d95871b37e597b3ed3ba5e1d"},"headline":"Les r\u00e9flexions de Man Utd sur le voyage imm\u00e9diat de mi-saison r\u00e9v\u00e9l\u00e9es avec un long \u00e9cart jusqu&#39;au choc d&#39;Everton","datePublished":"2026-02-15T00:48:05+00:00","dateModified":"2026-02-15T00:48:07+00:00","mainEntityOfPage":{"@id":"https:\/\/footdavant.fr\/actualites\/les-reflexions-de-man-utd-sur-le-voyage-immediat-de-mi-saison-revelees-avec-un-long-ecart-jusquau-choc-deverton\/"},"wordCount":568,"publisher":{"@id":"https:\/\/footdavant.fr\/actualites\/#organization"},"keywords":["avec","choc","d39Everton","\u00e9cart","imm\u00e9diat","jusqu39au","les","long","Man","misaison","r\u00e9flexions","r\u00e9v\u00e9l\u00e9es","sur","Utd","voyage"],"articleSection":["Premier League"],"inLanguage":"fr-FR"},{"@type":"WebPage","@id":"https:\/\/footdavant.fr\/actualites\/les-reflexions-de-man-utd-sur-le-voyage-immediat-de-mi-saison-revelees-avec-un-long-ecart-jusquau-choc-deverton\/","url":"https:\/\/footdavant.fr\/actualites\/les-reflexions-de-man-utd-sur-le-voyage-immediat-de-mi-saison-revelees-avec-un-long-ecart-jusquau-choc-deverton\/","name":"Les r\u00e9flexions de Man Utd sur le voyage imm\u00e9diat de mi-saison r\u00e9v\u00e9l\u00e9es avec un long \u00e9cart jusqu&#39;au choc d&#39;Everton","isPartOf":{"@id":"https:\/\/footdavant.fr\/actualites\/#website"},"datePublished":"2026-02-15T00:48:05+00:00","dateModified":"2026-02-15T00:48:07+00:00","breadcrumb":{"@id":"https:\/\/footdavant.fr\/actualites\/les-reflexions-de-man-utd-sur-le-voyage-immediat-de-mi-saison-revelees-avec-un-long-ecart-jusquau-choc-deverton\/#breadcrumb"},"inLanguage":"fr-FR","potentialAction":[{"@type":"ReadAction","target":["https:\/\/footdavant.fr\/actualites\/les-reflexions-de-man-utd-sur-le-voyage-immediat-de-mi-saison-revelees-avec-un-long-ecart-jusquau-choc-deverton\/"]}]},{"@type":"BreadcrumbList","@id":"https:\/\/footdavant.fr\/actualites\/les-reflexions-de-man-utd-sur-le-voyage-immediat-de-mi-saison-revelees-avec-un-long-ecart-jusquau-choc-deverton\/#breadcrumb","itemListElement":[{"@type":"ListItem","position":1,"name":"Accueil","item":"https:\/\/footdavant.fr\/actualites\/"},{"@type":"ListItem","position":2,"name":"Les r\u00e9flexions de Man Utd sur le voyage imm\u00e9diat de mi-saison r\u00e9v\u00e9l\u00e9es avec un long \u00e9cart jusqu&#39;au choc d&#39;Everton"}]},{"@type":"WebSite","@id":"https:\/\/footdavant.fr\/actualites\/#website","url":"https:\/\/footdavant.fr\/actualites\/","name":"Foot d'avant","description":"","publisher":{"@id":"https:\/\/footdavant.fr\/actualites\/#organization"},"potentialAction":[{"@type":"SearchAction","target":{"@type":"EntryPoint","urlTemplate":"https:\/\/footdavant.fr\/actualites\/?s={search_term_string}"},"query-input":"required name=search_term_string"}],"inLanguage":"fr-FR"},{"@type":"Organization","@id":"https:\/\/footdavant.fr\/actualites\/#organization","name":"Foot d'avant","url":"https:\/\/footdavant.fr\/actualites\/","logo":{"@type":"ImageObject","inLanguage":"fr-FR","@id":"https:\/\/footdavant.fr\/actualites\/#\/schema\/logo\/image\/","url":"https:\/\/footdavant.fr\/actualites\/wp-content\/uploads\/2023\/09\/Copy-of-FootDavant-Logo.png","contentUrl":"https:\/\/footdavant.fr\/actualites\/wp-content\/uploads\/2023\/09\/Copy-of-FootDavant-Logo.png","width":936,"height":549,"caption":"Foot d'avant"},"image":{"@id":"https:\/\/footdavant.fr\/actualites\/#\/schema\/logo\/image\/"},"sameAs":["https:\/\/www.facebook.com\/Footdavant\/","https:\/\/twitter.com\/FootdavantFr","https:\/\/www.instagram.com\/footdavant.fr\/"]},{"@type":"Person","@id":"https:\/\/footdavant.fr\/actualites\/#\/schema\/person\/bc222566d95871b37e597b3ed3ba5e1d","name":"Cl\u00e9ment","image":{"@type":"ImageObject","inLanguage":"fr-FR","@id":"https:\/\/footdavant.fr\/actualites\/#\/schema\/person\/image\/","url":"https:\/\/secure.gravatar.com\/avatar\/7728b29aac2719421e1a9159b2254c44?s=96&d=mm&r=g","contentUrl":"https:\/\/secure.gravatar.com\/avatar\/7728b29aac2719421e1a9159b2254c44?s=96&d=mm&r=g","caption":"Cl\u00e9ment"},"sameAs":["https:\/\/footdavant.fr\/"]}]}},"_links":{"self":[{"href":"https:\/\/footdavant.fr\/actualites\/wp-json\/wp\/v2\/posts\/34493"}],"collection":[{"href":"https:\/\/footdavant.fr\/actualites\/wp-json\/wp\/v2\/posts"}],"about":[{"href":"https:\/\/footdavant.fr\/actualites\/wp-json\/wp\/v2\/types\/post"}],"author":[{"embeddable":true,"href":"https:\/\/footdavant.fr\/actualites\/wp-json\/wp\/v2\/users\/1"}],"replies":[{"embeddable":true,"href":"https:\/\/footdavant.fr\/actualites\/wp-json\/wp\/v2\/comments?post=34493"}],"version-history":[{"count":1,"href":"https:\/\/footdavant.fr\/actualites\/wp-json\/wp\/v2\/posts\/34493\/revisions"}],"predecessor-version":[{"id":34495,"href":"https:\/\/footdavant.fr\/actualites\/wp-json\/wp\/v2\/posts\/34493\/revisions\/34495"}],"wp:featuredmedia":[{"embeddable":true,"href":"https:\/\/footdavant.fr\/actualites\/wp-json\/wp\/v2\/media\/34494"}],"wp:attachment":[{"href":"https:\/\/footdavant.fr\/actualites\/wp-json\/wp\/v2\/media?parent=34493"}],"wp:term":[{"taxonomy":"category","embeddable":true,"href":"https:\/\/footdavant.fr\/actualites\/wp-json\/wp\/v2\/categories?post=34493"},{"taxonomy":"post_tag","embeddable":true,"href":"https:\/\/footdavant.fr\/actualites\/wp-json\/wp\/v2\/tags?post=34493"}],"curies":[{"name":"wp","href":"https:\/\/api.w.org\/{rel}","templated":true}]}}