{"id":34496,"date":"2026-02-15T03:48:01","date_gmt":"2026-02-15T02:48:01","guid":{"rendered":"https:\/\/footdavant.fr\/actualites\/marcos-senesi-man-united-risque-de-manquer-son-defenseur-apres-le-developpement-de-la-juventus\/"},"modified":"2026-02-15T03:48:06","modified_gmt":"2026-02-15T02:48:06","slug":"marcos-senesi-man-united-risque-de-manquer-son-defenseur-apres-le-developpement-de-la-juventus","status":"publish","type":"post","link":"https:\/\/footdavant.fr\/actualites\/marcos-senesi-man-united-risque-de-manquer-son-defenseur-apres-le-developpement-de-la-juventus\/","title":{"rendered":"Marcos Senesi: Man United risque de manquer son d\u00e9fenseur apr\u00e8s le d\u00e9veloppement de la Juventus &#8211;"},"content":{"rendered":"<div id=\"penci-post-entry-inner\">\n<p>\t\t\t<i class=\"penci-post-countview-number-check\" style=\"display:none\">1<\/i><\/p>\n<p><!--Article Start--><br \/>Manchester United risque de manquer les services du d\u00e9fenseur de Bournemouth Marcos Senesi, la Juventus pr\u00e9parant un transfert audacieux pour le recruter.<\/p>\n<h3>United veut Senesi<\/h3>\n<p>Apr\u00e8s avoir d\u00e9pens\u00e9 la majeure partie de son budget pour renforcer le d\u00e9partement offensif l\u2019\u00e9t\u00e9 dernier, United est pr\u00eat \u00e0 s\u2019attaquer \u00e0 d\u2019autres domaines du terrain lors de la prochaine fen\u00eatre.<\/p>\n<p>La priorit\u00e9 du club est de recruter des milieux de terrain, mais il est \u00e9galement n\u00e9cessaire d&#39;obtenir des renforts d\u00e9fensifs, surtout dans un contexte d&#39;incertitude quant \u00e0 l&#39;avenir d&#39;Harry Maguire.<\/p>\n<p>Maguire en est d\u00e9sormais aux six derniers mois de son contrat \u00e0 Old Trafford, sans qu&#39;aucun accord ne soit encore trouv\u00e9 sur une prolongation. Bien qu\u2019il y ait un certain optimisme quant \u00e0 son intention de rester, dans l\u2019\u00e9tat actuel des choses, il est plus proche de partir que de rester.<\/p>\n<p>Senesi est un joueur li\u00e9 \u00e0 United. Comme Maguire, il devrait quitter Bournemouth \u00e0 la fin de la saison en tant qu&#39;agent libre. Depuis qu\u2019il a rejoint Bournemouth en provenance de Feyenoord en 2022, il est discr\u00e8tement l\u2019un des d\u00e9fenseurs centraux les plus constants et les plus fiables de la Premier League.<\/p>\n<p>Il a jou\u00e9 plus de 100 fois pour les Cherries, contribuant neuf buts et sept passes d\u00e9cisives.<\/p>\n<p>Bournemouth a propos\u00e9 \u00e0 Senesi plusieurs offres de contrat, mais il les a toutes rejet\u00e9es, apparemment d\u00e9sireux de franchir la prochaine \u00e9tape de sa carri\u00e8re.<\/p>\n<p>Selon TuttoJuve, United n&#39;est pas le seul club \u00e0 envisager Senesi, mais la Juventus semble faire le plus gros effort pour le recruter.<\/p>\n<h3>Mise \u00e0 jour du transfert Senesi<\/h3>\n<p>TuttoJuve indique qu&#39;outre la Juventus et United, les autres \u00e9quipes qui poursuivent Senesi sont le Borussia Dortmund, Brighton et Hove Albion, Chelsea, Crystal Palace, Everton, Tottenham Hotspur et Barcelone.<\/p>\n<p>Le rapport ajoute : \u00ab\u00a0La Juventus acc\u00e9l\u00e8re sa poursuite de Marcos Senesi\u00a0\u00bb.<\/p>\n<p>\u00ab\u00a0Selon les informations de Tuttojuve.com, des contacts entre les parties sont attendus entre ce week-end et le d\u00e9but de la semaine prochaine.\u00a0\u00bb<\/p>\n<p>Il est entendu que les Bianconeri sont impatients de devancer la concurrence, d&#39;o\u00f9 leur nouvelle pression pour l&#39;international argentin.<\/p>\n<p>United sera le prochain en action le 23 f\u00e9vrier lorsqu&#39;il se rendra \u00e0 Everton. <\/p>\n<\/p>\n<hr\/>\n<p>The Peoples Person est l&#39;un des principaux sites d&#39;information de Man United au monde depuis plus d&#39;une d\u00e9cennie. Suivez-nous sur Bluesky\u00a0: @peoplesperson.bsky.social<\/p>\n<p><!-- CONTENT END 2 --><\/p><\/div>\n","protected":false},"excerpt":{"rendered":"<p>1 Manchester United risque de manquer les services du d\u00e9fenseur de Bournemouth Marcos Senesi, la Juventus pr\u00e9parant un transfert audacieux pour le recruter. United veut<\/p>\n","protected":false},"author":1,"featured_media":34497,"comment_status":"closed","ping_status":"","sticky":false,"template":"","format":"standard","meta":{"footnotes":""},"categories":[3],"tags":[25,928,1180,711,24,1128,11244,2051,11245,86,13],"yoast_head":"<!-- This site is optimized with the Yoast SEO plugin v21.0 - https:\/\/yoast.com\/wordpress\/plugins\/seo\/ -->\n<title>Marcos Senesi: Man United risque de manquer son d\u00e9fenseur apr\u00e8s le d\u00e9veloppement de la Juventus -<\/title>\n<meta name=\"robots\" content=\"index, follow, max-snippet:-1, max-image-preview:large, max-video-preview:-1\" \/>\n<link rel=\"canonical\" href=\"https:\/\/footdavant.fr\/actualites\/marcos-senesi-man-united-risque-de-manquer-son-defenseur-apres-le-developpement-de-la-juventus\/\" \/>\n<meta property=\"og:locale\" content=\"fr_FR\" \/>\n<meta property=\"og:type\" content=\"article\" \/>\n<meta property=\"og:title\" content=\"Marcos Senesi: Man United risque de manquer son d\u00e9fenseur apr\u00e8s le d\u00e9veloppement de la Juventus -\" \/>\n<meta property=\"og:description\" content=\"1 Manchester United risque de manquer les services du d\u00e9fenseur de Bournemouth Marcos Senesi, la Juventus pr\u00e9parant un transfert audacieux pour le recruter. United veut\" \/>\n<meta property=\"og:url\" content=\"https:\/\/footdavant.fr\/actualites\/marcos-senesi-man-united-risque-de-manquer-son-defenseur-apres-le-developpement-de-la-juventus\/\" \/>\n<meta property=\"og:site_name\" content=\"Foot d&#039;avant\" \/>\n<meta property=\"article:publisher\" content=\"https:\/\/www.facebook.com\/Footdavant\/\" \/>\n<meta property=\"article:published_time\" content=\"2026-02-15T02:48:01+00:00\" \/>\n<meta property=\"article:modified_time\" content=\"2026-02-15T02:48:06+00:00\" \/>\n<meta property=\"og:image\" content=\"https:\/\/footdavant.fr\/actualites\/wp-content\/uploads\/2026\/02\/Marcos-Senesi-Man-United-risque-de-manquer-son-defenseur-apres.jpg\" \/>\n\t<meta property=\"og:image:width\" content=\"1200\" \/>\n\t<meta property=\"og:image:height\" content=\"675\" \/>\n\t<meta property=\"og:image:type\" content=\"image\/jpeg\" \/>\n<meta name=\"author\" content=\"Cl\u00e9ment\" \/>\n<meta name=\"twitter:card\" content=\"summary_large_image\" \/>\n<meta name=\"twitter:creator\" content=\"@FootdavantFr\" \/>\n<meta name=\"twitter:site\" content=\"@FootdavantFr\" \/>\n<meta name=\"twitter:label1\" content=\"\u00c9crit par\" \/>\n\t<meta name=\"twitter:data1\" content=\"Cl\u00e9ment\" \/>\n\t<meta name=\"twitter:label2\" content=\"Dur\u00e9e de lecture estim\u00e9e\" \/>\n\t<meta name=\"twitter:data2\" content=\"2 minutes\" \/>\n<script type=\"application\/ld+json\" class=\"yoast-schema-graph\">{\"@context\":\"https:\/\/schema.org\",\"@graph\":[{\"@type\":\"Article\",\"@id\":\"https:\/\/footdavant.fr\/actualites\/marcos-senesi-man-united-risque-de-manquer-son-defenseur-apres-le-developpement-de-la-juventus\/#article\",\"isPartOf\":{\"@id\":\"https:\/\/footdavant.fr\/actualites\/marcos-senesi-man-united-risque-de-manquer-son-defenseur-apres-le-developpement-de-la-juventus\/\"},\"author\":{\"name\":\"Cl\u00e9ment\",\"@id\":\"https:\/\/footdavant.fr\/actualites\/#\/schema\/person\/bc222566d95871b37e597b3ed3ba5e1d\"},\"headline\":\"Marcos Senesi: Man United risque de manquer son d\u00e9fenseur apr\u00e8s le d\u00e9veloppement de la Juventus &#8211;\",\"datePublished\":\"2026-02-15T02:48:01+00:00\",\"dateModified\":\"2026-02-15T02:48:06+00:00\",\"mainEntityOfPage\":{\"@id\":\"https:\/\/footdavant.fr\/actualites\/marcos-senesi-man-united-risque-de-manquer-son-defenseur-apres-le-developpement-de-la-juventus\/\"},\"wordCount\":427,\"publisher\":{\"@id\":\"https:\/\/footdavant.fr\/actualites\/#organization\"},\"keywords\":[\"apr\u00e8s\",\"d\u00e9fenseur\",\"d\u00e9veloppement\",\"Juventus\",\"Man\",\"manquer\",\"Marcos\",\"risque\",\"Senesi\",\"son\",\"United\"],\"articleSection\":[\"Football\"],\"inLanguage\":\"fr-FR\"},{\"@type\":\"WebPage\",\"@id\":\"https:\/\/footdavant.fr\/actualites\/marcos-senesi-man-united-risque-de-manquer-son-defenseur-apres-le-developpement-de-la-juventus\/\",\"url\":\"https:\/\/footdavant.fr\/actualites\/marcos-senesi-man-united-risque-de-manquer-son-defenseur-apres-le-developpement-de-la-juventus\/\",\"name\":\"Marcos Senesi: Man United risque de manquer son d\u00e9fenseur apr\u00e8s le d\u00e9veloppement de la Juventus -\",\"isPartOf\":{\"@id\":\"https:\/\/footdavant.fr\/actualites\/#website\"},\"datePublished\":\"2026-02-15T02:48:01+00:00\",\"dateModified\":\"2026-02-15T02:48:06+00:00\",\"breadcrumb\":{\"@id\":\"https:\/\/footdavant.fr\/actualites\/marcos-senesi-man-united-risque-de-manquer-son-defenseur-apres-le-developpement-de-la-juventus\/#breadcrumb\"},\"inLanguage\":\"fr-FR\",\"potentialAction\":[{\"@type\":\"ReadAction\",\"target\":[\"https:\/\/footdavant.fr\/actualites\/marcos-senesi-man-united-risque-de-manquer-son-defenseur-apres-le-developpement-de-la-juventus\/\"]}]},{\"@type\":\"BreadcrumbList\",\"@id\":\"https:\/\/footdavant.fr\/actualites\/marcos-senesi-man-united-risque-de-manquer-son-defenseur-apres-le-developpement-de-la-juventus\/#breadcrumb\",\"itemListElement\":[{\"@type\":\"ListItem\",\"position\":1,\"name\":\"Accueil\",\"item\":\"https:\/\/footdavant.fr\/actualites\/\"},{\"@type\":\"ListItem\",\"position\":2,\"name\":\"Marcos Senesi: Man United risque de manquer son d\u00e9fenseur apr\u00e8s le d\u00e9veloppement de la Juventus &#8211;\"}]},{\"@type\":\"WebSite\",\"@id\":\"https:\/\/footdavant.fr\/actualites\/#website\",\"url\":\"https:\/\/footdavant.fr\/actualites\/\",\"name\":\"Foot d'avant\",\"description\":\"\",\"publisher\":{\"@id\":\"https:\/\/footdavant.fr\/actualites\/#organization\"},\"potentialAction\":[{\"@type\":\"SearchAction\",\"target\":{\"@type\":\"EntryPoint\",\"urlTemplate\":\"https:\/\/footdavant.fr\/actualites\/?s={search_term_string}\"},\"query-input\":\"required name=search_term_string\"}],\"inLanguage\":\"fr-FR\"},{\"@type\":\"Organization\",\"@id\":\"https:\/\/footdavant.fr\/actualites\/#organization\",\"name\":\"Foot d'avant\",\"url\":\"https:\/\/footdavant.fr\/actualites\/\",\"logo\":{\"@type\":\"ImageObject\",\"inLanguage\":\"fr-FR\",\"@id\":\"https:\/\/footdavant.fr\/actualites\/#\/schema\/logo\/image\/\",\"url\":\"https:\/\/footdavant.fr\/actualites\/wp-content\/uploads\/2023\/09\/Copy-of-FootDavant-Logo.png\",\"contentUrl\":\"https:\/\/footdavant.fr\/actualites\/wp-content\/uploads\/2023\/09\/Copy-of-FootDavant-Logo.png\",\"width\":936,\"height\":549,\"caption\":\"Foot d'avant\"},\"image\":{\"@id\":\"https:\/\/footdavant.fr\/actualites\/#\/schema\/logo\/image\/\"},\"sameAs\":[\"https:\/\/www.facebook.com\/Footdavant\/\",\"https:\/\/twitter.com\/FootdavantFr\",\"https:\/\/www.instagram.com\/footdavant.fr\/\"]},{\"@type\":\"Person\",\"@id\":\"https:\/\/footdavant.fr\/actualites\/#\/schema\/person\/bc222566d95871b37e597b3ed3ba5e1d\",\"name\":\"Cl\u00e9ment\",\"image\":{\"@type\":\"ImageObject\",\"inLanguage\":\"fr-FR\",\"@id\":\"https:\/\/footdavant.fr\/actualites\/#\/schema\/person\/image\/\",\"url\":\"https:\/\/secure.gravatar.com\/avatar\/7728b29aac2719421e1a9159b2254c44?s=96&d=mm&r=g\",\"contentUrl\":\"https:\/\/secure.gravatar.com\/avatar\/7728b29aac2719421e1a9159b2254c44?s=96&d=mm&r=g\",\"caption\":\"Cl\u00e9ment\"},\"sameAs\":[\"https:\/\/footdavant.fr\/\"]}]}<\/script>\n<!-- \/ Yoast SEO plugin. -->","yoast_head_json":{"title":"Marcos Senesi: Man United risque de manquer son d\u00e9fenseur apr\u00e8s le d\u00e9veloppement de la Juventus -","robots":{"index":"index","follow":"follow","max-snippet":"max-snippet:-1","max-image-preview":"max-image-preview:large","max-video-preview":"max-video-preview:-1"},"canonical":"https:\/\/footdavant.fr\/actualites\/marcos-senesi-man-united-risque-de-manquer-son-defenseur-apres-le-developpement-de-la-juventus\/","og_locale":"fr_FR","og_type":"article","og_title":"Marcos Senesi: Man United risque de manquer son d\u00e9fenseur apr\u00e8s le d\u00e9veloppement de la Juventus -","og_description":"1 Manchester United risque de manquer les services du d\u00e9fenseur de Bournemouth Marcos Senesi, la Juventus pr\u00e9parant un transfert audacieux pour le recruter. United veut","og_url":"https:\/\/footdavant.fr\/actualites\/marcos-senesi-man-united-risque-de-manquer-son-defenseur-apres-le-developpement-de-la-juventus\/","og_site_name":"Foot d&#039;avant","article_publisher":"https:\/\/www.facebook.com\/Footdavant\/","article_published_time":"2026-02-15T02:48:01+00:00","article_modified_time":"2026-02-15T02:48:06+00:00","og_image":[{"width":1200,"height":675,"url":"https:\/\/footdavant.fr\/actualites\/wp-content\/uploads\/2026\/02\/Marcos-Senesi-Man-United-risque-de-manquer-son-defenseur-apres.jpg","type":"image\/jpeg"}],"author":"Cl\u00e9ment","twitter_card":"summary_large_image","twitter_creator":"@FootdavantFr","twitter_site":"@FootdavantFr","twitter_misc":{"\u00c9crit par":"Cl\u00e9ment","Dur\u00e9e de lecture estim\u00e9e":"2 minutes"},"schema":{"@context":"https:\/\/schema.org","@graph":[{"@type":"Article","@id":"https:\/\/footdavant.fr\/actualites\/marcos-senesi-man-united-risque-de-manquer-son-defenseur-apres-le-developpement-de-la-juventus\/#article","isPartOf":{"@id":"https:\/\/footdavant.fr\/actualites\/marcos-senesi-man-united-risque-de-manquer-son-defenseur-apres-le-developpement-de-la-juventus\/"},"author":{"name":"Cl\u00e9ment","@id":"https:\/\/footdavant.fr\/actualites\/#\/schema\/person\/bc222566d95871b37e597b3ed3ba5e1d"},"headline":"Marcos Senesi: Man United risque de manquer son d\u00e9fenseur apr\u00e8s le d\u00e9veloppement de la Juventus &#8211;","datePublished":"2026-02-15T02:48:01+00:00","dateModified":"2026-02-15T02:48:06+00:00","mainEntityOfPage":{"@id":"https:\/\/footdavant.fr\/actualites\/marcos-senesi-man-united-risque-de-manquer-son-defenseur-apres-le-developpement-de-la-juventus\/"},"wordCount":427,"publisher":{"@id":"https:\/\/footdavant.fr\/actualites\/#organization"},"keywords":["apr\u00e8s","d\u00e9fenseur","d\u00e9veloppement","Juventus","Man","manquer","Marcos","risque","Senesi","son","United"],"articleSection":["Football"],"inLanguage":"fr-FR"},{"@type":"WebPage","@id":"https:\/\/footdavant.fr\/actualites\/marcos-senesi-man-united-risque-de-manquer-son-defenseur-apres-le-developpement-de-la-juventus\/","url":"https:\/\/footdavant.fr\/actualites\/marcos-senesi-man-united-risque-de-manquer-son-defenseur-apres-le-developpement-de-la-juventus\/","name":"Marcos Senesi: Man United risque de manquer son d\u00e9fenseur apr\u00e8s le d\u00e9veloppement de la Juventus -","isPartOf":{"@id":"https:\/\/footdavant.fr\/actualites\/#website"},"datePublished":"2026-02-15T02:48:01+00:00","dateModified":"2026-02-15T02:48:06+00:00","breadcrumb":{"@id":"https:\/\/footdavant.fr\/actualites\/marcos-senesi-man-united-risque-de-manquer-son-defenseur-apres-le-developpement-de-la-juventus\/#breadcrumb"},"inLanguage":"fr-FR","potentialAction":[{"@type":"ReadAction","target":["https:\/\/footdavant.fr\/actualites\/marcos-senesi-man-united-risque-de-manquer-son-defenseur-apres-le-developpement-de-la-juventus\/"]}]},{"@type":"BreadcrumbList","@id":"https:\/\/footdavant.fr\/actualites\/marcos-senesi-man-united-risque-de-manquer-son-defenseur-apres-le-developpement-de-la-juventus\/#breadcrumb","itemListElement":[{"@type":"ListItem","position":1,"name":"Accueil","item":"https:\/\/footdavant.fr\/actualites\/"},{"@type":"ListItem","position":2,"name":"Marcos Senesi: Man United risque de manquer son d\u00e9fenseur apr\u00e8s le d\u00e9veloppement de la Juventus &#8211;"}]},{"@type":"WebSite","@id":"https:\/\/footdavant.fr\/actualites\/#website","url":"https:\/\/footdavant.fr\/actualites\/","name":"Foot d'avant","description":"","publisher":{"@id":"https:\/\/footdavant.fr\/actualites\/#organization"},"potentialAction":[{"@type":"SearchAction","target":{"@type":"EntryPoint","urlTemplate":"https:\/\/footdavant.fr\/actualites\/?s={search_term_string}"},"query-input":"required name=search_term_string"}],"inLanguage":"fr-FR"},{"@type":"Organization","@id":"https:\/\/footdavant.fr\/actualites\/#organization","name":"Foot d'avant","url":"https:\/\/footdavant.fr\/actualites\/","logo":{"@type":"ImageObject","inLanguage":"fr-FR","@id":"https:\/\/footdavant.fr\/actualites\/#\/schema\/logo\/image\/","url":"https:\/\/footdavant.fr\/actualites\/wp-content\/uploads\/2023\/09\/Copy-of-FootDavant-Logo.png","contentUrl":"https:\/\/footdavant.fr\/actualites\/wp-content\/uploads\/2023\/09\/Copy-of-FootDavant-Logo.png","width":936,"height":549,"caption":"Foot d'avant"},"image":{"@id":"https:\/\/footdavant.fr\/actualites\/#\/schema\/logo\/image\/"},"sameAs":["https:\/\/www.facebook.com\/Footdavant\/","https:\/\/twitter.com\/FootdavantFr","https:\/\/www.instagram.com\/footdavant.fr\/"]},{"@type":"Person","@id":"https:\/\/footdavant.fr\/actualites\/#\/schema\/person\/bc222566d95871b37e597b3ed3ba5e1d","name":"Cl\u00e9ment","image":{"@type":"ImageObject","inLanguage":"fr-FR","@id":"https:\/\/footdavant.fr\/actualites\/#\/schema\/person\/image\/","url":"https:\/\/secure.gravatar.com\/avatar\/7728b29aac2719421e1a9159b2254c44?s=96&d=mm&r=g","contentUrl":"https:\/\/secure.gravatar.com\/avatar\/7728b29aac2719421e1a9159b2254c44?s=96&d=mm&r=g","caption":"Cl\u00e9ment"},"sameAs":["https:\/\/footdavant.fr\/"]}]}},"_links":{"self":[{"href":"https:\/\/footdavant.fr\/actualites\/wp-json\/wp\/v2\/posts\/34496"}],"collection":[{"href":"https:\/\/footdavant.fr\/actualites\/wp-json\/wp\/v2\/posts"}],"about":[{"href":"https:\/\/footdavant.fr\/actualites\/wp-json\/wp\/v2\/types\/post"}],"author":[{"embeddable":true,"href":"https:\/\/footdavant.fr\/actualites\/wp-json\/wp\/v2\/users\/1"}],"replies":[{"embeddable":true,"href":"https:\/\/footdavant.fr\/actualites\/wp-json\/wp\/v2\/comments?post=34496"}],"version-history":[{"count":1,"href":"https:\/\/footdavant.fr\/actualites\/wp-json\/wp\/v2\/posts\/34496\/revisions"}],"predecessor-version":[{"id":34498,"href":"https:\/\/footdavant.fr\/actualites\/wp-json\/wp\/v2\/posts\/34496\/revisions\/34498"}],"wp:featuredmedia":[{"embeddable":true,"href":"https:\/\/footdavant.fr\/actualites\/wp-json\/wp\/v2\/media\/34497"}],"wp:attachment":[{"href":"https:\/\/footdavant.fr\/actualites\/wp-json\/wp\/v2\/media?parent=34496"}],"wp:term":[{"taxonomy":"category","embeddable":true,"href":"https:\/\/footdavant.fr\/actualites\/wp-json\/wp\/v2\/categories?post=34496"},{"taxonomy":"post_tag","embeddable":true,"href":"https:\/\/footdavant.fr\/actualites\/wp-json\/wp\/v2\/tags?post=34496"}],"curies":[{"name":"wp","href":"https:\/\/api.w.org\/{rel}","templated":true}]}}