{"id":34499,"date":"2026-02-15T05:48:20","date_gmt":"2026-02-15T04:48:20","guid":{"rendered":"https:\/\/footdavant.fr\/actualites\/pep-guardiola-nomme-le-patron-de-la-premier-league-il-sera-lun-des-meilleurs-managers-du-monde\/"},"modified":"2026-02-15T05:48:22","modified_gmt":"2026-02-15T04:48:22","slug":"pep-guardiola-nomme-le-patron-de-la-premier-league-il-sera-lun-des-meilleurs-managers-du-monde","status":"publish","type":"post","link":"https:\/\/footdavant.fr\/actualites\/pep-guardiola-nomme-le-patron-de-la-premier-league-il-sera-lun-des-meilleurs-managers-du-monde\/","title":{"rendered":"Pep Guardiola nomme le patron de la Premier League : \u00ab\u00a0Il sera l&#39;un des meilleurs managers du monde\u00a0\u00bb"},"content":{"rendered":"<div itemprop=\"articleBody\">\n<p>Manchester City et Fulham se rencontrent mercredi pour la 26e journ\u00e9e de Premier League, dans un match r\u00e9cemment domin\u00e9 par l&#39;\u00e9quipe de Pep Guardiola.<\/p>\n<p>Les Citizens ont remport\u00e9 leurs 19 derniers matches toutes comp\u00e9titions confondues contre Fulham, dont 16 victoires cons\u00e9cutives en Premier League.<\/p>\n<p>La domination ne se limite pas aux rencontres entre les deux clubs, mais s&#39;\u00e9tend \u00e9galement au face-\u00e0-face entre Guardiola et l&#39;entra\u00eeneur portugais Marco Silva.<\/p>\n<p>Guardiola est sorti vainqueur des 16 rencontres entre ses \u00e9quipes et les \u00e9quipes dirig\u00e9es par Silva \u2013 13 d&#39;entre elles en Premier League (sept avec Silva \u00e0 Fulham, trois \u00e0 Everton, deux \u00e0 Watford et une \u00e0 Hull City), une en FA Cup (City contre Fulham) et deux en Ligue des Champions (Bayern Munich contre Olympiacos dans les deux cas).<\/p>\n<h2>Guardiola fait l&#39;\u00e9loge de Silva<\/h2>\n<div>\n<div>\n<div>\n<p>\u00a9 Imago \/ IMAGO \/ Images de sports professionnels<\/p>\n<\/div>\n<\/div>\n<\/div>\n<p>Mais malgr\u00e9 sa domination lors de ces rencontres, Guardiola n&#39;a pas tari d&#39;\u00e9loges \u00e0 l&#39;\u00e9gard du manager portugais et a sugg\u00e9r\u00e9 que Silva deviendrait l&#39;un des meilleurs entra\u00eeneurs du football mondial.<\/p>\n<p>\u00ab\u00a0Fulham s&#39;am\u00e9liore chaque saison. Les mouvements, les sch\u00e9mas et la qualit\u00e9 dont ils disposent, le calme avec lequel ils jouent et la vitesse dont ils font preuve. Marco (Silva) est l&#39;un des meilleurs managers que j&#39;ai affront\u00e9. Il est certainement destin\u00e9 \u00e0 \u00eatre l&#39;un des meilleurs dans quelques ann\u00e9es\u00a0\u00bb, a-t-il d\u00e9clar\u00e9.<\/p>\n<p>Guardiola a rejet\u00e9 les rumeurs sur son avenir s&#39;il ne parvenait pas \u00e0 remporter le titre de Premier League. L&#39;entra\u00eeneur a soulign\u00e9 qu&#39;il n&#39;est actuellement pas concentr\u00e9 sur les calculs par rapport \u00e0 ses rivaux.<\/p>\n<p>\u00ab\u00a0Au cours des derni\u00e8res semaines et des derniers mois, chaque fois que je fais une interview avant un match, c&#39;est toujours : &#39;Si vous perdez, vous perdrez tout et dispara\u00eetre de la surface de la Terre.&#39; Je comprends que c&#39;est agr\u00e9able de parler de trois points, de quatre points, ce genre de choses. Ce n&#39;est pas grave, mais nous ne sommes pas dans une phase finale et nous n&#39;essayons pas de nous rapprocher de remporter des titres\u00a0\u00bb, a-t-il d\u00e9clar\u00e9.<\/p>\n<h2>Ville en alerte cette saison<\/h2>\n<div>\n<div>\n<div><img decoding=\"async\" data-img-id=\"157374\" class=\"lazy\" loading=\"lazy\" src=\"https:\/\/footdavant.fr\/actualites\/wp-content\/uploads\/2026\/02\/Pep-Guardiola-nomme-le-patron-de-la-Premier-League.webp\"\/><\/p>\n<p>\u00a9 Imago \/ Chaque deuxi\u00e8me m\u00e9dia<\/p>\n<\/div>\n<\/div>\n<\/div>\n<p>Bien qu\u2019il ait tent\u00e9 de minimiser les inqui\u00e9tudes majeures, Manchester City a d\u00e9j\u00e0 tir\u00e9 la sonnette d\u2019alarme sur ses probl\u00e8mes cette saison. Guardiola lui-m\u00eame a admis que son \u00e9quipe \u00e9tait confront\u00e9e \u00e0 \u00ab\u00a0des difficult\u00e9s dans de nombreux domaines\u00a0\u00bb.<\/p>\n<p>Parmi ces sujets de pr\u00e9occupation, il y a le fait que le club anglais a du mal \u00e0 r\u00e9agir lorsque le contr\u00f4le d&#39;un match lui \u00e9chappe, perdant ainsi son sang-froid \u00e9motionnel et tactique.<\/p>\n<p>Un autre facteur est la difficult\u00e9 croissante de l&#39;\u00e9quipe \u00e0 contr\u00f4ler le rythme des matches, ce qui se traduit par une d\u00e9pendance encore plus grande \u00e0 l&#39;\u00e9gard de l&#39;efficacit\u00e9 offensive.<\/p>\n<p>Tout au long de la saison, le sch\u00e9ma s&#39;est r\u00e9p\u00e9t\u00e9 avec des occasions manqu\u00e9es contre Chelsea, Sunderland et Brighton, ce qui a fini par co\u00fbter des points et augmenter la pression. Cela se produit \u00e9galement lorsque les matches deviennent plus ouverts et que City a besoin d\u2019attaquants autres que Haaland pour intensifier \u2013 ce qui ne se produit pas r\u00e9guli\u00e8rement.<\/p>\n<p>De plus, les Citizens sont \u00e9galement confront\u00e9s \u00e0 une situation alarmante et peut-\u00eatre \u00e0 la principale pr\u00e9occupation de la saison : l&#39;effondrement de la seconde mi-temps. L&#39;\u00e9quipe de Guardiola a d\u00e9j\u00e0 gaspill\u00e9 neuf secondes mi-temps en Premier League, avec des performances inf\u00e9rieures \u00e0 la moyenne apr\u00e8s la pause.<\/p>\n<p>La somme de ces probl\u00e8mes les place \u00e0 la deuxi\u00e8me place, \u00e0 six points d\u2019Arsenal en Premier League, huiti\u00e8me en phase de Ligue des Champions \u2013 directement qualifi\u00e9 pour les huiti\u00e8mes de finale \u2013 tout en assurant \u00e9galement une place en demi-finale de la Coupe EFL et en participant au quatri\u00e8me tour de la FA Cup.<\/p>\n<\/div>\n","protected":false},"excerpt":{"rendered":"<p>Manchester City et Fulham se rencontrent mercredi pour la 26e journ\u00e9e de Premier League, dans un match r\u00e9cemment domin\u00e9 par l&#39;\u00e9quipe de Pep Guardiola. Les<\/p>\n","protected":false},"author":1,"featured_media":34500,"comment_status":"closed","ping_status":"","sticky":false,"template":"","format":"standard","meta":{"footnotes":""},"categories":[5],"tags":[12,8,5516,202,885,219,562,1220,231,6,201,1126],"yoast_head":"<!-- This site is optimized with the Yoast SEO plugin v21.0 - https:\/\/yoast.com\/wordpress\/plugins\/seo\/ -->\n<title>Pep Guardiola nomme le patron de la Premier League : &quot;Il sera l&#039;un des meilleurs managers du monde&quot;<\/title>\n<meta name=\"robots\" content=\"index, follow, max-snippet:-1, max-image-preview:large, max-video-preview:-1\" \/>\n<link rel=\"canonical\" href=\"https:\/\/footdavant.fr\/actualites\/pep-guardiola-nomme-le-patron-de-la-premier-league-il-sera-lun-des-meilleurs-managers-du-monde\/\" \/>\n<meta property=\"og:locale\" content=\"fr_FR\" \/>\n<meta property=\"og:type\" content=\"article\" \/>\n<meta property=\"og:title\" content=\"Pep Guardiola nomme le patron de la Premier League : &quot;Il sera l&#039;un des meilleurs managers du monde&quot;\" \/>\n<meta property=\"og:description\" content=\"Manchester City et Fulham se rencontrent mercredi pour la 26e journ\u00e9e de Premier League, dans un match r\u00e9cemment domin\u00e9 par l&#039;\u00e9quipe de Pep Guardiola. Les\" \/>\n<meta property=\"og:url\" content=\"https:\/\/footdavant.fr\/actualites\/pep-guardiola-nomme-le-patron-de-la-premier-league-il-sera-lun-des-meilleurs-managers-du-monde\/\" \/>\n<meta property=\"og:site_name\" content=\"Foot d&#039;avant\" \/>\n<meta property=\"article:publisher\" content=\"https:\/\/www.facebook.com\/Footdavant\/\" \/>\n<meta property=\"article:published_time\" content=\"2026-02-15T04:48:20+00:00\" \/>\n<meta property=\"article:modified_time\" content=\"2026-02-15T04:48:22+00:00\" \/>\n<meta property=\"og:image\" content=\"https:\/\/footdavant.fr\/actualites\/wp-content\/uploads\/2026\/02\/Pep-Guardiola-nomme-le-patron-de-la-Premier-League.net2Fuploads2F20262F022Fmanchester-cityt.webp\" \/>\n\t<meta property=\"og:image:width\" content=\"720\" \/>\n\t<meta property=\"og:image:height\" content=\"410\" \/>\n\t<meta property=\"og:image:type\" content=\"image\/webp\" \/>\n<meta name=\"author\" content=\"Cl\u00e9ment\" \/>\n<meta name=\"twitter:card\" content=\"summary_large_image\" \/>\n<meta name=\"twitter:creator\" content=\"@FootdavantFr\" \/>\n<meta name=\"twitter:site\" content=\"@FootdavantFr\" \/>\n<meta name=\"twitter:label1\" content=\"\u00c9crit par\" \/>\n\t<meta name=\"twitter:data1\" content=\"Cl\u00e9ment\" \/>\n\t<meta name=\"twitter:label2\" content=\"Dur\u00e9e de lecture estim\u00e9e\" \/>\n\t<meta name=\"twitter:data2\" content=\"3 minutes\" \/>\n<script type=\"application\/ld+json\" class=\"yoast-schema-graph\">{\"@context\":\"https:\/\/schema.org\",\"@graph\":[{\"@type\":\"Article\",\"@id\":\"https:\/\/footdavant.fr\/actualites\/pep-guardiola-nomme-le-patron-de-la-premier-league-il-sera-lun-des-meilleurs-managers-du-monde\/#article\",\"isPartOf\":{\"@id\":\"https:\/\/footdavant.fr\/actualites\/pep-guardiola-nomme-le-patron-de-la-premier-league-il-sera-lun-des-meilleurs-managers-du-monde\/\"},\"author\":{\"name\":\"Cl\u00e9ment\",\"@id\":\"https:\/\/footdavant.fr\/actualites\/#\/schema\/person\/bc222566d95871b37e597b3ed3ba5e1d\"},\"headline\":\"Pep Guardiola nomme le patron de la Premier League : \u00ab\u00a0Il sera l&#39;un des meilleurs managers du monde\u00a0\u00bb\",\"datePublished\":\"2026-02-15T04:48:20+00:00\",\"dateModified\":\"2026-02-15T04:48:22+00:00\",\"mainEntityOfPage\":{\"@id\":\"https:\/\/footdavant.fr\/actualites\/pep-guardiola-nomme-le-patron-de-la-premier-league-il-sera-lun-des-meilleurs-managers-du-monde\/\"},\"wordCount\":681,\"publisher\":{\"@id\":\"https:\/\/footdavant.fr\/actualites\/#organization\"},\"keywords\":[\"des\",\"Guardiola\",\"l39un\",\"League\",\"managers\",\"meilleurs\",\"monde\",\"nomme\",\"patron\",\"Pep\",\"Premier\",\"sera\"],\"articleSection\":[\"Premier League\"],\"inLanguage\":\"fr-FR\"},{\"@type\":\"WebPage\",\"@id\":\"https:\/\/footdavant.fr\/actualites\/pep-guardiola-nomme-le-patron-de-la-premier-league-il-sera-lun-des-meilleurs-managers-du-monde\/\",\"url\":\"https:\/\/footdavant.fr\/actualites\/pep-guardiola-nomme-le-patron-de-la-premier-league-il-sera-lun-des-meilleurs-managers-du-monde\/\",\"name\":\"Pep Guardiola nomme le patron de la Premier League : \\\"Il sera l&#39;un des meilleurs managers du monde\\\"\",\"isPartOf\":{\"@id\":\"https:\/\/footdavant.fr\/actualites\/#website\"},\"datePublished\":\"2026-02-15T04:48:20+00:00\",\"dateModified\":\"2026-02-15T04:48:22+00:00\",\"breadcrumb\":{\"@id\":\"https:\/\/footdavant.fr\/actualites\/pep-guardiola-nomme-le-patron-de-la-premier-league-il-sera-lun-des-meilleurs-managers-du-monde\/#breadcrumb\"},\"inLanguage\":\"fr-FR\",\"potentialAction\":[{\"@type\":\"ReadAction\",\"target\":[\"https:\/\/footdavant.fr\/actualites\/pep-guardiola-nomme-le-patron-de-la-premier-league-il-sera-lun-des-meilleurs-managers-du-monde\/\"]}]},{\"@type\":\"BreadcrumbList\",\"@id\":\"https:\/\/footdavant.fr\/actualites\/pep-guardiola-nomme-le-patron-de-la-premier-league-il-sera-lun-des-meilleurs-managers-du-monde\/#breadcrumb\",\"itemListElement\":[{\"@type\":\"ListItem\",\"position\":1,\"name\":\"Accueil\",\"item\":\"https:\/\/footdavant.fr\/actualites\/\"},{\"@type\":\"ListItem\",\"position\":2,\"name\":\"Pep Guardiola nomme le patron de la Premier League : \u00ab\u00a0Il sera l&#39;un des meilleurs managers du monde\u00a0\u00bb\"}]},{\"@type\":\"WebSite\",\"@id\":\"https:\/\/footdavant.fr\/actualites\/#website\",\"url\":\"https:\/\/footdavant.fr\/actualites\/\",\"name\":\"Foot d'avant\",\"description\":\"\",\"publisher\":{\"@id\":\"https:\/\/footdavant.fr\/actualites\/#organization\"},\"potentialAction\":[{\"@type\":\"SearchAction\",\"target\":{\"@type\":\"EntryPoint\",\"urlTemplate\":\"https:\/\/footdavant.fr\/actualites\/?s={search_term_string}\"},\"query-input\":\"required name=search_term_string\"}],\"inLanguage\":\"fr-FR\"},{\"@type\":\"Organization\",\"@id\":\"https:\/\/footdavant.fr\/actualites\/#organization\",\"name\":\"Foot d'avant\",\"url\":\"https:\/\/footdavant.fr\/actualites\/\",\"logo\":{\"@type\":\"ImageObject\",\"inLanguage\":\"fr-FR\",\"@id\":\"https:\/\/footdavant.fr\/actualites\/#\/schema\/logo\/image\/\",\"url\":\"https:\/\/footdavant.fr\/actualites\/wp-content\/uploads\/2023\/09\/Copy-of-FootDavant-Logo.png\",\"contentUrl\":\"https:\/\/footdavant.fr\/actualites\/wp-content\/uploads\/2023\/09\/Copy-of-FootDavant-Logo.png\",\"width\":936,\"height\":549,\"caption\":\"Foot d'avant\"},\"image\":{\"@id\":\"https:\/\/footdavant.fr\/actualites\/#\/schema\/logo\/image\/\"},\"sameAs\":[\"https:\/\/www.facebook.com\/Footdavant\/\",\"https:\/\/twitter.com\/FootdavantFr\",\"https:\/\/www.instagram.com\/footdavant.fr\/\"]},{\"@type\":\"Person\",\"@id\":\"https:\/\/footdavant.fr\/actualites\/#\/schema\/person\/bc222566d95871b37e597b3ed3ba5e1d\",\"name\":\"Cl\u00e9ment\",\"image\":{\"@type\":\"ImageObject\",\"inLanguage\":\"fr-FR\",\"@id\":\"https:\/\/footdavant.fr\/actualites\/#\/schema\/person\/image\/\",\"url\":\"https:\/\/secure.gravatar.com\/avatar\/7728b29aac2719421e1a9159b2254c44?s=96&d=mm&r=g\",\"contentUrl\":\"https:\/\/secure.gravatar.com\/avatar\/7728b29aac2719421e1a9159b2254c44?s=96&d=mm&r=g\",\"caption\":\"Cl\u00e9ment\"},\"sameAs\":[\"https:\/\/footdavant.fr\/\"]}]}<\/script>\n<!-- \/ Yoast SEO plugin. -->","yoast_head_json":{"title":"Pep Guardiola nomme le patron de la Premier League : \"Il sera l&#39;un des meilleurs managers du monde\"","robots":{"index":"index","follow":"follow","max-snippet":"max-snippet:-1","max-image-preview":"max-image-preview:large","max-video-preview":"max-video-preview:-1"},"canonical":"https:\/\/footdavant.fr\/actualites\/pep-guardiola-nomme-le-patron-de-la-premier-league-il-sera-lun-des-meilleurs-managers-du-monde\/","og_locale":"fr_FR","og_type":"article","og_title":"Pep Guardiola nomme le patron de la Premier League : \"Il sera l&#39;un des meilleurs managers du monde\"","og_description":"Manchester City et Fulham se rencontrent mercredi pour la 26e journ\u00e9e de Premier League, dans un match r\u00e9cemment domin\u00e9 par l&#39;\u00e9quipe de Pep Guardiola. Les","og_url":"https:\/\/footdavant.fr\/actualites\/pep-guardiola-nomme-le-patron-de-la-premier-league-il-sera-lun-des-meilleurs-managers-du-monde\/","og_site_name":"Foot d&#039;avant","article_publisher":"https:\/\/www.facebook.com\/Footdavant\/","article_published_time":"2026-02-15T04:48:20+00:00","article_modified_time":"2026-02-15T04:48:22+00:00","og_image":[{"width":720,"height":410,"url":"https:\/\/footdavant.fr\/actualites\/wp-content\/uploads\/2026\/02\/Pep-Guardiola-nomme-le-patron-de-la-Premier-League.net2Fuploads2F20262F022Fmanchester-cityt.webp","type":"image\/webp"}],"author":"Cl\u00e9ment","twitter_card":"summary_large_image","twitter_creator":"@FootdavantFr","twitter_site":"@FootdavantFr","twitter_misc":{"\u00c9crit par":"Cl\u00e9ment","Dur\u00e9e de lecture estim\u00e9e":"3 minutes"},"schema":{"@context":"https:\/\/schema.org","@graph":[{"@type":"Article","@id":"https:\/\/footdavant.fr\/actualites\/pep-guardiola-nomme-le-patron-de-la-premier-league-il-sera-lun-des-meilleurs-managers-du-monde\/#article","isPartOf":{"@id":"https:\/\/footdavant.fr\/actualites\/pep-guardiola-nomme-le-patron-de-la-premier-league-il-sera-lun-des-meilleurs-managers-du-monde\/"},"author":{"name":"Cl\u00e9ment","@id":"https:\/\/footdavant.fr\/actualites\/#\/schema\/person\/bc222566d95871b37e597b3ed3ba5e1d"},"headline":"Pep Guardiola nomme le patron de la Premier League : \u00ab\u00a0Il sera l&#39;un des meilleurs managers du monde\u00a0\u00bb","datePublished":"2026-02-15T04:48:20+00:00","dateModified":"2026-02-15T04:48:22+00:00","mainEntityOfPage":{"@id":"https:\/\/footdavant.fr\/actualites\/pep-guardiola-nomme-le-patron-de-la-premier-league-il-sera-lun-des-meilleurs-managers-du-monde\/"},"wordCount":681,"publisher":{"@id":"https:\/\/footdavant.fr\/actualites\/#organization"},"keywords":["des","Guardiola","l39un","League","managers","meilleurs","monde","nomme","patron","Pep","Premier","sera"],"articleSection":["Premier League"],"inLanguage":"fr-FR"},{"@type":"WebPage","@id":"https:\/\/footdavant.fr\/actualites\/pep-guardiola-nomme-le-patron-de-la-premier-league-il-sera-lun-des-meilleurs-managers-du-monde\/","url":"https:\/\/footdavant.fr\/actualites\/pep-guardiola-nomme-le-patron-de-la-premier-league-il-sera-lun-des-meilleurs-managers-du-monde\/","name":"Pep Guardiola nomme le patron de la Premier League : \"Il sera l&#39;un des meilleurs managers du monde\"","isPartOf":{"@id":"https:\/\/footdavant.fr\/actualites\/#website"},"datePublished":"2026-02-15T04:48:20+00:00","dateModified":"2026-02-15T04:48:22+00:00","breadcrumb":{"@id":"https:\/\/footdavant.fr\/actualites\/pep-guardiola-nomme-le-patron-de-la-premier-league-il-sera-lun-des-meilleurs-managers-du-monde\/#breadcrumb"},"inLanguage":"fr-FR","potentialAction":[{"@type":"ReadAction","target":["https:\/\/footdavant.fr\/actualites\/pep-guardiola-nomme-le-patron-de-la-premier-league-il-sera-lun-des-meilleurs-managers-du-monde\/"]}]},{"@type":"BreadcrumbList","@id":"https:\/\/footdavant.fr\/actualites\/pep-guardiola-nomme-le-patron-de-la-premier-league-il-sera-lun-des-meilleurs-managers-du-monde\/#breadcrumb","itemListElement":[{"@type":"ListItem","position":1,"name":"Accueil","item":"https:\/\/footdavant.fr\/actualites\/"},{"@type":"ListItem","position":2,"name":"Pep Guardiola nomme le patron de la Premier League : \u00ab\u00a0Il sera l&#39;un des meilleurs managers du monde\u00a0\u00bb"}]},{"@type":"WebSite","@id":"https:\/\/footdavant.fr\/actualites\/#website","url":"https:\/\/footdavant.fr\/actualites\/","name":"Foot d'avant","description":"","publisher":{"@id":"https:\/\/footdavant.fr\/actualites\/#organization"},"potentialAction":[{"@type":"SearchAction","target":{"@type":"EntryPoint","urlTemplate":"https:\/\/footdavant.fr\/actualites\/?s={search_term_string}"},"query-input":"required name=search_term_string"}],"inLanguage":"fr-FR"},{"@type":"Organization","@id":"https:\/\/footdavant.fr\/actualites\/#organization","name":"Foot d'avant","url":"https:\/\/footdavant.fr\/actualites\/","logo":{"@type":"ImageObject","inLanguage":"fr-FR","@id":"https:\/\/footdavant.fr\/actualites\/#\/schema\/logo\/image\/","url":"https:\/\/footdavant.fr\/actualites\/wp-content\/uploads\/2023\/09\/Copy-of-FootDavant-Logo.png","contentUrl":"https:\/\/footdavant.fr\/actualites\/wp-content\/uploads\/2023\/09\/Copy-of-FootDavant-Logo.png","width":936,"height":549,"caption":"Foot d'avant"},"image":{"@id":"https:\/\/footdavant.fr\/actualites\/#\/schema\/logo\/image\/"},"sameAs":["https:\/\/www.facebook.com\/Footdavant\/","https:\/\/twitter.com\/FootdavantFr","https:\/\/www.instagram.com\/footdavant.fr\/"]},{"@type":"Person","@id":"https:\/\/footdavant.fr\/actualites\/#\/schema\/person\/bc222566d95871b37e597b3ed3ba5e1d","name":"Cl\u00e9ment","image":{"@type":"ImageObject","inLanguage":"fr-FR","@id":"https:\/\/footdavant.fr\/actualites\/#\/schema\/person\/image\/","url":"https:\/\/secure.gravatar.com\/avatar\/7728b29aac2719421e1a9159b2254c44?s=96&d=mm&r=g","contentUrl":"https:\/\/secure.gravatar.com\/avatar\/7728b29aac2719421e1a9159b2254c44?s=96&d=mm&r=g","caption":"Cl\u00e9ment"},"sameAs":["https:\/\/footdavant.fr\/"]}]}},"_links":{"self":[{"href":"https:\/\/footdavant.fr\/actualites\/wp-json\/wp\/v2\/posts\/34499"}],"collection":[{"href":"https:\/\/footdavant.fr\/actualites\/wp-json\/wp\/v2\/posts"}],"about":[{"href":"https:\/\/footdavant.fr\/actualites\/wp-json\/wp\/v2\/types\/post"}],"author":[{"embeddable":true,"href":"https:\/\/footdavant.fr\/actualites\/wp-json\/wp\/v2\/users\/1"}],"replies":[{"embeddable":true,"href":"https:\/\/footdavant.fr\/actualites\/wp-json\/wp\/v2\/comments?post=34499"}],"version-history":[{"count":1,"href":"https:\/\/footdavant.fr\/actualites\/wp-json\/wp\/v2\/posts\/34499\/revisions"}],"predecessor-version":[{"id":34501,"href":"https:\/\/footdavant.fr\/actualites\/wp-json\/wp\/v2\/posts\/34499\/revisions\/34501"}],"wp:featuredmedia":[{"embeddable":true,"href":"https:\/\/footdavant.fr\/actualites\/wp-json\/wp\/v2\/media\/34500"}],"wp:attachment":[{"href":"https:\/\/footdavant.fr\/actualites\/wp-json\/wp\/v2\/media?parent=34499"}],"wp:term":[{"taxonomy":"category","embeddable":true,"href":"https:\/\/footdavant.fr\/actualites\/wp-json\/wp\/v2\/categories?post=34499"},{"taxonomy":"post_tag","embeddable":true,"href":"https:\/\/footdavant.fr\/actualites\/wp-json\/wp\/v2\/tags?post=34499"}],"curies":[{"name":"wp","href":"https:\/\/api.w.org\/{rel}","templated":true}]}}