{"id":34505,"date":"2026-02-15T09:48:15","date_gmt":"2026-02-15T08:48:15","guid":{"rendered":"https:\/\/footdavant.fr\/actualites\/actualites-des-transferts-du-real-madrid-antonio-rudiger-envisage-un-retour-en-premier-league-trois-clubs-deja-dans-la-course\/"},"modified":"2026-02-15T09:48:18","modified_gmt":"2026-02-15T08:48:18","slug":"actualites-des-transferts-du-real-madrid-antonio-rudiger-envisage-un-retour-en-premier-league-trois-clubs-deja-dans-la-course","status":"publish","type":"post","link":"https:\/\/footdavant.fr\/actualites\/actualites-des-transferts-du-real-madrid-antonio-rudiger-envisage-un-retour-en-premier-league-trois-clubs-deja-dans-la-course\/","title":{"rendered":"Actualit\u00e9s des transferts du Real Madrid : Antonio Rudiger envisage un retour en Premier League, trois clubs \u00ab\u00a0d\u00e9j\u00e0 dans la course\u00a0\u00bb"},"content":{"rendered":"<div itemprop=\"articleBody\">\n<p>En fin de contrat en fin de saison avec le Real Madrid, Antonio Rudiger a d\u00e9j\u00e0 choisi sa destination privil\u00e9gi\u00e9e pour poursuivre sa carri\u00e8re.<\/p>\n<p>Arriv\u00e9 au Real Madrid gr\u00e2ce \u00e0 un transfert gratuit \u00e0 l&#39;\u00e9t\u00e9 2022 en provenance de Chelsea, Rudiger devrait quitter Los Blancos de la m\u00eame mani\u00e8re l&#39;\u00e9t\u00e9 prochain.<\/p>\n<p>En effet, selon <em>Discussion en \u00e9quipe<\/em>le d\u00e9fenseur central de 32 ans n&#39;a toujours pas re\u00e7u d&#39;offre de prolongation de contrat de la part des g\u00e9ants espagnols, malgr\u00e9 l&#39;expiration de son contrat.<\/p>\n<h2>Antonio Rudiger se dirige vers la sortie du Real Madrid<\/h2>\n<div>\n<div>\n<div>\n<p>\u00a9 Imago<\/p>\n<\/div>\n<\/div>\n<\/div>\n<p>Le Real semble vouloir tourner la page d&#39;Alaba et de Rudiger en d\u00e9fense en fin de saison. Une ou deux recrues sont esp\u00e9r\u00e9es \u00e0 ce poste cet \u00e9t\u00e9, tandis qu&#39;Eder Militao, Dean Huijsen et Raul Asencio devraient rester.<\/p>\n<p>Face \u00e0 cette situation, Rudiger, qui avait d\u00e9cid\u00e9 de terminer la saison \u00e0 Madrid malgr\u00e9 l&#39;int\u00e9r\u00eat, entre autres, de Galatasaray, commence \u00e0 r\u00e9fl\u00e9chir \u00e0 sa prochaine \u00e9tape.<\/p>\n<p>L&#39;international allemand a d\u00e9j\u00e0 pris une d\u00e9cision importante puisqu&#39;il donne la priorit\u00e9 \u00e0 un retour en Premier League. Il serait m\u00eame pr\u00eat \u00e0 accepter une r\u00e9duction de son salaire actuel de 12,4 millions de livres sterling (14,6 millions d&#39;euros) par an, selon <em>Capologie<\/em>si cela lui permet de retourner en Angleterre.<\/p>\n<p>\u00c0 cet \u00e9gard, selon la m\u00eame source, l&#39;agent du madril\u00e8ne a d\u00e9j\u00e0 sond\u00e9 les clubs potentiellement int\u00e9ress\u00e9s.<\/p>\n<h2>L&#39;ancien joueur de Chelsea souhaite un retour en Premier League<\/h2>\n<div>\n<div>\n<div>\n<div><img decoding=\"async\" data-img-id=\"144206\" class=\"lazy\" loading=\"lazy\" src=\"https:\/\/footdavant.fr\/actualites\/wp-content\/uploads\/2026\/02\/Actualites-des-transferts-du-Real-Madrid-Antonio-Rudiger-envisage.jpg\"\/><\/p>\n<p>\u00a9 Imago<\/p>\n<\/div>\n<\/div>\n<\/div>\n<\/div>\n<p>Il s\u2019agit notamment de Tottenham, Crystal Palace et West Ham. Des discussions ont d\u00e9j\u00e0 eu lieu avec ces clubs londoniens, qui pourraient faire signer Rudiger pour rien l&#39;\u00e9t\u00e9 prochain. Ce serait une belle affaire puisque l&#39;Allemand reste titulaire au Real Madrid lorsqu&#39;il est disponible.<\/p>\n<p>Sa condition physique devra n\u00e9anmoins \u00eatre surveill\u00e9e, puisqu&#39;il a rat\u00e9 21 matches en raison d&#39;une blessure aux ischio-jambiers et d&#39;un autre probl\u00e8me au genou cette saison.<\/p>\n<p>A noter que le d\u00e9fenseur central a \u00e9galement \u00e9t\u00e9 propos\u00e9 \u00e0 son ancien club de Chelsea, mais le joueur de 32 ans ne rentre pas dans la strat\u00e9gie de recrutement des Blues.<\/p>\n<\/div>\n","protected":false},"excerpt":{"rendered":"<p>En fin de contrat en fin de saison avec le Real Madrid, Antonio Rudiger a d\u00e9j\u00e0 choisi sa destination privil\u00e9gi\u00e9e pour poursuivre sa carri\u00e8re. Arriv\u00e9<\/p>\n","protected":false},"author":1,"featured_media":34506,"comment_status":"closed","ping_status":"","sticky":false,"template":"","format":"standard","meta":{"footnotes":""},"categories":[5],"tags":[7,1574,533,19,943,12,496,202,303,201,302,393,7931,1376,947],"yoast_head":"<!-- This site is optimized with the Yoast SEO plugin v21.0 - https:\/\/yoast.com\/wordpress\/plugins\/seo\/ -->\n<title>Actualit\u00e9s des transferts du Real Madrid : Antonio Rudiger envisage un retour en Premier League, trois clubs &quot;d\u00e9j\u00e0 dans la course&quot;<\/title>\n<meta name=\"robots\" content=\"index, follow, max-snippet:-1, max-image-preview:large, max-video-preview:-1\" \/>\n<link rel=\"canonical\" href=\"https:\/\/footdavant.fr\/actualites\/actualites-des-transferts-du-real-madrid-antonio-rudiger-envisage-un-retour-en-premier-league-trois-clubs-deja-dans-la-course\/\" \/>\n<meta property=\"og:locale\" content=\"fr_FR\" \/>\n<meta property=\"og:type\" content=\"article\" \/>\n<meta property=\"og:title\" content=\"Actualit\u00e9s des transferts du Real Madrid : Antonio Rudiger envisage un retour en Premier League, trois clubs &quot;d\u00e9j\u00e0 dans la course&quot;\" \/>\n<meta property=\"og:description\" content=\"En fin de contrat en fin de saison avec le Real Madrid, Antonio Rudiger a d\u00e9j\u00e0 choisi sa destination privil\u00e9gi\u00e9e pour poursuivre sa carri\u00e8re. Arriv\u00e9\" \/>\n<meta property=\"og:url\" content=\"https:\/\/footdavant.fr\/actualites\/actualites-des-transferts-du-real-madrid-antonio-rudiger-envisage-un-retour-en-premier-league-trois-clubs-deja-dans-la-course\/\" \/>\n<meta property=\"og:site_name\" content=\"Foot d&#039;avant\" \/>\n<meta property=\"article:publisher\" content=\"https:\/\/www.facebook.com\/Footdavant\/\" \/>\n<meta property=\"article:published_time\" content=\"2026-02-15T08:48:15+00:00\" \/>\n<meta property=\"article:modified_time\" content=\"2026-02-15T08:48:18+00:00\" \/>\n<meta property=\"og:image\" content=\"https:\/\/footdavant.fr\/actualites\/wp-content\/uploads\/2026\/02\/Actualites-des-transferts-du-Real-Madrid-Antonio-Rudiger-envisage.net2Fuploads2F20252F092Frudiger-4-68c750.webp\" \/>\n\t<meta property=\"og:image:width\" content=\"720\" \/>\n\t<meta property=\"og:image:height\" content=\"410\" \/>\n\t<meta property=\"og:image:type\" content=\"image\/webp\" \/>\n<meta name=\"author\" content=\"Cl\u00e9ment\" \/>\n<meta name=\"twitter:card\" content=\"summary_large_image\" \/>\n<meta name=\"twitter:creator\" content=\"@FootdavantFr\" \/>\n<meta name=\"twitter:site\" content=\"@FootdavantFr\" \/>\n<meta name=\"twitter:label1\" content=\"\u00c9crit par\" \/>\n\t<meta name=\"twitter:data1\" content=\"Cl\u00e9ment\" \/>\n\t<meta name=\"twitter:label2\" content=\"Dur\u00e9e de lecture estim\u00e9e\" \/>\n\t<meta name=\"twitter:data2\" content=\"2 minutes\" \/>\n<script type=\"application\/ld+json\" class=\"yoast-schema-graph\">{\"@context\":\"https:\/\/schema.org\",\"@graph\":[{\"@type\":\"Article\",\"@id\":\"https:\/\/footdavant.fr\/actualites\/actualites-des-transferts-du-real-madrid-antonio-rudiger-envisage-un-retour-en-premier-league-trois-clubs-deja-dans-la-course\/#article\",\"isPartOf\":{\"@id\":\"https:\/\/footdavant.fr\/actualites\/actualites-des-transferts-du-real-madrid-antonio-rudiger-envisage-un-retour-en-premier-league-trois-clubs-deja-dans-la-course\/\"},\"author\":{\"name\":\"Cl\u00e9ment\",\"@id\":\"https:\/\/footdavant.fr\/actualites\/#\/schema\/person\/bc222566d95871b37e597b3ed3ba5e1d\"},\"headline\":\"Actualit\u00e9s des transferts du Real Madrid : Antonio Rudiger envisage un retour en Premier League, trois clubs \u00ab\u00a0d\u00e9j\u00e0 dans la course\u00a0\u00bb\",\"datePublished\":\"2026-02-15T08:48:15+00:00\",\"dateModified\":\"2026-02-15T08:48:18+00:00\",\"mainEntityOfPage\":{\"@id\":\"https:\/\/footdavant.fr\/actualites\/actualites-des-transferts-du-real-madrid-antonio-rudiger-envisage-un-retour-en-premier-league-trois-clubs-deja-dans-la-course\/\"},\"wordCount\":397,\"publisher\":{\"@id\":\"https:\/\/footdavant.fr\/actualites\/#organization\"},\"keywords\":[\"Actualit\u00e9s\",\"Antonio\",\"clubs\",\"dans\",\"d\u00e9j\u00e0\",\"des\",\"envisage\",\"League\",\"Madrid\",\"Premier\",\"Real\",\"retour\",\"Rudiger\",\"transferts\",\"trois\"],\"articleSection\":[\"Premier League\"],\"inLanguage\":\"fr-FR\"},{\"@type\":\"WebPage\",\"@id\":\"https:\/\/footdavant.fr\/actualites\/actualites-des-transferts-du-real-madrid-antonio-rudiger-envisage-un-retour-en-premier-league-trois-clubs-deja-dans-la-course\/\",\"url\":\"https:\/\/footdavant.fr\/actualites\/actualites-des-transferts-du-real-madrid-antonio-rudiger-envisage-un-retour-en-premier-league-trois-clubs-deja-dans-la-course\/\",\"name\":\"Actualit\u00e9s des transferts du Real Madrid : Antonio Rudiger envisage un retour en Premier League, trois clubs \\\"d\u00e9j\u00e0 dans la course\\\"\",\"isPartOf\":{\"@id\":\"https:\/\/footdavant.fr\/actualites\/#website\"},\"datePublished\":\"2026-02-15T08:48:15+00:00\",\"dateModified\":\"2026-02-15T08:48:18+00:00\",\"breadcrumb\":{\"@id\":\"https:\/\/footdavant.fr\/actualites\/actualites-des-transferts-du-real-madrid-antonio-rudiger-envisage-un-retour-en-premier-league-trois-clubs-deja-dans-la-course\/#breadcrumb\"},\"inLanguage\":\"fr-FR\",\"potentialAction\":[{\"@type\":\"ReadAction\",\"target\":[\"https:\/\/footdavant.fr\/actualites\/actualites-des-transferts-du-real-madrid-antonio-rudiger-envisage-un-retour-en-premier-league-trois-clubs-deja-dans-la-course\/\"]}]},{\"@type\":\"BreadcrumbList\",\"@id\":\"https:\/\/footdavant.fr\/actualites\/actualites-des-transferts-du-real-madrid-antonio-rudiger-envisage-un-retour-en-premier-league-trois-clubs-deja-dans-la-course\/#breadcrumb\",\"itemListElement\":[{\"@type\":\"ListItem\",\"position\":1,\"name\":\"Accueil\",\"item\":\"https:\/\/footdavant.fr\/actualites\/\"},{\"@type\":\"ListItem\",\"position\":2,\"name\":\"Actualit\u00e9s des transferts du Real Madrid : Antonio Rudiger envisage un retour en Premier League, trois clubs \u00ab\u00a0d\u00e9j\u00e0 dans la course\u00a0\u00bb\"}]},{\"@type\":\"WebSite\",\"@id\":\"https:\/\/footdavant.fr\/actualites\/#website\",\"url\":\"https:\/\/footdavant.fr\/actualites\/\",\"name\":\"Foot d'avant\",\"description\":\"\",\"publisher\":{\"@id\":\"https:\/\/footdavant.fr\/actualites\/#organization\"},\"potentialAction\":[{\"@type\":\"SearchAction\",\"target\":{\"@type\":\"EntryPoint\",\"urlTemplate\":\"https:\/\/footdavant.fr\/actualites\/?s={search_term_string}\"},\"query-input\":\"required name=search_term_string\"}],\"inLanguage\":\"fr-FR\"},{\"@type\":\"Organization\",\"@id\":\"https:\/\/footdavant.fr\/actualites\/#organization\",\"name\":\"Foot d'avant\",\"url\":\"https:\/\/footdavant.fr\/actualites\/\",\"logo\":{\"@type\":\"ImageObject\",\"inLanguage\":\"fr-FR\",\"@id\":\"https:\/\/footdavant.fr\/actualites\/#\/schema\/logo\/image\/\",\"url\":\"https:\/\/footdavant.fr\/actualites\/wp-content\/uploads\/2023\/09\/Copy-of-FootDavant-Logo.png\",\"contentUrl\":\"https:\/\/footdavant.fr\/actualites\/wp-content\/uploads\/2023\/09\/Copy-of-FootDavant-Logo.png\",\"width\":936,\"height\":549,\"caption\":\"Foot d'avant\"},\"image\":{\"@id\":\"https:\/\/footdavant.fr\/actualites\/#\/schema\/logo\/image\/\"},\"sameAs\":[\"https:\/\/www.facebook.com\/Footdavant\/\",\"https:\/\/twitter.com\/FootdavantFr\",\"https:\/\/www.instagram.com\/footdavant.fr\/\"]},{\"@type\":\"Person\",\"@id\":\"https:\/\/footdavant.fr\/actualites\/#\/schema\/person\/bc222566d95871b37e597b3ed3ba5e1d\",\"name\":\"Cl\u00e9ment\",\"image\":{\"@type\":\"ImageObject\",\"inLanguage\":\"fr-FR\",\"@id\":\"https:\/\/footdavant.fr\/actualites\/#\/schema\/person\/image\/\",\"url\":\"https:\/\/secure.gravatar.com\/avatar\/7728b29aac2719421e1a9159b2254c44?s=96&d=mm&r=g\",\"contentUrl\":\"https:\/\/secure.gravatar.com\/avatar\/7728b29aac2719421e1a9159b2254c44?s=96&d=mm&r=g\",\"caption\":\"Cl\u00e9ment\"},\"sameAs\":[\"https:\/\/footdavant.fr\/\"]}]}<\/script>\n<!-- \/ Yoast SEO plugin. -->","yoast_head_json":{"title":"Actualit\u00e9s des transferts du Real Madrid : Antonio Rudiger envisage un retour en Premier League, trois clubs \"d\u00e9j\u00e0 dans la course\"","robots":{"index":"index","follow":"follow","max-snippet":"max-snippet:-1","max-image-preview":"max-image-preview:large","max-video-preview":"max-video-preview:-1"},"canonical":"https:\/\/footdavant.fr\/actualites\/actualites-des-transferts-du-real-madrid-antonio-rudiger-envisage-un-retour-en-premier-league-trois-clubs-deja-dans-la-course\/","og_locale":"fr_FR","og_type":"article","og_title":"Actualit\u00e9s des transferts du Real Madrid : Antonio Rudiger envisage un retour en Premier League, trois clubs \"d\u00e9j\u00e0 dans la course\"","og_description":"En fin de contrat en fin de saison avec le Real Madrid, Antonio Rudiger a d\u00e9j\u00e0 choisi sa destination privil\u00e9gi\u00e9e pour poursuivre sa carri\u00e8re. Arriv\u00e9","og_url":"https:\/\/footdavant.fr\/actualites\/actualites-des-transferts-du-real-madrid-antonio-rudiger-envisage-un-retour-en-premier-league-trois-clubs-deja-dans-la-course\/","og_site_name":"Foot d&#039;avant","article_publisher":"https:\/\/www.facebook.com\/Footdavant\/","article_published_time":"2026-02-15T08:48:15+00:00","article_modified_time":"2026-02-15T08:48:18+00:00","og_image":[{"width":720,"height":410,"url":"https:\/\/footdavant.fr\/actualites\/wp-content\/uploads\/2026\/02\/Actualites-des-transferts-du-Real-Madrid-Antonio-Rudiger-envisage.net2Fuploads2F20252F092Frudiger-4-68c750.webp","type":"image\/webp"}],"author":"Cl\u00e9ment","twitter_card":"summary_large_image","twitter_creator":"@FootdavantFr","twitter_site":"@FootdavantFr","twitter_misc":{"\u00c9crit par":"Cl\u00e9ment","Dur\u00e9e de lecture estim\u00e9e":"2 minutes"},"schema":{"@context":"https:\/\/schema.org","@graph":[{"@type":"Article","@id":"https:\/\/footdavant.fr\/actualites\/actualites-des-transferts-du-real-madrid-antonio-rudiger-envisage-un-retour-en-premier-league-trois-clubs-deja-dans-la-course\/#article","isPartOf":{"@id":"https:\/\/footdavant.fr\/actualites\/actualites-des-transferts-du-real-madrid-antonio-rudiger-envisage-un-retour-en-premier-league-trois-clubs-deja-dans-la-course\/"},"author":{"name":"Cl\u00e9ment","@id":"https:\/\/footdavant.fr\/actualites\/#\/schema\/person\/bc222566d95871b37e597b3ed3ba5e1d"},"headline":"Actualit\u00e9s des transferts du Real Madrid : Antonio Rudiger envisage un retour en Premier League, trois clubs \u00ab\u00a0d\u00e9j\u00e0 dans la course\u00a0\u00bb","datePublished":"2026-02-15T08:48:15+00:00","dateModified":"2026-02-15T08:48:18+00:00","mainEntityOfPage":{"@id":"https:\/\/footdavant.fr\/actualites\/actualites-des-transferts-du-real-madrid-antonio-rudiger-envisage-un-retour-en-premier-league-trois-clubs-deja-dans-la-course\/"},"wordCount":397,"publisher":{"@id":"https:\/\/footdavant.fr\/actualites\/#organization"},"keywords":["Actualit\u00e9s","Antonio","clubs","dans","d\u00e9j\u00e0","des","envisage","League","Madrid","Premier","Real","retour","Rudiger","transferts","trois"],"articleSection":["Premier League"],"inLanguage":"fr-FR"},{"@type":"WebPage","@id":"https:\/\/footdavant.fr\/actualites\/actualites-des-transferts-du-real-madrid-antonio-rudiger-envisage-un-retour-en-premier-league-trois-clubs-deja-dans-la-course\/","url":"https:\/\/footdavant.fr\/actualites\/actualites-des-transferts-du-real-madrid-antonio-rudiger-envisage-un-retour-en-premier-league-trois-clubs-deja-dans-la-course\/","name":"Actualit\u00e9s des transferts du Real Madrid : Antonio Rudiger envisage un retour en Premier League, trois clubs \"d\u00e9j\u00e0 dans la course\"","isPartOf":{"@id":"https:\/\/footdavant.fr\/actualites\/#website"},"datePublished":"2026-02-15T08:48:15+00:00","dateModified":"2026-02-15T08:48:18+00:00","breadcrumb":{"@id":"https:\/\/footdavant.fr\/actualites\/actualites-des-transferts-du-real-madrid-antonio-rudiger-envisage-un-retour-en-premier-league-trois-clubs-deja-dans-la-course\/#breadcrumb"},"inLanguage":"fr-FR","potentialAction":[{"@type":"ReadAction","target":["https:\/\/footdavant.fr\/actualites\/actualites-des-transferts-du-real-madrid-antonio-rudiger-envisage-un-retour-en-premier-league-trois-clubs-deja-dans-la-course\/"]}]},{"@type":"BreadcrumbList","@id":"https:\/\/footdavant.fr\/actualites\/actualites-des-transferts-du-real-madrid-antonio-rudiger-envisage-un-retour-en-premier-league-trois-clubs-deja-dans-la-course\/#breadcrumb","itemListElement":[{"@type":"ListItem","position":1,"name":"Accueil","item":"https:\/\/footdavant.fr\/actualites\/"},{"@type":"ListItem","position":2,"name":"Actualit\u00e9s des transferts du Real Madrid : Antonio Rudiger envisage un retour en Premier League, trois clubs \u00ab\u00a0d\u00e9j\u00e0 dans la course\u00a0\u00bb"}]},{"@type":"WebSite","@id":"https:\/\/footdavant.fr\/actualites\/#website","url":"https:\/\/footdavant.fr\/actualites\/","name":"Foot d'avant","description":"","publisher":{"@id":"https:\/\/footdavant.fr\/actualites\/#organization"},"potentialAction":[{"@type":"SearchAction","target":{"@type":"EntryPoint","urlTemplate":"https:\/\/footdavant.fr\/actualites\/?s={search_term_string}"},"query-input":"required name=search_term_string"}],"inLanguage":"fr-FR"},{"@type":"Organization","@id":"https:\/\/footdavant.fr\/actualites\/#organization","name":"Foot d'avant","url":"https:\/\/footdavant.fr\/actualites\/","logo":{"@type":"ImageObject","inLanguage":"fr-FR","@id":"https:\/\/footdavant.fr\/actualites\/#\/schema\/logo\/image\/","url":"https:\/\/footdavant.fr\/actualites\/wp-content\/uploads\/2023\/09\/Copy-of-FootDavant-Logo.png","contentUrl":"https:\/\/footdavant.fr\/actualites\/wp-content\/uploads\/2023\/09\/Copy-of-FootDavant-Logo.png","width":936,"height":549,"caption":"Foot d'avant"},"image":{"@id":"https:\/\/footdavant.fr\/actualites\/#\/schema\/logo\/image\/"},"sameAs":["https:\/\/www.facebook.com\/Footdavant\/","https:\/\/twitter.com\/FootdavantFr","https:\/\/www.instagram.com\/footdavant.fr\/"]},{"@type":"Person","@id":"https:\/\/footdavant.fr\/actualites\/#\/schema\/person\/bc222566d95871b37e597b3ed3ba5e1d","name":"Cl\u00e9ment","image":{"@type":"ImageObject","inLanguage":"fr-FR","@id":"https:\/\/footdavant.fr\/actualites\/#\/schema\/person\/image\/","url":"https:\/\/secure.gravatar.com\/avatar\/7728b29aac2719421e1a9159b2254c44?s=96&d=mm&r=g","contentUrl":"https:\/\/secure.gravatar.com\/avatar\/7728b29aac2719421e1a9159b2254c44?s=96&d=mm&r=g","caption":"Cl\u00e9ment"},"sameAs":["https:\/\/footdavant.fr\/"]}]}},"_links":{"self":[{"href":"https:\/\/footdavant.fr\/actualites\/wp-json\/wp\/v2\/posts\/34505"}],"collection":[{"href":"https:\/\/footdavant.fr\/actualites\/wp-json\/wp\/v2\/posts"}],"about":[{"href":"https:\/\/footdavant.fr\/actualites\/wp-json\/wp\/v2\/types\/post"}],"author":[{"embeddable":true,"href":"https:\/\/footdavant.fr\/actualites\/wp-json\/wp\/v2\/users\/1"}],"replies":[{"embeddable":true,"href":"https:\/\/footdavant.fr\/actualites\/wp-json\/wp\/v2\/comments?post=34505"}],"version-history":[{"count":1,"href":"https:\/\/footdavant.fr\/actualites\/wp-json\/wp\/v2\/posts\/34505\/revisions"}],"predecessor-version":[{"id":34507,"href":"https:\/\/footdavant.fr\/actualites\/wp-json\/wp\/v2\/posts\/34505\/revisions\/34507"}],"wp:featuredmedia":[{"embeddable":true,"href":"https:\/\/footdavant.fr\/actualites\/wp-json\/wp\/v2\/media\/34506"}],"wp:attachment":[{"href":"https:\/\/footdavant.fr\/actualites\/wp-json\/wp\/v2\/media?parent=34505"}],"wp:term":[{"taxonomy":"category","embeddable":true,"href":"https:\/\/footdavant.fr\/actualites\/wp-json\/wp\/v2\/categories?post=34505"},{"taxonomy":"post_tag","embeddable":true,"href":"https:\/\/footdavant.fr\/actualites\/wp-json\/wp\/v2\/tags?post=34505"}],"curies":[{"name":"wp","href":"https:\/\/api.w.org\/{rel}","templated":true}]}}