{"id":34508,"date":"2026-02-15T11:48:26","date_gmt":"2026-02-15T10:48:26","guid":{"rendered":"https:\/\/footdavant.fr\/actualites\/arsenal-contre-wigan-composition-statistiques-et-apercu-du-choc-de-la-fa-cup\/"},"modified":"2026-02-15T11:48:32","modified_gmt":"2026-02-15T10:48:32","slug":"arsenal-contre-wigan-composition-statistiques-et-apercu-du-choc-de-la-fa-cup","status":"publish","type":"post","link":"https:\/\/footdavant.fr\/actualites\/arsenal-contre-wigan-composition-statistiques-et-apercu-du-choc-de-la-fa-cup\/","title":{"rendered":"Arsenal contre Wigan \u2013 Composition, statistiques et aper\u00e7u du choc de la FA Cup"},"content":{"rendered":"<div>\n<h2 class=\"wp-block-heading\"><span id=\"Match_Preview_for_Arsenal_v_Wigan\">Aper\u00e7u du match Arsenal contre Wigan<\/span><\/h2>\n<p>Arsenal accueille Wigan \u00e0 l&#39;Emirates Stadium dimanche alors que les \u00e9quipes se retrouvent \u00e0 nouveau en FA Cup, plus d&#39;une d\u00e9cennie apr\u00e8s leur m\u00e9morable affrontement final 2013-14.<\/p>\n<p>Les Gunners ont commenc\u00e9 confortablement la campagne de cette ann\u00e9e, battant Portsmouth 4-1 au troisi\u00e8me tour, tandis que Wigan, en difficult\u00e9 en Ligue 1, a gagn\u00e9 sa place avec une victoire 1-0 contre Preston North End.<\/p>\n<p>Arsenal reste le club le plus titr\u00e9 de la comp\u00e9tition avec 14 titres, mais n&#39;a pas d\u00e9pass\u00e9 ce stade depuis qu&#39;il a remport\u00e9 le troph\u00e9e en 2020. <\/p>\n<p>Leur attention se tourne d\u00e9sormais vers les ambitions de Wembley apr\u00e8s qu&#39;un match nul 1-1 en Premier League contre Brentford ait l\u00e9g\u00e8rement resserr\u00e9 la course au titre. <\/p>\n<p>Wigan arrive comme un outsider \u00e9vident mais tirera confiance de ses exploits en coupe. Le but de Harrison Bettoni a assur\u00e9 la victoire \u00e0 Preston, et ils ont \u00e9galement r\u00e9ussi les tours pr\u00e9c\u00e9dents via les tirs au but.<\/p>\n<figure class=\"wp-block-embed is-type-rich is-provider-twitter wp-block-embed-twitter\"\/>\n<h2 class=\"wp-block-heading\"><span id=\"Team_news_for_Arsenal_v_Wigan\">Nouvelles de l\u2019\u00e9quipe pour Arsenal contre Wigan<\/span><\/h2>\n<p>Arsenal est pr\u00e9occup\u00e9 par William Saliba, qui a rat\u00e9 le match de Brentford pour cause de maladie, et par Martin Odegaard, qui a subi un coup au genou. Il est peu probable que la paire soit risqu\u00e9e.<\/p>\n<p>Mikel Merino, Max Dowman et Kai Havertz sont \u00e9galement indisponibles. Une rotation est attendue, avec Kepa Arrizabalaga, Myles Lewis-Skelly et Christian Norgaard parmi ceux qui poussent pour commencer, tandis que Martinelli devrait figurer apr\u00e8s son tripl\u00e9 au troisi\u00e8me tour.<\/p>\n<p>Pour Wigan, Baba Adeeko et Luke Robinson sont de retour \u00e0 l&#39;entra\u00eenement mais pas pr\u00eats pour la s\u00e9lection. Harry McHugh reste \u00e0 l&#39;\u00e9cart et James Carragher est incertain.<\/p>\n<p>Jason Kerr a r\u00e9cup\u00e9r\u00e9 et devrait \u00eatre capitaine de l&#39;\u00e9quipe, avec le gardien Sam Tickle pr\u00eat \u00e0 d\u00e9buter.<\/p>\n<h2 class=\"wp-block-heading\"><span id=\"Expected_line-ups_for_Arsenal_v_Wigan\">Compositions attendues pour Arsenal contre Wigan<\/span><\/h2>\n<figure class=\"wp-block-image size-large\"><picture fetchpriority=\"high\" decoding=\"async\" class=\"wp-image-151667\"><source type=\"image\/webp\" data-lazy- \/><img fetchpriority=\"high\" decoding=\"async\" width=\"1024\" height=\"683\" src=\"https:\/\/footdavant.fr\/actualites\/wp-content\/uploads\/2026\/02\/Arsenal-contre-Wigan-\u2013-Composition-statistiques-et-apercu-du-choc.jpg\" alt=\"Arsenal c\u00e9l\u00e8bre un but \u00e0 Chelsea\"  \/>\n<\/picture>\n<\/figure>\n<p>  K\u00e9pa\u00a0; Blanc, Mosquera, Calafiori, Lewis-Skelly\u00a0; Eze, Norgaard, Riz\u00a0; Madueke, J\u00e9sus, Martinelli<\/p>\n<p>  Chatouiller; Fox, Aimson, Kerr\u00a0; Hunt, Weir, Smith, Murray\u00a0; Bettoni, Wright ; Taylor<\/p>\n<h2 class=\"wp-block-heading\"><span id=\"The_stats_for_Arsenal_v_Wigan\">Les statistiques du match Arsenal contre Wigan<\/span><\/h2>\n<ul class=\"wp-block-list\">\n<li>Arsenal a remport\u00e9 la FA Cup 14 fois, plus que tout autre club<\/li>\n<li>Les Gunners ont remport\u00e9 leurs trois derniers matches \u00e0 domicile toutes comp\u00e9titions confondues<\/li>\n<li>Wigan a perdu cinq de ses six derniers matches de championnat<\/li>\n<li>Arsenal n&#39;a pas d\u00e9pass\u00e9 le quatri\u00e8me tour depuis 2020<\/li>\n<li>Wigan a atteint le cinqui\u00e8me tour de la FA Cup pour la derni\u00e8re fois en 2017-18<\/li>\n<\/ul>\n<h2 class=\"wp-block-heading\"><span id=\"Prediction\">Pr\u00e9diction<\/span><\/h2>\n<section class=\"prediction-block\">\n<div class=\"prediction-block__card\">\n<div class=\"prediction-block__content\">\n<p>Compte tenu de l&#39;\u00e9cart de qualit\u00e9, de l&#39;avantage du terrain et de la mauvaise forme de Wigan en championnat, Arsenal devrait progresser confortablement et \u00e9viter une autre sortie pr\u00e9matur\u00e9e de la FA Cup.<\/p>\n<\/p><\/div>\n<p>        Pariez ici<\/p><\/div>\n<\/section>\n<\/div>\n","protected":false},"excerpt":{"rendered":"<p>Aper\u00e7u du match Arsenal contre Wigan Arsenal accueille Wigan \u00e0 l&#39;Emirates Stadium dimanche alors que les \u00e9quipes se retrouvent \u00e0 nouveau en FA Cup, plus<\/p>\n","protected":false},"author":1,"featured_media":34509,"comment_status":"closed","ping_status":"","sticky":false,"template":"","format":"standard","meta":{"footnotes":""},"categories":[3],"tags":[284,67,332,2291,20,466,4115,2937],"yoast_head":"<!-- This site is optimized with the Yoast SEO plugin v21.0 - https:\/\/yoast.com\/wordpress\/plugins\/seo\/ -->\n<title>Arsenal contre Wigan \u2013 Composition, statistiques et aper\u00e7u du choc de la FA Cup<\/title>\n<meta name=\"robots\" content=\"index, follow, max-snippet:-1, max-image-preview:large, max-video-preview:-1\" \/>\n<link rel=\"canonical\" href=\"https:\/\/footdavant.fr\/actualites\/arsenal-contre-wigan-composition-statistiques-et-apercu-du-choc-de-la-fa-cup\/\" \/>\n<meta property=\"og:locale\" content=\"fr_FR\" \/>\n<meta property=\"og:type\" content=\"article\" \/>\n<meta property=\"og:title\" content=\"Arsenal contre Wigan \u2013 Composition, statistiques et aper\u00e7u du choc de la FA Cup\" \/>\n<meta property=\"og:description\" content=\"Aper\u00e7u du match Arsenal contre Wigan Arsenal accueille Wigan \u00e0 l&#039;Emirates Stadium dimanche alors que les \u00e9quipes se retrouvent \u00e0 nouveau en FA Cup, plus\" \/>\n<meta property=\"og:url\" content=\"https:\/\/footdavant.fr\/actualites\/arsenal-contre-wigan-composition-statistiques-et-apercu-du-choc-de-la-fa-cup\/\" \/>\n<meta property=\"og:site_name\" content=\"Foot d&#039;avant\" \/>\n<meta property=\"article:publisher\" content=\"https:\/\/www.facebook.com\/Footdavant\/\" \/>\n<meta property=\"article:published_time\" content=\"2026-02-15T10:48:26+00:00\" \/>\n<meta property=\"article:modified_time\" content=\"2026-02-15T10:48:32+00:00\" \/>\n<meta property=\"og:image\" content=\"https:\/\/footdavant.fr\/actualites\/wp-content\/uploads\/2026\/02\/Arsenal-contre-Wigan-\u2013-Composition-statistiques-et-apercu-du-choc.png\" \/>\n\t<meta property=\"og:image:width\" content=\"1200\" \/>\n\t<meta property=\"og:image:height\" content=\"675\" \/>\n\t<meta property=\"og:image:type\" content=\"image\/png\" \/>\n<meta name=\"author\" content=\"Cl\u00e9ment\" \/>\n<meta name=\"twitter:card\" content=\"summary_large_image\" \/>\n<meta name=\"twitter:creator\" content=\"@FootdavantFr\" \/>\n<meta name=\"twitter:site\" content=\"@FootdavantFr\" \/>\n<meta name=\"twitter:label1\" content=\"\u00c9crit par\" \/>\n\t<meta name=\"twitter:data1\" content=\"Cl\u00e9ment\" \/>\n\t<meta name=\"twitter:label2\" content=\"Dur\u00e9e de lecture estim\u00e9e\" \/>\n\t<meta name=\"twitter:data2\" content=\"2 minutes\" \/>\n<script type=\"application\/ld+json\" class=\"yoast-schema-graph\">{\"@context\":\"https:\/\/schema.org\",\"@graph\":[{\"@type\":\"Article\",\"@id\":\"https:\/\/footdavant.fr\/actualites\/arsenal-contre-wigan-composition-statistiques-et-apercu-du-choc-de-la-fa-cup\/#article\",\"isPartOf\":{\"@id\":\"https:\/\/footdavant.fr\/actualites\/arsenal-contre-wigan-composition-statistiques-et-apercu-du-choc-de-la-fa-cup\/\"},\"author\":{\"name\":\"Cl\u00e9ment\",\"@id\":\"https:\/\/footdavant.fr\/actualites\/#\/schema\/person\/bc222566d95871b37e597b3ed3ba5e1d\"},\"headline\":\"Arsenal contre Wigan \u2013 Composition, statistiques et aper\u00e7u du choc de la FA Cup\",\"datePublished\":\"2026-02-15T10:48:26+00:00\",\"dateModified\":\"2026-02-15T10:48:32+00:00\",\"mainEntityOfPage\":{\"@id\":\"https:\/\/footdavant.fr\/actualites\/arsenal-contre-wigan-composition-statistiques-et-apercu-du-choc-de-la-fa-cup\/\"},\"wordCount\":474,\"publisher\":{\"@id\":\"https:\/\/footdavant.fr\/actualites\/#organization\"},\"keywords\":[\"Aper\u00e7u\",\"Arsenal\",\"choc\",\"composition\",\"contre\",\"Cup\",\"statistiques\",\"Wigan\"],\"articleSection\":[\"Football\"],\"inLanguage\":\"fr-FR\"},{\"@type\":\"WebPage\",\"@id\":\"https:\/\/footdavant.fr\/actualites\/arsenal-contre-wigan-composition-statistiques-et-apercu-du-choc-de-la-fa-cup\/\",\"url\":\"https:\/\/footdavant.fr\/actualites\/arsenal-contre-wigan-composition-statistiques-et-apercu-du-choc-de-la-fa-cup\/\",\"name\":\"Arsenal contre Wigan \u2013 Composition, statistiques et aper\u00e7u du choc de la FA Cup\",\"isPartOf\":{\"@id\":\"https:\/\/footdavant.fr\/actualites\/#website\"},\"datePublished\":\"2026-02-15T10:48:26+00:00\",\"dateModified\":\"2026-02-15T10:48:32+00:00\",\"breadcrumb\":{\"@id\":\"https:\/\/footdavant.fr\/actualites\/arsenal-contre-wigan-composition-statistiques-et-apercu-du-choc-de-la-fa-cup\/#breadcrumb\"},\"inLanguage\":\"fr-FR\",\"potentialAction\":[{\"@type\":\"ReadAction\",\"target\":[\"https:\/\/footdavant.fr\/actualites\/arsenal-contre-wigan-composition-statistiques-et-apercu-du-choc-de-la-fa-cup\/\"]}]},{\"@type\":\"BreadcrumbList\",\"@id\":\"https:\/\/footdavant.fr\/actualites\/arsenal-contre-wigan-composition-statistiques-et-apercu-du-choc-de-la-fa-cup\/#breadcrumb\",\"itemListElement\":[{\"@type\":\"ListItem\",\"position\":1,\"name\":\"Accueil\",\"item\":\"https:\/\/footdavant.fr\/actualites\/\"},{\"@type\":\"ListItem\",\"position\":2,\"name\":\"Arsenal contre Wigan \u2013 Composition, statistiques et aper\u00e7u du choc de la FA Cup\"}]},{\"@type\":\"WebSite\",\"@id\":\"https:\/\/footdavant.fr\/actualites\/#website\",\"url\":\"https:\/\/footdavant.fr\/actualites\/\",\"name\":\"Foot d'avant\",\"description\":\"\",\"publisher\":{\"@id\":\"https:\/\/footdavant.fr\/actualites\/#organization\"},\"potentialAction\":[{\"@type\":\"SearchAction\",\"target\":{\"@type\":\"EntryPoint\",\"urlTemplate\":\"https:\/\/footdavant.fr\/actualites\/?s={search_term_string}\"},\"query-input\":\"required name=search_term_string\"}],\"inLanguage\":\"fr-FR\"},{\"@type\":\"Organization\",\"@id\":\"https:\/\/footdavant.fr\/actualites\/#organization\",\"name\":\"Foot d'avant\",\"url\":\"https:\/\/footdavant.fr\/actualites\/\",\"logo\":{\"@type\":\"ImageObject\",\"inLanguage\":\"fr-FR\",\"@id\":\"https:\/\/footdavant.fr\/actualites\/#\/schema\/logo\/image\/\",\"url\":\"https:\/\/footdavant.fr\/actualites\/wp-content\/uploads\/2023\/09\/Copy-of-FootDavant-Logo.png\",\"contentUrl\":\"https:\/\/footdavant.fr\/actualites\/wp-content\/uploads\/2023\/09\/Copy-of-FootDavant-Logo.png\",\"width\":936,\"height\":549,\"caption\":\"Foot d'avant\"},\"image\":{\"@id\":\"https:\/\/footdavant.fr\/actualites\/#\/schema\/logo\/image\/\"},\"sameAs\":[\"https:\/\/www.facebook.com\/Footdavant\/\",\"https:\/\/twitter.com\/FootdavantFr\",\"https:\/\/www.instagram.com\/footdavant.fr\/\"]},{\"@type\":\"Person\",\"@id\":\"https:\/\/footdavant.fr\/actualites\/#\/schema\/person\/bc222566d95871b37e597b3ed3ba5e1d\",\"name\":\"Cl\u00e9ment\",\"image\":{\"@type\":\"ImageObject\",\"inLanguage\":\"fr-FR\",\"@id\":\"https:\/\/footdavant.fr\/actualites\/#\/schema\/person\/image\/\",\"url\":\"https:\/\/secure.gravatar.com\/avatar\/7728b29aac2719421e1a9159b2254c44?s=96&d=mm&r=g\",\"contentUrl\":\"https:\/\/secure.gravatar.com\/avatar\/7728b29aac2719421e1a9159b2254c44?s=96&d=mm&r=g\",\"caption\":\"Cl\u00e9ment\"},\"sameAs\":[\"https:\/\/footdavant.fr\/\"]}]}<\/script>\n<!-- \/ Yoast SEO plugin. -->","yoast_head_json":{"title":"Arsenal contre Wigan \u2013 Composition, statistiques et aper\u00e7u du choc de la FA Cup","robots":{"index":"index","follow":"follow","max-snippet":"max-snippet:-1","max-image-preview":"max-image-preview:large","max-video-preview":"max-video-preview:-1"},"canonical":"https:\/\/footdavant.fr\/actualites\/arsenal-contre-wigan-composition-statistiques-et-apercu-du-choc-de-la-fa-cup\/","og_locale":"fr_FR","og_type":"article","og_title":"Arsenal contre Wigan \u2013 Composition, statistiques et aper\u00e7u du choc de la FA Cup","og_description":"Aper\u00e7u du match Arsenal contre Wigan Arsenal accueille Wigan \u00e0 l&#39;Emirates Stadium dimanche alors que les \u00e9quipes se retrouvent \u00e0 nouveau en FA Cup, plus","og_url":"https:\/\/footdavant.fr\/actualites\/arsenal-contre-wigan-composition-statistiques-et-apercu-du-choc-de-la-fa-cup\/","og_site_name":"Foot d&#039;avant","article_publisher":"https:\/\/www.facebook.com\/Footdavant\/","article_published_time":"2026-02-15T10:48:26+00:00","article_modified_time":"2026-02-15T10:48:32+00:00","og_image":[{"width":1200,"height":675,"url":"https:\/\/footdavant.fr\/actualites\/wp-content\/uploads\/2026\/02\/Arsenal-contre-Wigan-\u2013-Composition-statistiques-et-apercu-du-choc.png","type":"image\/png"}],"author":"Cl\u00e9ment","twitter_card":"summary_large_image","twitter_creator":"@FootdavantFr","twitter_site":"@FootdavantFr","twitter_misc":{"\u00c9crit par":"Cl\u00e9ment","Dur\u00e9e de lecture estim\u00e9e":"2 minutes"},"schema":{"@context":"https:\/\/schema.org","@graph":[{"@type":"Article","@id":"https:\/\/footdavant.fr\/actualites\/arsenal-contre-wigan-composition-statistiques-et-apercu-du-choc-de-la-fa-cup\/#article","isPartOf":{"@id":"https:\/\/footdavant.fr\/actualites\/arsenal-contre-wigan-composition-statistiques-et-apercu-du-choc-de-la-fa-cup\/"},"author":{"name":"Cl\u00e9ment","@id":"https:\/\/footdavant.fr\/actualites\/#\/schema\/person\/bc222566d95871b37e597b3ed3ba5e1d"},"headline":"Arsenal contre Wigan \u2013 Composition, statistiques et aper\u00e7u du choc de la FA Cup","datePublished":"2026-02-15T10:48:26+00:00","dateModified":"2026-02-15T10:48:32+00:00","mainEntityOfPage":{"@id":"https:\/\/footdavant.fr\/actualites\/arsenal-contre-wigan-composition-statistiques-et-apercu-du-choc-de-la-fa-cup\/"},"wordCount":474,"publisher":{"@id":"https:\/\/footdavant.fr\/actualites\/#organization"},"keywords":["Aper\u00e7u","Arsenal","choc","composition","contre","Cup","statistiques","Wigan"],"articleSection":["Football"],"inLanguage":"fr-FR"},{"@type":"WebPage","@id":"https:\/\/footdavant.fr\/actualites\/arsenal-contre-wigan-composition-statistiques-et-apercu-du-choc-de-la-fa-cup\/","url":"https:\/\/footdavant.fr\/actualites\/arsenal-contre-wigan-composition-statistiques-et-apercu-du-choc-de-la-fa-cup\/","name":"Arsenal contre Wigan \u2013 Composition, statistiques et aper\u00e7u du choc de la FA Cup","isPartOf":{"@id":"https:\/\/footdavant.fr\/actualites\/#website"},"datePublished":"2026-02-15T10:48:26+00:00","dateModified":"2026-02-15T10:48:32+00:00","breadcrumb":{"@id":"https:\/\/footdavant.fr\/actualites\/arsenal-contre-wigan-composition-statistiques-et-apercu-du-choc-de-la-fa-cup\/#breadcrumb"},"inLanguage":"fr-FR","potentialAction":[{"@type":"ReadAction","target":["https:\/\/footdavant.fr\/actualites\/arsenal-contre-wigan-composition-statistiques-et-apercu-du-choc-de-la-fa-cup\/"]}]},{"@type":"BreadcrumbList","@id":"https:\/\/footdavant.fr\/actualites\/arsenal-contre-wigan-composition-statistiques-et-apercu-du-choc-de-la-fa-cup\/#breadcrumb","itemListElement":[{"@type":"ListItem","position":1,"name":"Accueil","item":"https:\/\/footdavant.fr\/actualites\/"},{"@type":"ListItem","position":2,"name":"Arsenal contre Wigan \u2013 Composition, statistiques et aper\u00e7u du choc de la FA Cup"}]},{"@type":"WebSite","@id":"https:\/\/footdavant.fr\/actualites\/#website","url":"https:\/\/footdavant.fr\/actualites\/","name":"Foot d'avant","description":"","publisher":{"@id":"https:\/\/footdavant.fr\/actualites\/#organization"},"potentialAction":[{"@type":"SearchAction","target":{"@type":"EntryPoint","urlTemplate":"https:\/\/footdavant.fr\/actualites\/?s={search_term_string}"},"query-input":"required name=search_term_string"}],"inLanguage":"fr-FR"},{"@type":"Organization","@id":"https:\/\/footdavant.fr\/actualites\/#organization","name":"Foot d'avant","url":"https:\/\/footdavant.fr\/actualites\/","logo":{"@type":"ImageObject","inLanguage":"fr-FR","@id":"https:\/\/footdavant.fr\/actualites\/#\/schema\/logo\/image\/","url":"https:\/\/footdavant.fr\/actualites\/wp-content\/uploads\/2023\/09\/Copy-of-FootDavant-Logo.png","contentUrl":"https:\/\/footdavant.fr\/actualites\/wp-content\/uploads\/2023\/09\/Copy-of-FootDavant-Logo.png","width":936,"height":549,"caption":"Foot d'avant"},"image":{"@id":"https:\/\/footdavant.fr\/actualites\/#\/schema\/logo\/image\/"},"sameAs":["https:\/\/www.facebook.com\/Footdavant\/","https:\/\/twitter.com\/FootdavantFr","https:\/\/www.instagram.com\/footdavant.fr\/"]},{"@type":"Person","@id":"https:\/\/footdavant.fr\/actualites\/#\/schema\/person\/bc222566d95871b37e597b3ed3ba5e1d","name":"Cl\u00e9ment","image":{"@type":"ImageObject","inLanguage":"fr-FR","@id":"https:\/\/footdavant.fr\/actualites\/#\/schema\/person\/image\/","url":"https:\/\/secure.gravatar.com\/avatar\/7728b29aac2719421e1a9159b2254c44?s=96&d=mm&r=g","contentUrl":"https:\/\/secure.gravatar.com\/avatar\/7728b29aac2719421e1a9159b2254c44?s=96&d=mm&r=g","caption":"Cl\u00e9ment"},"sameAs":["https:\/\/footdavant.fr\/"]}]}},"_links":{"self":[{"href":"https:\/\/footdavant.fr\/actualites\/wp-json\/wp\/v2\/posts\/34508"}],"collection":[{"href":"https:\/\/footdavant.fr\/actualites\/wp-json\/wp\/v2\/posts"}],"about":[{"href":"https:\/\/footdavant.fr\/actualites\/wp-json\/wp\/v2\/types\/post"}],"author":[{"embeddable":true,"href":"https:\/\/footdavant.fr\/actualites\/wp-json\/wp\/v2\/users\/1"}],"replies":[{"embeddable":true,"href":"https:\/\/footdavant.fr\/actualites\/wp-json\/wp\/v2\/comments?post=34508"}],"version-history":[{"count":1,"href":"https:\/\/footdavant.fr\/actualites\/wp-json\/wp\/v2\/posts\/34508\/revisions"}],"predecessor-version":[{"id":34510,"href":"https:\/\/footdavant.fr\/actualites\/wp-json\/wp\/v2\/posts\/34508\/revisions\/34510"}],"wp:featuredmedia":[{"embeddable":true,"href":"https:\/\/footdavant.fr\/actualites\/wp-json\/wp\/v2\/media\/34509"}],"wp:attachment":[{"href":"https:\/\/footdavant.fr\/actualites\/wp-json\/wp\/v2\/media?parent=34508"}],"wp:term":[{"taxonomy":"category","embeddable":true,"href":"https:\/\/footdavant.fr\/actualites\/wp-json\/wp\/v2\/categories?post=34508"},{"taxonomy":"post_tag","embeddable":true,"href":"https:\/\/footdavant.fr\/actualites\/wp-json\/wp\/v2\/tags?post=34508"}],"curies":[{"name":"wp","href":"https:\/\/api.w.org\/{rel}","templated":true}]}}