{"id":34511,"date":"2026-02-15T13:48:00","date_gmt":"2026-02-15T12:48:00","guid":{"rendered":"https:\/\/footdavant.fr\/actualites\/nouvelles-du-transfert-de-liverpool-les-reds-retardent-laccord-pour-lattaquant-de-bundesliga-en-raison-de-complications-au-milieu-des-inquietudes-de-mohamed-sala\/"},"modified":"2026-02-15T13:48:02","modified_gmt":"2026-02-15T12:48:02","slug":"nouvelles-du-transfert-de-liverpool-les-reds-retardent-laccord-pour-lattaquant-de-bundesliga-en-raison-de-complications-au-milieu-des-inquietudes-de-mohamed-sala","status":"publish","type":"post","link":"https:\/\/footdavant.fr\/actualites\/nouvelles-du-transfert-de-liverpool-les-reds-retardent-laccord-pour-lattaquant-de-bundesliga-en-raison-de-complications-au-milieu-des-inquietudes-de-mohamed-sala\/","title":{"rendered":"Nouvelles du transfert de Liverpool: les Reds \u00ab retardent \u00bb l&#39;accord pour l&#39;attaquant de Bundesliga en raison de \u00ab complications \u00bb au milieu des inqui\u00e9tudes de Mohamed Salah"},"content":{"rendered":"<div itemprop=\"articleBody\">\n<p>Liverpool h\u00e9site \u00e0 signer Yan Diomande en raison de complications concernant l&#39;agence et les droits \u00e0 l&#39;image de la star du RB Leipzig, selon le dernier rapport.<\/p>\n<p>Les Reds devraient affronter Sunderland mercredi et esp\u00e8rent rebondir apr\u00e8s avoir perdu 2-1 contre Manchester City en Premier League dimanche.<\/p>\n<p>L&#39;\u00e9quipe d&#39;Arne Slot a \u00e9t\u00e9 particuli\u00e8rement m\u00e9diocre en attaque ce week-end, les attaquants Cody Gakpo et Mohamed Salah ayant du mal \u00e0 influencer leur affrontement avec City.<\/p>\n<p>\u00c9tant donn\u00e9 que Liverpool n\u2019a marqu\u00e9 que 40 buts en championnat cette saison \u2013 le sixi\u00e8me meilleur retour dans l\u2019\u00e9lite \u2013 il ne serait pas surprenant qu\u2019ils se lancent dans le march\u00e9 estival pour trouver un attaquant large.<\/p>\n<p>Cependant, le journaliste du transfert <em>Sacha Tavolieri<\/em> affirme que les Reds h\u00e9sitent \u00e0 conclure un accord pour l&#39;ailier de Leipzig Diomande, car ses droits d&#39;image appartiennent actuellement \u00e0 son ancienne agence, Liverpool attendant une r\u00e9solution du diff\u00e9rend.<\/p>\n<div>\n<div>\n<div>\n<div>\n<div>\n<p>\u00a9 Imago \/ dts Nachrichtenagentur<\/p>\n<\/div>\n<\/div>\n<\/div>\n<\/div>\n<\/div>\n<h2>Yan Diomande \u00e9valu\u00e9 : L\u2019ailier du RB Leipzig a-t-il du sens ?<\/h2>\n<p>Diomande peut jouer sur les deux flancs, bien qu&#39;il ait principalement op\u00e9r\u00e9 \u00e0 droite, le joueur de 19 ans \u00e9tant \u00e0 l&#39;aise dans des positions larges ou \u00e9troites.<\/p>\n<p>L&#39;adolescent a marqu\u00e9 sept buts et fourni quatre passes d\u00e9cisives en 1 359 minutes en Bundesliga cette campagne.<\/p>\n<p>A noter que Diomand\u00e9 a enregistr\u00e9 la deuxi\u00e8me vitesse la plus rapide de l&#39;\u00e9lite allemande, l&#39;attaquant ayant enregistr\u00e9 une vitesse de 36,3 km\/h.<\/p>\n<p>Ce chiffre le classerait au deuxi\u00e8me rang des joueurs les plus rapides de la Ligue des champions, Salah ayant enregistr\u00e9 une vitesse de 34,3 km\/h dans la comp\u00e9tition.<\/p>\n<p>Les Reds manquaient de menace derri\u00e8re les d\u00e9fenses adverses cette saison, donc m\u00eame si Diomande n&#39;est qu&#39;un adolescent, ses comp\u00e9tences pourraient \u00eatre utiles contre les blocs bas.<\/p>\n<div>\n<div>\n<div>\n<div>\n<div><img decoding=\"async\" data-img-id=\"156227\" class=\"lazy\" loading=\"lazy\" src=\"https:\/\/footdavant.fr\/actualites\/wp-content\/uploads\/2026\/02\/1770742090_461_Nouvelles-du-transfert-de-Man-Utd-Pas-de.webp\"\/><\/p>\n<p>\u00a9 Imago \/ motivation<\/p>\n<\/div>\n<\/div>\n<\/div>\n<\/div>\n<\/div>\n<h2>Pourquoi Liverpool a besoin d&#39;un ailier cet \u00e9t\u00e9<\/h2>\n<p>Suite \u00e0 la vente de Luis Diaz au Bayern Munich, Slot se retrouve sans dribbleur sp\u00e9cialis\u00e9 sur les flancs, alors que des rivaux tels que Manchester City et Arsenal comptent respectivement Jeremy Doku et Bukayo Saka.<\/p>\n<p>Salah a eu du mal lorsqu&#39;on lui a demand\u00e9 de dribbler les arri\u00e8res lat\u00e9raux adverses cette saison, et il n&#39;a pas non plus r\u00e9ussi \u00e0 tenir ses promesses dans le dernier tiers apr\u00e8s avoir marqu\u00e9 seulement quatre buts en Premier League.<\/p>\n<p>Le joueur de 33 ans semble avoir consid\u00e9rablement d\u00e9clin\u00e9 et il est peut-\u00eatre temps pour Liverpool de trouver un rempla\u00e7ant pour l&#39;ailier l\u00e9gendaire.<\/p>\n<\/div>\n","protected":false},"excerpt":{"rendered":"<p>Liverpool h\u00e9site \u00e0 signer Yan Diomande en raison de complications concernant l&#39;agence et les droits \u00e0 l&#39;image de la star du RB Leipzig, selon le<\/p>\n","protected":false},"author":1,"featured_media":34512,"comment_status":"closed","ping_status":"","sticky":false,"template":"","format":"standard","meta":{"footnotes":""},"categories":[5],"tags":[1504,11504,12,1401,4350,4304,93,53,441,334,461,51,182,722,5497,335,700],"yoast_head":"<!-- This site is optimized with the Yoast SEO plugin v21.0 - https:\/\/yoast.com\/wordpress\/plugins\/seo\/ -->\n<title>Nouvelles du transfert de Liverpool: les Reds \u00ab retardent \u00bb l&#039;accord pour l&#039;attaquant de Bundesliga en raison de \u00ab complications \u00bb au milieu des inqui\u00e9tudes de Mohamed Salah<\/title>\n<meta name=\"robots\" content=\"index, follow, max-snippet:-1, max-image-preview:large, max-video-preview:-1\" \/>\n<link rel=\"canonical\" href=\"https:\/\/footdavant.fr\/actualites\/nouvelles-du-transfert-de-liverpool-les-reds-retardent-laccord-pour-lattaquant-de-bundesliga-en-raison-de-complications-au-milieu-des-inquietudes-de-mohamed-sala\/\" \/>\n<meta property=\"og:locale\" content=\"fr_FR\" \/>\n<meta property=\"og:type\" content=\"article\" \/>\n<meta property=\"og:title\" content=\"Nouvelles du transfert de Liverpool: les Reds \u00ab retardent \u00bb l&#039;accord pour l&#039;attaquant de Bundesliga en raison de \u00ab complications \u00bb au milieu des inqui\u00e9tudes de Mohamed Salah\" \/>\n<meta property=\"og:description\" content=\"Liverpool h\u00e9site \u00e0 signer Yan Diomande en raison de complications concernant l&#039;agence et les droits \u00e0 l&#039;image de la star du RB Leipzig, selon le\" \/>\n<meta property=\"og:url\" content=\"https:\/\/footdavant.fr\/actualites\/nouvelles-du-transfert-de-liverpool-les-reds-retardent-laccord-pour-lattaquant-de-bundesliga-en-raison-de-complications-au-milieu-des-inquietudes-de-mohamed-sala\/\" \/>\n<meta property=\"og:site_name\" content=\"Foot d&#039;avant\" \/>\n<meta property=\"article:publisher\" content=\"https:\/\/www.facebook.com\/Footdavant\/\" \/>\n<meta property=\"article:published_time\" content=\"2026-02-15T12:48:00+00:00\" \/>\n<meta property=\"article:modified_time\" content=\"2026-02-15T12:48:02+00:00\" \/>\n<meta property=\"og:image\" content=\"https:\/\/footdavant.fr\/actualites\/wp-content\/uploads\/2026\/02\/Nouvelles-du-transfert-de-Liverpool-les-Reds-retardent.net2Fuploads2F20262F022Farne-slot-mo-sal.webp\" \/>\n\t<meta property=\"og:image:width\" content=\"720\" \/>\n\t<meta property=\"og:image:height\" content=\"410\" \/>\n\t<meta property=\"og:image:type\" content=\"image\/webp\" \/>\n<meta name=\"author\" content=\"Cl\u00e9ment\" \/>\n<meta name=\"twitter:card\" content=\"summary_large_image\" \/>\n<meta name=\"twitter:creator\" content=\"@FootdavantFr\" \/>\n<meta name=\"twitter:site\" content=\"@FootdavantFr\" \/>\n<meta name=\"twitter:label1\" content=\"\u00c9crit par\" \/>\n\t<meta name=\"twitter:data1\" content=\"Cl\u00e9ment\" \/>\n\t<meta name=\"twitter:label2\" content=\"Dur\u00e9e de lecture estim\u00e9e\" \/>\n\t<meta name=\"twitter:data2\" content=\"2 minutes\" \/>\n<script type=\"application\/ld+json\" class=\"yoast-schema-graph\">{\"@context\":\"https:\/\/schema.org\",\"@graph\":[{\"@type\":\"Article\",\"@id\":\"https:\/\/footdavant.fr\/actualites\/nouvelles-du-transfert-de-liverpool-les-reds-retardent-laccord-pour-lattaquant-de-bundesliga-en-raison-de-complications-au-milieu-des-inquietudes-de-mohamed-sala\/#article\",\"isPartOf\":{\"@id\":\"https:\/\/footdavant.fr\/actualites\/nouvelles-du-transfert-de-liverpool-les-reds-retardent-laccord-pour-lattaquant-de-bundesliga-en-raison-de-complications-au-milieu-des-inquietudes-de-mohamed-sala\/\"},\"author\":{\"name\":\"Cl\u00e9ment\",\"@id\":\"https:\/\/footdavant.fr\/actualites\/#\/schema\/person\/bc222566d95871b37e597b3ed3ba5e1d\"},\"headline\":\"Nouvelles du transfert de Liverpool: les Reds \u00ab retardent \u00bb l&#39;accord pour l&#39;attaquant de Bundesliga en raison de \u00ab complications \u00bb au milieu des inqui\u00e9tudes de Mohamed Salah\",\"datePublished\":\"2026-02-15T12:48:00+00:00\",\"dateModified\":\"2026-02-15T12:48:02+00:00\",\"mainEntityOfPage\":{\"@id\":\"https:\/\/footdavant.fr\/actualites\/nouvelles-du-transfert-de-liverpool-les-reds-retardent-laccord-pour-lattaquant-de-bundesliga-en-raison-de-complications-au-milieu-des-inquietudes-de-mohamed-sala\/\"},\"wordCount\":456,\"publisher\":{\"@id\":\"https:\/\/footdavant.fr\/actualites\/#organization\"},\"keywords\":[\"Bundesliga\",\"complications\",\"des\",\"inqui\u00e9tudes\",\"l39accord\",\"l39attaquant\",\"les\",\"Liverpool\",\"milieu\",\"Mohamed\",\"Nouvelles\",\"pour\",\"raison\",\"Reds\",\"retardent\",\"Salah\",\"transfert\"],\"articleSection\":[\"Premier League\"],\"inLanguage\":\"fr-FR\"},{\"@type\":\"WebPage\",\"@id\":\"https:\/\/footdavant.fr\/actualites\/nouvelles-du-transfert-de-liverpool-les-reds-retardent-laccord-pour-lattaquant-de-bundesliga-en-raison-de-complications-au-milieu-des-inquietudes-de-mohamed-sala\/\",\"url\":\"https:\/\/footdavant.fr\/actualites\/nouvelles-du-transfert-de-liverpool-les-reds-retardent-laccord-pour-lattaquant-de-bundesliga-en-raison-de-complications-au-milieu-des-inquietudes-de-mohamed-sala\/\",\"name\":\"Nouvelles du transfert de Liverpool: les Reds \u00ab retardent \u00bb l&#39;accord pour l&#39;attaquant de Bundesliga en raison de \u00ab complications \u00bb au milieu des inqui\u00e9tudes de Mohamed Salah\",\"isPartOf\":{\"@id\":\"https:\/\/footdavant.fr\/actualites\/#website\"},\"datePublished\":\"2026-02-15T12:48:00+00:00\",\"dateModified\":\"2026-02-15T12:48:02+00:00\",\"breadcrumb\":{\"@id\":\"https:\/\/footdavant.fr\/actualites\/nouvelles-du-transfert-de-liverpool-les-reds-retardent-laccord-pour-lattaquant-de-bundesliga-en-raison-de-complications-au-milieu-des-inquietudes-de-mohamed-sala\/#breadcrumb\"},\"inLanguage\":\"fr-FR\",\"potentialAction\":[{\"@type\":\"ReadAction\",\"target\":[\"https:\/\/footdavant.fr\/actualites\/nouvelles-du-transfert-de-liverpool-les-reds-retardent-laccord-pour-lattaquant-de-bundesliga-en-raison-de-complications-au-milieu-des-inquietudes-de-mohamed-sala\/\"]}]},{\"@type\":\"BreadcrumbList\",\"@id\":\"https:\/\/footdavant.fr\/actualites\/nouvelles-du-transfert-de-liverpool-les-reds-retardent-laccord-pour-lattaquant-de-bundesliga-en-raison-de-complications-au-milieu-des-inquietudes-de-mohamed-sala\/#breadcrumb\",\"itemListElement\":[{\"@type\":\"ListItem\",\"position\":1,\"name\":\"Accueil\",\"item\":\"https:\/\/footdavant.fr\/actualites\/\"},{\"@type\":\"ListItem\",\"position\":2,\"name\":\"Nouvelles du transfert de Liverpool: les Reds \u00ab retardent \u00bb l&#39;accord pour l&#39;attaquant de Bundesliga en raison de \u00ab complications \u00bb au milieu des inqui\u00e9tudes de Mohamed Salah\"}]},{\"@type\":\"WebSite\",\"@id\":\"https:\/\/footdavant.fr\/actualites\/#website\",\"url\":\"https:\/\/footdavant.fr\/actualites\/\",\"name\":\"Foot d'avant\",\"description\":\"\",\"publisher\":{\"@id\":\"https:\/\/footdavant.fr\/actualites\/#organization\"},\"potentialAction\":[{\"@type\":\"SearchAction\",\"target\":{\"@type\":\"EntryPoint\",\"urlTemplate\":\"https:\/\/footdavant.fr\/actualites\/?s={search_term_string}\"},\"query-input\":\"required name=search_term_string\"}],\"inLanguage\":\"fr-FR\"},{\"@type\":\"Organization\",\"@id\":\"https:\/\/footdavant.fr\/actualites\/#organization\",\"name\":\"Foot d'avant\",\"url\":\"https:\/\/footdavant.fr\/actualites\/\",\"logo\":{\"@type\":\"ImageObject\",\"inLanguage\":\"fr-FR\",\"@id\":\"https:\/\/footdavant.fr\/actualites\/#\/schema\/logo\/image\/\",\"url\":\"https:\/\/footdavant.fr\/actualites\/wp-content\/uploads\/2023\/09\/Copy-of-FootDavant-Logo.png\",\"contentUrl\":\"https:\/\/footdavant.fr\/actualites\/wp-content\/uploads\/2023\/09\/Copy-of-FootDavant-Logo.png\",\"width\":936,\"height\":549,\"caption\":\"Foot d'avant\"},\"image\":{\"@id\":\"https:\/\/footdavant.fr\/actualites\/#\/schema\/logo\/image\/\"},\"sameAs\":[\"https:\/\/www.facebook.com\/Footdavant\/\",\"https:\/\/twitter.com\/FootdavantFr\",\"https:\/\/www.instagram.com\/footdavant.fr\/\"]},{\"@type\":\"Person\",\"@id\":\"https:\/\/footdavant.fr\/actualites\/#\/schema\/person\/bc222566d95871b37e597b3ed3ba5e1d\",\"name\":\"Cl\u00e9ment\",\"image\":{\"@type\":\"ImageObject\",\"inLanguage\":\"fr-FR\",\"@id\":\"https:\/\/footdavant.fr\/actualites\/#\/schema\/person\/image\/\",\"url\":\"https:\/\/secure.gravatar.com\/avatar\/7728b29aac2719421e1a9159b2254c44?s=96&d=mm&r=g\",\"contentUrl\":\"https:\/\/secure.gravatar.com\/avatar\/7728b29aac2719421e1a9159b2254c44?s=96&d=mm&r=g\",\"caption\":\"Cl\u00e9ment\"},\"sameAs\":[\"https:\/\/footdavant.fr\/\"]}]}<\/script>\n<!-- \/ Yoast SEO plugin. -->","yoast_head_json":{"title":"Nouvelles du transfert de Liverpool: les Reds \u00ab retardent \u00bb l&#39;accord pour l&#39;attaquant de Bundesliga en raison de \u00ab complications \u00bb au milieu des inqui\u00e9tudes de Mohamed Salah","robots":{"index":"index","follow":"follow","max-snippet":"max-snippet:-1","max-image-preview":"max-image-preview:large","max-video-preview":"max-video-preview:-1"},"canonical":"https:\/\/footdavant.fr\/actualites\/nouvelles-du-transfert-de-liverpool-les-reds-retardent-laccord-pour-lattaquant-de-bundesliga-en-raison-de-complications-au-milieu-des-inquietudes-de-mohamed-sala\/","og_locale":"fr_FR","og_type":"article","og_title":"Nouvelles du transfert de Liverpool: les Reds \u00ab retardent \u00bb l&#39;accord pour l&#39;attaquant de Bundesliga en raison de \u00ab complications \u00bb au milieu des inqui\u00e9tudes de Mohamed Salah","og_description":"Liverpool h\u00e9site \u00e0 signer Yan Diomande en raison de complications concernant l&#39;agence et les droits \u00e0 l&#39;image de la star du RB Leipzig, selon le","og_url":"https:\/\/footdavant.fr\/actualites\/nouvelles-du-transfert-de-liverpool-les-reds-retardent-laccord-pour-lattaquant-de-bundesliga-en-raison-de-complications-au-milieu-des-inquietudes-de-mohamed-sala\/","og_site_name":"Foot d&#039;avant","article_publisher":"https:\/\/www.facebook.com\/Footdavant\/","article_published_time":"2026-02-15T12:48:00+00:00","article_modified_time":"2026-02-15T12:48:02+00:00","og_image":[{"width":720,"height":410,"url":"https:\/\/footdavant.fr\/actualites\/wp-content\/uploads\/2026\/02\/Nouvelles-du-transfert-de-Liverpool-les-Reds-retardent.net2Fuploads2F20262F022Farne-slot-mo-sal.webp","type":"image\/webp"}],"author":"Cl\u00e9ment","twitter_card":"summary_large_image","twitter_creator":"@FootdavantFr","twitter_site":"@FootdavantFr","twitter_misc":{"\u00c9crit par":"Cl\u00e9ment","Dur\u00e9e de lecture estim\u00e9e":"2 minutes"},"schema":{"@context":"https:\/\/schema.org","@graph":[{"@type":"Article","@id":"https:\/\/footdavant.fr\/actualites\/nouvelles-du-transfert-de-liverpool-les-reds-retardent-laccord-pour-lattaquant-de-bundesliga-en-raison-de-complications-au-milieu-des-inquietudes-de-mohamed-sala\/#article","isPartOf":{"@id":"https:\/\/footdavant.fr\/actualites\/nouvelles-du-transfert-de-liverpool-les-reds-retardent-laccord-pour-lattaquant-de-bundesliga-en-raison-de-complications-au-milieu-des-inquietudes-de-mohamed-sala\/"},"author":{"name":"Cl\u00e9ment","@id":"https:\/\/footdavant.fr\/actualites\/#\/schema\/person\/bc222566d95871b37e597b3ed3ba5e1d"},"headline":"Nouvelles du transfert de Liverpool: les Reds \u00ab retardent \u00bb l&#39;accord pour l&#39;attaquant de Bundesliga en raison de \u00ab complications \u00bb au milieu des inqui\u00e9tudes de Mohamed Salah","datePublished":"2026-02-15T12:48:00+00:00","dateModified":"2026-02-15T12:48:02+00:00","mainEntityOfPage":{"@id":"https:\/\/footdavant.fr\/actualites\/nouvelles-du-transfert-de-liverpool-les-reds-retardent-laccord-pour-lattaquant-de-bundesliga-en-raison-de-complications-au-milieu-des-inquietudes-de-mohamed-sala\/"},"wordCount":456,"publisher":{"@id":"https:\/\/footdavant.fr\/actualites\/#organization"},"keywords":["Bundesliga","complications","des","inqui\u00e9tudes","l39accord","l39attaquant","les","Liverpool","milieu","Mohamed","Nouvelles","pour","raison","Reds","retardent","Salah","transfert"],"articleSection":["Premier League"],"inLanguage":"fr-FR"},{"@type":"WebPage","@id":"https:\/\/footdavant.fr\/actualites\/nouvelles-du-transfert-de-liverpool-les-reds-retardent-laccord-pour-lattaquant-de-bundesliga-en-raison-de-complications-au-milieu-des-inquietudes-de-mohamed-sala\/","url":"https:\/\/footdavant.fr\/actualites\/nouvelles-du-transfert-de-liverpool-les-reds-retardent-laccord-pour-lattaquant-de-bundesliga-en-raison-de-complications-au-milieu-des-inquietudes-de-mohamed-sala\/","name":"Nouvelles du transfert de Liverpool: les Reds \u00ab retardent \u00bb l&#39;accord pour l&#39;attaquant de Bundesliga en raison de \u00ab complications \u00bb au milieu des inqui\u00e9tudes de Mohamed Salah","isPartOf":{"@id":"https:\/\/footdavant.fr\/actualites\/#website"},"datePublished":"2026-02-15T12:48:00+00:00","dateModified":"2026-02-15T12:48:02+00:00","breadcrumb":{"@id":"https:\/\/footdavant.fr\/actualites\/nouvelles-du-transfert-de-liverpool-les-reds-retardent-laccord-pour-lattaquant-de-bundesliga-en-raison-de-complications-au-milieu-des-inquietudes-de-mohamed-sala\/#breadcrumb"},"inLanguage":"fr-FR","potentialAction":[{"@type":"ReadAction","target":["https:\/\/footdavant.fr\/actualites\/nouvelles-du-transfert-de-liverpool-les-reds-retardent-laccord-pour-lattaquant-de-bundesliga-en-raison-de-complications-au-milieu-des-inquietudes-de-mohamed-sala\/"]}]},{"@type":"BreadcrumbList","@id":"https:\/\/footdavant.fr\/actualites\/nouvelles-du-transfert-de-liverpool-les-reds-retardent-laccord-pour-lattaquant-de-bundesliga-en-raison-de-complications-au-milieu-des-inquietudes-de-mohamed-sala\/#breadcrumb","itemListElement":[{"@type":"ListItem","position":1,"name":"Accueil","item":"https:\/\/footdavant.fr\/actualites\/"},{"@type":"ListItem","position":2,"name":"Nouvelles du transfert de Liverpool: les Reds \u00ab retardent \u00bb l&#39;accord pour l&#39;attaquant de Bundesliga en raison de \u00ab complications \u00bb au milieu des inqui\u00e9tudes de Mohamed Salah"}]},{"@type":"WebSite","@id":"https:\/\/footdavant.fr\/actualites\/#website","url":"https:\/\/footdavant.fr\/actualites\/","name":"Foot d'avant","description":"","publisher":{"@id":"https:\/\/footdavant.fr\/actualites\/#organization"},"potentialAction":[{"@type":"SearchAction","target":{"@type":"EntryPoint","urlTemplate":"https:\/\/footdavant.fr\/actualites\/?s={search_term_string}"},"query-input":"required name=search_term_string"}],"inLanguage":"fr-FR"},{"@type":"Organization","@id":"https:\/\/footdavant.fr\/actualites\/#organization","name":"Foot d'avant","url":"https:\/\/footdavant.fr\/actualites\/","logo":{"@type":"ImageObject","inLanguage":"fr-FR","@id":"https:\/\/footdavant.fr\/actualites\/#\/schema\/logo\/image\/","url":"https:\/\/footdavant.fr\/actualites\/wp-content\/uploads\/2023\/09\/Copy-of-FootDavant-Logo.png","contentUrl":"https:\/\/footdavant.fr\/actualites\/wp-content\/uploads\/2023\/09\/Copy-of-FootDavant-Logo.png","width":936,"height":549,"caption":"Foot d'avant"},"image":{"@id":"https:\/\/footdavant.fr\/actualites\/#\/schema\/logo\/image\/"},"sameAs":["https:\/\/www.facebook.com\/Footdavant\/","https:\/\/twitter.com\/FootdavantFr","https:\/\/www.instagram.com\/footdavant.fr\/"]},{"@type":"Person","@id":"https:\/\/footdavant.fr\/actualites\/#\/schema\/person\/bc222566d95871b37e597b3ed3ba5e1d","name":"Cl\u00e9ment","image":{"@type":"ImageObject","inLanguage":"fr-FR","@id":"https:\/\/footdavant.fr\/actualites\/#\/schema\/person\/image\/","url":"https:\/\/secure.gravatar.com\/avatar\/7728b29aac2719421e1a9159b2254c44?s=96&d=mm&r=g","contentUrl":"https:\/\/secure.gravatar.com\/avatar\/7728b29aac2719421e1a9159b2254c44?s=96&d=mm&r=g","caption":"Cl\u00e9ment"},"sameAs":["https:\/\/footdavant.fr\/"]}]}},"_links":{"self":[{"href":"https:\/\/footdavant.fr\/actualites\/wp-json\/wp\/v2\/posts\/34511"}],"collection":[{"href":"https:\/\/footdavant.fr\/actualites\/wp-json\/wp\/v2\/posts"}],"about":[{"href":"https:\/\/footdavant.fr\/actualites\/wp-json\/wp\/v2\/types\/post"}],"author":[{"embeddable":true,"href":"https:\/\/footdavant.fr\/actualites\/wp-json\/wp\/v2\/users\/1"}],"replies":[{"embeddable":true,"href":"https:\/\/footdavant.fr\/actualites\/wp-json\/wp\/v2\/comments?post=34511"}],"version-history":[{"count":1,"href":"https:\/\/footdavant.fr\/actualites\/wp-json\/wp\/v2\/posts\/34511\/revisions"}],"predecessor-version":[{"id":34513,"href":"https:\/\/footdavant.fr\/actualites\/wp-json\/wp\/v2\/posts\/34511\/revisions\/34513"}],"wp:featuredmedia":[{"embeddable":true,"href":"https:\/\/footdavant.fr\/actualites\/wp-json\/wp\/v2\/media\/34512"}],"wp:attachment":[{"href":"https:\/\/footdavant.fr\/actualites\/wp-json\/wp\/v2\/media?parent=34511"}],"wp:term":[{"taxonomy":"category","embeddable":true,"href":"https:\/\/footdavant.fr\/actualites\/wp-json\/wp\/v2\/categories?post=34511"},{"taxonomy":"post_tag","embeddable":true,"href":"https:\/\/footdavant.fr\/actualites\/wp-json\/wp\/v2\/tags?post=34511"}],"curies":[{"name":"wp","href":"https:\/\/api.w.org\/{rel}","templated":true}]}}