{"id":34517,"date":"2026-02-15T17:48:07","date_gmt":"2026-02-15T16:48:07","guid":{"rendered":"https:\/\/footdavant.fr\/actualites\/nouvelles-du-transfert-de-manchester-united-la-decision-de-harry-maguire-sur-le-contrat-revelee-alors-que-lequipe-de-serie-a-sentretient-avec-le-de\/"},"modified":"2026-02-15T17:48:09","modified_gmt":"2026-02-15T16:48:09","slug":"nouvelles-du-transfert-de-manchester-united-la-decision-de-harry-maguire-sur-le-contrat-revelee-alors-que-lequipe-de-serie-a-sentretient-avec-le-de","status":"publish","type":"post","link":"https:\/\/footdavant.fr\/actualites\/nouvelles-du-transfert-de-manchester-united-la-decision-de-harry-maguire-sur-le-contrat-revelee-alors-que-lequipe-de-serie-a-sentretient-avec-le-de\/","title":{"rendered":"Nouvelles du transfert de Manchester United: la \u00ab d\u00e9cision \u00bb de Harry Maguire sur le contrat \u00ab r\u00e9v\u00e9l\u00e9e \u00bb alors que l&#39;\u00e9quipe de Serie A \u00ab s&#39;entretient \u00bb avec le d\u00e9fenseur"},"content":{"rendered":"<div itemprop=\"articleBody\">\n<p>Harry Maguire est susceptible de rester \u00e0 Manchester United et de signer un nouveau contrat, selon le dernier rapport.<\/p>\n<p>Les Red Devils ont ripost\u00e9 contre West Ham United mardi pour faire match nul 1-1, ce qui les place \u00e0 la quatri\u00e8me place de la Premier League avec 45 points.<\/p>\n<p>Le patron Michael Carrick s&#39;est align\u00e9 avec les d\u00e9fenseurs centraux Lisandro Martinez et Harry Maguire contre les Hammers, bien que ce dernier ait \u00e9t\u00e9 contraint de quitter le terrain en seconde p\u00e9riode en raison d&#39;une blessure.<\/p>\n<p>Maguire est en fin de contrat \u00e0 la fin de la saison et avec l&#39;Anglais d\u00e9sormais \u00e2g\u00e9 de 32 ans, des doutes subsistent quant \u00e0 son avenir \u00e0 Old Trafford.<\/p>\n<p><em>Le courrier quotidien<\/em> affirment que malgr\u00e9 les discussions avec l&#39;AC Milan en janvier, le d\u00e9fenseur souhaite rester et est susceptible de signer un nouvel accord.<\/p>\n<div>\n<div>\n<div>\n<div>\n<p>\u00a9 Imago<\/p>\n<\/div>\n<\/div>\n<\/div>\n<\/div>\n<h2>Manchester United devrait-il laisser partir Harry Maguire ?<\/h2>\n<p>Bien que Maguire se soit r\u00e9v\u00e9l\u00e9 important pour le club sous la direction de plusieurs managers, certains pensent qu&#39;il serait pr\u00e9f\u00e9rable pour l&#39;avenir \u00e0 long terme de l&#39;\u00e9quipe de partir cet \u00e9t\u00e9.<\/p>\n<p>Le d\u00e9fenseur aura 33 ans en mars, et bien qu&#39;il n&#39;ait jamais compt\u00e9 sur sa vitesse, il a d\u00e9sormais subi huit blessures distinctes depuis 2023-24.<\/p>\n<p>Compter sur Maguire comme partie int\u00e9grante du premier XI la saison prochaine serait risqu\u00e9, et avec une Coupe du monde \u00e0 venir cet \u00e9t\u00e9, les blessures pourraient \u00eatre aggrav\u00e9es par la fatigue due au manque de repos prolong\u00e9.<\/p>\n<p>Bien que l\u2019arri\u00e8re central soit un bon passeur et duelliste, il serait peut-\u00eatre pr\u00e9f\u00e9rable de faire confiance \u00e0 des joueurs plus jeunes.<\/p>\n<div>\n<div>\n<div>\n<div><img decoding=\"async\" data-img-id=\"154280\" class=\"lazy\" loading=\"lazy\" src=\"https:\/\/footdavant.fr\/actualites\/wp-content\/uploads\/2026\/02\/Nouvelles-du-transfert-de-Manchester-United-la-decision.webp\"\/><\/p>\n<p>\u00a9 Iconsport \/ PA Images<\/p>\n<\/div>\n<\/div>\n<\/div>\n<\/div>\n<h2>\u00c0 quoi ressemble l\u2019avenir de la d\u00e9fense de Man United ?<\/h2>\n<p>Luke Shaw a \u00e9t\u00e9 un pilier du XI lorsqu&#39;il \u00e9tait en forme, mais ses performances ont \u00e9t\u00e9 mitig\u00e9es, sa mauvaise prise de d\u00e9cision \u00e9tant remise en question lorsque West Ham a marqu\u00e9.<\/p>\n<p>Patrick Dorgu pourrait \u00eatre utilis\u00e9 comme arri\u00e8re gauche la saison prochaine, tandis que Leny Yoro s&#39;est montr\u00e9 prometteur en d\u00e9fense centrale.<\/p>\n<p>Il y a des inqui\u00e9tudes quant \u00e0 la capacit\u00e9 de Martinez \u00e0 rester en forme et \u00e0 jouer dans une d\u00e9fense \u00e0 quatre, il ne serait donc pas surprenant que United choisisse de recruter au moins un d\u00e9fenseur central titulaire cet \u00e9t\u00e9.<\/p>\n<\/div>\n","protected":false},"excerpt":{"rendered":"<p>Harry Maguire est susceptible de rester \u00e0 Manchester United et de signer un nouveau contrat, selon le dernier rapport. Les Red Devils ont ripost\u00e9 contre<\/p>\n","protected":false},"author":1,"featured_media":34518,"comment_status":"closed","ping_status":"","sticky":false,"template":"","format":"standard","meta":{"footnotes":""},"categories":[5],"tags":[318,91,1218,497,928,32,4219,33,11,461,4750,5062,705,103,700,13],"yoast_head":"<!-- This site is optimized with the Yoast SEO plugin v21.0 - https:\/\/yoast.com\/wordpress\/plugins\/seo\/ -->\n<title>Nouvelles du transfert de Manchester United: la \u00ab d\u00e9cision \u00bb de Harry Maguire sur le contrat \u00ab r\u00e9v\u00e9l\u00e9e \u00bb alors que l&#039;\u00e9quipe de Serie A \u00ab s&#039;entretient \u00bb avec le d\u00e9fenseur<\/title>\n<meta name=\"robots\" content=\"index, follow, max-snippet:-1, max-image-preview:large, max-video-preview:-1\" \/>\n<link rel=\"canonical\" href=\"https:\/\/footdavant.fr\/actualites\/nouvelles-du-transfert-de-manchester-united-la-decision-de-harry-maguire-sur-le-contrat-revelee-alors-que-lequipe-de-serie-a-sentretient-avec-le-de\/\" \/>\n<meta property=\"og:locale\" content=\"fr_FR\" \/>\n<meta property=\"og:type\" content=\"article\" \/>\n<meta property=\"og:title\" content=\"Nouvelles du transfert de Manchester United: la \u00ab d\u00e9cision \u00bb de Harry Maguire sur le contrat \u00ab r\u00e9v\u00e9l\u00e9e \u00bb alors que l&#039;\u00e9quipe de Serie A \u00ab s&#039;entretient \u00bb avec le d\u00e9fenseur\" \/>\n<meta property=\"og:description\" content=\"Harry Maguire est susceptible de rester \u00e0 Manchester United et de signer un nouveau contrat, selon le dernier rapport. Les Red Devils ont ripost\u00e9 contre\" \/>\n<meta property=\"og:url\" content=\"https:\/\/footdavant.fr\/actualites\/nouvelles-du-transfert-de-manchester-united-la-decision-de-harry-maguire-sur-le-contrat-revelee-alors-que-lequipe-de-serie-a-sentretient-avec-le-de\/\" \/>\n<meta property=\"og:site_name\" content=\"Foot d&#039;avant\" \/>\n<meta property=\"article:publisher\" content=\"https:\/\/www.facebook.com\/Footdavant\/\" \/>\n<meta property=\"article:published_time\" content=\"2026-02-15T16:48:07+00:00\" \/>\n<meta property=\"article:modified_time\" content=\"2026-02-15T16:48:09+00:00\" \/>\n<meta property=\"og:image\" content=\"https:\/\/footdavant.fr\/actualites\/wp-content\/uploads\/2026\/02\/Nouvelles-du-transfert-de-Manchester-United-la-decision.net2Fuploads2F20262F022Farne-slot-mo-sal.webp\" \/>\n\t<meta property=\"og:image:width\" content=\"720\" \/>\n\t<meta property=\"og:image:height\" content=\"410\" \/>\n\t<meta property=\"og:image:type\" content=\"image\/webp\" \/>\n<meta name=\"author\" content=\"Cl\u00e9ment\" \/>\n<meta name=\"twitter:card\" content=\"summary_large_image\" \/>\n<meta name=\"twitter:creator\" content=\"@FootdavantFr\" \/>\n<meta name=\"twitter:site\" content=\"@FootdavantFr\" \/>\n<meta name=\"twitter:label1\" content=\"\u00c9crit par\" \/>\n\t<meta name=\"twitter:data1\" content=\"Cl\u00e9ment\" \/>\n\t<meta name=\"twitter:label2\" content=\"Dur\u00e9e de lecture estim\u00e9e\" \/>\n\t<meta name=\"twitter:data2\" content=\"2 minutes\" \/>\n<script type=\"application\/ld+json\" class=\"yoast-schema-graph\">{\"@context\":\"https:\/\/schema.org\",\"@graph\":[{\"@type\":\"Article\",\"@id\":\"https:\/\/footdavant.fr\/actualites\/nouvelles-du-transfert-de-manchester-united-la-decision-de-harry-maguire-sur-le-contrat-revelee-alors-que-lequipe-de-serie-a-sentretient-avec-le-de\/#article\",\"isPartOf\":{\"@id\":\"https:\/\/footdavant.fr\/actualites\/nouvelles-du-transfert-de-manchester-united-la-decision-de-harry-maguire-sur-le-contrat-revelee-alors-que-lequipe-de-serie-a-sentretient-avec-le-de\/\"},\"author\":{\"name\":\"Cl\u00e9ment\",\"@id\":\"https:\/\/footdavant.fr\/actualites\/#\/schema\/person\/bc222566d95871b37e597b3ed3ba5e1d\"},\"headline\":\"Nouvelles du transfert de Manchester United: la \u00ab d\u00e9cision \u00bb de Harry Maguire sur le contrat \u00ab r\u00e9v\u00e9l\u00e9e \u00bb alors que l&#39;\u00e9quipe de Serie A \u00ab s&#39;entretient \u00bb avec le d\u00e9fenseur\",\"datePublished\":\"2026-02-15T16:48:07+00:00\",\"dateModified\":\"2026-02-15T16:48:09+00:00\",\"mainEntityOfPage\":{\"@id\":\"https:\/\/footdavant.fr\/actualites\/nouvelles-du-transfert-de-manchester-united-la-decision-de-harry-maguire-sur-le-contrat-revelee-alors-que-lequipe-de-serie-a-sentretient-avec-le-de\/\"},\"wordCount\":427,\"publisher\":{\"@id\":\"https:\/\/footdavant.fr\/actualites\/#organization\"},\"keywords\":[\"alors\",\"avec\",\"contrat\",\"d\u00e9cision\",\"d\u00e9fenseur\",\"Harry\",\"l39\u00e9quipe\",\"Maguire\",\"Manchester\",\"Nouvelles\",\"r\u00e9v\u00e9l\u00e9e\",\"s39entretient\",\"s\u00e9rie\",\"sur\",\"transfert\",\"United\"],\"articleSection\":[\"Premier League\"],\"inLanguage\":\"fr-FR\"},{\"@type\":\"WebPage\",\"@id\":\"https:\/\/footdavant.fr\/actualites\/nouvelles-du-transfert-de-manchester-united-la-decision-de-harry-maguire-sur-le-contrat-revelee-alors-que-lequipe-de-serie-a-sentretient-avec-le-de\/\",\"url\":\"https:\/\/footdavant.fr\/actualites\/nouvelles-du-transfert-de-manchester-united-la-decision-de-harry-maguire-sur-le-contrat-revelee-alors-que-lequipe-de-serie-a-sentretient-avec-le-de\/\",\"name\":\"Nouvelles du transfert de Manchester United: la \u00ab d\u00e9cision \u00bb de Harry Maguire sur le contrat \u00ab r\u00e9v\u00e9l\u00e9e \u00bb alors que l&#39;\u00e9quipe de Serie A \u00ab s&#39;entretient \u00bb avec le d\u00e9fenseur\",\"isPartOf\":{\"@id\":\"https:\/\/footdavant.fr\/actualites\/#website\"},\"datePublished\":\"2026-02-15T16:48:07+00:00\",\"dateModified\":\"2026-02-15T16:48:09+00:00\",\"breadcrumb\":{\"@id\":\"https:\/\/footdavant.fr\/actualites\/nouvelles-du-transfert-de-manchester-united-la-decision-de-harry-maguire-sur-le-contrat-revelee-alors-que-lequipe-de-serie-a-sentretient-avec-le-de\/#breadcrumb\"},\"inLanguage\":\"fr-FR\",\"potentialAction\":[{\"@type\":\"ReadAction\",\"target\":[\"https:\/\/footdavant.fr\/actualites\/nouvelles-du-transfert-de-manchester-united-la-decision-de-harry-maguire-sur-le-contrat-revelee-alors-que-lequipe-de-serie-a-sentretient-avec-le-de\/\"]}]},{\"@type\":\"BreadcrumbList\",\"@id\":\"https:\/\/footdavant.fr\/actualites\/nouvelles-du-transfert-de-manchester-united-la-decision-de-harry-maguire-sur-le-contrat-revelee-alors-que-lequipe-de-serie-a-sentretient-avec-le-de\/#breadcrumb\",\"itemListElement\":[{\"@type\":\"ListItem\",\"position\":1,\"name\":\"Accueil\",\"item\":\"https:\/\/footdavant.fr\/actualites\/\"},{\"@type\":\"ListItem\",\"position\":2,\"name\":\"Nouvelles du transfert de Manchester United: la \u00ab d\u00e9cision \u00bb de Harry Maguire sur le contrat \u00ab r\u00e9v\u00e9l\u00e9e \u00bb alors que l&#39;\u00e9quipe de Serie A \u00ab s&#39;entretient \u00bb avec le d\u00e9fenseur\"}]},{\"@type\":\"WebSite\",\"@id\":\"https:\/\/footdavant.fr\/actualites\/#website\",\"url\":\"https:\/\/footdavant.fr\/actualites\/\",\"name\":\"Foot d'avant\",\"description\":\"\",\"publisher\":{\"@id\":\"https:\/\/footdavant.fr\/actualites\/#organization\"},\"potentialAction\":[{\"@type\":\"SearchAction\",\"target\":{\"@type\":\"EntryPoint\",\"urlTemplate\":\"https:\/\/footdavant.fr\/actualites\/?s={search_term_string}\"},\"query-input\":\"required name=search_term_string\"}],\"inLanguage\":\"fr-FR\"},{\"@type\":\"Organization\",\"@id\":\"https:\/\/footdavant.fr\/actualites\/#organization\",\"name\":\"Foot d'avant\",\"url\":\"https:\/\/footdavant.fr\/actualites\/\",\"logo\":{\"@type\":\"ImageObject\",\"inLanguage\":\"fr-FR\",\"@id\":\"https:\/\/footdavant.fr\/actualites\/#\/schema\/logo\/image\/\",\"url\":\"https:\/\/footdavant.fr\/actualites\/wp-content\/uploads\/2023\/09\/Copy-of-FootDavant-Logo.png\",\"contentUrl\":\"https:\/\/footdavant.fr\/actualites\/wp-content\/uploads\/2023\/09\/Copy-of-FootDavant-Logo.png\",\"width\":936,\"height\":549,\"caption\":\"Foot d'avant\"},\"image\":{\"@id\":\"https:\/\/footdavant.fr\/actualites\/#\/schema\/logo\/image\/\"},\"sameAs\":[\"https:\/\/www.facebook.com\/Footdavant\/\",\"https:\/\/twitter.com\/FootdavantFr\",\"https:\/\/www.instagram.com\/footdavant.fr\/\"]},{\"@type\":\"Person\",\"@id\":\"https:\/\/footdavant.fr\/actualites\/#\/schema\/person\/bc222566d95871b37e597b3ed3ba5e1d\",\"name\":\"Cl\u00e9ment\",\"image\":{\"@type\":\"ImageObject\",\"inLanguage\":\"fr-FR\",\"@id\":\"https:\/\/footdavant.fr\/actualites\/#\/schema\/person\/image\/\",\"url\":\"https:\/\/secure.gravatar.com\/avatar\/7728b29aac2719421e1a9159b2254c44?s=96&d=mm&r=g\",\"contentUrl\":\"https:\/\/secure.gravatar.com\/avatar\/7728b29aac2719421e1a9159b2254c44?s=96&d=mm&r=g\",\"caption\":\"Cl\u00e9ment\"},\"sameAs\":[\"https:\/\/footdavant.fr\/\"]}]}<\/script>\n<!-- \/ Yoast SEO plugin. -->","yoast_head_json":{"title":"Nouvelles du transfert de Manchester United: la \u00ab d\u00e9cision \u00bb de Harry Maguire sur le contrat \u00ab r\u00e9v\u00e9l\u00e9e \u00bb alors que l&#39;\u00e9quipe de Serie A \u00ab s&#39;entretient \u00bb avec le d\u00e9fenseur","robots":{"index":"index","follow":"follow","max-snippet":"max-snippet:-1","max-image-preview":"max-image-preview:large","max-video-preview":"max-video-preview:-1"},"canonical":"https:\/\/footdavant.fr\/actualites\/nouvelles-du-transfert-de-manchester-united-la-decision-de-harry-maguire-sur-le-contrat-revelee-alors-que-lequipe-de-serie-a-sentretient-avec-le-de\/","og_locale":"fr_FR","og_type":"article","og_title":"Nouvelles du transfert de Manchester United: la \u00ab d\u00e9cision \u00bb de Harry Maguire sur le contrat \u00ab r\u00e9v\u00e9l\u00e9e \u00bb alors que l&#39;\u00e9quipe de Serie A \u00ab s&#39;entretient \u00bb avec le d\u00e9fenseur","og_description":"Harry Maguire est susceptible de rester \u00e0 Manchester United et de signer un nouveau contrat, selon le dernier rapport. Les Red Devils ont ripost\u00e9 contre","og_url":"https:\/\/footdavant.fr\/actualites\/nouvelles-du-transfert-de-manchester-united-la-decision-de-harry-maguire-sur-le-contrat-revelee-alors-que-lequipe-de-serie-a-sentretient-avec-le-de\/","og_site_name":"Foot d&#039;avant","article_publisher":"https:\/\/www.facebook.com\/Footdavant\/","article_published_time":"2026-02-15T16:48:07+00:00","article_modified_time":"2026-02-15T16:48:09+00:00","og_image":[{"width":720,"height":410,"url":"https:\/\/footdavant.fr\/actualites\/wp-content\/uploads\/2026\/02\/Nouvelles-du-transfert-de-Manchester-United-la-decision.net2Fuploads2F20262F022Farne-slot-mo-sal.webp","type":"image\/webp"}],"author":"Cl\u00e9ment","twitter_card":"summary_large_image","twitter_creator":"@FootdavantFr","twitter_site":"@FootdavantFr","twitter_misc":{"\u00c9crit par":"Cl\u00e9ment","Dur\u00e9e de lecture estim\u00e9e":"2 minutes"},"schema":{"@context":"https:\/\/schema.org","@graph":[{"@type":"Article","@id":"https:\/\/footdavant.fr\/actualites\/nouvelles-du-transfert-de-manchester-united-la-decision-de-harry-maguire-sur-le-contrat-revelee-alors-que-lequipe-de-serie-a-sentretient-avec-le-de\/#article","isPartOf":{"@id":"https:\/\/footdavant.fr\/actualites\/nouvelles-du-transfert-de-manchester-united-la-decision-de-harry-maguire-sur-le-contrat-revelee-alors-que-lequipe-de-serie-a-sentretient-avec-le-de\/"},"author":{"name":"Cl\u00e9ment","@id":"https:\/\/footdavant.fr\/actualites\/#\/schema\/person\/bc222566d95871b37e597b3ed3ba5e1d"},"headline":"Nouvelles du transfert de Manchester United: la \u00ab d\u00e9cision \u00bb de Harry Maguire sur le contrat \u00ab r\u00e9v\u00e9l\u00e9e \u00bb alors que l&#39;\u00e9quipe de Serie A \u00ab s&#39;entretient \u00bb avec le d\u00e9fenseur","datePublished":"2026-02-15T16:48:07+00:00","dateModified":"2026-02-15T16:48:09+00:00","mainEntityOfPage":{"@id":"https:\/\/footdavant.fr\/actualites\/nouvelles-du-transfert-de-manchester-united-la-decision-de-harry-maguire-sur-le-contrat-revelee-alors-que-lequipe-de-serie-a-sentretient-avec-le-de\/"},"wordCount":427,"publisher":{"@id":"https:\/\/footdavant.fr\/actualites\/#organization"},"keywords":["alors","avec","contrat","d\u00e9cision","d\u00e9fenseur","Harry","l39\u00e9quipe","Maguire","Manchester","Nouvelles","r\u00e9v\u00e9l\u00e9e","s39entretient","s\u00e9rie","sur","transfert","United"],"articleSection":["Premier League"],"inLanguage":"fr-FR"},{"@type":"WebPage","@id":"https:\/\/footdavant.fr\/actualites\/nouvelles-du-transfert-de-manchester-united-la-decision-de-harry-maguire-sur-le-contrat-revelee-alors-que-lequipe-de-serie-a-sentretient-avec-le-de\/","url":"https:\/\/footdavant.fr\/actualites\/nouvelles-du-transfert-de-manchester-united-la-decision-de-harry-maguire-sur-le-contrat-revelee-alors-que-lequipe-de-serie-a-sentretient-avec-le-de\/","name":"Nouvelles du transfert de Manchester United: la \u00ab d\u00e9cision \u00bb de Harry Maguire sur le contrat \u00ab r\u00e9v\u00e9l\u00e9e \u00bb alors que l&#39;\u00e9quipe de Serie A \u00ab s&#39;entretient \u00bb avec le d\u00e9fenseur","isPartOf":{"@id":"https:\/\/footdavant.fr\/actualites\/#website"},"datePublished":"2026-02-15T16:48:07+00:00","dateModified":"2026-02-15T16:48:09+00:00","breadcrumb":{"@id":"https:\/\/footdavant.fr\/actualites\/nouvelles-du-transfert-de-manchester-united-la-decision-de-harry-maguire-sur-le-contrat-revelee-alors-que-lequipe-de-serie-a-sentretient-avec-le-de\/#breadcrumb"},"inLanguage":"fr-FR","potentialAction":[{"@type":"ReadAction","target":["https:\/\/footdavant.fr\/actualites\/nouvelles-du-transfert-de-manchester-united-la-decision-de-harry-maguire-sur-le-contrat-revelee-alors-que-lequipe-de-serie-a-sentretient-avec-le-de\/"]}]},{"@type":"BreadcrumbList","@id":"https:\/\/footdavant.fr\/actualites\/nouvelles-du-transfert-de-manchester-united-la-decision-de-harry-maguire-sur-le-contrat-revelee-alors-que-lequipe-de-serie-a-sentretient-avec-le-de\/#breadcrumb","itemListElement":[{"@type":"ListItem","position":1,"name":"Accueil","item":"https:\/\/footdavant.fr\/actualites\/"},{"@type":"ListItem","position":2,"name":"Nouvelles du transfert de Manchester United: la \u00ab d\u00e9cision \u00bb de Harry Maguire sur le contrat \u00ab r\u00e9v\u00e9l\u00e9e \u00bb alors que l&#39;\u00e9quipe de Serie A \u00ab s&#39;entretient \u00bb avec le d\u00e9fenseur"}]},{"@type":"WebSite","@id":"https:\/\/footdavant.fr\/actualites\/#website","url":"https:\/\/footdavant.fr\/actualites\/","name":"Foot d'avant","description":"","publisher":{"@id":"https:\/\/footdavant.fr\/actualites\/#organization"},"potentialAction":[{"@type":"SearchAction","target":{"@type":"EntryPoint","urlTemplate":"https:\/\/footdavant.fr\/actualites\/?s={search_term_string}"},"query-input":"required name=search_term_string"}],"inLanguage":"fr-FR"},{"@type":"Organization","@id":"https:\/\/footdavant.fr\/actualites\/#organization","name":"Foot d'avant","url":"https:\/\/footdavant.fr\/actualites\/","logo":{"@type":"ImageObject","inLanguage":"fr-FR","@id":"https:\/\/footdavant.fr\/actualites\/#\/schema\/logo\/image\/","url":"https:\/\/footdavant.fr\/actualites\/wp-content\/uploads\/2023\/09\/Copy-of-FootDavant-Logo.png","contentUrl":"https:\/\/footdavant.fr\/actualites\/wp-content\/uploads\/2023\/09\/Copy-of-FootDavant-Logo.png","width":936,"height":549,"caption":"Foot d'avant"},"image":{"@id":"https:\/\/footdavant.fr\/actualites\/#\/schema\/logo\/image\/"},"sameAs":["https:\/\/www.facebook.com\/Footdavant\/","https:\/\/twitter.com\/FootdavantFr","https:\/\/www.instagram.com\/footdavant.fr\/"]},{"@type":"Person","@id":"https:\/\/footdavant.fr\/actualites\/#\/schema\/person\/bc222566d95871b37e597b3ed3ba5e1d","name":"Cl\u00e9ment","image":{"@type":"ImageObject","inLanguage":"fr-FR","@id":"https:\/\/footdavant.fr\/actualites\/#\/schema\/person\/image\/","url":"https:\/\/secure.gravatar.com\/avatar\/7728b29aac2719421e1a9159b2254c44?s=96&d=mm&r=g","contentUrl":"https:\/\/secure.gravatar.com\/avatar\/7728b29aac2719421e1a9159b2254c44?s=96&d=mm&r=g","caption":"Cl\u00e9ment"},"sameAs":["https:\/\/footdavant.fr\/"]}]}},"_links":{"self":[{"href":"https:\/\/footdavant.fr\/actualites\/wp-json\/wp\/v2\/posts\/34517"}],"collection":[{"href":"https:\/\/footdavant.fr\/actualites\/wp-json\/wp\/v2\/posts"}],"about":[{"href":"https:\/\/footdavant.fr\/actualites\/wp-json\/wp\/v2\/types\/post"}],"author":[{"embeddable":true,"href":"https:\/\/footdavant.fr\/actualites\/wp-json\/wp\/v2\/users\/1"}],"replies":[{"embeddable":true,"href":"https:\/\/footdavant.fr\/actualites\/wp-json\/wp\/v2\/comments?post=34517"}],"version-history":[{"count":1,"href":"https:\/\/footdavant.fr\/actualites\/wp-json\/wp\/v2\/posts\/34517\/revisions"}],"predecessor-version":[{"id":34519,"href":"https:\/\/footdavant.fr\/actualites\/wp-json\/wp\/v2\/posts\/34517\/revisions\/34519"}],"wp:featuredmedia":[{"embeddable":true,"href":"https:\/\/footdavant.fr\/actualites\/wp-json\/wp\/v2\/media\/34518"}],"wp:attachment":[{"href":"https:\/\/footdavant.fr\/actualites\/wp-json\/wp\/v2\/media?parent=34517"}],"wp:term":[{"taxonomy":"category","embeddable":true,"href":"https:\/\/footdavant.fr\/actualites\/wp-json\/wp\/v2\/categories?post=34517"},{"taxonomy":"post_tag","embeddable":true,"href":"https:\/\/footdavant.fr\/actualites\/wp-json\/wp\/v2\/tags?post=34517"}],"curies":[{"name":"wp","href":"https:\/\/api.w.org\/{rel}","templated":true}]}}