{"id":34520,"date":"2026-02-15T19:48:12","date_gmt":"2026-02-15T18:48:12","guid":{"rendered":"https:\/\/footdavant.fr\/actualites\/changements-et-question-au-milieu-de-terrain-pour-le-choc-de-la-wigan-fa-cup\/"},"modified":"2026-02-15T19:48:14","modified_gmt":"2026-02-15T18:48:14","slug":"changements-et-question-au-milieu-de-terrain-pour-le-choc-de-la-wigan-fa-cup","status":"publish","type":"post","link":"https:\/\/footdavant.fr\/actualites\/changements-et-question-au-milieu-de-terrain-pour-le-choc-de-la-wigan-fa-cup\/","title":{"rendered":"Changements et question au milieu de terrain pour le choc de la Wigan FA Cup"},"content":{"rendered":"<div>\n<p>Matin.<\/p>\n<p>Nous sommes aujourd\u2019hui au 4e tour de la FA Cup, affrontant Wigan \u00e0 domicile. C&#39;est le genre d&#39;opposition qui permettra \u00e0 Mikel Arteta de faire tourner son \u00e9quipe, et je pense qu&#39;\u00e0 l&#39;arri\u00e8re, nous verrons des d\u00e9parts comme Ben White, Cristhian Mosquera (encore une fois) et Myles Lewis-Skelly, tandis qu&#39;un de Riccardo Calafiori ou Piero Hincapie remplacera en d\u00e9fense centrale pour soulager Gabriel.<\/p>\n<p>Au milieu de terrain, Christian Norgaard entrera, je pense qu&#39;Eberechi Eze doit rejouer, mais apr\u00e8s cela, l&#39;entra\u00eeneur devra r\u00e9fl\u00e9chir. Sans Kai Havertz et Mikel Merino, bless\u00e9s, les options sont limit\u00e9es, d&#39;autant plus que Martin Odegaard est incertain. Il a parl\u00e9 de son probl\u00e8me dans les notes du programme, en disant\u00a0:<\/p>\n<blockquote>\n<p>J&#39;ai \u00e9t\u00e9 l\u00e9g\u00e8rement bless\u00e9 quand ils [Brentford] a marqu\u00e9 son but, mais j&#39;esp\u00e8re que ce n&#39;est pas trop mal. Nous verrons comment cela se passera lors de la pr\u00e9paration du match d&#39;aujourd&#39;hui et au cours des prochains jours. J&#39;ai essay\u00e9 de d\u00e9gager le ballon alors qu&#39;il tombait, mais j&#39;ai plut\u00f4t donn\u00e9 un petit coup de pied au joueur et j&#39;ai fini par trop \u00e9tirer ma jambe, ce qui a pinc\u00e9 le genou. J&#39;ai pu continuer, mais vendredi matin, j&#39;avais tr\u00e8s mal, donc j&#39;\u00e9tais inquiet bien s\u00fbr, mais heureusement, \u00e7a ne semble pas trop grave.<\/p>\n<\/blockquote>\n<p>J&#39;esp\u00e8re que ce n&#39;est pas grave, mais je serais quand m\u00eame surpris de le voir aujourd&#39;hui, ce qui signifie probablement que Declan Rice ou Martin Zubimendi seront n\u00e9cessaires pour compl\u00e9ter les chiffres dans cette partie du terrain. Ce n&#39;est pas id\u00e9al, compte tenu du calendrier actuel et du nombre de minutes qu&#39;ils ont tous deux jou\u00e9es, mais qu&#39;y a-t-il d&#39;autre ? Nous avons vu quelques jeunes milieux de terrain inclus dans l&#39;\u00e9quipe pour le match contre Kairat, mais je ne vois pas vraiment le manager faire cela aujourd&#39;hui (m\u00eame si j&#39;aurais une forte objection s&#39;il le faisait).<\/p>\n<p>D\u00e8s le d\u00e9part, choisissez votre trio parmi les joueurs disponibles. Bukayo Saka semblait loin d&#39;\u00eatre en pleine forme lorsqu&#39;il a affront\u00e9 Brentford \u2013 a-t-il besoin de plus de temps pour se reposer, ou de quelques minutes \u00e0 son actif pour se remettre au courant ? Gabriel Jesus et Gabriel Martinelli auront h\u00e2te de commencer, et si vous pouvez faire appel \u00e0 Viktor Gyokeres plus tard pour essayer une d\u00e9fense fatigu\u00e9e de Wigan, alors cela semble \u00eatre une bonne id\u00e9e dans l&#39;ensemble. On a \u00e9galement vu Max Dowman sur les derni\u00e8res photos d&#39;entra\u00eenement, mais nous devrons attendre de voir \u00e0 quel point il est pr\u00eat \u00e0 jouer apr\u00e8s avoir \u00e9t\u00e9 absent pendant des mois avec un probl\u00e8me \u00e0 la cheville.<\/p>\n<p>Je ne peux pas dire que je connais grand-chose sur Wigan, \u00e0 part qu&#39;ils sont 22e de League One et viennent de limoger leur manager la semaine derni\u00e8re. Ils n\u2019ont gagn\u00e9 qu\u2019une seule fois en 2026, et ce serait un bouleversement majeur s\u2019ils trouvaient un moyen de le faire aujourd\u2019hui. Mikel Arteta dit :<\/p>\n<blockquote>\n<p>C&#39;est une opportunit\u00e9 pour l&#39;\u00e9quipe, encore une fois, avec une autre comp\u00e9tition, et l&#39;histoire que nous avons li\u00e9e \u00e0 cette comp\u00e9tition, c&#39;est incroyable. Nous jouerons \u00e0 nouveau \u00e0 la maison. J&#39;ai vraiment h\u00e2te de r\u00e9cup\u00e9rer et de repartir. Tous les trois jours, nous nous habituons \u00e0 jouer des comp\u00e9titions diff\u00e9rentes, \u00e0 domicile ou \u00e0 l&#39;ext\u00e9rieur, et nous savons ce que cette comp\u00e9tition signifie pour le club, pour nous-m\u00eames, et nous y allons \u00e9tape par \u00e9tape.<\/p>\n<\/blockquote>\n<p>Pas grand-chose de plus que cela. Id\u00e9alement, c\u2019est aussi routinier que possible, mais la coupe de football peut \u00eatre \u00e9trange. Esp\u00e9rons cependant que nous pourrons surmonter cela avec succ\u00e8s, et sans aucune autre blessure ou probl\u00e8me de forme physique avant ce qui est une semaine cruciale en termes de Premier League.<\/p>\n<p>Comme toujours, vous pouvez suivre l&#39;action sur le blog en direct, et nous aurons toutes les informations d&#39;apr\u00e8s-match sur Arseblog News. On se retrouve plus tard\u00a0!<\/p>\n<\/div>\n","protected":false},"excerpt":{"rendered":"<p>Matin. Nous sommes aujourd\u2019hui au 4e tour de la FA Cup, affrontant Wigan \u00e0 domicile. C&#39;est le genre d&#39;opposition qui permettra \u00e0 Mikel Arteta de<\/p>\n","protected":false},"author":1,"featured_media":34521,"comment_status":"closed","ping_status":"","sticky":false,"template":"","format":"standard","meta":{"footnotes":""},"categories":[3],"tags":[412,332,466,441,51,1079,442,2937],"yoast_head":"<!-- This site is optimized with the Yoast SEO plugin v21.0 - https:\/\/yoast.com\/wordpress\/plugins\/seo\/ -->\n<title>Changements et question au milieu de terrain pour le choc de la Wigan FA Cup<\/title>\n<meta name=\"robots\" content=\"index, follow, max-snippet:-1, max-image-preview:large, max-video-preview:-1\" \/>\n<link rel=\"canonical\" href=\"https:\/\/footdavant.fr\/actualites\/changements-et-question-au-milieu-de-terrain-pour-le-choc-de-la-wigan-fa-cup\/\" \/>\n<meta property=\"og:locale\" content=\"fr_FR\" \/>\n<meta property=\"og:type\" content=\"article\" \/>\n<meta property=\"og:title\" content=\"Changements et question au milieu de terrain pour le choc de la Wigan FA Cup\" \/>\n<meta property=\"og:description\" content=\"Matin. Nous sommes aujourd\u2019hui au 4e tour de la FA Cup, affrontant Wigan \u00e0 domicile. C&#039;est le genre d&#039;opposition qui permettra \u00e0 Mikel Arteta de\" \/>\n<meta property=\"og:url\" content=\"https:\/\/footdavant.fr\/actualites\/changements-et-question-au-milieu-de-terrain-pour-le-choc-de-la-wigan-fa-cup\/\" \/>\n<meta property=\"og:site_name\" content=\"Foot d&#039;avant\" \/>\n<meta property=\"article:publisher\" content=\"https:\/\/www.facebook.com\/Footdavant\/\" \/>\n<meta property=\"article:published_time\" content=\"2026-02-15T18:48:12+00:00\" \/>\n<meta property=\"article:modified_time\" content=\"2026-02-15T18:48:14+00:00\" \/>\n<meta property=\"og:image\" content=\"https:\/\/footdavant.fr\/actualites\/wp-content\/uploads\/2026\/02\/Changements-et-question-au-milieu-de-terrain-pour-le-choc.jpg\" \/>\n\t<meta property=\"og:image:width\" content=\"1500\" \/>\n\t<meta property=\"og:image:height\" content=\"750\" \/>\n\t<meta property=\"og:image:type\" content=\"image\/jpeg\" \/>\n<meta name=\"author\" content=\"Cl\u00e9ment\" \/>\n<meta name=\"twitter:card\" content=\"summary_large_image\" \/>\n<meta name=\"twitter:creator\" content=\"@FootdavantFr\" \/>\n<meta name=\"twitter:site\" content=\"@FootdavantFr\" \/>\n<meta name=\"twitter:label1\" content=\"\u00c9crit par\" \/>\n\t<meta name=\"twitter:data1\" content=\"Cl\u00e9ment\" \/>\n\t<meta name=\"twitter:label2\" content=\"Dur\u00e9e de lecture estim\u00e9e\" \/>\n\t<meta name=\"twitter:data2\" content=\"4 minutes\" \/>\n<script type=\"application\/ld+json\" class=\"yoast-schema-graph\">{\"@context\":\"https:\/\/schema.org\",\"@graph\":[{\"@type\":\"Article\",\"@id\":\"https:\/\/footdavant.fr\/actualites\/changements-et-question-au-milieu-de-terrain-pour-le-choc-de-la-wigan-fa-cup\/#article\",\"isPartOf\":{\"@id\":\"https:\/\/footdavant.fr\/actualites\/changements-et-question-au-milieu-de-terrain-pour-le-choc-de-la-wigan-fa-cup\/\"},\"author\":{\"name\":\"Cl\u00e9ment\",\"@id\":\"https:\/\/footdavant.fr\/actualites\/#\/schema\/person\/bc222566d95871b37e597b3ed3ba5e1d\"},\"headline\":\"Changements et question au milieu de terrain pour le choc de la Wigan FA Cup\",\"datePublished\":\"2026-02-15T18:48:12+00:00\",\"dateModified\":\"2026-02-15T18:48:14+00:00\",\"mainEntityOfPage\":{\"@id\":\"https:\/\/footdavant.fr\/actualites\/changements-et-question-au-milieu-de-terrain-pour-le-choc-de-la-wigan-fa-cup\/\"},\"wordCount\":728,\"publisher\":{\"@id\":\"https:\/\/footdavant.fr\/actualites\/#organization\"},\"keywords\":[\"changements\",\"choc\",\"Cup\",\"milieu\",\"pour\",\"question\",\"terrain\",\"Wigan\"],\"articleSection\":[\"Football\"],\"inLanguage\":\"fr-FR\"},{\"@type\":\"WebPage\",\"@id\":\"https:\/\/footdavant.fr\/actualites\/changements-et-question-au-milieu-de-terrain-pour-le-choc-de-la-wigan-fa-cup\/\",\"url\":\"https:\/\/footdavant.fr\/actualites\/changements-et-question-au-milieu-de-terrain-pour-le-choc-de-la-wigan-fa-cup\/\",\"name\":\"Changements et question au milieu de terrain pour le choc de la Wigan FA Cup\",\"isPartOf\":{\"@id\":\"https:\/\/footdavant.fr\/actualites\/#website\"},\"datePublished\":\"2026-02-15T18:48:12+00:00\",\"dateModified\":\"2026-02-15T18:48:14+00:00\",\"breadcrumb\":{\"@id\":\"https:\/\/footdavant.fr\/actualites\/changements-et-question-au-milieu-de-terrain-pour-le-choc-de-la-wigan-fa-cup\/#breadcrumb\"},\"inLanguage\":\"fr-FR\",\"potentialAction\":[{\"@type\":\"ReadAction\",\"target\":[\"https:\/\/footdavant.fr\/actualites\/changements-et-question-au-milieu-de-terrain-pour-le-choc-de-la-wigan-fa-cup\/\"]}]},{\"@type\":\"BreadcrumbList\",\"@id\":\"https:\/\/footdavant.fr\/actualites\/changements-et-question-au-milieu-de-terrain-pour-le-choc-de-la-wigan-fa-cup\/#breadcrumb\",\"itemListElement\":[{\"@type\":\"ListItem\",\"position\":1,\"name\":\"Accueil\",\"item\":\"https:\/\/footdavant.fr\/actualites\/\"},{\"@type\":\"ListItem\",\"position\":2,\"name\":\"Changements et question au milieu de terrain pour le choc de la Wigan FA Cup\"}]},{\"@type\":\"WebSite\",\"@id\":\"https:\/\/footdavant.fr\/actualites\/#website\",\"url\":\"https:\/\/footdavant.fr\/actualites\/\",\"name\":\"Foot d'avant\",\"description\":\"\",\"publisher\":{\"@id\":\"https:\/\/footdavant.fr\/actualites\/#organization\"},\"potentialAction\":[{\"@type\":\"SearchAction\",\"target\":{\"@type\":\"EntryPoint\",\"urlTemplate\":\"https:\/\/footdavant.fr\/actualites\/?s={search_term_string}\"},\"query-input\":\"required name=search_term_string\"}],\"inLanguage\":\"fr-FR\"},{\"@type\":\"Organization\",\"@id\":\"https:\/\/footdavant.fr\/actualites\/#organization\",\"name\":\"Foot d'avant\",\"url\":\"https:\/\/footdavant.fr\/actualites\/\",\"logo\":{\"@type\":\"ImageObject\",\"inLanguage\":\"fr-FR\",\"@id\":\"https:\/\/footdavant.fr\/actualites\/#\/schema\/logo\/image\/\",\"url\":\"https:\/\/footdavant.fr\/actualites\/wp-content\/uploads\/2023\/09\/Copy-of-FootDavant-Logo.png\",\"contentUrl\":\"https:\/\/footdavant.fr\/actualites\/wp-content\/uploads\/2023\/09\/Copy-of-FootDavant-Logo.png\",\"width\":936,\"height\":549,\"caption\":\"Foot d'avant\"},\"image\":{\"@id\":\"https:\/\/footdavant.fr\/actualites\/#\/schema\/logo\/image\/\"},\"sameAs\":[\"https:\/\/www.facebook.com\/Footdavant\/\",\"https:\/\/twitter.com\/FootdavantFr\",\"https:\/\/www.instagram.com\/footdavant.fr\/\"]},{\"@type\":\"Person\",\"@id\":\"https:\/\/footdavant.fr\/actualites\/#\/schema\/person\/bc222566d95871b37e597b3ed3ba5e1d\",\"name\":\"Cl\u00e9ment\",\"image\":{\"@type\":\"ImageObject\",\"inLanguage\":\"fr-FR\",\"@id\":\"https:\/\/footdavant.fr\/actualites\/#\/schema\/person\/image\/\",\"url\":\"https:\/\/secure.gravatar.com\/avatar\/7728b29aac2719421e1a9159b2254c44?s=96&d=mm&r=g\",\"contentUrl\":\"https:\/\/secure.gravatar.com\/avatar\/7728b29aac2719421e1a9159b2254c44?s=96&d=mm&r=g\",\"caption\":\"Cl\u00e9ment\"},\"sameAs\":[\"https:\/\/footdavant.fr\/\"]}]}<\/script>\n<!-- \/ Yoast SEO plugin. -->","yoast_head_json":{"title":"Changements et question au milieu de terrain pour le choc de la Wigan FA Cup","robots":{"index":"index","follow":"follow","max-snippet":"max-snippet:-1","max-image-preview":"max-image-preview:large","max-video-preview":"max-video-preview:-1"},"canonical":"https:\/\/footdavant.fr\/actualites\/changements-et-question-au-milieu-de-terrain-pour-le-choc-de-la-wigan-fa-cup\/","og_locale":"fr_FR","og_type":"article","og_title":"Changements et question au milieu de terrain pour le choc de la Wigan FA Cup","og_description":"Matin. Nous sommes aujourd\u2019hui au 4e tour de la FA Cup, affrontant Wigan \u00e0 domicile. C&#39;est le genre d&#39;opposition qui permettra \u00e0 Mikel Arteta de","og_url":"https:\/\/footdavant.fr\/actualites\/changements-et-question-au-milieu-de-terrain-pour-le-choc-de-la-wigan-fa-cup\/","og_site_name":"Foot d&#039;avant","article_publisher":"https:\/\/www.facebook.com\/Footdavant\/","article_published_time":"2026-02-15T18:48:12+00:00","article_modified_time":"2026-02-15T18:48:14+00:00","og_image":[{"width":1500,"height":750,"url":"https:\/\/footdavant.fr\/actualites\/wp-content\/uploads\/2026\/02\/Changements-et-question-au-milieu-de-terrain-pour-le-choc.jpg","type":"image\/jpeg"}],"author":"Cl\u00e9ment","twitter_card":"summary_large_image","twitter_creator":"@FootdavantFr","twitter_site":"@FootdavantFr","twitter_misc":{"\u00c9crit par":"Cl\u00e9ment","Dur\u00e9e de lecture estim\u00e9e":"4 minutes"},"schema":{"@context":"https:\/\/schema.org","@graph":[{"@type":"Article","@id":"https:\/\/footdavant.fr\/actualites\/changements-et-question-au-milieu-de-terrain-pour-le-choc-de-la-wigan-fa-cup\/#article","isPartOf":{"@id":"https:\/\/footdavant.fr\/actualites\/changements-et-question-au-milieu-de-terrain-pour-le-choc-de-la-wigan-fa-cup\/"},"author":{"name":"Cl\u00e9ment","@id":"https:\/\/footdavant.fr\/actualites\/#\/schema\/person\/bc222566d95871b37e597b3ed3ba5e1d"},"headline":"Changements et question au milieu de terrain pour le choc de la Wigan FA Cup","datePublished":"2026-02-15T18:48:12+00:00","dateModified":"2026-02-15T18:48:14+00:00","mainEntityOfPage":{"@id":"https:\/\/footdavant.fr\/actualites\/changements-et-question-au-milieu-de-terrain-pour-le-choc-de-la-wigan-fa-cup\/"},"wordCount":728,"publisher":{"@id":"https:\/\/footdavant.fr\/actualites\/#organization"},"keywords":["changements","choc","Cup","milieu","pour","question","terrain","Wigan"],"articleSection":["Football"],"inLanguage":"fr-FR"},{"@type":"WebPage","@id":"https:\/\/footdavant.fr\/actualites\/changements-et-question-au-milieu-de-terrain-pour-le-choc-de-la-wigan-fa-cup\/","url":"https:\/\/footdavant.fr\/actualites\/changements-et-question-au-milieu-de-terrain-pour-le-choc-de-la-wigan-fa-cup\/","name":"Changements et question au milieu de terrain pour le choc de la Wigan FA Cup","isPartOf":{"@id":"https:\/\/footdavant.fr\/actualites\/#website"},"datePublished":"2026-02-15T18:48:12+00:00","dateModified":"2026-02-15T18:48:14+00:00","breadcrumb":{"@id":"https:\/\/footdavant.fr\/actualites\/changements-et-question-au-milieu-de-terrain-pour-le-choc-de-la-wigan-fa-cup\/#breadcrumb"},"inLanguage":"fr-FR","potentialAction":[{"@type":"ReadAction","target":["https:\/\/footdavant.fr\/actualites\/changements-et-question-au-milieu-de-terrain-pour-le-choc-de-la-wigan-fa-cup\/"]}]},{"@type":"BreadcrumbList","@id":"https:\/\/footdavant.fr\/actualites\/changements-et-question-au-milieu-de-terrain-pour-le-choc-de-la-wigan-fa-cup\/#breadcrumb","itemListElement":[{"@type":"ListItem","position":1,"name":"Accueil","item":"https:\/\/footdavant.fr\/actualites\/"},{"@type":"ListItem","position":2,"name":"Changements et question au milieu de terrain pour le choc de la Wigan FA Cup"}]},{"@type":"WebSite","@id":"https:\/\/footdavant.fr\/actualites\/#website","url":"https:\/\/footdavant.fr\/actualites\/","name":"Foot d'avant","description":"","publisher":{"@id":"https:\/\/footdavant.fr\/actualites\/#organization"},"potentialAction":[{"@type":"SearchAction","target":{"@type":"EntryPoint","urlTemplate":"https:\/\/footdavant.fr\/actualites\/?s={search_term_string}"},"query-input":"required name=search_term_string"}],"inLanguage":"fr-FR"},{"@type":"Organization","@id":"https:\/\/footdavant.fr\/actualites\/#organization","name":"Foot d'avant","url":"https:\/\/footdavant.fr\/actualites\/","logo":{"@type":"ImageObject","inLanguage":"fr-FR","@id":"https:\/\/footdavant.fr\/actualites\/#\/schema\/logo\/image\/","url":"https:\/\/footdavant.fr\/actualites\/wp-content\/uploads\/2023\/09\/Copy-of-FootDavant-Logo.png","contentUrl":"https:\/\/footdavant.fr\/actualites\/wp-content\/uploads\/2023\/09\/Copy-of-FootDavant-Logo.png","width":936,"height":549,"caption":"Foot d'avant"},"image":{"@id":"https:\/\/footdavant.fr\/actualites\/#\/schema\/logo\/image\/"},"sameAs":["https:\/\/www.facebook.com\/Footdavant\/","https:\/\/twitter.com\/FootdavantFr","https:\/\/www.instagram.com\/footdavant.fr\/"]},{"@type":"Person","@id":"https:\/\/footdavant.fr\/actualites\/#\/schema\/person\/bc222566d95871b37e597b3ed3ba5e1d","name":"Cl\u00e9ment","image":{"@type":"ImageObject","inLanguage":"fr-FR","@id":"https:\/\/footdavant.fr\/actualites\/#\/schema\/person\/image\/","url":"https:\/\/secure.gravatar.com\/avatar\/7728b29aac2719421e1a9159b2254c44?s=96&d=mm&r=g","contentUrl":"https:\/\/secure.gravatar.com\/avatar\/7728b29aac2719421e1a9159b2254c44?s=96&d=mm&r=g","caption":"Cl\u00e9ment"},"sameAs":["https:\/\/footdavant.fr\/"]}]}},"_links":{"self":[{"href":"https:\/\/footdavant.fr\/actualites\/wp-json\/wp\/v2\/posts\/34520"}],"collection":[{"href":"https:\/\/footdavant.fr\/actualites\/wp-json\/wp\/v2\/posts"}],"about":[{"href":"https:\/\/footdavant.fr\/actualites\/wp-json\/wp\/v2\/types\/post"}],"author":[{"embeddable":true,"href":"https:\/\/footdavant.fr\/actualites\/wp-json\/wp\/v2\/users\/1"}],"replies":[{"embeddable":true,"href":"https:\/\/footdavant.fr\/actualites\/wp-json\/wp\/v2\/comments?post=34520"}],"version-history":[{"count":1,"href":"https:\/\/footdavant.fr\/actualites\/wp-json\/wp\/v2\/posts\/34520\/revisions"}],"predecessor-version":[{"id":34522,"href":"https:\/\/footdavant.fr\/actualites\/wp-json\/wp\/v2\/posts\/34520\/revisions\/34522"}],"wp:featuredmedia":[{"embeddable":true,"href":"https:\/\/footdavant.fr\/actualites\/wp-json\/wp\/v2\/media\/34521"}],"wp:attachment":[{"href":"https:\/\/footdavant.fr\/actualites\/wp-json\/wp\/v2\/media?parent=34520"}],"wp:term":[{"taxonomy":"category","embeddable":true,"href":"https:\/\/footdavant.fr\/actualites\/wp-json\/wp\/v2\/categories?post=34520"},{"taxonomy":"post_tag","embeddable":true,"href":"https:\/\/footdavant.fr\/actualites\/wp-json\/wp\/v2\/tags?post=34520"}],"curies":[{"name":"wp","href":"https:\/\/api.w.org\/{rel}","templated":true}]}}