{"id":34526,"date":"2026-02-15T23:48:06","date_gmt":"2026-02-15T22:48:06","guid":{"rendered":"https:\/\/footdavant.fr\/actualites\/le-penalty-de-salah-naurait-pas-du-etre-maintenu-contre-brighton-ex-arbitre\/"},"modified":"2026-02-15T23:48:08","modified_gmt":"2026-02-15T22:48:08","slug":"le-penalty-de-salah-naurait-pas-du-etre-maintenu-contre-brighton-ex-arbitre","status":"publish","type":"post","link":"https:\/\/footdavant.fr\/actualites\/le-penalty-de-salah-naurait-pas-du-etre-maintenu-contre-brighton-ex-arbitre\/","title":{"rendered":"Le penalty de Salah n&#39;aurait pas d\u00fb \u00eatre maintenu contre Brighton : ex-arbitre"},"content":{"rendered":"<div id=\"article-body\">\n<!-- Article Start --><\/p>\n<p>Un d\u00e9bat d&#39;arbitrage a suivi la victoire 3-0 de Liverpool en FA Cup contre Brighton apr\u00e8s qu&#39;un ancien officiel ait affirm\u00e9 que le penalty de Mo Salah n&#39;aurait pas d\u00fb \u00eatre accord\u00e9 en raison d&#39;une faute ant\u00e9rieure lors de la pr\u00e9paration.<\/p>\n<p>L&#39;incident s&#39;est produit tardivement \u00e0 Anfield lorsque l&#39;international \u00e9gyptien de 33 ans a remport\u00e9 un tir au but sous pression \u00e0 l&#39;int\u00e9rieur de la surface avant de se convertir pour rendre le score confortable.<\/p>\n<p>Keith Hackett, ancien chef du PGMOL et ancien arbitre de la FIFA, a d\u00e9clar\u00e9 \u00e0 Football Insider que Stuart Attwell avait rat\u00e9 ce qu&#39;il pensait \u00eatre une faute de Salah sur Ferdi Kadioglu de Brighton juste avant que le penalty ne soit accord\u00e9.<\/p>\n<\/p>\n<p>Le point de vue de Hackett \u00e9tait que, si le contact ant\u00e9rieur est consid\u00e9r\u00e9 comme une faute, la s\u00e9quence de p\u00e9nalit\u00e9 ult\u00e9rieure n&#39;a jamais lieu, m\u00eame si la faute \u00e0 l&#39;int\u00e9rieur de la zone est claire une fois que nous y arrivons.<\/p>\n<\/p>\n<h2>Qu&#39;est-ce qui n&#39;allait pas avec la d\u00e9cision de p\u00e9nalit\u00e9 de Salah ?<\/h2>\n<p>L&#39;argument de Hackett n&#39;est pas que Pascal Gross n&#39;a pas commis de faute sur Salah, car m\u00eame le rapport de Football Insider indique que le milieu de terrain de Brighton a fait tomber ill\u00e9galement l&#39;ailier de Liverpool.<\/p>\n<p>Au lieu de cela, la controverse repose sur la question de savoir si le contact ant\u00e9rieur de Salah sur Kadioglu \u2013 d\u00e9crit comme une pouss\u00e9e pr\u00e8s du bord de la surface \u2013 aurait d\u00fb arr\u00eater le jeu avant l&#39;arriv\u00e9e du moment du penalty.<\/p>\n<p>En l&#39;absence de VAR en op\u00e9ration \u00e0 ce stade de la FA Cup, Attwell ne pouvait compter que sur sa vision du terrain et ses assistants, c&#39;est exactement pourquoi des d\u00e9bats comme celui-ci ont tendance \u00e0 se d\u00e9velopper une fois que les rediffusions circulent.<\/p>\n<h2>La performance de Salah \u00e0 Brighton a toujours conduit \u00e0 la victoire de Liverpool<\/h2>\n<figure class=\"wp-caption alignnone\"><picture><source type=\"image\/webp\" data- data-><\/source><\/picture><\/figure>\n<p>Quoi que l&#39;on pense de la s\u00e9quence, Liverpool contr\u00f4lait d\u00e9j\u00e0 le match nul, et la contribution globale de Salah a \u00e9t\u00e9 l&#39;une des principales raisons pour lesquelles nous avons atteint le cinqui\u00e8me tour.<\/p>\n<p>Arne Slot a d\u00e9j\u00e0 d\u00e9crit le jeu de Salah dans des termes plus larges que les buts, louant le travail d\u00e9fensif de l&#39;international \u00e9gyptien apr\u00e8s le temps plein, tandis que Virgil van Dijk a \u00e9galement parl\u00e9 publiquement de l&#39;influence et du leadership de Salah au sein de l&#39;\u00e9quipe.<\/p>\n<p>Du point de vue de la performance, les chiffres sous-jacents (via Sofascore) montrent pourquoi Brighton a eu du mal \u00e0 le contenir, car notre n\u00b011 transportait constamment le ballon dans des zones dangereuses et cr\u00e9ait des occasions avant m\u00eame que le penalty ne devienne un sujet de discussion.<\/p>\n<table>\n<thead>\n<tr>\n<th>Salah contre Brighton<\/th>\n<th align=\"right\"\/>\n<\/tr>\n<\/thead>\n<tbody>\n<tr>\n<td>Minutes<\/td>\n<td style=\"text-align: center;\" align=\"right\">77<\/td>\n<\/tr>\n<tr>\n<td>Objectifs<\/td>\n<td style=\"text-align: center;\" align=\"right\">1<\/td>\n<\/tr>\n<tr>\n<td>Aides<\/td>\n<td style=\"text-align: center;\" align=\"right\">1<\/td>\n<\/tr>\n<tr>\n<td>Passes cl\u00e9s<\/td>\n<td style=\"text-align: center;\" align=\"right\">4<\/td>\n<\/tr>\n<tr>\n<td>Tirs (cadr\u00e9s)<\/td>\n<td style=\"text-align: center;\" align=\"right\">5 (2)<\/td>\n<\/tr>\n<tr>\n<td>Dribbles (r\u00e9ussis)<\/td>\n<td style=\"text-align: center;\" align=\"right\">4 (3)<\/td>\n<\/tr>\n<tr>\n<td>A \u00e9t\u00e9 victime d&#39;une faute<\/td>\n<td style=\"text-align: center;\" align=\"right\">3<\/td>\n<\/tr>\n<tr>\n<td>P\u00e9nalit\u00e9s gagn\u00e9es<\/td>\n<td style=\"text-align: center;\" align=\"right\">1<\/td>\n<\/tr>\n<tr>\n<td>Note Sofascore<\/td>\n<td style=\"text-align: center;\" align=\"right\">8.6<\/td>\n<\/tr>\n<\/tbody>\n<\/table>\n<p>Salah a \u00e9t\u00e9 jug\u00e9 selon ses propres normes scandaleuses pendant des ann\u00e9es, mais c\u2019est le genre de sortie compl\u00e8te qui souligne pourquoi il reste au c\u0153ur de ce que nous faisons, m\u00eame lorsque le bruit ext\u00e9rieur tente de d\u00e9tourner l\u2019attention.<\/p>\n<p><!-- Article End -->\t\t\t\t<\/div>\n","protected":false},"excerpt":{"rendered":"<p>Un d\u00e9bat d&#39;arbitrage a suivi la victoire 3-0 de Liverpool en FA Cup contre Brighton apr\u00e8s qu&#39;un ancien officiel ait affirm\u00e9 que le penalty de<\/p>\n","protected":false},"author":1,"featured_media":34527,"comment_status":"closed","ping_status":"","sticky":false,"template":"","format":"standard","meta":{"footnotes":""},"categories":[3],"tags":[349,20,212,270,11506,10468,11505,71,255,335],"yoast_head":"<!-- This site is optimized with the Yoast SEO plugin v21.0 - https:\/\/yoast.com\/wordpress\/plugins\/seo\/ -->\n<title>Le penalty de Salah n&#039;aurait pas d\u00fb \u00eatre maintenu contre Brighton : ex-arbitre<\/title>\n<meta name=\"robots\" content=\"index, follow, max-snippet:-1, max-image-preview:large, max-video-preview:-1\" \/>\n<link rel=\"canonical\" href=\"https:\/\/footdavant.fr\/actualites\/le-penalty-de-salah-naurait-pas-du-etre-maintenu-contre-brighton-ex-arbitre\/\" \/>\n<meta property=\"og:locale\" content=\"fr_FR\" \/>\n<meta property=\"og:type\" content=\"article\" \/>\n<meta property=\"og:title\" content=\"Le penalty de Salah n&#039;aurait pas d\u00fb \u00eatre maintenu contre Brighton : ex-arbitre\" \/>\n<meta property=\"og:description\" content=\"Un d\u00e9bat d&#039;arbitrage a suivi la victoire 3-0 de Liverpool en FA Cup contre Brighton apr\u00e8s qu&#039;un ancien officiel ait affirm\u00e9 que le penalty de\" \/>\n<meta property=\"og:url\" content=\"https:\/\/footdavant.fr\/actualites\/le-penalty-de-salah-naurait-pas-du-etre-maintenu-contre-brighton-ex-arbitre\/\" \/>\n<meta property=\"og:site_name\" content=\"Foot d&#039;avant\" \/>\n<meta property=\"article:publisher\" content=\"https:\/\/www.facebook.com\/Footdavant\/\" \/>\n<meta property=\"article:published_time\" content=\"2026-02-15T22:48:06+00:00\" \/>\n<meta property=\"article:modified_time\" content=\"2026-02-15T22:48:08+00:00\" \/>\n<meta property=\"og:image\" content=\"https:\/\/footdavant.fr\/actualites\/wp-content\/uploads\/2026\/02\/1771195687_Le-penalty-de-Salah-n39aurait-pas-du-etre-maintenu-contre.jpg\" \/>\n\t<meta property=\"og:image:width\" content=\"1200\" \/>\n\t<meta property=\"og:image:height\" content=\"675\" \/>\n\t<meta property=\"og:image:type\" content=\"image\/jpeg\" \/>\n<meta name=\"author\" content=\"Cl\u00e9ment\" \/>\n<meta name=\"twitter:card\" content=\"summary_large_image\" \/>\n<meta name=\"twitter:creator\" content=\"@FootdavantFr\" \/>\n<meta name=\"twitter:site\" content=\"@FootdavantFr\" \/>\n<meta name=\"twitter:label1\" content=\"\u00c9crit par\" \/>\n\t<meta name=\"twitter:data1\" content=\"Cl\u00e9ment\" \/>\n\t<meta name=\"twitter:label2\" content=\"Dur\u00e9e de lecture estim\u00e9e\" \/>\n\t<meta name=\"twitter:data2\" content=\"3 minutes\" \/>\n<script type=\"application\/ld+json\" class=\"yoast-schema-graph\">{\"@context\":\"https:\/\/schema.org\",\"@graph\":[{\"@type\":\"Article\",\"@id\":\"https:\/\/footdavant.fr\/actualites\/le-penalty-de-salah-naurait-pas-du-etre-maintenu-contre-brighton-ex-arbitre\/#article\",\"isPartOf\":{\"@id\":\"https:\/\/footdavant.fr\/actualites\/le-penalty-de-salah-naurait-pas-du-etre-maintenu-contre-brighton-ex-arbitre\/\"},\"author\":{\"name\":\"Cl\u00e9ment\",\"@id\":\"https:\/\/footdavant.fr\/actualites\/#\/schema\/person\/bc222566d95871b37e597b3ed3ba5e1d\"},\"headline\":\"Le penalty de Salah n&#39;aurait pas d\u00fb \u00eatre maintenu contre Brighton : ex-arbitre\",\"datePublished\":\"2026-02-15T22:48:06+00:00\",\"dateModified\":\"2026-02-15T22:48:08+00:00\",\"mainEntityOfPage\":{\"@id\":\"https:\/\/footdavant.fr\/actualites\/le-penalty-de-salah-naurait-pas-du-etre-maintenu-contre-brighton-ex-arbitre\/\"},\"wordCount\":576,\"publisher\":{\"@id\":\"https:\/\/footdavant.fr\/actualites\/#organization\"},\"keywords\":[\"Brighton\",\"contre\",\"d\u00fb\",\"\u00eatre\",\"exarbitre\",\"maintenu\",\"n39aurait\",\"pas\",\"penalty\",\"Salah\"],\"articleSection\":[\"Football\"],\"inLanguage\":\"fr-FR\"},{\"@type\":\"WebPage\",\"@id\":\"https:\/\/footdavant.fr\/actualites\/le-penalty-de-salah-naurait-pas-du-etre-maintenu-contre-brighton-ex-arbitre\/\",\"url\":\"https:\/\/footdavant.fr\/actualites\/le-penalty-de-salah-naurait-pas-du-etre-maintenu-contre-brighton-ex-arbitre\/\",\"name\":\"Le penalty de Salah n&#39;aurait pas d\u00fb \u00eatre maintenu contre Brighton : ex-arbitre\",\"isPartOf\":{\"@id\":\"https:\/\/footdavant.fr\/actualites\/#website\"},\"datePublished\":\"2026-02-15T22:48:06+00:00\",\"dateModified\":\"2026-02-15T22:48:08+00:00\",\"breadcrumb\":{\"@id\":\"https:\/\/footdavant.fr\/actualites\/le-penalty-de-salah-naurait-pas-du-etre-maintenu-contre-brighton-ex-arbitre\/#breadcrumb\"},\"inLanguage\":\"fr-FR\",\"potentialAction\":[{\"@type\":\"ReadAction\",\"target\":[\"https:\/\/footdavant.fr\/actualites\/le-penalty-de-salah-naurait-pas-du-etre-maintenu-contre-brighton-ex-arbitre\/\"]}]},{\"@type\":\"BreadcrumbList\",\"@id\":\"https:\/\/footdavant.fr\/actualites\/le-penalty-de-salah-naurait-pas-du-etre-maintenu-contre-brighton-ex-arbitre\/#breadcrumb\",\"itemListElement\":[{\"@type\":\"ListItem\",\"position\":1,\"name\":\"Accueil\",\"item\":\"https:\/\/footdavant.fr\/actualites\/\"},{\"@type\":\"ListItem\",\"position\":2,\"name\":\"Le penalty de Salah n&#39;aurait pas d\u00fb \u00eatre maintenu contre Brighton : ex-arbitre\"}]},{\"@type\":\"WebSite\",\"@id\":\"https:\/\/footdavant.fr\/actualites\/#website\",\"url\":\"https:\/\/footdavant.fr\/actualites\/\",\"name\":\"Foot d'avant\",\"description\":\"\",\"publisher\":{\"@id\":\"https:\/\/footdavant.fr\/actualites\/#organization\"},\"potentialAction\":[{\"@type\":\"SearchAction\",\"target\":{\"@type\":\"EntryPoint\",\"urlTemplate\":\"https:\/\/footdavant.fr\/actualites\/?s={search_term_string}\"},\"query-input\":\"required name=search_term_string\"}],\"inLanguage\":\"fr-FR\"},{\"@type\":\"Organization\",\"@id\":\"https:\/\/footdavant.fr\/actualites\/#organization\",\"name\":\"Foot d'avant\",\"url\":\"https:\/\/footdavant.fr\/actualites\/\",\"logo\":{\"@type\":\"ImageObject\",\"inLanguage\":\"fr-FR\",\"@id\":\"https:\/\/footdavant.fr\/actualites\/#\/schema\/logo\/image\/\",\"url\":\"https:\/\/footdavant.fr\/actualites\/wp-content\/uploads\/2023\/09\/Copy-of-FootDavant-Logo.png\",\"contentUrl\":\"https:\/\/footdavant.fr\/actualites\/wp-content\/uploads\/2023\/09\/Copy-of-FootDavant-Logo.png\",\"width\":936,\"height\":549,\"caption\":\"Foot d'avant\"},\"image\":{\"@id\":\"https:\/\/footdavant.fr\/actualites\/#\/schema\/logo\/image\/\"},\"sameAs\":[\"https:\/\/www.facebook.com\/Footdavant\/\",\"https:\/\/twitter.com\/FootdavantFr\",\"https:\/\/www.instagram.com\/footdavant.fr\/\"]},{\"@type\":\"Person\",\"@id\":\"https:\/\/footdavant.fr\/actualites\/#\/schema\/person\/bc222566d95871b37e597b3ed3ba5e1d\",\"name\":\"Cl\u00e9ment\",\"image\":{\"@type\":\"ImageObject\",\"inLanguage\":\"fr-FR\",\"@id\":\"https:\/\/footdavant.fr\/actualites\/#\/schema\/person\/image\/\",\"url\":\"https:\/\/secure.gravatar.com\/avatar\/7728b29aac2719421e1a9159b2254c44?s=96&d=mm&r=g\",\"contentUrl\":\"https:\/\/secure.gravatar.com\/avatar\/7728b29aac2719421e1a9159b2254c44?s=96&d=mm&r=g\",\"caption\":\"Cl\u00e9ment\"},\"sameAs\":[\"https:\/\/footdavant.fr\/\"]}]}<\/script>\n<!-- \/ Yoast SEO plugin. -->","yoast_head_json":{"title":"Le penalty de Salah n&#39;aurait pas d\u00fb \u00eatre maintenu contre Brighton : ex-arbitre","robots":{"index":"index","follow":"follow","max-snippet":"max-snippet:-1","max-image-preview":"max-image-preview:large","max-video-preview":"max-video-preview:-1"},"canonical":"https:\/\/footdavant.fr\/actualites\/le-penalty-de-salah-naurait-pas-du-etre-maintenu-contre-brighton-ex-arbitre\/","og_locale":"fr_FR","og_type":"article","og_title":"Le penalty de Salah n&#39;aurait pas d\u00fb \u00eatre maintenu contre Brighton : ex-arbitre","og_description":"Un d\u00e9bat d&#39;arbitrage a suivi la victoire 3-0 de Liverpool en FA Cup contre Brighton apr\u00e8s qu&#39;un ancien officiel ait affirm\u00e9 que le penalty de","og_url":"https:\/\/footdavant.fr\/actualites\/le-penalty-de-salah-naurait-pas-du-etre-maintenu-contre-brighton-ex-arbitre\/","og_site_name":"Foot d&#039;avant","article_publisher":"https:\/\/www.facebook.com\/Footdavant\/","article_published_time":"2026-02-15T22:48:06+00:00","article_modified_time":"2026-02-15T22:48:08+00:00","og_image":[{"width":1200,"height":675,"url":"https:\/\/footdavant.fr\/actualites\/wp-content\/uploads\/2026\/02\/1771195687_Le-penalty-de-Salah-n39aurait-pas-du-etre-maintenu-contre.jpg","type":"image\/jpeg"}],"author":"Cl\u00e9ment","twitter_card":"summary_large_image","twitter_creator":"@FootdavantFr","twitter_site":"@FootdavantFr","twitter_misc":{"\u00c9crit par":"Cl\u00e9ment","Dur\u00e9e de lecture estim\u00e9e":"3 minutes"},"schema":{"@context":"https:\/\/schema.org","@graph":[{"@type":"Article","@id":"https:\/\/footdavant.fr\/actualites\/le-penalty-de-salah-naurait-pas-du-etre-maintenu-contre-brighton-ex-arbitre\/#article","isPartOf":{"@id":"https:\/\/footdavant.fr\/actualites\/le-penalty-de-salah-naurait-pas-du-etre-maintenu-contre-brighton-ex-arbitre\/"},"author":{"name":"Cl\u00e9ment","@id":"https:\/\/footdavant.fr\/actualites\/#\/schema\/person\/bc222566d95871b37e597b3ed3ba5e1d"},"headline":"Le penalty de Salah n&#39;aurait pas d\u00fb \u00eatre maintenu contre Brighton : ex-arbitre","datePublished":"2026-02-15T22:48:06+00:00","dateModified":"2026-02-15T22:48:08+00:00","mainEntityOfPage":{"@id":"https:\/\/footdavant.fr\/actualites\/le-penalty-de-salah-naurait-pas-du-etre-maintenu-contre-brighton-ex-arbitre\/"},"wordCount":576,"publisher":{"@id":"https:\/\/footdavant.fr\/actualites\/#organization"},"keywords":["Brighton","contre","d\u00fb","\u00eatre","exarbitre","maintenu","n39aurait","pas","penalty","Salah"],"articleSection":["Football"],"inLanguage":"fr-FR"},{"@type":"WebPage","@id":"https:\/\/footdavant.fr\/actualites\/le-penalty-de-salah-naurait-pas-du-etre-maintenu-contre-brighton-ex-arbitre\/","url":"https:\/\/footdavant.fr\/actualites\/le-penalty-de-salah-naurait-pas-du-etre-maintenu-contre-brighton-ex-arbitre\/","name":"Le penalty de Salah n&#39;aurait pas d\u00fb \u00eatre maintenu contre Brighton : ex-arbitre","isPartOf":{"@id":"https:\/\/footdavant.fr\/actualites\/#website"},"datePublished":"2026-02-15T22:48:06+00:00","dateModified":"2026-02-15T22:48:08+00:00","breadcrumb":{"@id":"https:\/\/footdavant.fr\/actualites\/le-penalty-de-salah-naurait-pas-du-etre-maintenu-contre-brighton-ex-arbitre\/#breadcrumb"},"inLanguage":"fr-FR","potentialAction":[{"@type":"ReadAction","target":["https:\/\/footdavant.fr\/actualites\/le-penalty-de-salah-naurait-pas-du-etre-maintenu-contre-brighton-ex-arbitre\/"]}]},{"@type":"BreadcrumbList","@id":"https:\/\/footdavant.fr\/actualites\/le-penalty-de-salah-naurait-pas-du-etre-maintenu-contre-brighton-ex-arbitre\/#breadcrumb","itemListElement":[{"@type":"ListItem","position":1,"name":"Accueil","item":"https:\/\/footdavant.fr\/actualites\/"},{"@type":"ListItem","position":2,"name":"Le penalty de Salah n&#39;aurait pas d\u00fb \u00eatre maintenu contre Brighton : ex-arbitre"}]},{"@type":"WebSite","@id":"https:\/\/footdavant.fr\/actualites\/#website","url":"https:\/\/footdavant.fr\/actualites\/","name":"Foot d'avant","description":"","publisher":{"@id":"https:\/\/footdavant.fr\/actualites\/#organization"},"potentialAction":[{"@type":"SearchAction","target":{"@type":"EntryPoint","urlTemplate":"https:\/\/footdavant.fr\/actualites\/?s={search_term_string}"},"query-input":"required name=search_term_string"}],"inLanguage":"fr-FR"},{"@type":"Organization","@id":"https:\/\/footdavant.fr\/actualites\/#organization","name":"Foot d'avant","url":"https:\/\/footdavant.fr\/actualites\/","logo":{"@type":"ImageObject","inLanguage":"fr-FR","@id":"https:\/\/footdavant.fr\/actualites\/#\/schema\/logo\/image\/","url":"https:\/\/footdavant.fr\/actualites\/wp-content\/uploads\/2023\/09\/Copy-of-FootDavant-Logo.png","contentUrl":"https:\/\/footdavant.fr\/actualites\/wp-content\/uploads\/2023\/09\/Copy-of-FootDavant-Logo.png","width":936,"height":549,"caption":"Foot d'avant"},"image":{"@id":"https:\/\/footdavant.fr\/actualites\/#\/schema\/logo\/image\/"},"sameAs":["https:\/\/www.facebook.com\/Footdavant\/","https:\/\/twitter.com\/FootdavantFr","https:\/\/www.instagram.com\/footdavant.fr\/"]},{"@type":"Person","@id":"https:\/\/footdavant.fr\/actualites\/#\/schema\/person\/bc222566d95871b37e597b3ed3ba5e1d","name":"Cl\u00e9ment","image":{"@type":"ImageObject","inLanguage":"fr-FR","@id":"https:\/\/footdavant.fr\/actualites\/#\/schema\/person\/image\/","url":"https:\/\/secure.gravatar.com\/avatar\/7728b29aac2719421e1a9159b2254c44?s=96&d=mm&r=g","contentUrl":"https:\/\/secure.gravatar.com\/avatar\/7728b29aac2719421e1a9159b2254c44?s=96&d=mm&r=g","caption":"Cl\u00e9ment"},"sameAs":["https:\/\/footdavant.fr\/"]}]}},"_links":{"self":[{"href":"https:\/\/footdavant.fr\/actualites\/wp-json\/wp\/v2\/posts\/34526"}],"collection":[{"href":"https:\/\/footdavant.fr\/actualites\/wp-json\/wp\/v2\/posts"}],"about":[{"href":"https:\/\/footdavant.fr\/actualites\/wp-json\/wp\/v2\/types\/post"}],"author":[{"embeddable":true,"href":"https:\/\/footdavant.fr\/actualites\/wp-json\/wp\/v2\/users\/1"}],"replies":[{"embeddable":true,"href":"https:\/\/footdavant.fr\/actualites\/wp-json\/wp\/v2\/comments?post=34526"}],"version-history":[{"count":1,"href":"https:\/\/footdavant.fr\/actualites\/wp-json\/wp\/v2\/posts\/34526\/revisions"}],"predecessor-version":[{"id":34528,"href":"https:\/\/footdavant.fr\/actualites\/wp-json\/wp\/v2\/posts\/34526\/revisions\/34528"}],"wp:featuredmedia":[{"embeddable":true,"href":"https:\/\/footdavant.fr\/actualites\/wp-json\/wp\/v2\/media\/34527"}],"wp:attachment":[{"href":"https:\/\/footdavant.fr\/actualites\/wp-json\/wp\/v2\/media?parent=34526"}],"wp:term":[{"taxonomy":"category","embeddable":true,"href":"https:\/\/footdavant.fr\/actualites\/wp-json\/wp\/v2\/categories?post=34526"},{"taxonomy":"post_tag","embeddable":true,"href":"https:\/\/footdavant.fr\/actualites\/wp-json\/wp\/v2\/tags?post=34526"}],"curies":[{"name":"wp","href":"https:\/\/api.w.org\/{rel}","templated":true}]}}