{"id":34532,"date":"2026-02-16T03:48:05","date_gmt":"2026-02-16T02:48:05","guid":{"rendered":"https:\/\/footdavant.fr\/actualites\/simeone-rejette-la-reclamation-doblak-apres-que-latletico-ait-ete-stupefait-par-le-rayo\/"},"modified":"2026-02-16T03:48:07","modified_gmt":"2026-02-16T02:48:07","slug":"simeone-rejette-la-reclamation-doblak-apres-que-latletico-ait-ete-stupefait-par-le-rayo","status":"publish","type":"post","link":"https:\/\/footdavant.fr\/actualites\/simeone-rejette-la-reclamation-doblak-apres-que-latletico-ait-ete-stupefait-par-le-rayo\/","title":{"rendered":"Simeone rejette la r\u00e9clamation d&#39;Oblak apr\u00e8s que l&#39;Atletico ait \u00e9t\u00e9 stup\u00e9fait par le Rayo"},"content":{"rendered":"<p>Ce fut un apr\u00e8s-midi chaste pour l\u2019Atletico.<\/p>\n<div>\n<p>L&#39;Atletico Madrid est retomb\u00e9 sur terre avec une \u00e9norme bosse alors qu&#39;il \u00e9tait stup\u00e9fait 3-0 par le Rayo Vallecano, trois jours apr\u00e8s avoir battu Barcelone 4-0 en Copa del Rey.<\/p>\n<p>Les hommes de Diego Simeone ont un pied en finale de la Copa apr\u00e8s leur victoire cat\u00e9gorique lors du match aller de la demi-finale, mais leurs efforts dans ce match semblaient les avoir rattrap\u00e9s alors qu&#39;ils s&#39;effondraient sur une lourde d\u00e9faite \u00e0 Vallecas.<\/p>\n<p>Fran Perez, Oscar Valentin et Nobel Mendy \u00e9taient sur la bonne voie pour le Rayo alors qu&#39;ils sortaient avec style des places de rel\u00e9gation.<\/p>\n<p>L&#39;enqu\u00eate a v\u00e9ritablement commenc\u00e9 pour l&#39;Atletico, quatri\u00e8me, avec le gardien Jan Oblak \u00e9mettant une critique pointue dans son entretien d&#39;apr\u00e8s-match. <\/p>\n<p>\u00ab\u00a0Il n&#39;y a aucune explication, vous ne pouvez pas choisir \u00e0 quels jeux jouer, vous devez tous les jouer pour gagner\u00a0\u00bb, a d\u00e9clar\u00e9 Oblak. \u00ab\u00a0Nous sommes all\u00e9s l\u00e0-bas pour jouer pour gagner, mais notre esprit n&#39;est pas au bon endroit pour gagner des matchs d&#39;affil\u00e9e, il n&#39;y a pas d&#39;autre explication.\u00a0\u00bb<\/p>\n<figure class=\"wp-block-image size-large\"><picture decoding=\"async\" class=\"wp-image-166943\"><source type=\"image\/webp\" data-lazy- \/><img loading=\"lazy\" decoding=\"async\" width=\"1024\" height=\"683\" src=\"https:\/\/footdavant.fr\/actualites\/wp-content\/uploads\/2026\/02\/Simeone-rejette-la-reclamation-d39Oblak-apres-que-l39Atletico-ait-ete.jpg\" alt=\"L&#39;Atletico Madrid a \u00e9t\u00e9 stup\u00e9fait par le Rayo Vallecano.\"  \/>\n<\/picture>\n<\/figure>\n<p>Simeone, cependant, n&#39;\u00e9tait pas d&#39;accord avec l&#39;\u00e9valuation d&#39;Oblak. <\/p>\n<p>\u00ab\u00a0Je ne suis pas d&#39;accord avec ce qu&#39;a dit Oblak\u00a0\u00bb, a d\u00e9clar\u00e9 Simeone. \u00ab L&#39;\u00e9quipe ne choisit pas les matchs, elle a mal concouru et lorsque l&#39;adversaire joue mieux, il est sup\u00e9rieur et il vous bat.<\/p>\n<p>\u00ab\u00a0Il n&#39;y a pas besoin d&#39;expliquer. L&#39;adversaire \u00e9tait tout simplement meilleur. Nous avons essay\u00e9 de cr\u00e9er plusieurs jeux du c\u00f4t\u00e9 droit o\u00f9 nous avons pu bien progresser, mais nous n&#39;avons pas trouv\u00e9 le moyen de marquer, et ils ont \u00e9t\u00e9 d\u00e9cisifs, ont bien press\u00e9, ne nous ont pas laiss\u00e9 le temps de r\u00e9fl\u00e9chir et ont fait un bon match, alors que nous n&#39;avons pas pu jouer le match que nous voulions jouer.\u00a0\u00bb<\/p>\n<p>L&#39;Atletico n&#39;a que quatre points d&#39;avance sur le Real Betis, cinqui\u00e8me, dans la course \u00e0 la qualification pour la Ligue des champions, l&#39;\u00e9quipe de Manuel Pellegrini profitant de la erreur des Rojiblancos avec une victoire 2-1 \u00e0 Majorque.<\/p>\n<p>Le but du jour en Espagne a cependant \u00e9t\u00e9 marqu\u00e9 par Largie Ramazani, dont la superbe vol\u00e9e \u00e0 la fin d&#39;un mouvement d&#39;\u00e9quipe fluide a permis \u00e0 Valence de prendre l&#39;avantage lors de sa victoire 2-0 \u00e0 Levante. Cette victoire a permis \u00e0 Valence de prendre deux points d&#39;avance sur Majorque, troisi\u00e8me. Ailleurs, l&#39;Athletic Bilbao a battu le dernier club du Real Oviedo 2-1.<\/p>\n<figure class=\"wp-block-embed is-type-video is-provider-youtube wp-block-embed-youtube wp-embed-aspect-16-9 wp-has-aspect-ratio\">\n<p>\n<noscript><iframe loading=\"lazy\" title=\"LEVANTE UD 0 - 2 VALENCIA CF | RESUMEN LALIGA EA SPORTS\" width=\"1200\" height=\"675\" src=\"https:\/\/www.youtube.com\/embed\/1g7PpF0cYPQ?feature=oembed\" frameborder=\"0\" allow=\"accelerometer; autoplay; clipboard-write; encrypted-media; gyroscope; picture-in-picture; web-share\" referrerpolicy=\"strict-origin-when-cross-origin\" allowfullscreen><\/iframe><\/noscript>\n<\/p>\n<\/figure>\n<h2 class=\"wp-block-heading\"><span id=\"Alisson_to_the_rescue_for_Napoli\">Alisson \u00e0 la rescousse de Naples<\/span><\/h2>\n<p>En Serie A, Alisson Santos a r\u00e9cup\u00e9r\u00e9 un point pour Naples lors d&#39;un match nul 2-2 extr\u00eamement divertissant contre la Roma.<\/p>\n<p>La Roma a men\u00e9 \u00e0 deux reprises gr\u00e2ce \u00e0 Donyell Malen, l&#39;ancien joueur d&#39;Aston Villa r\u00e9tablissant son avantage sur penalty apr\u00e8s que son premier match ait \u00e9t\u00e9 annul\u00e9 par une frappe \u00e0 longue distance d\u00e9vi\u00e9e de Leonardo Spinazzola. <\/p>\n<p>Mais il y a eu un autre rebondissement dans l&#39;histoire lorsqu&#39;Alisson a fouill\u00e9 dans le coin inf\u00e9rieur gauche \u00e0 huit minutes de la fin. Naples, champion en titre, est troisi\u00e8me, \u00e0 11 points du leader de l&#39;Inter, la Roma manquant l&#39;occasion de les devancer dans le classement et de mettre un peu d&#39;espace entre eux et la Juventus, cinqui\u00e8me. La Roma a un point d&#39;avance sur les Bianconeri en quatri\u00e8me position.<\/p>\n<\/p>\n<h2 class=\"wp-block-heading\"><span id=\"Lyon_cement_grip_on_third\">Lyon cimente sa troisi\u00e8me place<\/span><\/h2>\n<p>Lyon est dans une excellente position pour revenir sur la sc\u00e8ne de la Ligue des champions apr\u00e8s avoir battu Nice 2-0.<\/p>\n<p>Corentin Tolisso et Noah Nartey ont marqu\u00e9 pour les Gones alors qu&#39;ils consolidaient leur emprise sur la troisi\u00e8me place, devan\u00e7ant de cinq points Marseille en quatri\u00e8me position.<\/p>\n<p>Auxerre a renforc\u00e9 ses espoirs de s\u00e9curit\u00e9 avec une victoire 3-1 contre le dernier club de Metz, tandis que Lorient et Le Havre ont remport\u00e9 respectivement Angers et Toulouse.<\/p>\n<p>En Bundesliga, Brajan Gruda a \u00e9galis\u00e9 \u00e0 la 89e minute alors que le RB Leipzig, poursuivant la Ligue des champions, revenait par derri\u00e8re \u00e0 deux reprises pour faire match nul 2-2 contre Wolfsburg en difficult\u00e9. Leipzig est cinqui\u00e8me, \u00e0 deux points de Stuttgart, quatri\u00e8me. L&#39;autre match de la journ\u00e9e a vu Augsbourg battre le club du bas de l&#39;\u00e9chelle, Heidenheim, poursuivant ainsi sa r\u00e9cente remont\u00e9e en forme.<\/p>\n<\/p><\/div>\n","protected":false},"excerpt":{"rendered":"<p>Ce fut un apr\u00e8s-midi chaste pour l\u2019Atletico. L&#39;Atletico Madrid est retomb\u00e9 sur terre avec une \u00e9norme bosse alors qu&#39;il \u00e9tait stup\u00e9fait 3-0 par le Rayo<\/p>\n","protected":false},"author":1,"featured_media":34533,"comment_status":"closed","ping_status":"","sticky":false,"template":"","format":"standard","meta":{"footnotes":""},"categories":[3],"tags":[1912,25,11507,776,4289,75,11508,3890,1687,1063,8457],"yoast_head":"<!-- This site is optimized with the Yoast SEO plugin v21.0 - https:\/\/yoast.com\/wordpress\/plugins\/seo\/ -->\n<title>Simeone rejette la r\u00e9clamation d&#039;Oblak apr\u00e8s que l&#039;Atletico ait \u00e9t\u00e9 stup\u00e9fait par le Rayo<\/title>\n<meta name=\"robots\" content=\"index, follow, max-snippet:-1, max-image-preview:large, max-video-preview:-1\" \/>\n<link rel=\"canonical\" href=\"https:\/\/footdavant.fr\/actualites\/simeone-rejette-la-reclamation-doblak-apres-que-latletico-ait-ete-stupefait-par-le-rayo\/\" \/>\n<meta property=\"og:locale\" content=\"fr_FR\" \/>\n<meta property=\"og:type\" content=\"article\" \/>\n<meta property=\"og:title\" content=\"Simeone rejette la r\u00e9clamation d&#039;Oblak apr\u00e8s que l&#039;Atletico ait \u00e9t\u00e9 stup\u00e9fait par le Rayo\" \/>\n<meta property=\"og:description\" content=\"Ce fut un apr\u00e8s-midi chaste pour l\u2019Atletico. L&#039;Atletico Madrid est retomb\u00e9 sur terre avec une \u00e9norme bosse alors qu&#039;il \u00e9tait stup\u00e9fait 3-0 par le Rayo\" \/>\n<meta property=\"og:url\" content=\"https:\/\/footdavant.fr\/actualites\/simeone-rejette-la-reclamation-doblak-apres-que-latletico-ait-ete-stupefait-par-le-rayo\/\" \/>\n<meta property=\"og:site_name\" content=\"Foot d&#039;avant\" \/>\n<meta property=\"article:publisher\" content=\"https:\/\/www.facebook.com\/Footdavant\/\" \/>\n<meta property=\"article:published_time\" content=\"2026-02-16T02:48:05+00:00\" \/>\n<meta property=\"article:modified_time\" content=\"2026-02-16T02:48:07+00:00\" \/>\n<meta property=\"og:image\" content=\"https:\/\/footdavant.fr\/actualites\/wp-content\/uploads\/2026\/02\/1771210086_Simeone-rejette-la-reclamation-d39Oblak-apres-que-l39Atletico-ait-ete.jpg\" \/>\n\t<meta property=\"og:image:width\" content=\"1200\" \/>\n\t<meta property=\"og:image:height\" content=\"803\" \/>\n\t<meta property=\"og:image:type\" content=\"image\/jpeg\" \/>\n<meta name=\"author\" content=\"Cl\u00e9ment\" \/>\n<meta name=\"twitter:card\" content=\"summary_large_image\" \/>\n<meta name=\"twitter:creator\" content=\"@FootdavantFr\" \/>\n<meta name=\"twitter:site\" content=\"@FootdavantFr\" \/>\n<meta name=\"twitter:label1\" content=\"\u00c9crit par\" \/>\n\t<meta name=\"twitter:data1\" content=\"Cl\u00e9ment\" \/>\n\t<meta name=\"twitter:label2\" content=\"Dur\u00e9e de lecture estim\u00e9e\" \/>\n\t<meta name=\"twitter:data2\" content=\"4 minutes\" \/>\n<script type=\"application\/ld+json\" class=\"yoast-schema-graph\">{\"@context\":\"https:\/\/schema.org\",\"@graph\":[{\"@type\":\"Article\",\"@id\":\"https:\/\/footdavant.fr\/actualites\/simeone-rejette-la-reclamation-doblak-apres-que-latletico-ait-ete-stupefait-par-le-rayo\/#article\",\"isPartOf\":{\"@id\":\"https:\/\/footdavant.fr\/actualites\/simeone-rejette-la-reclamation-doblak-apres-que-latletico-ait-ete-stupefait-par-le-rayo\/\"},\"author\":{\"name\":\"Cl\u00e9ment\",\"@id\":\"https:\/\/footdavant.fr\/actualites\/#\/schema\/person\/bc222566d95871b37e597b3ed3ba5e1d\"},\"headline\":\"Simeone rejette la r\u00e9clamation d&#39;Oblak apr\u00e8s que l&#39;Atletico ait \u00e9t\u00e9 stup\u00e9fait par le Rayo\",\"datePublished\":\"2026-02-16T02:48:05+00:00\",\"dateModified\":\"2026-02-16T02:48:07+00:00\",\"mainEntityOfPage\":{\"@id\":\"https:\/\/footdavant.fr\/actualites\/simeone-rejette-la-reclamation-doblak-apres-que-latletico-ait-ete-stupefait-par-le-rayo\/\"},\"wordCount\":788,\"publisher\":{\"@id\":\"https:\/\/footdavant.fr\/actualites\/#organization\"},\"keywords\":[\"ait\",\"apr\u00e8s\",\"d39Oblak\",\"\u00e9t\u00e9\",\"l39Atletico\",\"par\",\"Rayo\",\"r\u00e9clamation\",\"rejette\",\"Simeone\",\"stup\u00e9fait\"],\"articleSection\":[\"Football\"],\"inLanguage\":\"fr-FR\"},{\"@type\":\"WebPage\",\"@id\":\"https:\/\/footdavant.fr\/actualites\/simeone-rejette-la-reclamation-doblak-apres-que-latletico-ait-ete-stupefait-par-le-rayo\/\",\"url\":\"https:\/\/footdavant.fr\/actualites\/simeone-rejette-la-reclamation-doblak-apres-que-latletico-ait-ete-stupefait-par-le-rayo\/\",\"name\":\"Simeone rejette la r\u00e9clamation d&#39;Oblak apr\u00e8s que l&#39;Atletico ait \u00e9t\u00e9 stup\u00e9fait par le Rayo\",\"isPartOf\":{\"@id\":\"https:\/\/footdavant.fr\/actualites\/#website\"},\"datePublished\":\"2026-02-16T02:48:05+00:00\",\"dateModified\":\"2026-02-16T02:48:07+00:00\",\"breadcrumb\":{\"@id\":\"https:\/\/footdavant.fr\/actualites\/simeone-rejette-la-reclamation-doblak-apres-que-latletico-ait-ete-stupefait-par-le-rayo\/#breadcrumb\"},\"inLanguage\":\"fr-FR\",\"potentialAction\":[{\"@type\":\"ReadAction\",\"target\":[\"https:\/\/footdavant.fr\/actualites\/simeone-rejette-la-reclamation-doblak-apres-que-latletico-ait-ete-stupefait-par-le-rayo\/\"]}]},{\"@type\":\"BreadcrumbList\",\"@id\":\"https:\/\/footdavant.fr\/actualites\/simeone-rejette-la-reclamation-doblak-apres-que-latletico-ait-ete-stupefait-par-le-rayo\/#breadcrumb\",\"itemListElement\":[{\"@type\":\"ListItem\",\"position\":1,\"name\":\"Accueil\",\"item\":\"https:\/\/footdavant.fr\/actualites\/\"},{\"@type\":\"ListItem\",\"position\":2,\"name\":\"Simeone rejette la r\u00e9clamation d&#39;Oblak apr\u00e8s que l&#39;Atletico ait \u00e9t\u00e9 stup\u00e9fait par le Rayo\"}]},{\"@type\":\"WebSite\",\"@id\":\"https:\/\/footdavant.fr\/actualites\/#website\",\"url\":\"https:\/\/footdavant.fr\/actualites\/\",\"name\":\"Foot d'avant\",\"description\":\"\",\"publisher\":{\"@id\":\"https:\/\/footdavant.fr\/actualites\/#organization\"},\"potentialAction\":[{\"@type\":\"SearchAction\",\"target\":{\"@type\":\"EntryPoint\",\"urlTemplate\":\"https:\/\/footdavant.fr\/actualites\/?s={search_term_string}\"},\"query-input\":\"required name=search_term_string\"}],\"inLanguage\":\"fr-FR\"},{\"@type\":\"Organization\",\"@id\":\"https:\/\/footdavant.fr\/actualites\/#organization\",\"name\":\"Foot d'avant\",\"url\":\"https:\/\/footdavant.fr\/actualites\/\",\"logo\":{\"@type\":\"ImageObject\",\"inLanguage\":\"fr-FR\",\"@id\":\"https:\/\/footdavant.fr\/actualites\/#\/schema\/logo\/image\/\",\"url\":\"https:\/\/footdavant.fr\/actualites\/wp-content\/uploads\/2023\/09\/Copy-of-FootDavant-Logo.png\",\"contentUrl\":\"https:\/\/footdavant.fr\/actualites\/wp-content\/uploads\/2023\/09\/Copy-of-FootDavant-Logo.png\",\"width\":936,\"height\":549,\"caption\":\"Foot d'avant\"},\"image\":{\"@id\":\"https:\/\/footdavant.fr\/actualites\/#\/schema\/logo\/image\/\"},\"sameAs\":[\"https:\/\/www.facebook.com\/Footdavant\/\",\"https:\/\/twitter.com\/FootdavantFr\",\"https:\/\/www.instagram.com\/footdavant.fr\/\"]},{\"@type\":\"Person\",\"@id\":\"https:\/\/footdavant.fr\/actualites\/#\/schema\/person\/bc222566d95871b37e597b3ed3ba5e1d\",\"name\":\"Cl\u00e9ment\",\"image\":{\"@type\":\"ImageObject\",\"inLanguage\":\"fr-FR\",\"@id\":\"https:\/\/footdavant.fr\/actualites\/#\/schema\/person\/image\/\",\"url\":\"https:\/\/secure.gravatar.com\/avatar\/7728b29aac2719421e1a9159b2254c44?s=96&d=mm&r=g\",\"contentUrl\":\"https:\/\/secure.gravatar.com\/avatar\/7728b29aac2719421e1a9159b2254c44?s=96&d=mm&r=g\",\"caption\":\"Cl\u00e9ment\"},\"sameAs\":[\"https:\/\/footdavant.fr\/\"]}]}<\/script>\n<!-- \/ Yoast SEO plugin. -->","yoast_head_json":{"title":"Simeone rejette la r\u00e9clamation d&#39;Oblak apr\u00e8s que l&#39;Atletico ait \u00e9t\u00e9 stup\u00e9fait par le Rayo","robots":{"index":"index","follow":"follow","max-snippet":"max-snippet:-1","max-image-preview":"max-image-preview:large","max-video-preview":"max-video-preview:-1"},"canonical":"https:\/\/footdavant.fr\/actualites\/simeone-rejette-la-reclamation-doblak-apres-que-latletico-ait-ete-stupefait-par-le-rayo\/","og_locale":"fr_FR","og_type":"article","og_title":"Simeone rejette la r\u00e9clamation d&#39;Oblak apr\u00e8s que l&#39;Atletico ait \u00e9t\u00e9 stup\u00e9fait par le Rayo","og_description":"Ce fut un apr\u00e8s-midi chaste pour l\u2019Atletico. L&#39;Atletico Madrid est retomb\u00e9 sur terre avec une \u00e9norme bosse alors qu&#39;il \u00e9tait stup\u00e9fait 3-0 par le Rayo","og_url":"https:\/\/footdavant.fr\/actualites\/simeone-rejette-la-reclamation-doblak-apres-que-latletico-ait-ete-stupefait-par-le-rayo\/","og_site_name":"Foot d&#039;avant","article_publisher":"https:\/\/www.facebook.com\/Footdavant\/","article_published_time":"2026-02-16T02:48:05+00:00","article_modified_time":"2026-02-16T02:48:07+00:00","og_image":[{"width":1200,"height":803,"url":"https:\/\/footdavant.fr\/actualites\/wp-content\/uploads\/2026\/02\/1771210086_Simeone-rejette-la-reclamation-d39Oblak-apres-que-l39Atletico-ait-ete.jpg","type":"image\/jpeg"}],"author":"Cl\u00e9ment","twitter_card":"summary_large_image","twitter_creator":"@FootdavantFr","twitter_site":"@FootdavantFr","twitter_misc":{"\u00c9crit par":"Cl\u00e9ment","Dur\u00e9e de lecture estim\u00e9e":"4 minutes"},"schema":{"@context":"https:\/\/schema.org","@graph":[{"@type":"Article","@id":"https:\/\/footdavant.fr\/actualites\/simeone-rejette-la-reclamation-doblak-apres-que-latletico-ait-ete-stupefait-par-le-rayo\/#article","isPartOf":{"@id":"https:\/\/footdavant.fr\/actualites\/simeone-rejette-la-reclamation-doblak-apres-que-latletico-ait-ete-stupefait-par-le-rayo\/"},"author":{"name":"Cl\u00e9ment","@id":"https:\/\/footdavant.fr\/actualites\/#\/schema\/person\/bc222566d95871b37e597b3ed3ba5e1d"},"headline":"Simeone rejette la r\u00e9clamation d&#39;Oblak apr\u00e8s que l&#39;Atletico ait \u00e9t\u00e9 stup\u00e9fait par le Rayo","datePublished":"2026-02-16T02:48:05+00:00","dateModified":"2026-02-16T02:48:07+00:00","mainEntityOfPage":{"@id":"https:\/\/footdavant.fr\/actualites\/simeone-rejette-la-reclamation-doblak-apres-que-latletico-ait-ete-stupefait-par-le-rayo\/"},"wordCount":788,"publisher":{"@id":"https:\/\/footdavant.fr\/actualites\/#organization"},"keywords":["ait","apr\u00e8s","d39Oblak","\u00e9t\u00e9","l39Atletico","par","Rayo","r\u00e9clamation","rejette","Simeone","stup\u00e9fait"],"articleSection":["Football"],"inLanguage":"fr-FR"},{"@type":"WebPage","@id":"https:\/\/footdavant.fr\/actualites\/simeone-rejette-la-reclamation-doblak-apres-que-latletico-ait-ete-stupefait-par-le-rayo\/","url":"https:\/\/footdavant.fr\/actualites\/simeone-rejette-la-reclamation-doblak-apres-que-latletico-ait-ete-stupefait-par-le-rayo\/","name":"Simeone rejette la r\u00e9clamation d&#39;Oblak apr\u00e8s que l&#39;Atletico ait \u00e9t\u00e9 stup\u00e9fait par le Rayo","isPartOf":{"@id":"https:\/\/footdavant.fr\/actualites\/#website"},"datePublished":"2026-02-16T02:48:05+00:00","dateModified":"2026-02-16T02:48:07+00:00","breadcrumb":{"@id":"https:\/\/footdavant.fr\/actualites\/simeone-rejette-la-reclamation-doblak-apres-que-latletico-ait-ete-stupefait-par-le-rayo\/#breadcrumb"},"inLanguage":"fr-FR","potentialAction":[{"@type":"ReadAction","target":["https:\/\/footdavant.fr\/actualites\/simeone-rejette-la-reclamation-doblak-apres-que-latletico-ait-ete-stupefait-par-le-rayo\/"]}]},{"@type":"BreadcrumbList","@id":"https:\/\/footdavant.fr\/actualites\/simeone-rejette-la-reclamation-doblak-apres-que-latletico-ait-ete-stupefait-par-le-rayo\/#breadcrumb","itemListElement":[{"@type":"ListItem","position":1,"name":"Accueil","item":"https:\/\/footdavant.fr\/actualites\/"},{"@type":"ListItem","position":2,"name":"Simeone rejette la r\u00e9clamation d&#39;Oblak apr\u00e8s que l&#39;Atletico ait \u00e9t\u00e9 stup\u00e9fait par le Rayo"}]},{"@type":"WebSite","@id":"https:\/\/footdavant.fr\/actualites\/#website","url":"https:\/\/footdavant.fr\/actualites\/","name":"Foot d'avant","description":"","publisher":{"@id":"https:\/\/footdavant.fr\/actualites\/#organization"},"potentialAction":[{"@type":"SearchAction","target":{"@type":"EntryPoint","urlTemplate":"https:\/\/footdavant.fr\/actualites\/?s={search_term_string}"},"query-input":"required name=search_term_string"}],"inLanguage":"fr-FR"},{"@type":"Organization","@id":"https:\/\/footdavant.fr\/actualites\/#organization","name":"Foot d'avant","url":"https:\/\/footdavant.fr\/actualites\/","logo":{"@type":"ImageObject","inLanguage":"fr-FR","@id":"https:\/\/footdavant.fr\/actualites\/#\/schema\/logo\/image\/","url":"https:\/\/footdavant.fr\/actualites\/wp-content\/uploads\/2023\/09\/Copy-of-FootDavant-Logo.png","contentUrl":"https:\/\/footdavant.fr\/actualites\/wp-content\/uploads\/2023\/09\/Copy-of-FootDavant-Logo.png","width":936,"height":549,"caption":"Foot d'avant"},"image":{"@id":"https:\/\/footdavant.fr\/actualites\/#\/schema\/logo\/image\/"},"sameAs":["https:\/\/www.facebook.com\/Footdavant\/","https:\/\/twitter.com\/FootdavantFr","https:\/\/www.instagram.com\/footdavant.fr\/"]},{"@type":"Person","@id":"https:\/\/footdavant.fr\/actualites\/#\/schema\/person\/bc222566d95871b37e597b3ed3ba5e1d","name":"Cl\u00e9ment","image":{"@type":"ImageObject","inLanguage":"fr-FR","@id":"https:\/\/footdavant.fr\/actualites\/#\/schema\/person\/image\/","url":"https:\/\/secure.gravatar.com\/avatar\/7728b29aac2719421e1a9159b2254c44?s=96&d=mm&r=g","contentUrl":"https:\/\/secure.gravatar.com\/avatar\/7728b29aac2719421e1a9159b2254c44?s=96&d=mm&r=g","caption":"Cl\u00e9ment"},"sameAs":["https:\/\/footdavant.fr\/"]}]}},"_links":{"self":[{"href":"https:\/\/footdavant.fr\/actualites\/wp-json\/wp\/v2\/posts\/34532"}],"collection":[{"href":"https:\/\/footdavant.fr\/actualites\/wp-json\/wp\/v2\/posts"}],"about":[{"href":"https:\/\/footdavant.fr\/actualites\/wp-json\/wp\/v2\/types\/post"}],"author":[{"embeddable":true,"href":"https:\/\/footdavant.fr\/actualites\/wp-json\/wp\/v2\/users\/1"}],"replies":[{"embeddable":true,"href":"https:\/\/footdavant.fr\/actualites\/wp-json\/wp\/v2\/comments?post=34532"}],"version-history":[{"count":1,"href":"https:\/\/footdavant.fr\/actualites\/wp-json\/wp\/v2\/posts\/34532\/revisions"}],"predecessor-version":[{"id":34534,"href":"https:\/\/footdavant.fr\/actualites\/wp-json\/wp\/v2\/posts\/34532\/revisions\/34534"}],"wp:featuredmedia":[{"embeddable":true,"href":"https:\/\/footdavant.fr\/actualites\/wp-json\/wp\/v2\/media\/34533"}],"wp:attachment":[{"href":"https:\/\/footdavant.fr\/actualites\/wp-json\/wp\/v2\/media?parent=34532"}],"wp:term":[{"taxonomy":"category","embeddable":true,"href":"https:\/\/footdavant.fr\/actualites\/wp-json\/wp\/v2\/categories?post=34532"},{"taxonomy":"post_tag","embeddable":true,"href":"https:\/\/footdavant.fr\/actualites\/wp-json\/wp\/v2\/tags?post=34532"}],"curies":[{"name":"wp","href":"https:\/\/api.w.org\/{rel}","templated":true}]}}