{"id":34538,"date":"2026-02-16T07:48:09","date_gmt":"2026-02-16T06:48:09","guid":{"rendered":"https:\/\/footdavant.fr\/actualites\/marc-skinner-le-manager-de-united-women-identifie-le-trait-quil-aime-chez-lui\/"},"modified":"2026-02-16T07:48:11","modified_gmt":"2026-02-16T06:48:11","slug":"marc-skinner-le-manager-de-united-women-identifie-le-trait-quil-aime-chez-lui","status":"publish","type":"post","link":"https:\/\/footdavant.fr\/actualites\/marc-skinner-le-manager-de-united-women-identifie-le-trait-quil-aime-chez-lui\/","title":{"rendered":"Marc Skinner: le manager de United Women identifie le trait qu&#39;il aime chez lui &#8211;"},"content":{"rendered":"<div id=\"penci-post-entry-inner\">\n<p>\t\t\t<i class=\"penci-post-countview-number-check\" style=\"display:none\">1<\/i><\/p>\n<p>Manchester United a r\u00e9alis\u00e9 un d\u00e9but d\u2019ann\u00e9e impressionnant.<\/p>\n<p>Ils ont remport\u00e9 sept matches d&#39;affil\u00e9e dans quatre comp\u00e9titions diff\u00e9rentes. La derni\u00e8re en date \u00e9tait une victoire \u00e9nerv\u00e9e 2-1 contre les Lionesses de London City.<\/p>\n<h3>Bourdonnement<\/h3>\n<p>Le manager Marc Skinner s&#39;est entretenu avec la BBC apr\u00e8s le match et a fait part de sa joie de voir son \u00e9quipe gagner moche.<\/p>\n<p>Commentant le r\u00e9sultat, il a d\u00e9clar\u00e9 : \u00ab\u00a0pour utiliser un terme de Manchester, je suis absolument excit\u00e9. Je suis tellement heureux pour l&#39;\u00e9quipe et tout le monde dans les coulisses, mais en particulier les joueurs.\u00a0\u00bb<\/p>\n<p>L&#39;entra\u00eeneur-chef a \u00e9galement \u00e9voqu\u00e9 la difficult\u00e9 de maintenir cette s\u00e9rie de victoires avec autant de matches en si peu de temps.<\/p>\n<p>Il a expliqu\u00e9 : \u00ab\u00a0Ce n&#39;est pas facile de sortir du terrain sur lequel nous avons jou\u00e9 en milieu de semaine. [against Atletico Madrid]revenez \u00e0 4 heures du matin et produisez une performance gagnante aujourd\u2019hui.<\/p>\n<p>Skinner a expliqu\u00e9 : \u00ab\u00a0London City nous a rendu la t\u00e2che tr\u00e8s difficile, mais je crois simplement que cette \u00e9quipe trouvera toujours un moyen.\u00a0\u00bb<\/p>\n<h3>D\u00e9fis<\/h3>\n<p>United a particuli\u00e8rement mal jou\u00e9 en raison de ses normes \u00e9lev\u00e9es et n&#39;a r\u00e9ussi que deux tirs cadr\u00e9s pendant tout le match.<\/p>\n<p>Ils ont \u00e9galement fait face \u00e0 un autre probl\u00e8me de blessure avec Jayde Rivi\u00e8re, apr\u00e8s avoir d\u00e9j\u00e0 perdu Anna Sandberg \u00e0 Madrid.<\/p>\n<p>Commentant les probl\u00e8mes rencontr\u00e9s par son \u00e9quipe, il a ajout\u00e9 : \u00ab le nombre de d\u00e9fis que nous avons eu dans le jeu\u2026 j&#39;ai mis [midfielder] Lisa Naalsund dans environ sept postes diff\u00e9rents.<\/p>\n<p>Il a \u00e9galement fait valoir que son \u00e9quipe manquait de son \u00e9nergie et de sa coh\u00e9sion habituelles. Ce n\u2019est pas la premi\u00e8re fois cette ann\u00e9e qu\u2019il a lou\u00e9 la profondeur de son \u00e9quipe, affirmant que les joueurs qu\u2019il avait recrut\u00e9s \u00ab \u00e9taient incroyables \u00bb.<\/p>\n<p>Skinner a conclu : \u00ab\u00a0Nous avions juste besoin de nous qualifier aujourd&#39;hui \u2013 nous l&#39;avons vraiment fait. Les \u00e9quipes les plus titr\u00e9es du pays le font depuis de nombreuses ann\u00e9es. Chelsea l&#39;a certainement fait. Nous pouvons m\u00e9langer nos styles et ce que vous avez vu aujourd&#39;hui \u00e9tait juste un esprit sp\u00e9cial dans le groupe. Ils n&#39;abandonnent jamais.\u00a0\u00bb<\/p>\n<hr\/>\n<p>The Peoples Person est l&#39;un des principaux sites d&#39;information de Man United au monde depuis plus d&#39;une d\u00e9cennie. Suivez-nous sur Bluesky\u00a0: @peoplesperson.bsky.social<\/p>\n<p><!-- CONTENT END 2 --><\/p><\/div>\n","protected":false},"excerpt":{"rendered":"<p>1 Manchester United a r\u00e9alis\u00e9 un d\u00e9but d\u2019ann\u00e9e impressionnant. Ils ont remport\u00e9 sept matches d&#39;affil\u00e9e dans quatre comp\u00e9titions diff\u00e9rentes. La derni\u00e8re en date \u00e9tait une<\/p>\n","protected":false},"author":1,"featured_media":34539,"comment_status":"closed","ping_status":"","sticky":false,"template":"","format":"standard","meta":{"footnotes":""},"categories":[3],"tags":[3214,3712,1349,771,504,1678,4290,2195,6694,13,4059],"yoast_head":"<!-- This site is optimized with the Yoast SEO plugin v21.0 - https:\/\/yoast.com\/wordpress\/plugins\/seo\/ -->\n<title>Marc Skinner: le manager de United Women identifie le trait qu&#039;il aime chez lui -<\/title>\n<meta name=\"robots\" content=\"index, follow, max-snippet:-1, max-image-preview:large, max-video-preview:-1\" \/>\n<link rel=\"canonical\" href=\"https:\/\/footdavant.fr\/actualites\/marc-skinner-le-manager-de-united-women-identifie-le-trait-quil-aime-chez-lui\/\" \/>\n<meta property=\"og:locale\" content=\"fr_FR\" \/>\n<meta property=\"og:type\" content=\"article\" \/>\n<meta property=\"og:title\" content=\"Marc Skinner: le manager de United Women identifie le trait qu&#039;il aime chez lui -\" \/>\n<meta property=\"og:description\" content=\"1 Manchester United a r\u00e9alis\u00e9 un d\u00e9but d\u2019ann\u00e9e impressionnant. Ils ont remport\u00e9 sept matches d&#039;affil\u00e9e dans quatre comp\u00e9titions diff\u00e9rentes. La derni\u00e8re en date \u00e9tait une\" \/>\n<meta property=\"og:url\" content=\"https:\/\/footdavant.fr\/actualites\/marc-skinner-le-manager-de-united-women-identifie-le-trait-quil-aime-chez-lui\/\" \/>\n<meta property=\"og:site_name\" content=\"Foot d&#039;avant\" \/>\n<meta property=\"article:publisher\" content=\"https:\/\/www.facebook.com\/Footdavant\/\" \/>\n<meta property=\"article:published_time\" content=\"2026-02-16T06:48:09+00:00\" \/>\n<meta property=\"article:modified_time\" content=\"2026-02-16T06:48:11+00:00\" \/>\n<meta property=\"og:image\" content=\"https:\/\/footdavant.fr\/actualites\/wp-content\/uploads\/2026\/02\/Marc-Skinner-le-manager-de-United-Women-identifie-le-trait.jpg\" \/>\n\t<meta property=\"og:image:width\" content=\"1600\" \/>\n\t<meta property=\"og:image:height\" content=\"703\" \/>\n\t<meta property=\"og:image:type\" content=\"image\/jpeg\" \/>\n<meta name=\"author\" content=\"Cl\u00e9ment\" \/>\n<meta name=\"twitter:card\" content=\"summary_large_image\" \/>\n<meta name=\"twitter:creator\" content=\"@FootdavantFr\" \/>\n<meta name=\"twitter:site\" content=\"@FootdavantFr\" \/>\n<meta name=\"twitter:label1\" content=\"\u00c9crit par\" \/>\n\t<meta name=\"twitter:data1\" content=\"Cl\u00e9ment\" \/>\n\t<meta name=\"twitter:label2\" content=\"Dur\u00e9e de lecture estim\u00e9e\" \/>\n\t<meta name=\"twitter:data2\" content=\"2 minutes\" \/>\n<script type=\"application\/ld+json\" class=\"yoast-schema-graph\">{\"@context\":\"https:\/\/schema.org\",\"@graph\":[{\"@type\":\"Article\",\"@id\":\"https:\/\/footdavant.fr\/actualites\/marc-skinner-le-manager-de-united-women-identifie-le-trait-quil-aime-chez-lui\/#article\",\"isPartOf\":{\"@id\":\"https:\/\/footdavant.fr\/actualites\/marc-skinner-le-manager-de-united-women-identifie-le-trait-quil-aime-chez-lui\/\"},\"author\":{\"name\":\"Cl\u00e9ment\",\"@id\":\"https:\/\/footdavant.fr\/actualites\/#\/schema\/person\/bc222566d95871b37e597b3ed3ba5e1d\"},\"headline\":\"Marc Skinner: le manager de United Women identifie le trait qu&#39;il aime chez lui &#8211;\",\"datePublished\":\"2026-02-16T06:48:09+00:00\",\"dateModified\":\"2026-02-16T06:48:11+00:00\",\"mainEntityOfPage\":{\"@id\":\"https:\/\/footdavant.fr\/actualites\/marc-skinner-le-manager-de-united-women-identifie-le-trait-quil-aime-chez-lui\/\"},\"wordCount\":438,\"publisher\":{\"@id\":\"https:\/\/footdavant.fr\/actualites\/#organization\"},\"keywords\":[\"aime\",\"chez\",\"identifie\",\"lui\",\"manager\",\"Marc\",\"qu39il\",\"Skinner\",\"trait\",\"United\",\"Women\"],\"articleSection\":[\"Football\"],\"inLanguage\":\"fr-FR\"},{\"@type\":\"WebPage\",\"@id\":\"https:\/\/footdavant.fr\/actualites\/marc-skinner-le-manager-de-united-women-identifie-le-trait-quil-aime-chez-lui\/\",\"url\":\"https:\/\/footdavant.fr\/actualites\/marc-skinner-le-manager-de-united-women-identifie-le-trait-quil-aime-chez-lui\/\",\"name\":\"Marc Skinner: le manager de United Women identifie le trait qu&#39;il aime chez lui -\",\"isPartOf\":{\"@id\":\"https:\/\/footdavant.fr\/actualites\/#website\"},\"datePublished\":\"2026-02-16T06:48:09+00:00\",\"dateModified\":\"2026-02-16T06:48:11+00:00\",\"breadcrumb\":{\"@id\":\"https:\/\/footdavant.fr\/actualites\/marc-skinner-le-manager-de-united-women-identifie-le-trait-quil-aime-chez-lui\/#breadcrumb\"},\"inLanguage\":\"fr-FR\",\"potentialAction\":[{\"@type\":\"ReadAction\",\"target\":[\"https:\/\/footdavant.fr\/actualites\/marc-skinner-le-manager-de-united-women-identifie-le-trait-quil-aime-chez-lui\/\"]}]},{\"@type\":\"BreadcrumbList\",\"@id\":\"https:\/\/footdavant.fr\/actualites\/marc-skinner-le-manager-de-united-women-identifie-le-trait-quil-aime-chez-lui\/#breadcrumb\",\"itemListElement\":[{\"@type\":\"ListItem\",\"position\":1,\"name\":\"Accueil\",\"item\":\"https:\/\/footdavant.fr\/actualites\/\"},{\"@type\":\"ListItem\",\"position\":2,\"name\":\"Marc Skinner: le manager de United Women identifie le trait qu&#39;il aime chez lui &#8211;\"}]},{\"@type\":\"WebSite\",\"@id\":\"https:\/\/footdavant.fr\/actualites\/#website\",\"url\":\"https:\/\/footdavant.fr\/actualites\/\",\"name\":\"Foot d'avant\",\"description\":\"\",\"publisher\":{\"@id\":\"https:\/\/footdavant.fr\/actualites\/#organization\"},\"potentialAction\":[{\"@type\":\"SearchAction\",\"target\":{\"@type\":\"EntryPoint\",\"urlTemplate\":\"https:\/\/footdavant.fr\/actualites\/?s={search_term_string}\"},\"query-input\":\"required name=search_term_string\"}],\"inLanguage\":\"fr-FR\"},{\"@type\":\"Organization\",\"@id\":\"https:\/\/footdavant.fr\/actualites\/#organization\",\"name\":\"Foot d'avant\",\"url\":\"https:\/\/footdavant.fr\/actualites\/\",\"logo\":{\"@type\":\"ImageObject\",\"inLanguage\":\"fr-FR\",\"@id\":\"https:\/\/footdavant.fr\/actualites\/#\/schema\/logo\/image\/\",\"url\":\"https:\/\/footdavant.fr\/actualites\/wp-content\/uploads\/2023\/09\/Copy-of-FootDavant-Logo.png\",\"contentUrl\":\"https:\/\/footdavant.fr\/actualites\/wp-content\/uploads\/2023\/09\/Copy-of-FootDavant-Logo.png\",\"width\":936,\"height\":549,\"caption\":\"Foot d'avant\"},\"image\":{\"@id\":\"https:\/\/footdavant.fr\/actualites\/#\/schema\/logo\/image\/\"},\"sameAs\":[\"https:\/\/www.facebook.com\/Footdavant\/\",\"https:\/\/twitter.com\/FootdavantFr\",\"https:\/\/www.instagram.com\/footdavant.fr\/\"]},{\"@type\":\"Person\",\"@id\":\"https:\/\/footdavant.fr\/actualites\/#\/schema\/person\/bc222566d95871b37e597b3ed3ba5e1d\",\"name\":\"Cl\u00e9ment\",\"image\":{\"@type\":\"ImageObject\",\"inLanguage\":\"fr-FR\",\"@id\":\"https:\/\/footdavant.fr\/actualites\/#\/schema\/person\/image\/\",\"url\":\"https:\/\/secure.gravatar.com\/avatar\/7728b29aac2719421e1a9159b2254c44?s=96&d=mm&r=g\",\"contentUrl\":\"https:\/\/secure.gravatar.com\/avatar\/7728b29aac2719421e1a9159b2254c44?s=96&d=mm&r=g\",\"caption\":\"Cl\u00e9ment\"},\"sameAs\":[\"https:\/\/footdavant.fr\/\"]}]}<\/script>\n<!-- \/ Yoast SEO plugin. -->","yoast_head_json":{"title":"Marc Skinner: le manager de United Women identifie le trait qu&#39;il aime chez lui -","robots":{"index":"index","follow":"follow","max-snippet":"max-snippet:-1","max-image-preview":"max-image-preview:large","max-video-preview":"max-video-preview:-1"},"canonical":"https:\/\/footdavant.fr\/actualites\/marc-skinner-le-manager-de-united-women-identifie-le-trait-quil-aime-chez-lui\/","og_locale":"fr_FR","og_type":"article","og_title":"Marc Skinner: le manager de United Women identifie le trait qu&#39;il aime chez lui -","og_description":"1 Manchester United a r\u00e9alis\u00e9 un d\u00e9but d\u2019ann\u00e9e impressionnant. Ils ont remport\u00e9 sept matches d&#39;affil\u00e9e dans quatre comp\u00e9titions diff\u00e9rentes. La derni\u00e8re en date \u00e9tait une","og_url":"https:\/\/footdavant.fr\/actualites\/marc-skinner-le-manager-de-united-women-identifie-le-trait-quil-aime-chez-lui\/","og_site_name":"Foot d&#039;avant","article_publisher":"https:\/\/www.facebook.com\/Footdavant\/","article_published_time":"2026-02-16T06:48:09+00:00","article_modified_time":"2026-02-16T06:48:11+00:00","og_image":[{"width":1600,"height":703,"url":"https:\/\/footdavant.fr\/actualites\/wp-content\/uploads\/2026\/02\/Marc-Skinner-le-manager-de-United-Women-identifie-le-trait.jpg","type":"image\/jpeg"}],"author":"Cl\u00e9ment","twitter_card":"summary_large_image","twitter_creator":"@FootdavantFr","twitter_site":"@FootdavantFr","twitter_misc":{"\u00c9crit par":"Cl\u00e9ment","Dur\u00e9e de lecture estim\u00e9e":"2 minutes"},"schema":{"@context":"https:\/\/schema.org","@graph":[{"@type":"Article","@id":"https:\/\/footdavant.fr\/actualites\/marc-skinner-le-manager-de-united-women-identifie-le-trait-quil-aime-chez-lui\/#article","isPartOf":{"@id":"https:\/\/footdavant.fr\/actualites\/marc-skinner-le-manager-de-united-women-identifie-le-trait-quil-aime-chez-lui\/"},"author":{"name":"Cl\u00e9ment","@id":"https:\/\/footdavant.fr\/actualites\/#\/schema\/person\/bc222566d95871b37e597b3ed3ba5e1d"},"headline":"Marc Skinner: le manager de United Women identifie le trait qu&#39;il aime chez lui &#8211;","datePublished":"2026-02-16T06:48:09+00:00","dateModified":"2026-02-16T06:48:11+00:00","mainEntityOfPage":{"@id":"https:\/\/footdavant.fr\/actualites\/marc-skinner-le-manager-de-united-women-identifie-le-trait-quil-aime-chez-lui\/"},"wordCount":438,"publisher":{"@id":"https:\/\/footdavant.fr\/actualites\/#organization"},"keywords":["aime","chez","identifie","lui","manager","Marc","qu39il","Skinner","trait","United","Women"],"articleSection":["Football"],"inLanguage":"fr-FR"},{"@type":"WebPage","@id":"https:\/\/footdavant.fr\/actualites\/marc-skinner-le-manager-de-united-women-identifie-le-trait-quil-aime-chez-lui\/","url":"https:\/\/footdavant.fr\/actualites\/marc-skinner-le-manager-de-united-women-identifie-le-trait-quil-aime-chez-lui\/","name":"Marc Skinner: le manager de United Women identifie le trait qu&#39;il aime chez lui -","isPartOf":{"@id":"https:\/\/footdavant.fr\/actualites\/#website"},"datePublished":"2026-02-16T06:48:09+00:00","dateModified":"2026-02-16T06:48:11+00:00","breadcrumb":{"@id":"https:\/\/footdavant.fr\/actualites\/marc-skinner-le-manager-de-united-women-identifie-le-trait-quil-aime-chez-lui\/#breadcrumb"},"inLanguage":"fr-FR","potentialAction":[{"@type":"ReadAction","target":["https:\/\/footdavant.fr\/actualites\/marc-skinner-le-manager-de-united-women-identifie-le-trait-quil-aime-chez-lui\/"]}]},{"@type":"BreadcrumbList","@id":"https:\/\/footdavant.fr\/actualites\/marc-skinner-le-manager-de-united-women-identifie-le-trait-quil-aime-chez-lui\/#breadcrumb","itemListElement":[{"@type":"ListItem","position":1,"name":"Accueil","item":"https:\/\/footdavant.fr\/actualites\/"},{"@type":"ListItem","position":2,"name":"Marc Skinner: le manager de United Women identifie le trait qu&#39;il aime chez lui &#8211;"}]},{"@type":"WebSite","@id":"https:\/\/footdavant.fr\/actualites\/#website","url":"https:\/\/footdavant.fr\/actualites\/","name":"Foot d'avant","description":"","publisher":{"@id":"https:\/\/footdavant.fr\/actualites\/#organization"},"potentialAction":[{"@type":"SearchAction","target":{"@type":"EntryPoint","urlTemplate":"https:\/\/footdavant.fr\/actualites\/?s={search_term_string}"},"query-input":"required name=search_term_string"}],"inLanguage":"fr-FR"},{"@type":"Organization","@id":"https:\/\/footdavant.fr\/actualites\/#organization","name":"Foot d'avant","url":"https:\/\/footdavant.fr\/actualites\/","logo":{"@type":"ImageObject","inLanguage":"fr-FR","@id":"https:\/\/footdavant.fr\/actualites\/#\/schema\/logo\/image\/","url":"https:\/\/footdavant.fr\/actualites\/wp-content\/uploads\/2023\/09\/Copy-of-FootDavant-Logo.png","contentUrl":"https:\/\/footdavant.fr\/actualites\/wp-content\/uploads\/2023\/09\/Copy-of-FootDavant-Logo.png","width":936,"height":549,"caption":"Foot d'avant"},"image":{"@id":"https:\/\/footdavant.fr\/actualites\/#\/schema\/logo\/image\/"},"sameAs":["https:\/\/www.facebook.com\/Footdavant\/","https:\/\/twitter.com\/FootdavantFr","https:\/\/www.instagram.com\/footdavant.fr\/"]},{"@type":"Person","@id":"https:\/\/footdavant.fr\/actualites\/#\/schema\/person\/bc222566d95871b37e597b3ed3ba5e1d","name":"Cl\u00e9ment","image":{"@type":"ImageObject","inLanguage":"fr-FR","@id":"https:\/\/footdavant.fr\/actualites\/#\/schema\/person\/image\/","url":"https:\/\/secure.gravatar.com\/avatar\/7728b29aac2719421e1a9159b2254c44?s=96&d=mm&r=g","contentUrl":"https:\/\/secure.gravatar.com\/avatar\/7728b29aac2719421e1a9159b2254c44?s=96&d=mm&r=g","caption":"Cl\u00e9ment"},"sameAs":["https:\/\/footdavant.fr\/"]}]}},"_links":{"self":[{"href":"https:\/\/footdavant.fr\/actualites\/wp-json\/wp\/v2\/posts\/34538"}],"collection":[{"href":"https:\/\/footdavant.fr\/actualites\/wp-json\/wp\/v2\/posts"}],"about":[{"href":"https:\/\/footdavant.fr\/actualites\/wp-json\/wp\/v2\/types\/post"}],"author":[{"embeddable":true,"href":"https:\/\/footdavant.fr\/actualites\/wp-json\/wp\/v2\/users\/1"}],"replies":[{"embeddable":true,"href":"https:\/\/footdavant.fr\/actualites\/wp-json\/wp\/v2\/comments?post=34538"}],"version-history":[{"count":1,"href":"https:\/\/footdavant.fr\/actualites\/wp-json\/wp\/v2\/posts\/34538\/revisions"}],"predecessor-version":[{"id":34540,"href":"https:\/\/footdavant.fr\/actualites\/wp-json\/wp\/v2\/posts\/34538\/revisions\/34540"}],"wp:featuredmedia":[{"embeddable":true,"href":"https:\/\/footdavant.fr\/actualites\/wp-json\/wp\/v2\/media\/34539"}],"wp:attachment":[{"href":"https:\/\/footdavant.fr\/actualites\/wp-json\/wp\/v2\/media?parent=34538"}],"wp:term":[{"taxonomy":"category","embeddable":true,"href":"https:\/\/footdavant.fr\/actualites\/wp-json\/wp\/v2\/categories?post=34538"},{"taxonomy":"post_tag","embeddable":true,"href":"https:\/\/footdavant.fr\/actualites\/wp-json\/wp\/v2\/tags?post=34538"}],"curies":[{"name":"wp","href":"https:\/\/api.w.org\/{rel}","templated":true}]}}