{"id":34550,"date":"2026-02-16T15:48:01","date_gmt":"2026-02-16T14:48:01","guid":{"rendered":"https:\/\/footdavant.fr\/actualites\/shearer-fait-leloge-du-rythme-de-travail-de-mo-salah-apres-les-recentes-remarques-darne-slot\/"},"modified":"2026-02-16T15:48:04","modified_gmt":"2026-02-16T14:48:04","slug":"shearer-fait-leloge-du-rythme-de-travail-de-mo-salah-apres-les-recentes-remarques-darne-slot","status":"publish","type":"post","link":"https:\/\/footdavant.fr\/actualites\/shearer-fait-leloge-du-rythme-de-travail-de-mo-salah-apres-les-recentes-remarques-darne-slot\/","title":{"rendered":"Shearer fait l&#39;\u00e9loge du rythme de travail de Mo Salah apr\u00e8s les r\u00e9centes remarques d&#39;Arne Slot"},"content":{"rendered":"<div id=\"article-body\">\n<!-- Article Start --><\/p>\n<p>Alan Shearer a fait \u00e9cho \u00e0 un commentaire d&#39;Arne Slot concernant Mo Salah apr\u00e8s la victoire 3-0 de Liverpool sur Brighton ce week-end.<\/p>\n<p>Tout comme cette \u00e9quipe dans son ensemble, l&#39;\u00c9gyptien a r\u00e9alis\u00e9 l&#39;une de ses meilleures performances de la saison samedi soir en invitant Dominik Szoboszlai \u00e0 marquer un but \u00e9poustouflant, puis \u00e0 marquer sur penalty alors que les Reds se qualifiaient pour le cinqui\u00e8me tour de la FA Cup.<\/p>\n<p>S&#39;adressant aux journalistes apr\u00e8s le match, l&#39;entra\u00eeneur du LFC a soulign\u00e9 que ce qu&#39;il appr\u00e9ciait le plus dans la performance de l&#39;ailier contre les Seagulls \u00e9tait la fa\u00e7on dont il \u00ab\u00a0aide beaucoup l&#39;\u00e9quipe d\u00e9fensivement\u00a0\u00bb, et le joueur de 47 ans n&#39;est pas le seul \u00e0 louer cet aspect du jeu de Salah.<\/p>\n<h2>Shearer fait \u00e9cho aux commentaires de Slot sur le rythme de travail de Salah<\/h2>\n<p>Shearer a rejoint Gary Lineker et Micah Richards pour passer en revue l&#39;action de la FA Cup du week-end dans le dernier \u00e9pisode de The Rest Is Football, et il a souscrit aux remarques de Slot sur le rythme de travail de l&#39;attaquant hors possession.<\/p>\n<p>L&#39;ancien attaquant de Newcastle a d\u00e9clar\u00e9 :<\/p>\n<\/p>\n<p><figure id=\"attachment_284214\" aria-describedby=\"caption-attachment-284214\" style=\"width: 713px\" class=\"wp-caption alignnone\"><picture><source type=\"image\/webp\" data- data-><\/source><\/picture><\/figure>\n<\/p>\n<h2>Salah r\u00e9pond aux critiques sur son rythme de travail<\/h2>\n<p>L&#39;un des aspects pour lesquels Salah a \u00e9t\u00e9 critiqu\u00e9 cette saison est son rythme de travail en dehors du ballon, Didi Hamann fustigeant le joueur de 33 ans pour ne pas avoir suivi l&#39;un des quatre buts marqu\u00e9s par le PSV Eindhoven \u00e0 Anfield en novembre.<\/p>\n<p>Wayne Rooney a \u00e9galement critiqu\u00e9 l&#39;ailier pour ne pas avoir aid\u00e9 Conor Bradley lors de la d\u00e9faite contre Manchester City au d\u00e9but du mois, mais m\u00eame si ces observations \u00e9taient l\u00e9gitimes, l&#39;\u00c9gyptien a incontestablement contribu\u00e9 davantage lorsqu&#39;il n&#39;\u00e9tait pas en possession du ballon ces derni\u00e8res semaines.<\/p>\n<p>Comme le souligne James Pearce pour The Athletic, le num\u00e9ro 11 de Liverpool r\u00e9cup\u00e8re le ballon plus fr\u00e9quemment depuis son retour de la Coupe d&#39;Afrique des Nations (3,5 fois toutes les 90 minutes, contre 2,7 avant le tournoi), une augmentation significative qui a \u00e9t\u00e9 remarqu\u00e9e \u00e0 juste titre par Shearer et Slot.<\/p>\n<p>Les Reds sont incontestablement une \u00e9quipe beaucoup plus dangereuse avec Salah \u00e0 son meilleur niveau, et m\u00eame si cela n&#39;a pas \u00e9t\u00e9 le cas cette campagne, sa performance contre Brighton samedi nous a rappel\u00e9 ce qu&#39;il est capable de produire lorsqu&#39;il op\u00e8re \u00e0 proximit\u00e9 de son niveau optimal.<\/p>\n<p>On a beaucoup parl\u00e9 de son nombre de buts consid\u00e9rablement r\u00e9duit au cours de la saison, mais un retour de quatre passes d\u00e9cisives lors de ses six derniers matchs montre qu&#39;il a grandement contribu\u00e9 \u00e0 permettre \u00e0 ses co\u00e9quipiers de marquer.<\/p>\n<p>S&#39;il parvient \u00e0 revenir \u00e0 un niveau proche de sa meilleure forme de but tout en continuant \u00e0 travailler dur hors de possession, le joueur de 33 ans pourrait encore inspirer Liverpool vers un top quatre et\/ou un troph\u00e9e pour terminer la campagne.<\/p>\n<p><!-- Article End -->\t\t\t\t<\/div>\n","protected":false},"excerpt":{"rendered":"<p>Alan Shearer a fait \u00e9cho \u00e0 un commentaire d&#39;Arne Slot concernant Mo Salah apr\u00e8s la victoire 3-0 de Liverpool sur Brighton ce week-end. Tout comme<\/p>\n","protected":false},"author":1,"featured_media":34551,"comment_status":"closed","ping_status":"","sticky":false,"template":"","format":"standard","meta":{"footnotes":""},"categories":[3],"tags":[25,4731,152,4998,93,1522,5854,5461,335,3940,4732,3738],"yoast_head":"<!-- This site is optimized with the Yoast SEO plugin v21.0 - https:\/\/yoast.com\/wordpress\/plugins\/seo\/ -->\n<title>Shearer fait l&#039;\u00e9loge du rythme de travail de Mo Salah apr\u00e8s les r\u00e9centes remarques d&#039;Arne Slot<\/title>\n<meta name=\"robots\" content=\"index, follow, max-snippet:-1, max-image-preview:large, max-video-preview:-1\" \/>\n<link rel=\"canonical\" href=\"https:\/\/footdavant.fr\/actualites\/shearer-fait-leloge-du-rythme-de-travail-de-mo-salah-apres-les-recentes-remarques-darne-slot\/\" \/>\n<meta property=\"og:locale\" content=\"fr_FR\" \/>\n<meta property=\"og:type\" content=\"article\" \/>\n<meta property=\"og:title\" content=\"Shearer fait l&#039;\u00e9loge du rythme de travail de Mo Salah apr\u00e8s les r\u00e9centes remarques d&#039;Arne Slot\" \/>\n<meta property=\"og:description\" content=\"Alan Shearer a fait \u00e9cho \u00e0 un commentaire d&#039;Arne Slot concernant Mo Salah apr\u00e8s la victoire 3-0 de Liverpool sur Brighton ce week-end. Tout comme\" \/>\n<meta property=\"og:url\" content=\"https:\/\/footdavant.fr\/actualites\/shearer-fait-leloge-du-rythme-de-travail-de-mo-salah-apres-les-recentes-remarques-darne-slot\/\" \/>\n<meta property=\"og:site_name\" content=\"Foot d&#039;avant\" \/>\n<meta property=\"article:publisher\" content=\"https:\/\/www.facebook.com\/Footdavant\/\" \/>\n<meta property=\"article:published_time\" content=\"2026-02-16T14:48:01+00:00\" \/>\n<meta property=\"article:modified_time\" content=\"2026-02-16T14:48:04+00:00\" \/>\n<meta property=\"og:image\" content=\"https:\/\/footdavant.fr\/actualites\/wp-content\/uploads\/2026\/02\/1771253283_Shearer-fait-l39eloge-du-rythme-de-travail-de-Mo-Salah.jpg\" \/>\n\t<meta property=\"og:image:width\" content=\"1400\" \/>\n\t<meta property=\"og:image:height\" content=\"786\" \/>\n\t<meta property=\"og:image:type\" content=\"image\/jpeg\" \/>\n<meta name=\"author\" content=\"Cl\u00e9ment\" \/>\n<meta name=\"twitter:card\" content=\"summary_large_image\" \/>\n<meta name=\"twitter:creator\" content=\"@FootdavantFr\" \/>\n<meta name=\"twitter:site\" content=\"@FootdavantFr\" \/>\n<meta name=\"twitter:label1\" content=\"\u00c9crit par\" \/>\n\t<meta name=\"twitter:data1\" content=\"Cl\u00e9ment\" \/>\n\t<meta name=\"twitter:label2\" content=\"Dur\u00e9e de lecture estim\u00e9e\" \/>\n\t<meta name=\"twitter:data2\" content=\"3 minutes\" \/>\n<script type=\"application\/ld+json\" class=\"yoast-schema-graph\">{\"@context\":\"https:\/\/schema.org\",\"@graph\":[{\"@type\":\"Article\",\"@id\":\"https:\/\/footdavant.fr\/actualites\/shearer-fait-leloge-du-rythme-de-travail-de-mo-salah-apres-les-recentes-remarques-darne-slot\/#article\",\"isPartOf\":{\"@id\":\"https:\/\/footdavant.fr\/actualites\/shearer-fait-leloge-du-rythme-de-travail-de-mo-salah-apres-les-recentes-remarques-darne-slot\/\"},\"author\":{\"name\":\"Cl\u00e9ment\",\"@id\":\"https:\/\/footdavant.fr\/actualites\/#\/schema\/person\/bc222566d95871b37e597b3ed3ba5e1d\"},\"headline\":\"Shearer fait l&#39;\u00e9loge du rythme de travail de Mo Salah apr\u00e8s les r\u00e9centes remarques d&#39;Arne Slot\",\"datePublished\":\"2026-02-16T14:48:01+00:00\",\"dateModified\":\"2026-02-16T14:48:04+00:00\",\"mainEntityOfPage\":{\"@id\":\"https:\/\/footdavant.fr\/actualites\/shearer-fait-leloge-du-rythme-de-travail-de-mo-salah-apres-les-recentes-remarques-darne-slot\/\"},\"wordCount\":526,\"publisher\":{\"@id\":\"https:\/\/footdavant.fr\/actualites\/#organization\"},\"keywords\":[\"apr\u00e8s\",\"d39Arne\",\"fait\",\"l39\u00e9loge\",\"les\",\"r\u00e9centes\",\"remarques\",\"rythme\",\"Salah\",\"Shearer\",\"Slot\",\"travail\"],\"articleSection\":[\"Football\"],\"inLanguage\":\"fr-FR\"},{\"@type\":\"WebPage\",\"@id\":\"https:\/\/footdavant.fr\/actualites\/shearer-fait-leloge-du-rythme-de-travail-de-mo-salah-apres-les-recentes-remarques-darne-slot\/\",\"url\":\"https:\/\/footdavant.fr\/actualites\/shearer-fait-leloge-du-rythme-de-travail-de-mo-salah-apres-les-recentes-remarques-darne-slot\/\",\"name\":\"Shearer fait l&#39;\u00e9loge du rythme de travail de Mo Salah apr\u00e8s les r\u00e9centes remarques d&#39;Arne Slot\",\"isPartOf\":{\"@id\":\"https:\/\/footdavant.fr\/actualites\/#website\"},\"datePublished\":\"2026-02-16T14:48:01+00:00\",\"dateModified\":\"2026-02-16T14:48:04+00:00\",\"breadcrumb\":{\"@id\":\"https:\/\/footdavant.fr\/actualites\/shearer-fait-leloge-du-rythme-de-travail-de-mo-salah-apres-les-recentes-remarques-darne-slot\/#breadcrumb\"},\"inLanguage\":\"fr-FR\",\"potentialAction\":[{\"@type\":\"ReadAction\",\"target\":[\"https:\/\/footdavant.fr\/actualites\/shearer-fait-leloge-du-rythme-de-travail-de-mo-salah-apres-les-recentes-remarques-darne-slot\/\"]}]},{\"@type\":\"BreadcrumbList\",\"@id\":\"https:\/\/footdavant.fr\/actualites\/shearer-fait-leloge-du-rythme-de-travail-de-mo-salah-apres-les-recentes-remarques-darne-slot\/#breadcrumb\",\"itemListElement\":[{\"@type\":\"ListItem\",\"position\":1,\"name\":\"Accueil\",\"item\":\"https:\/\/footdavant.fr\/actualites\/\"},{\"@type\":\"ListItem\",\"position\":2,\"name\":\"Shearer fait l&#39;\u00e9loge du rythme de travail de Mo Salah apr\u00e8s les r\u00e9centes remarques d&#39;Arne Slot\"}]},{\"@type\":\"WebSite\",\"@id\":\"https:\/\/footdavant.fr\/actualites\/#website\",\"url\":\"https:\/\/footdavant.fr\/actualites\/\",\"name\":\"Foot d'avant\",\"description\":\"\",\"publisher\":{\"@id\":\"https:\/\/footdavant.fr\/actualites\/#organization\"},\"potentialAction\":[{\"@type\":\"SearchAction\",\"target\":{\"@type\":\"EntryPoint\",\"urlTemplate\":\"https:\/\/footdavant.fr\/actualites\/?s={search_term_string}\"},\"query-input\":\"required name=search_term_string\"}],\"inLanguage\":\"fr-FR\"},{\"@type\":\"Organization\",\"@id\":\"https:\/\/footdavant.fr\/actualites\/#organization\",\"name\":\"Foot d'avant\",\"url\":\"https:\/\/footdavant.fr\/actualites\/\",\"logo\":{\"@type\":\"ImageObject\",\"inLanguage\":\"fr-FR\",\"@id\":\"https:\/\/footdavant.fr\/actualites\/#\/schema\/logo\/image\/\",\"url\":\"https:\/\/footdavant.fr\/actualites\/wp-content\/uploads\/2023\/09\/Copy-of-FootDavant-Logo.png\",\"contentUrl\":\"https:\/\/footdavant.fr\/actualites\/wp-content\/uploads\/2023\/09\/Copy-of-FootDavant-Logo.png\",\"width\":936,\"height\":549,\"caption\":\"Foot d'avant\"},\"image\":{\"@id\":\"https:\/\/footdavant.fr\/actualites\/#\/schema\/logo\/image\/\"},\"sameAs\":[\"https:\/\/www.facebook.com\/Footdavant\/\",\"https:\/\/twitter.com\/FootdavantFr\",\"https:\/\/www.instagram.com\/footdavant.fr\/\"]},{\"@type\":\"Person\",\"@id\":\"https:\/\/footdavant.fr\/actualites\/#\/schema\/person\/bc222566d95871b37e597b3ed3ba5e1d\",\"name\":\"Cl\u00e9ment\",\"image\":{\"@type\":\"ImageObject\",\"inLanguage\":\"fr-FR\",\"@id\":\"https:\/\/footdavant.fr\/actualites\/#\/schema\/person\/image\/\",\"url\":\"https:\/\/secure.gravatar.com\/avatar\/7728b29aac2719421e1a9159b2254c44?s=96&d=mm&r=g\",\"contentUrl\":\"https:\/\/secure.gravatar.com\/avatar\/7728b29aac2719421e1a9159b2254c44?s=96&d=mm&r=g\",\"caption\":\"Cl\u00e9ment\"},\"sameAs\":[\"https:\/\/footdavant.fr\/\"]}]}<\/script>\n<!-- \/ Yoast SEO plugin. -->","yoast_head_json":{"title":"Shearer fait l&#39;\u00e9loge du rythme de travail de Mo Salah apr\u00e8s les r\u00e9centes remarques d&#39;Arne Slot","robots":{"index":"index","follow":"follow","max-snippet":"max-snippet:-1","max-image-preview":"max-image-preview:large","max-video-preview":"max-video-preview:-1"},"canonical":"https:\/\/footdavant.fr\/actualites\/shearer-fait-leloge-du-rythme-de-travail-de-mo-salah-apres-les-recentes-remarques-darne-slot\/","og_locale":"fr_FR","og_type":"article","og_title":"Shearer fait l&#39;\u00e9loge du rythme de travail de Mo Salah apr\u00e8s les r\u00e9centes remarques d&#39;Arne Slot","og_description":"Alan Shearer a fait \u00e9cho \u00e0 un commentaire d&#39;Arne Slot concernant Mo Salah apr\u00e8s la victoire 3-0 de Liverpool sur Brighton ce week-end. Tout comme","og_url":"https:\/\/footdavant.fr\/actualites\/shearer-fait-leloge-du-rythme-de-travail-de-mo-salah-apres-les-recentes-remarques-darne-slot\/","og_site_name":"Foot d&#039;avant","article_publisher":"https:\/\/www.facebook.com\/Footdavant\/","article_published_time":"2026-02-16T14:48:01+00:00","article_modified_time":"2026-02-16T14:48:04+00:00","og_image":[{"width":1400,"height":786,"url":"https:\/\/footdavant.fr\/actualites\/wp-content\/uploads\/2026\/02\/1771253283_Shearer-fait-l39eloge-du-rythme-de-travail-de-Mo-Salah.jpg","type":"image\/jpeg"}],"author":"Cl\u00e9ment","twitter_card":"summary_large_image","twitter_creator":"@FootdavantFr","twitter_site":"@FootdavantFr","twitter_misc":{"\u00c9crit par":"Cl\u00e9ment","Dur\u00e9e de lecture estim\u00e9e":"3 minutes"},"schema":{"@context":"https:\/\/schema.org","@graph":[{"@type":"Article","@id":"https:\/\/footdavant.fr\/actualites\/shearer-fait-leloge-du-rythme-de-travail-de-mo-salah-apres-les-recentes-remarques-darne-slot\/#article","isPartOf":{"@id":"https:\/\/footdavant.fr\/actualites\/shearer-fait-leloge-du-rythme-de-travail-de-mo-salah-apres-les-recentes-remarques-darne-slot\/"},"author":{"name":"Cl\u00e9ment","@id":"https:\/\/footdavant.fr\/actualites\/#\/schema\/person\/bc222566d95871b37e597b3ed3ba5e1d"},"headline":"Shearer fait l&#39;\u00e9loge du rythme de travail de Mo Salah apr\u00e8s les r\u00e9centes remarques d&#39;Arne Slot","datePublished":"2026-02-16T14:48:01+00:00","dateModified":"2026-02-16T14:48:04+00:00","mainEntityOfPage":{"@id":"https:\/\/footdavant.fr\/actualites\/shearer-fait-leloge-du-rythme-de-travail-de-mo-salah-apres-les-recentes-remarques-darne-slot\/"},"wordCount":526,"publisher":{"@id":"https:\/\/footdavant.fr\/actualites\/#organization"},"keywords":["apr\u00e8s","d39Arne","fait","l39\u00e9loge","les","r\u00e9centes","remarques","rythme","Salah","Shearer","Slot","travail"],"articleSection":["Football"],"inLanguage":"fr-FR"},{"@type":"WebPage","@id":"https:\/\/footdavant.fr\/actualites\/shearer-fait-leloge-du-rythme-de-travail-de-mo-salah-apres-les-recentes-remarques-darne-slot\/","url":"https:\/\/footdavant.fr\/actualites\/shearer-fait-leloge-du-rythme-de-travail-de-mo-salah-apres-les-recentes-remarques-darne-slot\/","name":"Shearer fait l&#39;\u00e9loge du rythme de travail de Mo Salah apr\u00e8s les r\u00e9centes remarques d&#39;Arne Slot","isPartOf":{"@id":"https:\/\/footdavant.fr\/actualites\/#website"},"datePublished":"2026-02-16T14:48:01+00:00","dateModified":"2026-02-16T14:48:04+00:00","breadcrumb":{"@id":"https:\/\/footdavant.fr\/actualites\/shearer-fait-leloge-du-rythme-de-travail-de-mo-salah-apres-les-recentes-remarques-darne-slot\/#breadcrumb"},"inLanguage":"fr-FR","potentialAction":[{"@type":"ReadAction","target":["https:\/\/footdavant.fr\/actualites\/shearer-fait-leloge-du-rythme-de-travail-de-mo-salah-apres-les-recentes-remarques-darne-slot\/"]}]},{"@type":"BreadcrumbList","@id":"https:\/\/footdavant.fr\/actualites\/shearer-fait-leloge-du-rythme-de-travail-de-mo-salah-apres-les-recentes-remarques-darne-slot\/#breadcrumb","itemListElement":[{"@type":"ListItem","position":1,"name":"Accueil","item":"https:\/\/footdavant.fr\/actualites\/"},{"@type":"ListItem","position":2,"name":"Shearer fait l&#39;\u00e9loge du rythme de travail de Mo Salah apr\u00e8s les r\u00e9centes remarques d&#39;Arne Slot"}]},{"@type":"WebSite","@id":"https:\/\/footdavant.fr\/actualites\/#website","url":"https:\/\/footdavant.fr\/actualites\/","name":"Foot d'avant","description":"","publisher":{"@id":"https:\/\/footdavant.fr\/actualites\/#organization"},"potentialAction":[{"@type":"SearchAction","target":{"@type":"EntryPoint","urlTemplate":"https:\/\/footdavant.fr\/actualites\/?s={search_term_string}"},"query-input":"required name=search_term_string"}],"inLanguage":"fr-FR"},{"@type":"Organization","@id":"https:\/\/footdavant.fr\/actualites\/#organization","name":"Foot d'avant","url":"https:\/\/footdavant.fr\/actualites\/","logo":{"@type":"ImageObject","inLanguage":"fr-FR","@id":"https:\/\/footdavant.fr\/actualites\/#\/schema\/logo\/image\/","url":"https:\/\/footdavant.fr\/actualites\/wp-content\/uploads\/2023\/09\/Copy-of-FootDavant-Logo.png","contentUrl":"https:\/\/footdavant.fr\/actualites\/wp-content\/uploads\/2023\/09\/Copy-of-FootDavant-Logo.png","width":936,"height":549,"caption":"Foot d'avant"},"image":{"@id":"https:\/\/footdavant.fr\/actualites\/#\/schema\/logo\/image\/"},"sameAs":["https:\/\/www.facebook.com\/Footdavant\/","https:\/\/twitter.com\/FootdavantFr","https:\/\/www.instagram.com\/footdavant.fr\/"]},{"@type":"Person","@id":"https:\/\/footdavant.fr\/actualites\/#\/schema\/person\/bc222566d95871b37e597b3ed3ba5e1d","name":"Cl\u00e9ment","image":{"@type":"ImageObject","inLanguage":"fr-FR","@id":"https:\/\/footdavant.fr\/actualites\/#\/schema\/person\/image\/","url":"https:\/\/secure.gravatar.com\/avatar\/7728b29aac2719421e1a9159b2254c44?s=96&d=mm&r=g","contentUrl":"https:\/\/secure.gravatar.com\/avatar\/7728b29aac2719421e1a9159b2254c44?s=96&d=mm&r=g","caption":"Cl\u00e9ment"},"sameAs":["https:\/\/footdavant.fr\/"]}]}},"_links":{"self":[{"href":"https:\/\/footdavant.fr\/actualites\/wp-json\/wp\/v2\/posts\/34550"}],"collection":[{"href":"https:\/\/footdavant.fr\/actualites\/wp-json\/wp\/v2\/posts"}],"about":[{"href":"https:\/\/footdavant.fr\/actualites\/wp-json\/wp\/v2\/types\/post"}],"author":[{"embeddable":true,"href":"https:\/\/footdavant.fr\/actualites\/wp-json\/wp\/v2\/users\/1"}],"replies":[{"embeddable":true,"href":"https:\/\/footdavant.fr\/actualites\/wp-json\/wp\/v2\/comments?post=34550"}],"version-history":[{"count":1,"href":"https:\/\/footdavant.fr\/actualites\/wp-json\/wp\/v2\/posts\/34550\/revisions"}],"predecessor-version":[{"id":34552,"href":"https:\/\/footdavant.fr\/actualites\/wp-json\/wp\/v2\/posts\/34550\/revisions\/34552"}],"wp:featuredmedia":[{"embeddable":true,"href":"https:\/\/footdavant.fr\/actualites\/wp-json\/wp\/v2\/media\/34551"}],"wp:attachment":[{"href":"https:\/\/footdavant.fr\/actualites\/wp-json\/wp\/v2\/media?parent=34550"}],"wp:term":[{"taxonomy":"category","embeddable":true,"href":"https:\/\/footdavant.fr\/actualites\/wp-json\/wp\/v2\/categories?post=34550"},{"taxonomy":"post_tag","embeddable":true,"href":"https:\/\/footdavant.fr\/actualites\/wp-json\/wp\/v2\/tags?post=34550"}],"curies":[{"name":"wp","href":"https:\/\/api.w.org\/{rel}","templated":true}]}}