{"id":34556,"date":"2026-02-16T19:48:05","date_gmt":"2026-02-16T18:48:05","guid":{"rendered":"https:\/\/footdavant.fr\/actualites\/compositions-statistiques-et-apercus-y-compris-la-television-la-diffusion-en-direct-les-actualites-de-lequipe-et-les-pronostics\/"},"modified":"2026-02-16T19:48:11","modified_gmt":"2026-02-16T18:48:11","slug":"compositions-statistiques-et-apercus-y-compris-la-television-la-diffusion-en-direct-les-actualites-de-lequipe-et-les-pronostics","status":"publish","type":"post","link":"https:\/\/footdavant.fr\/actualites\/compositions-statistiques-et-apercus-y-compris-la-television-la-diffusion-en-direct-les-actualites-de-lequipe-et-les-pronostics\/","title":{"rendered":"Compositions, statistiques et aper\u00e7us, y compris la t\u00e9l\u00e9vision, la diffusion en direct, les actualit\u00e9s de l&#39;\u00e9quipe et les pronostics"},"content":{"rendered":"<div>\n<h2 class=\"wp-block-heading\"><span id=\"Benfica_v_Real_Madrid_preview\">Aper\u00e7u Benfica-Real Madrid<\/span><\/h2>\n<p>Moins de trois semaines apr\u00e8s que le gardien Anatoliy Trubin ait envoy\u00e9 Benfica en barrages de la phase \u00e0 \u00e9limination directe de la Ligue des champions avec un but \u00e0 la 98e minute \u00e0 domicile contre le Real Madrid, les anciens champions d&#39;Europe se rendent \u00e0 nouveau \u00e0 l&#39;Estadio da Luz lors du match aller d&#39;un match nul pour atteindre les huiti\u00e8mes de finale.<\/p>\n<p>La t\u00eate de Trubin a prolong\u00e9 la saison europ\u00e9enne des g\u00e9ants portugais gr\u00e2ce \u00e0 la diff\u00e9rence de buts dans l&#39;un des plus grands moments de tous les temps de la comp\u00e9tition. \u00ab\u00a0Nous savons ce que nous avons fait aux rois de la Ligue des champions\u00a0\u00bb, a d\u00e9clar\u00e9 le manager des Eagles, Jos\u00e9 Mourinho.<\/p>\n<figure class=\"wp-block-embed is-type-video is-provider-youtube wp-block-embed-youtube wp-embed-aspect-16-9 wp-has-aspect-ratio\">\n<p>\n<noscript><iframe loading=\"lazy\" title=\"INCREDIBLE! Goalkeeper Anatoliy Trubin SCORES at the death to send Benfica into UCL play-offs \ud83e\udd2f\" width=\"1200\" height=\"675\" src=\"https:\/\/www.youtube.com\/embed\/E98bvZj_Mro?feature=oembed\" frameborder=\"0\" allow=\"accelerometer; autoplay; clipboard-write; encrypted-media; gyroscope; picture-in-picture; web-share\" referrerpolicy=\"strict-origin-when-cross-origin\" allowfullscreen><\/iframe><\/noscript>\n<\/p>\n<\/figure>\n<p>\u00ab\u00a0Nous jouerons le match aller avec t\u00eate, avec ambition et confiance. Cette fois, Trubin ne sera pas en attaque.<\/p>\n<p>\u00ab\u00a0Je suis tr\u00e8s habitu\u00e9 \u00e0 ce genre de rencontres, je l&#39;ai fait toute ma vie. Les gens pensent souvent qu&#39;il faut un certain r\u00e9sultat au match aller pour telle ou telle raison. Je dis qu&#39;il n&#39;y a pas de r\u00e9sultat d\u00e9finitif.<\/p>\n<p>\u00ab\u00a0Je ne pense pas qu&#39;il faille un miracle pour que Benfica \u00e9limine le Real Madrid. Nous devons \u00eatre \u00e0 notre plus haut niveau, je ne dis m\u00eame pas \u00e9lev\u00e9, je veux dire maximum et presque \u00e0 la limite de la perfection, qui n&#39;existe pas.<\/p>\n<p>\u00ab\u00a0Mais ce n&#39;est pas un miracle. Le Real Madrid est le Real Madrid, avec une histoire, des connaissances, de l&#39;ambition. La seule chose comparable est que nous sommes deux clubs g\u00e9ants.<\/p>\n<p>\u00ab\u00a0Au-del\u00e0 de \u00e7a, il n&#39;y a rien d&#39;autre. Le football a ce pouvoir, et nous pouvons gagner.\u00a0\u00bb<\/p>\n<figure class=\"wp-block-image size-large\"><picture fetchpriority=\"high\" decoding=\"async\" class=\"wp-image-99030\"><source type=\"image\/webp\" data-lazy- \/><img fetchpriority=\"high\" decoding=\"async\" width=\"1024\" height=\"608\" src=\"https:\/\/footdavant.fr\/actualites\/wp-content\/uploads\/2026\/02\/Compositions-statistiques-et-apercus-y-compris-la-television-la-diffusion.jpg\" alt=\"Jos\u00e9 Mourinho, l&#39;entra\u00eeneur de Benfica\"  \/>\n<\/picture>\n<\/figure>\n<p>L&#39;entra\u00eeneur madril\u00e8ne, Alvaro Arbeloa, a guid\u00e9 son \u00e9quipe vers une victoire 4-1 \u00e0 domicile contre la Real Sociedad en Liga samedi et se m\u00e9fie d&#39;une nouvelle d\u00e9faite \u00e0 Benfica, m\u00eame si Los Blancos maintiennent leur d\u00e9fi pour le titre avec style.<\/p>\n<p>\u00ab\u00a0J&#39;esp\u00e8re que l&#39;histoire ne se r\u00e9p\u00e9tera pas\u00a0\u00bb, a d\u00e9clar\u00e9 Arbeloa. \u00ab Nous sommes pr\u00e9par\u00e9s \u00e0 la difficult\u00e9 du match, aux adversaires, \u00e0 l&#39;ambiance et \u00e0 ce qui nous attend mardi.<\/p>\n<p>\u00ab\u00a0Cela dure 180 minutes et nous devons y jouer un grand match. Nous ne pouvons pas nous contenter de n&#39;importe quel r\u00e9sultat, nous devons sortir pour gagner. Nous avons [the defeat] tr\u00e8s frais dans nos esprits, donc nous savons \u00e0 quel point cela va \u00eatre compliqu\u00e9.<\/p>\n<p>Arbeloa a sembl\u00e9 sugg\u00e9rer qu&#39;il persisterait avec une formation en 4-4-2. \u00ab\u00a0D\u00e9fensivement, c&#39;est une structure utilis\u00e9e non seulement par nous mais aussi par de nombreuses \u00e9quipes car elle ferme le couloir central, l\u00e0 o\u00f9 vous avez le plus de joueurs, et permet de rester plus compact\u00a0\u00bb, a-t-il expliqu\u00e9.<\/p>\n<figure class=\"wp-block-image size-large\"><picture decoding=\"async\" class=\"wp-image-160295\"><source type=\"image\/webp\" data-lazy- \/><img loading=\"lazy\" decoding=\"async\" width=\"1024\" height=\"683\" http:=\"\" alt=\"Alvaro Arbeloa, l&#39;entra\u00eeneur du Real Madrid\"  data-lazy- src=\"https:\/\/footdavant.fr\/actualites\/wp-content\/uploads\/2026\/02\/1771267685_140_Compositions-statistiques-et-apercus-y-compris-la-television-la-diffusion.jpg\"\/><img loading=\"lazy\" decoding=\"async\" width=\"1024\" height=\"683\" src=\"https:\/\/footdavant.fr\/actualites\/wp-content\/uploads\/2026\/02\/1771267685_140_Compositions-statistiques-et-apercus-y-compris-la-television-la-diffusion.jpg\" alt=\"Alvaro Arbeloa, l&#39;entra\u00eeneur du Real Madrid\"  \/>\n<\/picture>\n<\/figure>\n<p>\u00ab Avec le type de joueurs que nous avons, si nous voulons contre-attaquer, cela nous permet de le faire avec deux joueurs devant.<\/p>\n<p>\u00ab\u00a0Nous avons beaucoup de marge de progression. Surtout, je suis tr\u00e8s heureux car au-del\u00e0 des syst\u00e8mes, l&#39;effort, le travail d&#39;\u00e9quipe, la mentalit\u00e9 et l&#39;esprit d&#39;\u00e9quipe sont fondamentaux. Nous nous en sortons bien, sachant qu&#39;il y a encore beaucoup \u00e0 am\u00e9liorer.\u00a0\u00bb<\/p>\n<h2 class=\"wp-block-heading\"><span id=\"Benfica_v_Madrid_team_news\">L&#39;actualit\u00e9 de l&#39;\u00e9quipe Benfica contre Madrid<\/span><\/h2>\n<p>L&#39;arri\u00e8re droit Alexander Bah (genou) est bless\u00e9 pour Benfica. Les milieux de terrain Fredrik Aursnes (muscl\u00e9) et Richard Rios (\u00e9paule) sont incertains, l&#39;ailier Olivio Tome \u00e9tant suspendu.<\/p>\n<p>Le Wideman Samuel Dahl, le milieu de terrain Dodi Lukebakio et le d\u00e9fenseur Nicolas Otamendi seront bannis pour le match retour s&#39;ils re\u00e7oivent un avertissement.<\/p>\n<p>Le meilleur buteur Kylian Mbappe \u00e9tait un rempla\u00e7ant inutilis\u00e9 contre la Sociedad en raison d&#39;un probl\u00e8me au genou, mais devrait revenir.<\/p>\n<figure class=\"wp-block-image size-large\"><picture decoding=\"async\" class=\"wp-image-162554\"><source type=\"image\/webp\" data-lazy- \/><img loading=\"lazy\" decoding=\"async\" width=\"1024\" height=\"683\" http:=\"\" alt=\"Kylian Mbapp\u00e9 du Real Madrid\"  data-lazy- src=\"https:\/\/footdavant.fr\/actualites\/wp-content\/uploads\/2026\/02\/1771267685_335_Compositions-statistiques-et-apercus-y-compris-la-television-la-diffusion.jpg\"\/><img loading=\"lazy\" decoding=\"async\" width=\"1024\" height=\"683\" src=\"https:\/\/footdavant.fr\/actualites\/wp-content\/uploads\/2026\/02\/1771267685_335_Compositions-statistiques-et-apercus-y-compris-la-television-la-diffusion.jpg\" alt=\"Kylian Mbapp\u00e9 du Real Madrid\"  \/>\n<\/picture>\n<\/figure>\n<p>Le d\u00e9fenseur Eder Militao (ischio-jambiers) et l&#39;attaquant Jude Bellingham (cuisse) sont absents pour Madrid. Le d\u00e9fenseur central Raul Asencio et l&#39;ailier Rodrygo sont suspendus.<\/p>\n<p>L&#39;arri\u00e8re gauche Alvaro Carreras, l&#39;arri\u00e8re central Dean Huijsen et Aurelian Tchouameni risquent chacun de rater le match retour s&#39;ils sont avertis.<\/p>\n<h2 class=\"wp-block-heading\"><span id=\"Benfica_v_Real_Madrid_predicted_line_ups\">Benfica contre Real Madrid compositions pr\u00e9vues<\/span><\/h2>\n<p>Anatoliy Trubin, Amar Dedic, Tomas Araujo, Nicolas Otamendi, Samuel Dahl, Leandro Barreiro, Enzo Barrenechea, Gianluca Prestianni, Andreas Schjelderup, Georgiy Sudakov, Vangelis Pavlidis<\/p>\n<p>Thibaut Courtois, Trent Alexander-Arnold, Antonio Rudiger, Dean Huijsen, Alvaro Carreras, Eduardo Camavinga, Aur\u00e9lien Tchouameni, Federico Valverde, Arda Guler, Vinicius Junior, Kylian Mbappe<\/p>\n<h2 class=\"wp-block-heading\"><span id=\"How_to_watch_Benfica_v_Madrid_TV_channel_live_online_stream\">Comment regarder Benfica contre Madrid : cha\u00eene de t\u00e9l\u00e9vision, diffusion en direct en ligne<\/span><\/h2>\n<p>Le coup d&#39;envoi mardi aura lieu \u00e0 20h00 GMT (15h00 HE \/ 12h00 PT). La couverture t\u00e9l\u00e9vis\u00e9e en direct au Royaume-Uni est assur\u00e9e sur Amazon Prime Video.<\/p>\n<p>Un abonnement Prime Video co\u00fbte 8,99 \u00a3 par mois ou 95 \u00a3 par an, pay\u00e9 annuellement, avec une offre \u00e0 moiti\u00e9 prix pour les fans \u00e2g\u00e9s de 18 \u00e0 22 ans.<\/p>\n<p>L&#39;adh\u00e9sion comprend la livraison illimit\u00e9e sur une vaste s\u00e9lection d&#39;articles Amazon et une gamme d&#39;autres avantages tels que des films, des s\u00e9ries, des documentaires et le stockage de photos.<\/p>\n<figure class=\"wp-block-image size-large\"><picture decoding=\"async\" class=\"wp-image-163364\"><source type=\"image\/webp\" data-lazy- \/><img loading=\"lazy\" decoding=\"async\" width=\"1024\" height=\"683\" http:=\"\" alt=\"Anatoli Trubin, gardien de Benfica\"  data-lazy- src=\"https:\/\/footdavant.fr\/actualites\/wp-content\/uploads\/2026\/02\/1771267685_712_Compositions-statistiques-et-apercus-y-compris-la-television-la-diffusion.jpg\"\/><img loading=\"lazy\" decoding=\"async\" width=\"1024\" height=\"683\" src=\"https:\/\/footdavant.fr\/actualites\/wp-content\/uploads\/2026\/02\/1771267685_712_Compositions-statistiques-et-apercus-y-compris-la-television-la-diffusion.jpg\" alt=\"Anatoli Trubin, gardien de Benfica\"  \/>\n<\/picture>\n<\/figure>\n<h2 class=\"wp-block-heading\"><span id=\"Benfica_v_Real_Madrid_stats\">Statistiques Benfica &#8211; Real Madrid<\/span><\/h2>\n<ul class=\"wp-block-list\">\n<li>Avant cette saison, les rencontres entre Benfica et le Real Madrid avaient eu lieu lors de la finale de la Coupe d&#39;Europe 1962, que Benfica avait remport\u00e9 5-3, et des quarts de finale de 1964\/65, o\u00f9 Benfica avait gagn\u00e9 5-1 \u00e0 domicile et perdu 2-1 \u00e0 Madrid.<\/li>\n<li>Benfica a perdu ses cinq derniers matches europ\u00e9ens contre un adversaire espagnol<\/li>\n<li>Leur plus r\u00e9cente victoire a eu lieu contre le Real Betis en Coupe UEFA 1982\/83 (aujourd&#39;hui Ligue Europa).<\/li>\n<li>Les Portugais ont remport\u00e9 quatre de leurs six matches europ\u00e9ens \u00e0 domicile cette saison (2 d\u00e9faites).<\/li>\n<li>Avant de s&#39;incliner face \u00e0 Benfica, Madrid \u00e9tait invaincu lors de 10 matches cons\u00e9cutifs face \u00e0 des \u00e9quipes portugaises (8 victoires, 2 nuls)<\/li>\n<li>Le Real Madrid a remport\u00e9 10 de ses 12 derni\u00e8res confrontations aller-retour en Ligue des Champions<\/li>\n<li>Mbappe compte 13 buts en sept matches europ\u00e9ens cette saison, dont huit lors de ses trois derni\u00e8res<\/li>\n<li>Les 15 fois champions participent \u00e0 la phase \u00e0 \u00e9limination directe de la Ligue des champions pour la 29e saison cons\u00e9cutive, tandis que Benfica a atteint ce stade pour la quatri\u00e8me fois en cinq saisons.<\/li>\n<li>Mourinho a \u00e9t\u00e9 l&#39;entra\u00eeneur du Real de mai 2010 \u00e0 juin 2013, remportant la Copa del Rey en 2010\/11 et la Liga la saison suivante.<\/li>\n<li>Carreras a rejoint Madrid l&#39;\u00e9t\u00e9 dernier en provenance de Benfica, pour lequel il a disput\u00e9 68 matches et marqu\u00e9 cinq buts entre 2024 et 2025.<\/li>\n<\/ul>\n<\/div>\n","protected":false},"excerpt":{"rendered":"<p>Aper\u00e7u Benfica-Real Madrid Moins de trois semaines apr\u00e8s que le gardien Anatoliy Trubin ait envoy\u00e9 Benfica en barrages de la phase \u00e0 \u00e9limination directe de<\/p>\n","protected":false},"author":1,"featured_media":34557,"comment_status":"closed","ping_status":"","sticky":false,"template":"","format":"standard","meta":{"footnotes":""},"categories":[3],"tags":[7,7204,383,507,7443,2828,4219,93,382,4115,5084],"yoast_head":"<!-- This site is optimized with the Yoast SEO plugin v21.0 - https:\/\/yoast.com\/wordpress\/plugins\/seo\/ -->\n<title>Compositions, statistiques et aper\u00e7us, y compris la t\u00e9l\u00e9vision, la diffusion en direct, les actualit\u00e9s de l&#039;\u00e9quipe et les pronostics<\/title>\n<meta name=\"robots\" content=\"index, follow, max-snippet:-1, max-image-preview:large, max-video-preview:-1\" \/>\n<link rel=\"canonical\" href=\"https:\/\/footdavant.fr\/actualites\/compositions-statistiques-et-apercus-y-compris-la-television-la-diffusion-en-direct-les-actualites-de-lequipe-et-les-pronostics\/\" \/>\n<meta property=\"og:locale\" content=\"fr_FR\" \/>\n<meta property=\"og:type\" content=\"article\" \/>\n<meta property=\"og:title\" content=\"Compositions, statistiques et aper\u00e7us, y compris la t\u00e9l\u00e9vision, la diffusion en direct, les actualit\u00e9s de l&#039;\u00e9quipe et les pronostics\" \/>\n<meta property=\"og:description\" content=\"Aper\u00e7u Benfica-Real Madrid Moins de trois semaines apr\u00e8s que le gardien Anatoliy Trubin ait envoy\u00e9 Benfica en barrages de la phase \u00e0 \u00e9limination directe de\" \/>\n<meta property=\"og:url\" content=\"https:\/\/footdavant.fr\/actualites\/compositions-statistiques-et-apercus-y-compris-la-television-la-diffusion-en-direct-les-actualites-de-lequipe-et-les-pronostics\/\" \/>\n<meta property=\"og:site_name\" content=\"Foot d&#039;avant\" \/>\n<meta property=\"article:publisher\" content=\"https:\/\/www.facebook.com\/Footdavant\/\" \/>\n<meta property=\"article:published_time\" content=\"2026-02-16T18:48:05+00:00\" \/>\n<meta property=\"article:modified_time\" content=\"2026-02-16T18:48:11+00:00\" \/>\n<meta property=\"og:image\" content=\"https:\/\/footdavant.fr\/actualites\/wp-content\/uploads\/2026\/02\/Compositions-statistiques-et-apercus-y-compris-la-television-la-diffusion.png\" \/>\n\t<meta property=\"og:image:width\" content=\"1200\" \/>\n\t<meta property=\"og:image:height\" content=\"675\" \/>\n\t<meta property=\"og:image:type\" content=\"image\/png\" \/>\n<meta name=\"author\" content=\"Cl\u00e9ment\" \/>\n<meta name=\"twitter:card\" content=\"summary_large_image\" \/>\n<meta name=\"twitter:creator\" content=\"@FootdavantFr\" \/>\n<meta name=\"twitter:site\" content=\"@FootdavantFr\" \/>\n<meta name=\"twitter:label1\" content=\"\u00c9crit par\" \/>\n\t<meta name=\"twitter:data1\" content=\"Cl\u00e9ment\" \/>\n\t<meta name=\"twitter:label2\" content=\"Dur\u00e9e de lecture estim\u00e9e\" \/>\n\t<meta name=\"twitter:data2\" content=\"5 minutes\" \/>\n<script type=\"application\/ld+json\" class=\"yoast-schema-graph\">{\"@context\":\"https:\/\/schema.org\",\"@graph\":[{\"@type\":\"Article\",\"@id\":\"https:\/\/footdavant.fr\/actualites\/compositions-statistiques-et-apercus-y-compris-la-television-la-diffusion-en-direct-les-actualites-de-lequipe-et-les-pronostics\/#article\",\"isPartOf\":{\"@id\":\"https:\/\/footdavant.fr\/actualites\/compositions-statistiques-et-apercus-y-compris-la-television-la-diffusion-en-direct-les-actualites-de-lequipe-et-les-pronostics\/\"},\"author\":{\"name\":\"Cl\u00e9ment\",\"@id\":\"https:\/\/footdavant.fr\/actualites\/#\/schema\/person\/bc222566d95871b37e597b3ed3ba5e1d\"},\"headline\":\"Compositions, statistiques et aper\u00e7us, y compris la t\u00e9l\u00e9vision, la diffusion en direct, les actualit\u00e9s de l&#39;\u00e9quipe et les pronostics\",\"datePublished\":\"2026-02-16T18:48:05+00:00\",\"dateModified\":\"2026-02-16T18:48:11+00:00\",\"mainEntityOfPage\":{\"@id\":\"https:\/\/footdavant.fr\/actualites\/compositions-statistiques-et-apercus-y-compris-la-television-la-diffusion-en-direct-les-actualites-de-lequipe-et-les-pronostics\/\"},\"wordCount\":1114,\"publisher\":{\"@id\":\"https:\/\/footdavant.fr\/actualites\/#organization\"},\"keywords\":[\"Actualit\u00e9s\",\"aper\u00e7us\",\"compositions\",\"compris\",\"diffusion\",\"DIRECT\",\"l39\u00e9quipe\",\"les\",\"pronostics\",\"statistiques\",\"t\u00e9l\u00e9vision\"],\"articleSection\":[\"Football\"],\"inLanguage\":\"fr-FR\"},{\"@type\":\"WebPage\",\"@id\":\"https:\/\/footdavant.fr\/actualites\/compositions-statistiques-et-apercus-y-compris-la-television-la-diffusion-en-direct-les-actualites-de-lequipe-et-les-pronostics\/\",\"url\":\"https:\/\/footdavant.fr\/actualites\/compositions-statistiques-et-apercus-y-compris-la-television-la-diffusion-en-direct-les-actualites-de-lequipe-et-les-pronostics\/\",\"name\":\"Compositions, statistiques et aper\u00e7us, y compris la t\u00e9l\u00e9vision, la diffusion en direct, les actualit\u00e9s de l&#39;\u00e9quipe et les pronostics\",\"isPartOf\":{\"@id\":\"https:\/\/footdavant.fr\/actualites\/#website\"},\"datePublished\":\"2026-02-16T18:48:05+00:00\",\"dateModified\":\"2026-02-16T18:48:11+00:00\",\"breadcrumb\":{\"@id\":\"https:\/\/footdavant.fr\/actualites\/compositions-statistiques-et-apercus-y-compris-la-television-la-diffusion-en-direct-les-actualites-de-lequipe-et-les-pronostics\/#breadcrumb\"},\"inLanguage\":\"fr-FR\",\"potentialAction\":[{\"@type\":\"ReadAction\",\"target\":[\"https:\/\/footdavant.fr\/actualites\/compositions-statistiques-et-apercus-y-compris-la-television-la-diffusion-en-direct-les-actualites-de-lequipe-et-les-pronostics\/\"]}]},{\"@type\":\"BreadcrumbList\",\"@id\":\"https:\/\/footdavant.fr\/actualites\/compositions-statistiques-et-apercus-y-compris-la-television-la-diffusion-en-direct-les-actualites-de-lequipe-et-les-pronostics\/#breadcrumb\",\"itemListElement\":[{\"@type\":\"ListItem\",\"position\":1,\"name\":\"Accueil\",\"item\":\"https:\/\/footdavant.fr\/actualites\/\"},{\"@type\":\"ListItem\",\"position\":2,\"name\":\"Compositions, statistiques et aper\u00e7us, y compris la t\u00e9l\u00e9vision, la diffusion en direct, les actualit\u00e9s de l&#39;\u00e9quipe et les pronostics\"}]},{\"@type\":\"WebSite\",\"@id\":\"https:\/\/footdavant.fr\/actualites\/#website\",\"url\":\"https:\/\/footdavant.fr\/actualites\/\",\"name\":\"Foot d'avant\",\"description\":\"\",\"publisher\":{\"@id\":\"https:\/\/footdavant.fr\/actualites\/#organization\"},\"potentialAction\":[{\"@type\":\"SearchAction\",\"target\":{\"@type\":\"EntryPoint\",\"urlTemplate\":\"https:\/\/footdavant.fr\/actualites\/?s={search_term_string}\"},\"query-input\":\"required name=search_term_string\"}],\"inLanguage\":\"fr-FR\"},{\"@type\":\"Organization\",\"@id\":\"https:\/\/footdavant.fr\/actualites\/#organization\",\"name\":\"Foot d'avant\",\"url\":\"https:\/\/footdavant.fr\/actualites\/\",\"logo\":{\"@type\":\"ImageObject\",\"inLanguage\":\"fr-FR\",\"@id\":\"https:\/\/footdavant.fr\/actualites\/#\/schema\/logo\/image\/\",\"url\":\"https:\/\/footdavant.fr\/actualites\/wp-content\/uploads\/2023\/09\/Copy-of-FootDavant-Logo.png\",\"contentUrl\":\"https:\/\/footdavant.fr\/actualites\/wp-content\/uploads\/2023\/09\/Copy-of-FootDavant-Logo.png\",\"width\":936,\"height\":549,\"caption\":\"Foot d'avant\"},\"image\":{\"@id\":\"https:\/\/footdavant.fr\/actualites\/#\/schema\/logo\/image\/\"},\"sameAs\":[\"https:\/\/www.facebook.com\/Footdavant\/\",\"https:\/\/twitter.com\/FootdavantFr\",\"https:\/\/www.instagram.com\/footdavant.fr\/\"]},{\"@type\":\"Person\",\"@id\":\"https:\/\/footdavant.fr\/actualites\/#\/schema\/person\/bc222566d95871b37e597b3ed3ba5e1d\",\"name\":\"Cl\u00e9ment\",\"image\":{\"@type\":\"ImageObject\",\"inLanguage\":\"fr-FR\",\"@id\":\"https:\/\/footdavant.fr\/actualites\/#\/schema\/person\/image\/\",\"url\":\"https:\/\/secure.gravatar.com\/avatar\/7728b29aac2719421e1a9159b2254c44?s=96&d=mm&r=g\",\"contentUrl\":\"https:\/\/secure.gravatar.com\/avatar\/7728b29aac2719421e1a9159b2254c44?s=96&d=mm&r=g\",\"caption\":\"Cl\u00e9ment\"},\"sameAs\":[\"https:\/\/footdavant.fr\/\"]}]}<\/script>\n<!-- \/ Yoast SEO plugin. -->","yoast_head_json":{"title":"Compositions, statistiques et aper\u00e7us, y compris la t\u00e9l\u00e9vision, la diffusion en direct, les actualit\u00e9s de l&#39;\u00e9quipe et les pronostics","robots":{"index":"index","follow":"follow","max-snippet":"max-snippet:-1","max-image-preview":"max-image-preview:large","max-video-preview":"max-video-preview:-1"},"canonical":"https:\/\/footdavant.fr\/actualites\/compositions-statistiques-et-apercus-y-compris-la-television-la-diffusion-en-direct-les-actualites-de-lequipe-et-les-pronostics\/","og_locale":"fr_FR","og_type":"article","og_title":"Compositions, statistiques et aper\u00e7us, y compris la t\u00e9l\u00e9vision, la diffusion en direct, les actualit\u00e9s de l&#39;\u00e9quipe et les pronostics","og_description":"Aper\u00e7u Benfica-Real Madrid Moins de trois semaines apr\u00e8s que le gardien Anatoliy Trubin ait envoy\u00e9 Benfica en barrages de la phase \u00e0 \u00e9limination directe de","og_url":"https:\/\/footdavant.fr\/actualites\/compositions-statistiques-et-apercus-y-compris-la-television-la-diffusion-en-direct-les-actualites-de-lequipe-et-les-pronostics\/","og_site_name":"Foot d&#039;avant","article_publisher":"https:\/\/www.facebook.com\/Footdavant\/","article_published_time":"2026-02-16T18:48:05+00:00","article_modified_time":"2026-02-16T18:48:11+00:00","og_image":[{"width":1200,"height":675,"url":"https:\/\/footdavant.fr\/actualites\/wp-content\/uploads\/2026\/02\/Compositions-statistiques-et-apercus-y-compris-la-television-la-diffusion.png","type":"image\/png"}],"author":"Cl\u00e9ment","twitter_card":"summary_large_image","twitter_creator":"@FootdavantFr","twitter_site":"@FootdavantFr","twitter_misc":{"\u00c9crit par":"Cl\u00e9ment","Dur\u00e9e de lecture estim\u00e9e":"5 minutes"},"schema":{"@context":"https:\/\/schema.org","@graph":[{"@type":"Article","@id":"https:\/\/footdavant.fr\/actualites\/compositions-statistiques-et-apercus-y-compris-la-television-la-diffusion-en-direct-les-actualites-de-lequipe-et-les-pronostics\/#article","isPartOf":{"@id":"https:\/\/footdavant.fr\/actualites\/compositions-statistiques-et-apercus-y-compris-la-television-la-diffusion-en-direct-les-actualites-de-lequipe-et-les-pronostics\/"},"author":{"name":"Cl\u00e9ment","@id":"https:\/\/footdavant.fr\/actualites\/#\/schema\/person\/bc222566d95871b37e597b3ed3ba5e1d"},"headline":"Compositions, statistiques et aper\u00e7us, y compris la t\u00e9l\u00e9vision, la diffusion en direct, les actualit\u00e9s de l&#39;\u00e9quipe et les pronostics","datePublished":"2026-02-16T18:48:05+00:00","dateModified":"2026-02-16T18:48:11+00:00","mainEntityOfPage":{"@id":"https:\/\/footdavant.fr\/actualites\/compositions-statistiques-et-apercus-y-compris-la-television-la-diffusion-en-direct-les-actualites-de-lequipe-et-les-pronostics\/"},"wordCount":1114,"publisher":{"@id":"https:\/\/footdavant.fr\/actualites\/#organization"},"keywords":["Actualit\u00e9s","aper\u00e7us","compositions","compris","diffusion","DIRECT","l39\u00e9quipe","les","pronostics","statistiques","t\u00e9l\u00e9vision"],"articleSection":["Football"],"inLanguage":"fr-FR"},{"@type":"WebPage","@id":"https:\/\/footdavant.fr\/actualites\/compositions-statistiques-et-apercus-y-compris-la-television-la-diffusion-en-direct-les-actualites-de-lequipe-et-les-pronostics\/","url":"https:\/\/footdavant.fr\/actualites\/compositions-statistiques-et-apercus-y-compris-la-television-la-diffusion-en-direct-les-actualites-de-lequipe-et-les-pronostics\/","name":"Compositions, statistiques et aper\u00e7us, y compris la t\u00e9l\u00e9vision, la diffusion en direct, les actualit\u00e9s de l&#39;\u00e9quipe et les pronostics","isPartOf":{"@id":"https:\/\/footdavant.fr\/actualites\/#website"},"datePublished":"2026-02-16T18:48:05+00:00","dateModified":"2026-02-16T18:48:11+00:00","breadcrumb":{"@id":"https:\/\/footdavant.fr\/actualites\/compositions-statistiques-et-apercus-y-compris-la-television-la-diffusion-en-direct-les-actualites-de-lequipe-et-les-pronostics\/#breadcrumb"},"inLanguage":"fr-FR","potentialAction":[{"@type":"ReadAction","target":["https:\/\/footdavant.fr\/actualites\/compositions-statistiques-et-apercus-y-compris-la-television-la-diffusion-en-direct-les-actualites-de-lequipe-et-les-pronostics\/"]}]},{"@type":"BreadcrumbList","@id":"https:\/\/footdavant.fr\/actualites\/compositions-statistiques-et-apercus-y-compris-la-television-la-diffusion-en-direct-les-actualites-de-lequipe-et-les-pronostics\/#breadcrumb","itemListElement":[{"@type":"ListItem","position":1,"name":"Accueil","item":"https:\/\/footdavant.fr\/actualites\/"},{"@type":"ListItem","position":2,"name":"Compositions, statistiques et aper\u00e7us, y compris la t\u00e9l\u00e9vision, la diffusion en direct, les actualit\u00e9s de l&#39;\u00e9quipe et les pronostics"}]},{"@type":"WebSite","@id":"https:\/\/footdavant.fr\/actualites\/#website","url":"https:\/\/footdavant.fr\/actualites\/","name":"Foot d'avant","description":"","publisher":{"@id":"https:\/\/footdavant.fr\/actualites\/#organization"},"potentialAction":[{"@type":"SearchAction","target":{"@type":"EntryPoint","urlTemplate":"https:\/\/footdavant.fr\/actualites\/?s={search_term_string}"},"query-input":"required name=search_term_string"}],"inLanguage":"fr-FR"},{"@type":"Organization","@id":"https:\/\/footdavant.fr\/actualites\/#organization","name":"Foot d'avant","url":"https:\/\/footdavant.fr\/actualites\/","logo":{"@type":"ImageObject","inLanguage":"fr-FR","@id":"https:\/\/footdavant.fr\/actualites\/#\/schema\/logo\/image\/","url":"https:\/\/footdavant.fr\/actualites\/wp-content\/uploads\/2023\/09\/Copy-of-FootDavant-Logo.png","contentUrl":"https:\/\/footdavant.fr\/actualites\/wp-content\/uploads\/2023\/09\/Copy-of-FootDavant-Logo.png","width":936,"height":549,"caption":"Foot d'avant"},"image":{"@id":"https:\/\/footdavant.fr\/actualites\/#\/schema\/logo\/image\/"},"sameAs":["https:\/\/www.facebook.com\/Footdavant\/","https:\/\/twitter.com\/FootdavantFr","https:\/\/www.instagram.com\/footdavant.fr\/"]},{"@type":"Person","@id":"https:\/\/footdavant.fr\/actualites\/#\/schema\/person\/bc222566d95871b37e597b3ed3ba5e1d","name":"Cl\u00e9ment","image":{"@type":"ImageObject","inLanguage":"fr-FR","@id":"https:\/\/footdavant.fr\/actualites\/#\/schema\/person\/image\/","url":"https:\/\/secure.gravatar.com\/avatar\/7728b29aac2719421e1a9159b2254c44?s=96&d=mm&r=g","contentUrl":"https:\/\/secure.gravatar.com\/avatar\/7728b29aac2719421e1a9159b2254c44?s=96&d=mm&r=g","caption":"Cl\u00e9ment"},"sameAs":["https:\/\/footdavant.fr\/"]}]}},"_links":{"self":[{"href":"https:\/\/footdavant.fr\/actualites\/wp-json\/wp\/v2\/posts\/34556"}],"collection":[{"href":"https:\/\/footdavant.fr\/actualites\/wp-json\/wp\/v2\/posts"}],"about":[{"href":"https:\/\/footdavant.fr\/actualites\/wp-json\/wp\/v2\/types\/post"}],"author":[{"embeddable":true,"href":"https:\/\/footdavant.fr\/actualites\/wp-json\/wp\/v2\/users\/1"}],"replies":[{"embeddable":true,"href":"https:\/\/footdavant.fr\/actualites\/wp-json\/wp\/v2\/comments?post=34556"}],"version-history":[{"count":1,"href":"https:\/\/footdavant.fr\/actualites\/wp-json\/wp\/v2\/posts\/34556\/revisions"}],"predecessor-version":[{"id":34558,"href":"https:\/\/footdavant.fr\/actualites\/wp-json\/wp\/v2\/posts\/34556\/revisions\/34558"}],"wp:featuredmedia":[{"embeddable":true,"href":"https:\/\/footdavant.fr\/actualites\/wp-json\/wp\/v2\/media\/34557"}],"wp:attachment":[{"href":"https:\/\/footdavant.fr\/actualites\/wp-json\/wp\/v2\/media?parent=34556"}],"wp:term":[{"taxonomy":"category","embeddable":true,"href":"https:\/\/footdavant.fr\/actualites\/wp-json\/wp\/v2\/categories?post=34556"},{"taxonomy":"post_tag","embeddable":true,"href":"https:\/\/footdavant.fr\/actualites\/wp-json\/wp\/v2\/tags?post=34556"}],"curies":[{"name":"wp","href":"https:\/\/api.w.org\/{rel}","templated":true}]}}