{"id":34562,"date":"2026-02-16T23:48:05","date_gmt":"2026-02-16T22:48:05","guid":{"rendered":"https:\/\/footdavant.fr\/actualites\/manchester-united-donne-son-prix-pour-altay-bayindir-dans-le-cercle-de-besiktas\/"},"modified":"2026-02-16T23:48:07","modified_gmt":"2026-02-16T22:48:07","slug":"manchester-united-donne-son-prix-pour-altay-bayindir-dans-le-cercle-de-besiktas","status":"publish","type":"post","link":"https:\/\/footdavant.fr\/actualites\/manchester-united-donne-son-prix-pour-altay-bayindir-dans-le-cercle-de-besiktas\/","title":{"rendered":"Manchester United donne son prix pour Altay Bayindir dans le cercle de Besiktas &#8211;"},"content":{"rendered":"<div id=\"penci-post-entry-inner\">\n<p>\t\t\t<i class=\"penci-post-countview-number-check\" style=\"display:none\">1<\/i><\/p>\n<p><!--Article Start--><br \/>L&#39;\u00e9valuation de Manchester United pour le gardien Altay Bayindir est apparue alors que Besiktas se pr\u00e9pare \u00e0 faire un pas pour lui cet \u00e9t\u00e9.<\/p>\n<h3>Besiktas lorgne Bayindir<\/h3>\n<p>Bayindir semble de plus en plus destin\u00e9 \u00e0 un d\u00e9part estival d&#39;Old Trafford, Senne Lammens s&#39;\u00e9tant fermement impos\u00e9 comme le gardien de premier choix incontest\u00e9 du club.<\/p>\n<p>Au d\u00e9but de la saison, l&#39;entra\u00eeneur-chef Ruben Amorim, d\u00e9sormais limog\u00e9, a r\u00e9guli\u00e8rement fait appel \u00e0 Bayindir apr\u00e8s qu&#39;il est devenu clair qu&#39;Andre Onana n&#39;\u00e9tait plus recherch\u00e9 \u00e0 United.<\/p>\n<p>Cependant, comme Onana avant lui, Bayindir n&#39;a pas r\u00e9ussi \u00e0 convaincre le club qu&#39;il pouvait \u00eatre une solution fiable \u00e0 long terme dans les buts. Au cours de ses six apparitions en Premier League, Bayindir a sembl\u00e9 vuln\u00e9rable sur les coups de pied arr\u00eat\u00e9s et n&#39;a pas r\u00e9ussi \u00e0 inspirer confiance avec ses arr\u00eats de tir.<\/p>\n<p>United s&#39;est lanc\u00e9 sur le march\u00e9 et a sign\u00e9 Lammens du Royal Anvers. Lammens a fait ses d\u00e9buts en octobre lors de la victoire 2-0 contre Sunderland et a d\u00e9but\u00e9 tous les matchs depuis.<\/p>\n<p>Dans les derni\u00e8res \u00e9tapes de la fen\u00eatre de transfert de janvier, Besiktas a lanc\u00e9 une tentative pour racheter Bayindir, mais United l&#39;a refus\u00e9.<\/p>\n<p>Plus r\u00e9cemment, il a \u00e9t\u00e9 rapport\u00e9 que United \u00e9tait d\u00e9sormais plus dispos\u00e9 \u00e0 laisser partir le joueur de 27 ans cet \u00e9t\u00e9, Besiktas gardant toujours un \u0153il sur sa situation.<\/p>\n<p>Maintenant, une nouvelle mise \u00e0 jour a r\u00e9v\u00e9l\u00e9 \u00e0 quel point United souhaite sanctionner la vente de Bayindir.<\/p>\n<h3>Mise \u00e0 jour du transfert Bayindir<\/h3>\n<p>Selon Fanatik, le changement de position de United sur l&#39;avenir de Bayindir a \u00ab plu \u00bb \u00e0 la direction de Besiktas.<\/p>\n<p>Ce qui est encore plus agr\u00e9able pour les g\u00e9ants de la Super Lig, c&#39;est que United n&#39;exigera pas de frais de transfert substantiels pour Bayindir. Le Diable Rouge ne le valorise qu&#39;\u00e0 5 millions d&#39;euros.<\/p>\n<p>United a pay\u00e9 \u00e0 peu pr\u00e8s la m\u00eame somme pour Bayindir, que Bruno Fernandes a qualifi\u00e9 de \u00ab haut de gamme \u00bb, lorsqu\u2019ils ont obtenu ses services en 2023.<\/p>\n<p>Fanatik ajoute que Bayindir, qui gagne actuellement environ 3 millions d&#39;euros par an \u00e0 Old Trafford, est pr\u00eat \u00e0 accepter une r\u00e9duction de salaire pour rejoindre Besiktas. Il est pr\u00eat \u00e0 accepter 2 millions d\u2019euros.<\/p>\n<p>Bayindir et United reviennent \u00e0 l&#39;action lundi prochain lorsqu&#39;ils affronteront Everton au stade Hill Dickinson.<\/p>\n<\/p>\n<hr\/>\n<p>The Peoples Person est l&#39;un des principaux sites d&#39;information de Man United au monde depuis plus d&#39;une d\u00e9cennie. Suivez-nous sur Bluesky\u00a0: @peoplesperson.bsky.social<\/p>\n<p><!-- CONTENT END 2 --><\/p><\/div>\n","protected":false},"excerpt":{"rendered":"<p>1 L&#39;\u00e9valuation de Manchester United pour le gardien Altay Bayindir est apparue alors que Besiktas se pr\u00e9pare \u00e0 faire un pas pour lui cet \u00e9t\u00e9.<\/p>\n","protected":false},"author":1,"featured_media":34563,"comment_status":"closed","ping_status":"","sticky":false,"template":"","format":"standard","meta":{"footnotes":""},"categories":[3],"tags":[1490,1491,3201,3979,19,672,11,51,73,86,13],"yoast_head":"<!-- This site is optimized with the Yoast SEO plugin v21.0 - https:\/\/yoast.com\/wordpress\/plugins\/seo\/ -->\n<title>Manchester United donne son prix pour Altay Bayindir dans le cercle de Besiktas -<\/title>\n<meta name=\"robots\" content=\"index, follow, max-snippet:-1, max-image-preview:large, max-video-preview:-1\" \/>\n<link rel=\"canonical\" href=\"https:\/\/footdavant.fr\/actualites\/manchester-united-donne-son-prix-pour-altay-bayindir-dans-le-cercle-de-besiktas\/\" \/>\n<meta property=\"og:locale\" content=\"fr_FR\" \/>\n<meta property=\"og:type\" content=\"article\" \/>\n<meta property=\"og:title\" content=\"Manchester United donne son prix pour Altay Bayindir dans le cercle de Besiktas -\" \/>\n<meta property=\"og:description\" content=\"1 L&#039;\u00e9valuation de Manchester United pour le gardien Altay Bayindir est apparue alors que Besiktas se pr\u00e9pare \u00e0 faire un pas pour lui cet \u00e9t\u00e9.\" \/>\n<meta property=\"og:url\" content=\"https:\/\/footdavant.fr\/actualites\/manchester-united-donne-son-prix-pour-altay-bayindir-dans-le-cercle-de-besiktas\/\" \/>\n<meta property=\"og:site_name\" content=\"Foot d&#039;avant\" \/>\n<meta property=\"article:publisher\" content=\"https:\/\/www.facebook.com\/Footdavant\/\" \/>\n<meta property=\"article:published_time\" content=\"2026-02-16T22:48:05+00:00\" \/>\n<meta property=\"article:modified_time\" content=\"2026-02-16T22:48:07+00:00\" \/>\n<meta property=\"og:image\" content=\"https:\/\/footdavant.fr\/actualites\/wp-content\/uploads\/2026\/02\/Manchester-United-donne-son-prix-pour-Altay-Bayindir-dans-le.jpg\" \/>\n\t<meta property=\"og:image:width\" content=\"1600\" \/>\n\t<meta property=\"og:image:height\" content=\"713\" \/>\n\t<meta property=\"og:image:type\" content=\"image\/jpeg\" \/>\n<meta name=\"author\" content=\"Cl\u00e9ment\" \/>\n<meta name=\"twitter:card\" content=\"summary_large_image\" \/>\n<meta name=\"twitter:creator\" content=\"@FootdavantFr\" \/>\n<meta name=\"twitter:site\" content=\"@FootdavantFr\" \/>\n<meta name=\"twitter:label1\" content=\"\u00c9crit par\" \/>\n\t<meta name=\"twitter:data1\" content=\"Cl\u00e9ment\" \/>\n\t<meta name=\"twitter:label2\" content=\"Dur\u00e9e de lecture estim\u00e9e\" \/>\n\t<meta name=\"twitter:data2\" content=\"2 minutes\" \/>\n<script type=\"application\/ld+json\" class=\"yoast-schema-graph\">{\"@context\":\"https:\/\/schema.org\",\"@graph\":[{\"@type\":\"Article\",\"@id\":\"https:\/\/footdavant.fr\/actualites\/manchester-united-donne-son-prix-pour-altay-bayindir-dans-le-cercle-de-besiktas\/#article\",\"isPartOf\":{\"@id\":\"https:\/\/footdavant.fr\/actualites\/manchester-united-donne-son-prix-pour-altay-bayindir-dans-le-cercle-de-besiktas\/\"},\"author\":{\"name\":\"Cl\u00e9ment\",\"@id\":\"https:\/\/footdavant.fr\/actualites\/#\/schema\/person\/bc222566d95871b37e597b3ed3ba5e1d\"},\"headline\":\"Manchester United donne son prix pour Altay Bayindir dans le cercle de Besiktas &#8211;\",\"datePublished\":\"2026-02-16T22:48:05+00:00\",\"dateModified\":\"2026-02-16T22:48:07+00:00\",\"mainEntityOfPage\":{\"@id\":\"https:\/\/footdavant.fr\/actualites\/manchester-united-donne-son-prix-pour-altay-bayindir-dans-le-cercle-de-besiktas\/\"},\"wordCount\":450,\"publisher\":{\"@id\":\"https:\/\/footdavant.fr\/actualites\/#organization\"},\"keywords\":[\"Altay\",\"Bayindir\",\"Besiktas\",\"Cercle\",\"dans\",\"donne\",\"Manchester\",\"pour\",\"prix\",\"son\",\"United\"],\"articleSection\":[\"Football\"],\"inLanguage\":\"fr-FR\"},{\"@type\":\"WebPage\",\"@id\":\"https:\/\/footdavant.fr\/actualites\/manchester-united-donne-son-prix-pour-altay-bayindir-dans-le-cercle-de-besiktas\/\",\"url\":\"https:\/\/footdavant.fr\/actualites\/manchester-united-donne-son-prix-pour-altay-bayindir-dans-le-cercle-de-besiktas\/\",\"name\":\"Manchester United donne son prix pour Altay Bayindir dans le cercle de Besiktas -\",\"isPartOf\":{\"@id\":\"https:\/\/footdavant.fr\/actualites\/#website\"},\"datePublished\":\"2026-02-16T22:48:05+00:00\",\"dateModified\":\"2026-02-16T22:48:07+00:00\",\"breadcrumb\":{\"@id\":\"https:\/\/footdavant.fr\/actualites\/manchester-united-donne-son-prix-pour-altay-bayindir-dans-le-cercle-de-besiktas\/#breadcrumb\"},\"inLanguage\":\"fr-FR\",\"potentialAction\":[{\"@type\":\"ReadAction\",\"target\":[\"https:\/\/footdavant.fr\/actualites\/manchester-united-donne-son-prix-pour-altay-bayindir-dans-le-cercle-de-besiktas\/\"]}]},{\"@type\":\"BreadcrumbList\",\"@id\":\"https:\/\/footdavant.fr\/actualites\/manchester-united-donne-son-prix-pour-altay-bayindir-dans-le-cercle-de-besiktas\/#breadcrumb\",\"itemListElement\":[{\"@type\":\"ListItem\",\"position\":1,\"name\":\"Accueil\",\"item\":\"https:\/\/footdavant.fr\/actualites\/\"},{\"@type\":\"ListItem\",\"position\":2,\"name\":\"Manchester United donne son prix pour Altay Bayindir dans le cercle de Besiktas &#8211;\"}]},{\"@type\":\"WebSite\",\"@id\":\"https:\/\/footdavant.fr\/actualites\/#website\",\"url\":\"https:\/\/footdavant.fr\/actualites\/\",\"name\":\"Foot d'avant\",\"description\":\"\",\"publisher\":{\"@id\":\"https:\/\/footdavant.fr\/actualites\/#organization\"},\"potentialAction\":[{\"@type\":\"SearchAction\",\"target\":{\"@type\":\"EntryPoint\",\"urlTemplate\":\"https:\/\/footdavant.fr\/actualites\/?s={search_term_string}\"},\"query-input\":\"required name=search_term_string\"}],\"inLanguage\":\"fr-FR\"},{\"@type\":\"Organization\",\"@id\":\"https:\/\/footdavant.fr\/actualites\/#organization\",\"name\":\"Foot d'avant\",\"url\":\"https:\/\/footdavant.fr\/actualites\/\",\"logo\":{\"@type\":\"ImageObject\",\"inLanguage\":\"fr-FR\",\"@id\":\"https:\/\/footdavant.fr\/actualites\/#\/schema\/logo\/image\/\",\"url\":\"https:\/\/footdavant.fr\/actualites\/wp-content\/uploads\/2023\/09\/Copy-of-FootDavant-Logo.png\",\"contentUrl\":\"https:\/\/footdavant.fr\/actualites\/wp-content\/uploads\/2023\/09\/Copy-of-FootDavant-Logo.png\",\"width\":936,\"height\":549,\"caption\":\"Foot d'avant\"},\"image\":{\"@id\":\"https:\/\/footdavant.fr\/actualites\/#\/schema\/logo\/image\/\"},\"sameAs\":[\"https:\/\/www.facebook.com\/Footdavant\/\",\"https:\/\/twitter.com\/FootdavantFr\",\"https:\/\/www.instagram.com\/footdavant.fr\/\"]},{\"@type\":\"Person\",\"@id\":\"https:\/\/footdavant.fr\/actualites\/#\/schema\/person\/bc222566d95871b37e597b3ed3ba5e1d\",\"name\":\"Cl\u00e9ment\",\"image\":{\"@type\":\"ImageObject\",\"inLanguage\":\"fr-FR\",\"@id\":\"https:\/\/footdavant.fr\/actualites\/#\/schema\/person\/image\/\",\"url\":\"https:\/\/secure.gravatar.com\/avatar\/7728b29aac2719421e1a9159b2254c44?s=96&d=mm&r=g\",\"contentUrl\":\"https:\/\/secure.gravatar.com\/avatar\/7728b29aac2719421e1a9159b2254c44?s=96&d=mm&r=g\",\"caption\":\"Cl\u00e9ment\"},\"sameAs\":[\"https:\/\/footdavant.fr\/\"]}]}<\/script>\n<!-- \/ Yoast SEO plugin. -->","yoast_head_json":{"title":"Manchester United donne son prix pour Altay Bayindir dans le cercle de Besiktas -","robots":{"index":"index","follow":"follow","max-snippet":"max-snippet:-1","max-image-preview":"max-image-preview:large","max-video-preview":"max-video-preview:-1"},"canonical":"https:\/\/footdavant.fr\/actualites\/manchester-united-donne-son-prix-pour-altay-bayindir-dans-le-cercle-de-besiktas\/","og_locale":"fr_FR","og_type":"article","og_title":"Manchester United donne son prix pour Altay Bayindir dans le cercle de Besiktas -","og_description":"1 L&#39;\u00e9valuation de Manchester United pour le gardien Altay Bayindir est apparue alors que Besiktas se pr\u00e9pare \u00e0 faire un pas pour lui cet \u00e9t\u00e9.","og_url":"https:\/\/footdavant.fr\/actualites\/manchester-united-donne-son-prix-pour-altay-bayindir-dans-le-cercle-de-besiktas\/","og_site_name":"Foot d&#039;avant","article_publisher":"https:\/\/www.facebook.com\/Footdavant\/","article_published_time":"2026-02-16T22:48:05+00:00","article_modified_time":"2026-02-16T22:48:07+00:00","og_image":[{"width":1600,"height":713,"url":"https:\/\/footdavant.fr\/actualites\/wp-content\/uploads\/2026\/02\/Manchester-United-donne-son-prix-pour-Altay-Bayindir-dans-le.jpg","type":"image\/jpeg"}],"author":"Cl\u00e9ment","twitter_card":"summary_large_image","twitter_creator":"@FootdavantFr","twitter_site":"@FootdavantFr","twitter_misc":{"\u00c9crit par":"Cl\u00e9ment","Dur\u00e9e de lecture estim\u00e9e":"2 minutes"},"schema":{"@context":"https:\/\/schema.org","@graph":[{"@type":"Article","@id":"https:\/\/footdavant.fr\/actualites\/manchester-united-donne-son-prix-pour-altay-bayindir-dans-le-cercle-de-besiktas\/#article","isPartOf":{"@id":"https:\/\/footdavant.fr\/actualites\/manchester-united-donne-son-prix-pour-altay-bayindir-dans-le-cercle-de-besiktas\/"},"author":{"name":"Cl\u00e9ment","@id":"https:\/\/footdavant.fr\/actualites\/#\/schema\/person\/bc222566d95871b37e597b3ed3ba5e1d"},"headline":"Manchester United donne son prix pour Altay Bayindir dans le cercle de Besiktas &#8211;","datePublished":"2026-02-16T22:48:05+00:00","dateModified":"2026-02-16T22:48:07+00:00","mainEntityOfPage":{"@id":"https:\/\/footdavant.fr\/actualites\/manchester-united-donne-son-prix-pour-altay-bayindir-dans-le-cercle-de-besiktas\/"},"wordCount":450,"publisher":{"@id":"https:\/\/footdavant.fr\/actualites\/#organization"},"keywords":["Altay","Bayindir","Besiktas","Cercle","dans","donne","Manchester","pour","prix","son","United"],"articleSection":["Football"],"inLanguage":"fr-FR"},{"@type":"WebPage","@id":"https:\/\/footdavant.fr\/actualites\/manchester-united-donne-son-prix-pour-altay-bayindir-dans-le-cercle-de-besiktas\/","url":"https:\/\/footdavant.fr\/actualites\/manchester-united-donne-son-prix-pour-altay-bayindir-dans-le-cercle-de-besiktas\/","name":"Manchester United donne son prix pour Altay Bayindir dans le cercle de Besiktas -","isPartOf":{"@id":"https:\/\/footdavant.fr\/actualites\/#website"},"datePublished":"2026-02-16T22:48:05+00:00","dateModified":"2026-02-16T22:48:07+00:00","breadcrumb":{"@id":"https:\/\/footdavant.fr\/actualites\/manchester-united-donne-son-prix-pour-altay-bayindir-dans-le-cercle-de-besiktas\/#breadcrumb"},"inLanguage":"fr-FR","potentialAction":[{"@type":"ReadAction","target":["https:\/\/footdavant.fr\/actualites\/manchester-united-donne-son-prix-pour-altay-bayindir-dans-le-cercle-de-besiktas\/"]}]},{"@type":"BreadcrumbList","@id":"https:\/\/footdavant.fr\/actualites\/manchester-united-donne-son-prix-pour-altay-bayindir-dans-le-cercle-de-besiktas\/#breadcrumb","itemListElement":[{"@type":"ListItem","position":1,"name":"Accueil","item":"https:\/\/footdavant.fr\/actualites\/"},{"@type":"ListItem","position":2,"name":"Manchester United donne son prix pour Altay Bayindir dans le cercle de Besiktas &#8211;"}]},{"@type":"WebSite","@id":"https:\/\/footdavant.fr\/actualites\/#website","url":"https:\/\/footdavant.fr\/actualites\/","name":"Foot d'avant","description":"","publisher":{"@id":"https:\/\/footdavant.fr\/actualites\/#organization"},"potentialAction":[{"@type":"SearchAction","target":{"@type":"EntryPoint","urlTemplate":"https:\/\/footdavant.fr\/actualites\/?s={search_term_string}"},"query-input":"required name=search_term_string"}],"inLanguage":"fr-FR"},{"@type":"Organization","@id":"https:\/\/footdavant.fr\/actualites\/#organization","name":"Foot d'avant","url":"https:\/\/footdavant.fr\/actualites\/","logo":{"@type":"ImageObject","inLanguage":"fr-FR","@id":"https:\/\/footdavant.fr\/actualites\/#\/schema\/logo\/image\/","url":"https:\/\/footdavant.fr\/actualites\/wp-content\/uploads\/2023\/09\/Copy-of-FootDavant-Logo.png","contentUrl":"https:\/\/footdavant.fr\/actualites\/wp-content\/uploads\/2023\/09\/Copy-of-FootDavant-Logo.png","width":936,"height":549,"caption":"Foot d'avant"},"image":{"@id":"https:\/\/footdavant.fr\/actualites\/#\/schema\/logo\/image\/"},"sameAs":["https:\/\/www.facebook.com\/Footdavant\/","https:\/\/twitter.com\/FootdavantFr","https:\/\/www.instagram.com\/footdavant.fr\/"]},{"@type":"Person","@id":"https:\/\/footdavant.fr\/actualites\/#\/schema\/person\/bc222566d95871b37e597b3ed3ba5e1d","name":"Cl\u00e9ment","image":{"@type":"ImageObject","inLanguage":"fr-FR","@id":"https:\/\/footdavant.fr\/actualites\/#\/schema\/person\/image\/","url":"https:\/\/secure.gravatar.com\/avatar\/7728b29aac2719421e1a9159b2254c44?s=96&d=mm&r=g","contentUrl":"https:\/\/secure.gravatar.com\/avatar\/7728b29aac2719421e1a9159b2254c44?s=96&d=mm&r=g","caption":"Cl\u00e9ment"},"sameAs":["https:\/\/footdavant.fr\/"]}]}},"_links":{"self":[{"href":"https:\/\/footdavant.fr\/actualites\/wp-json\/wp\/v2\/posts\/34562"}],"collection":[{"href":"https:\/\/footdavant.fr\/actualites\/wp-json\/wp\/v2\/posts"}],"about":[{"href":"https:\/\/footdavant.fr\/actualites\/wp-json\/wp\/v2\/types\/post"}],"author":[{"embeddable":true,"href":"https:\/\/footdavant.fr\/actualites\/wp-json\/wp\/v2\/users\/1"}],"replies":[{"embeddable":true,"href":"https:\/\/footdavant.fr\/actualites\/wp-json\/wp\/v2\/comments?post=34562"}],"version-history":[{"count":1,"href":"https:\/\/footdavant.fr\/actualites\/wp-json\/wp\/v2\/posts\/34562\/revisions"}],"predecessor-version":[{"id":34564,"href":"https:\/\/footdavant.fr\/actualites\/wp-json\/wp\/v2\/posts\/34562\/revisions\/34564"}],"wp:featuredmedia":[{"embeddable":true,"href":"https:\/\/footdavant.fr\/actualites\/wp-json\/wp\/v2\/media\/34563"}],"wp:attachment":[{"href":"https:\/\/footdavant.fr\/actualites\/wp-json\/wp\/v2\/media?parent=34562"}],"wp:term":[{"taxonomy":"category","embeddable":true,"href":"https:\/\/footdavant.fr\/actualites\/wp-json\/wp\/v2\/categories?post=34562"},{"taxonomy":"post_tag","embeddable":true,"href":"https:\/\/footdavant.fr\/actualites\/wp-json\/wp\/v2\/tags?post=34562"}],"curies":[{"name":"wp","href":"https:\/\/api.w.org\/{rel}","templated":true}]}}