{"id":34570,"date":"2026-02-17T07:48:33","date_gmt":"2026-02-17T06:48:33","guid":{"rendered":"https:\/\/footdavant.fr\/actualites\/le-probleme-de-liverpool-met-en-danger-la-place-de-la-ligue-des-champions\/"},"modified":"2026-02-17T07:48:36","modified_gmt":"2026-02-17T06:48:36","slug":"le-probleme-de-liverpool-met-en-danger-la-place-de-la-ligue-des-champions","status":"publish","type":"post","link":"https:\/\/footdavant.fr\/actualites\/le-probleme-de-liverpool-met-en-danger-la-place-de-la-ligue-des-champions\/","title":{"rendered":"Le probl\u00e8me de Liverpool met en danger la place de la Ligue des champions"},"content":{"rendered":"<div id=\"article-body\">\n<!-- Article Start --><\/p>\n<p>Lorsque le jour revient apr\u00e8s 17 heures, vous avez normalement une bonne id\u00e9e de ce qui est attendu de votre \u00e9quipe de football alors que la saison approche du printemps et entre dans son acte final.<\/p>\n<p>Pour les supporters de Liverpool, il s\u2019agit d\u2019une de ces campagnes o\u00f9 l\u2019objectif est clair : assurer la qualification pour la Ligue des Champions. La complication est qu\u2019y parvenir est loin d\u2019\u00eatre simple, et un coup d\u2019\u0153il sur le march\u00e9 vous en dit long.<\/p>\n<h2>Le march\u00e9 signale un resserrement de la course<\/h2>\n<blockquote class=\"twitter-lazy tweet-img lazyload\">\n<p dir=\"ltr\" lang=\"en\">Assurer notre place en huiti\u00e8mes de finale \u2705\u2728 <a rel=\"nofollow\" href=\"https:\/\/t.co\/lNQNouysss\">pic.twitter.com\/lNQNouysss<\/a><\/p>\n<p>\u2013Liverpool FC (@LFC) <a rel=\"nofollow\" href=\"https:\/\/twitter.com\/LFC\/status\/1881823928458613011?ref_src=twsrc%5Etfw\">21 janvier 2025<\/a><\/p>\n<\/blockquote>\n<p>Si vous envisagez un pari sur la Premier League sur une place d&#39;Arne Slot parmi les quatre premiers, la cote actuelle de 11\/10 raconte sa propre histoire. Ce prix n\u2019est pas d\u00e9daigneux, mais il n\u2019est gu\u00e8re non plus confiant.<\/p>\n<p>Les derniers pronostics de Premier League penchent vers Manchester City, Arsenal, Aston Villa et Manchester United occupant ces places dans l\u2019\u00e9tat actuel des choses lors de la 26e journ\u00e9e. Cela laisse Liverpool poursuivre plut\u00f4t que dicter. L\u2019\u00e9cart n\u2019est pas dramatique, mais la marge d\u2019erreur se r\u00e9duit et la situation en Ligue des champions est bien moins s\u00fbre qu\u2019elle ne devrait l\u2019\u00eatre.<\/p>\n<p>En bref, il y a du travail \u00e0 faire jusqu\u2019\u00e0 la derni\u00e8re ligne droite, et le point de d\u00e9part le plus \u00e9vident est de rem\u00e9dier \u00e0 un d\u00e9faut qui leur a d\u00e9j\u00e0 co\u00fbt\u00e9 un terrain pr\u00e9cieux.<\/p>\n<h2>Des concessions tardives font d\u00e9railler la saison de Liverpool<\/h2>\n<p>Arr\u00eater les buts tardifs serait un point de d\u00e9part logique. C\u2019est devenu un probl\u00e8me r\u00e9current et les cons\u00e9quences sont tangibles.<\/p>\n<blockquote class=\"twitter-lazy tweet-img lazyload\">\n<p dir=\"ltr\" lang=\"en\">Une feuille blanche lors de sa 250e apparition en Premier League \ud83e\udde4 <a rel=\"nofollow\" href=\"https:\/\/t.co\/1d86TvehN9\">pic.twitter.com\/1d86TvehN9<\/a><\/p>\n<p>\u2013Liverpool FC (@LFC) <a rel=\"nofollow\" href=\"https:\/\/twitter.com\/LFC\/status\/2021720916107882726?ref_src=twsrc%5Etfw\">11 f\u00e9vrier 2026<\/a><\/p>\n<\/blockquote>\n<p>La p\u00e9nalit\u00e9 d&#39;Erling Haaland dans les arr\u00eats de jeu \u00e0 Anfield s&#39;est sentie d\u00e9cisive, mais elle n&#39;\u00e9tait pas unique. Cela n\u2019a fait que renforcer une tendance qui devient difficile \u00e0 ignorer. Liverpool a c\u00e9d\u00e9 huit points dans le temps additionnel cette saison, conc\u00e9dant quatre vainqueurs distincts apr\u00e8s 90 minutes.<\/p>\n<p>Tout au long de l\u2019\u00e8re de la Premier League, ce genre de chiffres a tendance \u00e0 suivre les \u00e9quipes qui luttent contre les incendies en bas du tableau, et non les clubs qui tentent d\u2019assurer leur qualification en Ligue des champions avec des matchs encore \u00e0 sauver.<\/p>\n<figure id=\"attachment_284238\" aria-describedby=\"caption-attachment-284238\" style=\"width: 713px\" class=\"wp-caption alignnone\"><picture><source type=\"image\/webp\" data- data-><\/source><\/picture><\/figure>\n<p>La diversit\u00e9 de ces concessions rend la question plus pr\u00e9occupante. Plusieurs sont arriv\u00e9s de coups de pied arr\u00eat\u00e9s. D\u2019autres d\u00e9coulent de p\u00e9nalit\u00e9s ou de secondes phases chaotiques apr\u00e8s de longs lancers. Il n\u2019y a pas une seule faiblesse tactique qui puisse expliquer tout cela.<\/p>\n<p>Au lieu de cela, le mod\u00e8le pointe vers l\u2019ex\u00e9cution \u2013 d\u00e9gagements non effectu\u00e9s, coureurs non suivis, deuxi\u00e8mes ballons non s\u00e9curis\u00e9s. \u00c0 mesure que les matchs s\u2019\u00e9tirent, la concentration aussi.<\/p>\n<h2>Fatigue, concentration et bilan mental<\/h2>\n<p>La fatigue ne peut \u00eatre ignor\u00e9e. Slot a commenc\u00e9 la saison avec une \u00e9quipe relativement serr\u00e9e, et les blessures n&#39;ont fait que r\u00e9duire encore davantage les options de Liverpool.<\/p>\n<blockquote class=\"twitter-lazy tweet-img lazyload\">\n<p dir=\"ltr\" lang=\"en\">\u00ab\u00a0C&#39;est une question s\u00e9rieuse.\u00a0\u00bb \ud83d\udde3\ufe0f<\/p>\n<p>L&#39;entra\u00eeneur-chef de Liverpool, Arne Slot, s&#39;attend \u00e0 ce que Wataru Endo soit absent \u00ab\u00a0pendant tr\u00e8s, tr\u00e8s longtemps\u00a0\u00bb apr\u00e8s avoir \u00e9t\u00e9 contraint de quitter le terrain en raison d&#39;une blessure lors de la victoire 1-0 contre Sunderland. <a rel=\"nofollow\" href=\"https:\/\/t.co\/j3uj0NYbbi\">pic.twitter.com\/j3uj0NYbbi<\/a><\/p>\n<p>\u2013 Actualit\u00e9s Sky Sports (@SkySportsNews) <a rel=\"nofollow\" href=\"https:\/\/twitter.com\/SkySportsNews\/status\/2021867234751098897?ref_src=twsrc%5Etfw\">12 f\u00e9vrier 2026<\/a><\/p>\n<\/blockquote>\n<p>Les m\u00eames joueurs de base passent de lourdes minutes dans l&#39;un des championnats les plus exigeants d&#39;Europe. Dans ces circonstances, les erreurs marginales deviennent d\u00e9cisives : un demi-pas perdu au deuxi\u00e8me poteau, un milieu de terrain lent \u00e0 r\u00e9agir \u00e0 une course tardive, un gardien contraint \u00e0 une intervention pr\u00e9cipit\u00e9e.<\/p>\n<p>Les mod\u00e8les du football ne se limitent pas au tableau tactique : ils s\u2019insinuent dans la mentalit\u00e9 collective. Lorsque les buts tardifs commencent \u00e0 s\u2019accumuler, les joueurs en sont conscients, m\u00eame si cela reste inexprim\u00e9. L\u2019accent change. Au lieu d\u2019ex\u00e9cuter calmement un plan de fin de partie clair, l\u2019instinct devient de ne pas commettre d\u2019erreur.<\/p>\n<p>Cette tension peut fausser la prise de d\u00e9cision dans les moments les plus importants.<\/p>\n<p>Liverpool se situe juste en dehors du top cinq et la marge pour la qualification en Ligue des champions est suffisamment mince pour cr\u00e9er une v\u00e9ritable pression. Il ne s\u2019agit plus l\u00e0 d\u2019une bizarrerie statistique irritante\u00a0; c&#39;est une vuln\u00e9rabilit\u00e9 avec des cons\u00e9quences structurelles.<\/p>\n<p>Au cours de la derni\u00e8re partie de la campagne, voir les matchs se terminer n&#39;est pas un luxe. C\u2019est la diff\u00e9rence entre entendre l\u2019hymne de la Ligue des champions \u00e0 Anfield la saison prochaine et le regarder de loin.<\/p>\n<p><!-- Article End -->\t\t\t\t<\/div>\n<p><script async src=\"https:\/\/platform.twitter.com\/widgets.js\" charset=\"utf-8\"><\/script><\/p>\n","protected":false},"excerpt":{"rendered":"<p>Lorsque le jour revient apr\u00e8s 17 heures, vous avez normalement une bonne id\u00e9e de ce qui est attendu de votre \u00e9quipe de football alors que<\/p>\n","protected":false},"author":1,"featured_media":34571,"comment_status":"closed","ping_status":"","sticky":false,"template":"","format":"standard","meta":{"footnotes":""},"categories":[3],"tags":[31,1330,12,30,53,950,147,2243],"yoast_head":"<!-- This site is optimized with the Yoast SEO plugin v21.0 - https:\/\/yoast.com\/wordpress\/plugins\/seo\/ -->\n<title>Le probl\u00e8me de Liverpool met en danger la place de la Ligue des champions<\/title>\n<meta name=\"robots\" content=\"index, follow, max-snippet:-1, max-image-preview:large, max-video-preview:-1\" \/>\n<link rel=\"canonical\" href=\"https:\/\/footdavant.fr\/actualites\/le-probleme-de-liverpool-met-en-danger-la-place-de-la-ligue-des-champions\/\" \/>\n<meta property=\"og:locale\" content=\"fr_FR\" \/>\n<meta property=\"og:type\" content=\"article\" \/>\n<meta property=\"og:title\" content=\"Le probl\u00e8me de Liverpool met en danger la place de la Ligue des champions\" \/>\n<meta property=\"og:description\" content=\"Lorsque le jour revient apr\u00e8s 17 heures, vous avez normalement une bonne id\u00e9e de ce qui est attendu de votre \u00e9quipe de football alors que\" \/>\n<meta property=\"og:url\" content=\"https:\/\/footdavant.fr\/actualites\/le-probleme-de-liverpool-met-en-danger-la-place-de-la-ligue-des-champions\/\" \/>\n<meta property=\"og:site_name\" content=\"Foot d&#039;avant\" \/>\n<meta property=\"article:publisher\" content=\"https:\/\/www.facebook.com\/Footdavant\/\" \/>\n<meta property=\"article:published_time\" content=\"2026-02-17T06:48:33+00:00\" \/>\n<meta property=\"article:modified_time\" content=\"2026-02-17T06:48:36+00:00\" \/>\n<meta property=\"og:image\" content=\"https:\/\/footdavant.fr\/actualites\/wp-content\/uploads\/2026\/02\/1771310914_Le-probleme-de-Liverpool-met-en-danger-la-place-de.jpg\" \/>\n\t<meta property=\"og:image:width\" content=\"1524\" \/>\n\t<meta property=\"og:image:height\" content=\"1013\" \/>\n\t<meta property=\"og:image:type\" content=\"image\/jpeg\" \/>\n<meta name=\"author\" content=\"Cl\u00e9ment\" \/>\n<meta name=\"twitter:card\" content=\"summary_large_image\" \/>\n<meta name=\"twitter:creator\" content=\"@FootdavantFr\" \/>\n<meta name=\"twitter:site\" content=\"@FootdavantFr\" \/>\n<meta name=\"twitter:label1\" content=\"\u00c9crit par\" \/>\n\t<meta name=\"twitter:data1\" content=\"Cl\u00e9ment\" \/>\n\t<meta name=\"twitter:label2\" content=\"Dur\u00e9e de lecture estim\u00e9e\" \/>\n\t<meta name=\"twitter:data2\" content=\"4 minutes\" \/>\n<script type=\"application\/ld+json\" class=\"yoast-schema-graph\">{\"@context\":\"https:\/\/schema.org\",\"@graph\":[{\"@type\":\"Article\",\"@id\":\"https:\/\/footdavant.fr\/actualites\/le-probleme-de-liverpool-met-en-danger-la-place-de-la-ligue-des-champions\/#article\",\"isPartOf\":{\"@id\":\"https:\/\/footdavant.fr\/actualites\/le-probleme-de-liverpool-met-en-danger-la-place-de-la-ligue-des-champions\/\"},\"author\":{\"name\":\"Cl\u00e9ment\",\"@id\":\"https:\/\/footdavant.fr\/actualites\/#\/schema\/person\/bc222566d95871b37e597b3ed3ba5e1d\"},\"headline\":\"Le probl\u00e8me de Liverpool met en danger la place de la Ligue des champions\",\"datePublished\":\"2026-02-17T06:48:33+00:00\",\"dateModified\":\"2026-02-17T06:48:36+00:00\",\"mainEntityOfPage\":{\"@id\":\"https:\/\/footdavant.fr\/actualites\/le-probleme-de-liverpool-met-en-danger-la-place-de-la-ligue-des-champions\/\"},\"wordCount\":853,\"publisher\":{\"@id\":\"https:\/\/footdavant.fr\/actualites\/#organization\"},\"keywords\":[\"champions\",\"danger\",\"des\",\"Ligue\",\"Liverpool\",\"met\",\"place\",\"probl\u00e8me\"],\"articleSection\":[\"Football\"],\"inLanguage\":\"fr-FR\"},{\"@type\":\"WebPage\",\"@id\":\"https:\/\/footdavant.fr\/actualites\/le-probleme-de-liverpool-met-en-danger-la-place-de-la-ligue-des-champions\/\",\"url\":\"https:\/\/footdavant.fr\/actualites\/le-probleme-de-liverpool-met-en-danger-la-place-de-la-ligue-des-champions\/\",\"name\":\"Le probl\u00e8me de Liverpool met en danger la place de la Ligue des champions\",\"isPartOf\":{\"@id\":\"https:\/\/footdavant.fr\/actualites\/#website\"},\"datePublished\":\"2026-02-17T06:48:33+00:00\",\"dateModified\":\"2026-02-17T06:48:36+00:00\",\"breadcrumb\":{\"@id\":\"https:\/\/footdavant.fr\/actualites\/le-probleme-de-liverpool-met-en-danger-la-place-de-la-ligue-des-champions\/#breadcrumb\"},\"inLanguage\":\"fr-FR\",\"potentialAction\":[{\"@type\":\"ReadAction\",\"target\":[\"https:\/\/footdavant.fr\/actualites\/le-probleme-de-liverpool-met-en-danger-la-place-de-la-ligue-des-champions\/\"]}]},{\"@type\":\"BreadcrumbList\",\"@id\":\"https:\/\/footdavant.fr\/actualites\/le-probleme-de-liverpool-met-en-danger-la-place-de-la-ligue-des-champions\/#breadcrumb\",\"itemListElement\":[{\"@type\":\"ListItem\",\"position\":1,\"name\":\"Accueil\",\"item\":\"https:\/\/footdavant.fr\/actualites\/\"},{\"@type\":\"ListItem\",\"position\":2,\"name\":\"Le probl\u00e8me de Liverpool met en danger la place de la Ligue des champions\"}]},{\"@type\":\"WebSite\",\"@id\":\"https:\/\/footdavant.fr\/actualites\/#website\",\"url\":\"https:\/\/footdavant.fr\/actualites\/\",\"name\":\"Foot d'avant\",\"description\":\"\",\"publisher\":{\"@id\":\"https:\/\/footdavant.fr\/actualites\/#organization\"},\"potentialAction\":[{\"@type\":\"SearchAction\",\"target\":{\"@type\":\"EntryPoint\",\"urlTemplate\":\"https:\/\/footdavant.fr\/actualites\/?s={search_term_string}\"},\"query-input\":\"required name=search_term_string\"}],\"inLanguage\":\"fr-FR\"},{\"@type\":\"Organization\",\"@id\":\"https:\/\/footdavant.fr\/actualites\/#organization\",\"name\":\"Foot d'avant\",\"url\":\"https:\/\/footdavant.fr\/actualites\/\",\"logo\":{\"@type\":\"ImageObject\",\"inLanguage\":\"fr-FR\",\"@id\":\"https:\/\/footdavant.fr\/actualites\/#\/schema\/logo\/image\/\",\"url\":\"https:\/\/footdavant.fr\/actualites\/wp-content\/uploads\/2023\/09\/Copy-of-FootDavant-Logo.png\",\"contentUrl\":\"https:\/\/footdavant.fr\/actualites\/wp-content\/uploads\/2023\/09\/Copy-of-FootDavant-Logo.png\",\"width\":936,\"height\":549,\"caption\":\"Foot d'avant\"},\"image\":{\"@id\":\"https:\/\/footdavant.fr\/actualites\/#\/schema\/logo\/image\/\"},\"sameAs\":[\"https:\/\/www.facebook.com\/Footdavant\/\",\"https:\/\/twitter.com\/FootdavantFr\",\"https:\/\/www.instagram.com\/footdavant.fr\/\"]},{\"@type\":\"Person\",\"@id\":\"https:\/\/footdavant.fr\/actualites\/#\/schema\/person\/bc222566d95871b37e597b3ed3ba5e1d\",\"name\":\"Cl\u00e9ment\",\"image\":{\"@type\":\"ImageObject\",\"inLanguage\":\"fr-FR\",\"@id\":\"https:\/\/footdavant.fr\/actualites\/#\/schema\/person\/image\/\",\"url\":\"https:\/\/secure.gravatar.com\/avatar\/7728b29aac2719421e1a9159b2254c44?s=96&d=mm&r=g\",\"contentUrl\":\"https:\/\/secure.gravatar.com\/avatar\/7728b29aac2719421e1a9159b2254c44?s=96&d=mm&r=g\",\"caption\":\"Cl\u00e9ment\"},\"sameAs\":[\"https:\/\/footdavant.fr\/\"]}]}<\/script>\n<!-- \/ Yoast SEO plugin. -->","yoast_head_json":{"title":"Le probl\u00e8me de Liverpool met en danger la place de la Ligue des champions","robots":{"index":"index","follow":"follow","max-snippet":"max-snippet:-1","max-image-preview":"max-image-preview:large","max-video-preview":"max-video-preview:-1"},"canonical":"https:\/\/footdavant.fr\/actualites\/le-probleme-de-liverpool-met-en-danger-la-place-de-la-ligue-des-champions\/","og_locale":"fr_FR","og_type":"article","og_title":"Le probl\u00e8me de Liverpool met en danger la place de la Ligue des champions","og_description":"Lorsque le jour revient apr\u00e8s 17 heures, vous avez normalement une bonne id\u00e9e de ce qui est attendu de votre \u00e9quipe de football alors que","og_url":"https:\/\/footdavant.fr\/actualites\/le-probleme-de-liverpool-met-en-danger-la-place-de-la-ligue-des-champions\/","og_site_name":"Foot d&#039;avant","article_publisher":"https:\/\/www.facebook.com\/Footdavant\/","article_published_time":"2026-02-17T06:48:33+00:00","article_modified_time":"2026-02-17T06:48:36+00:00","og_image":[{"width":1524,"height":1013,"url":"https:\/\/footdavant.fr\/actualites\/wp-content\/uploads\/2026\/02\/1771310914_Le-probleme-de-Liverpool-met-en-danger-la-place-de.jpg","type":"image\/jpeg"}],"author":"Cl\u00e9ment","twitter_card":"summary_large_image","twitter_creator":"@FootdavantFr","twitter_site":"@FootdavantFr","twitter_misc":{"\u00c9crit par":"Cl\u00e9ment","Dur\u00e9e de lecture estim\u00e9e":"4 minutes"},"schema":{"@context":"https:\/\/schema.org","@graph":[{"@type":"Article","@id":"https:\/\/footdavant.fr\/actualites\/le-probleme-de-liverpool-met-en-danger-la-place-de-la-ligue-des-champions\/#article","isPartOf":{"@id":"https:\/\/footdavant.fr\/actualites\/le-probleme-de-liverpool-met-en-danger-la-place-de-la-ligue-des-champions\/"},"author":{"name":"Cl\u00e9ment","@id":"https:\/\/footdavant.fr\/actualites\/#\/schema\/person\/bc222566d95871b37e597b3ed3ba5e1d"},"headline":"Le probl\u00e8me de Liverpool met en danger la place de la Ligue des champions","datePublished":"2026-02-17T06:48:33+00:00","dateModified":"2026-02-17T06:48:36+00:00","mainEntityOfPage":{"@id":"https:\/\/footdavant.fr\/actualites\/le-probleme-de-liverpool-met-en-danger-la-place-de-la-ligue-des-champions\/"},"wordCount":853,"publisher":{"@id":"https:\/\/footdavant.fr\/actualites\/#organization"},"keywords":["champions","danger","des","Ligue","Liverpool","met","place","probl\u00e8me"],"articleSection":["Football"],"inLanguage":"fr-FR"},{"@type":"WebPage","@id":"https:\/\/footdavant.fr\/actualites\/le-probleme-de-liverpool-met-en-danger-la-place-de-la-ligue-des-champions\/","url":"https:\/\/footdavant.fr\/actualites\/le-probleme-de-liverpool-met-en-danger-la-place-de-la-ligue-des-champions\/","name":"Le probl\u00e8me de Liverpool met en danger la place de la Ligue des champions","isPartOf":{"@id":"https:\/\/footdavant.fr\/actualites\/#website"},"datePublished":"2026-02-17T06:48:33+00:00","dateModified":"2026-02-17T06:48:36+00:00","breadcrumb":{"@id":"https:\/\/footdavant.fr\/actualites\/le-probleme-de-liverpool-met-en-danger-la-place-de-la-ligue-des-champions\/#breadcrumb"},"inLanguage":"fr-FR","potentialAction":[{"@type":"ReadAction","target":["https:\/\/footdavant.fr\/actualites\/le-probleme-de-liverpool-met-en-danger-la-place-de-la-ligue-des-champions\/"]}]},{"@type":"BreadcrumbList","@id":"https:\/\/footdavant.fr\/actualites\/le-probleme-de-liverpool-met-en-danger-la-place-de-la-ligue-des-champions\/#breadcrumb","itemListElement":[{"@type":"ListItem","position":1,"name":"Accueil","item":"https:\/\/footdavant.fr\/actualites\/"},{"@type":"ListItem","position":2,"name":"Le probl\u00e8me de Liverpool met en danger la place de la Ligue des champions"}]},{"@type":"WebSite","@id":"https:\/\/footdavant.fr\/actualites\/#website","url":"https:\/\/footdavant.fr\/actualites\/","name":"Foot d'avant","description":"","publisher":{"@id":"https:\/\/footdavant.fr\/actualites\/#organization"},"potentialAction":[{"@type":"SearchAction","target":{"@type":"EntryPoint","urlTemplate":"https:\/\/footdavant.fr\/actualites\/?s={search_term_string}"},"query-input":"required name=search_term_string"}],"inLanguage":"fr-FR"},{"@type":"Organization","@id":"https:\/\/footdavant.fr\/actualites\/#organization","name":"Foot d'avant","url":"https:\/\/footdavant.fr\/actualites\/","logo":{"@type":"ImageObject","inLanguage":"fr-FR","@id":"https:\/\/footdavant.fr\/actualites\/#\/schema\/logo\/image\/","url":"https:\/\/footdavant.fr\/actualites\/wp-content\/uploads\/2023\/09\/Copy-of-FootDavant-Logo.png","contentUrl":"https:\/\/footdavant.fr\/actualites\/wp-content\/uploads\/2023\/09\/Copy-of-FootDavant-Logo.png","width":936,"height":549,"caption":"Foot d'avant"},"image":{"@id":"https:\/\/footdavant.fr\/actualites\/#\/schema\/logo\/image\/"},"sameAs":["https:\/\/www.facebook.com\/Footdavant\/","https:\/\/twitter.com\/FootdavantFr","https:\/\/www.instagram.com\/footdavant.fr\/"]},{"@type":"Person","@id":"https:\/\/footdavant.fr\/actualites\/#\/schema\/person\/bc222566d95871b37e597b3ed3ba5e1d","name":"Cl\u00e9ment","image":{"@type":"ImageObject","inLanguage":"fr-FR","@id":"https:\/\/footdavant.fr\/actualites\/#\/schema\/person\/image\/","url":"https:\/\/secure.gravatar.com\/avatar\/7728b29aac2719421e1a9159b2254c44?s=96&d=mm&r=g","contentUrl":"https:\/\/secure.gravatar.com\/avatar\/7728b29aac2719421e1a9159b2254c44?s=96&d=mm&r=g","caption":"Cl\u00e9ment"},"sameAs":["https:\/\/footdavant.fr\/"]}]}},"_links":{"self":[{"href":"https:\/\/footdavant.fr\/actualites\/wp-json\/wp\/v2\/posts\/34570"}],"collection":[{"href":"https:\/\/footdavant.fr\/actualites\/wp-json\/wp\/v2\/posts"}],"about":[{"href":"https:\/\/footdavant.fr\/actualites\/wp-json\/wp\/v2\/types\/post"}],"author":[{"embeddable":true,"href":"https:\/\/footdavant.fr\/actualites\/wp-json\/wp\/v2\/users\/1"}],"replies":[{"embeddable":true,"href":"https:\/\/footdavant.fr\/actualites\/wp-json\/wp\/v2\/comments?post=34570"}],"version-history":[{"count":1,"href":"https:\/\/footdavant.fr\/actualites\/wp-json\/wp\/v2\/posts\/34570\/revisions"}],"predecessor-version":[{"id":34572,"href":"https:\/\/footdavant.fr\/actualites\/wp-json\/wp\/v2\/posts\/34570\/revisions\/34572"}],"wp:featuredmedia":[{"embeddable":true,"href":"https:\/\/footdavant.fr\/actualites\/wp-json\/wp\/v2\/media\/34571"}],"wp:attachment":[{"href":"https:\/\/footdavant.fr\/actualites\/wp-json\/wp\/v2\/media?parent=34570"}],"wp:term":[{"taxonomy":"category","embeddable":true,"href":"https:\/\/footdavant.fr\/actualites\/wp-json\/wp\/v2\/categories?post=34570"},{"taxonomy":"post_tag","embeddable":true,"href":"https:\/\/footdavant.fr\/actualites\/wp-json\/wp\/v2\/tags?post=34570"}],"curies":[{"name":"wp","href":"https:\/\/api.w.org\/{rel}","templated":true}]}}