{"id":34579,"date":"2026-02-17T13:48:01","date_gmt":"2026-02-17T12:48:01","guid":{"rendered":"https:\/\/footdavant.fr\/actualites\/florian-wirtz-de-retour-sur-le-radar-du-bayern-munich-alors-que-loperation-calculee-commence-pour-le-joyau-de-liverpool\/"},"modified":"2026-02-17T13:48:02","modified_gmt":"2026-02-17T12:48:02","slug":"florian-wirtz-de-retour-sur-le-radar-du-bayern-munich-alors-que-loperation-calculee-commence-pour-le-joyau-de-liverpool","status":"publish","type":"post","link":"https:\/\/footdavant.fr\/actualites\/florian-wirtz-de-retour-sur-le-radar-du-bayern-munich-alors-que-loperation-calculee-commence-pour-le-joyau-de-liverpool\/","title":{"rendered":"Florian Wirtz de retour sur le radar du Bayern Munich alors que l&#39;op\u00e9ration \u00ab calcul\u00e9e \u00bb commence pour le joyau de Liverpool"},"content":{"rendered":"<div itemprop=\"articleBody\">\n<p>Le Bayern Munich n&#39;aurait pas abandonn\u00e9 l&#39;espoir d&#39;attirer Florian Wirtz \u00e0 l&#39;Allianz Arena apr\u00e8s avoir perdu sa signature \u00e0 Liverpool l&#39;\u00e9t\u00e9 dernier.<\/p>\n<p>Les champions de Bundesliga n&#39;ont pas r\u00e9ussi \u00e0 d\u00e9baucher l&#39;international allemand du Bayer Leverkusen, Liverpool ayant fait de lui leur signature la plus ch\u00e8re de tous les temps dans le cadre d&#39;une transaction de 116 millions de livres sterling.<\/p>\n<p>Wirtz a \u00e9t\u00e9 rapidement d\u00e9pass\u00e9 dans le tableau des transferts de tous les temps \u00e0 Liverpool par l&#39;attaquant de 125 millions de livres sterling Alexander Isak, et le meneur de jeu a d&#39;abord eu du mal \u00e0 justifier son prix en Premier League.<\/p>\n<p>Cependant, Wirtz a finalement trouv\u00e9 ses marques dans le syst\u00e8me d&#39;Arne Slot, et le joueur de 22 ans compte d\u00e9sormais six buts et huit passes d\u00e9cisives en 35 matches pour les champions en titre de la Premier League, tous tournois confondus.<\/p>\n<p>Les Reds risquent toujours de rater le football de la Ligue des champions pour 2026-27, car ils occupent la sixi\u00e8me place du classement de la Premier League, \u00e0 deux points de Chelsea et trois \u00e0 la d\u00e9rive de Manchester United.<\/p>\n<h2>Le Bayern Munich r\u00e9tablit la \u00ab\u00a0proximit\u00e9 \u00e9motionnelle\u00a0\u00bb avec Florian Wirtz de Liverpool<\/h2>\n<div>\n<div>\n<div>\n<div>\n<div>\n<p>\u00a9 Imago \/ Nico Herbertz<\/p>\n<\/div>\n<\/div>\n<\/div>\n<\/div>\n<\/div>\n<p>Si l&#39;\u00e9quipe de Slot ne parvenait pas \u00e0 d\u00eener \u00e0 nouveau au sommet du classement europ\u00e9en la saison prochaine, le Bayern pourrait tenter d&#39;en profiter, selon <em>Espace Bayern<\/em> via <em>Discussion en \u00e9quipe<\/em>.<\/p>\n<p>L&#39;agent et p\u00e8re de Wirtz a apparemment \u00e9t\u00e9 contact\u00e9 par le pr\u00e9sident d&#39;honneur du Bayern, Uli Hoeness, dans le cadre de ce qui \u00e9tait une tactique \u00ab\u00a0calcul\u00e9e\u00a0\u00bb plut\u00f4t qu&#39;un geste \u00ab\u00a0spontan\u00e9\u00a0\u00bb en raison de sa forme.<\/p>\n<p>Certains \u00e0 l&#39;Allianz Arena esp\u00e9raient pr\u00e9tendument que Wirtz aurait du mal \u00e0 s&#39;adapter \u00e0 la Premier League, mais ils ont \u00e9t\u00e9 impressionn\u00e9s par son ajustement \u00ab transparent \u00bb, et il est de retour sur le radar des Bavarois.<\/p>\n<p>Le contact du Bayern aurait impliqu\u00e9 le club f\u00e9licitant Wirtz pour ses r\u00e9cents exploits, ravivant la \u00ab chaleur \u00bb et la \u00ab proximit\u00e9 \u00e9motionnelle \u00bb, et affirmant que les portes de l&#39;Allianz Arena sont toujours ouvertes.<\/p>\n<p>Le FC Hollywood a utilis\u00e9 la m\u00eame tactique avec Leroy Sane, qu&#39;il a \u00e9loign\u00e9 de Manchester City en 2020 apr\u00e8s une p\u00e9riode de quatre ans, et il est optimiste qu&#39;une approche similaire pourrait porter ses fruits ici \u00e9galement.<\/p>\n<h2>Les fans de Liverpool devraient-ils craindre la sortie de Florian Wirtz ?<\/h2>\n<div>\n<div>\n<div>\n<div>\n<div><img decoding=\"async\" data-img-id=\"156399\" class=\"lazy\" loading=\"lazy\" src=\"https:\/\/footdavant.fr\/actualites\/wp-content\/uploads\/2026\/02\/1771332481_940_Florian-Wirtz-de-retour-sur-le-radar-du-Bayern-Munich.webp\"\/><\/p>\n<p>\u00a9 Imago \/ Photo de propagande<\/p>\n<\/div>\n<\/div>\n<\/div>\n<\/div>\n<\/div>\n<p>Wirtz a sign\u00e9 un contrat de cinq ans \u00e0 son arriv\u00e9e \u00e0 Anfield l&#39;\u00e9t\u00e9 dernier, ce qui signifie que le meneur de jeu ne deviendra agent libre qu&#39;en 2030, et Liverpool peut exiger une prime pour le r\u00e9silier de son contrat.<\/p>\n<p>De plus, le p\u00e8re de Wirtz aurait inform\u00e9 l&#39;\u00e9quipe de Vincent Kompany que le joueur de 22 ans consid\u00e9rait son d\u00e9m\u00e9nagement \u00e0 Liverpool comme un s\u00e9jour \u00e0 long terme, plut\u00f4t que comme une br\u00e8ve pause dans son chapitre en Allemagne.<\/p>\n<p>En cons\u00e9quence, il n&#39;y a \u00ab\u00a0aucun sc\u00e9nario concevable\u00a0\u00bb dans lequel le meneur de jeu pourrait rev\u00eatir le maillot du Bayern dans un avenir proche, et il n&#39;est m\u00eame pas tent\u00e9 de quitter Anfield pour Barcelone ou le Real Madrid \u00e0 ce stade de sa carri\u00e8re.<\/p>\n<p>La position de Wirtz pourrait tr\u00e8s bien changer si Liverpool se passe du football de l&#39;UCL pendant quelques ann\u00e9es, mais les fans des Reds ne devraient pas craindre une sortie estivale rapide pour leur joyau florissant.<\/p>\n<\/div>\n","protected":false},"excerpt":{"rendered":"<p>Le Bayern Munich n&#39;aurait pas abandonn\u00e9 l&#39;espoir d&#39;attirer Florian Wirtz \u00e0 l&#39;Allianz Arena apr\u00e8s avoir perdu sa signature \u00e0 Liverpool l&#39;\u00e9t\u00e9 dernier. Les champions de<\/p>\n","protected":false},"author":1,"featured_media":34580,"comment_status":"closed","ping_status":"","sticky":false,"template":"","format":"standard","meta":{"footnotes":""},"categories":[5],"tags":[318,340,11516,1331,718,720,9460,53,341,51,5090,393,103,719],"yoast_head":"<!-- This site is optimized with the Yoast SEO plugin v21.0 - https:\/\/yoast.com\/wordpress\/plugins\/seo\/ -->\n<title>Florian Wirtz de retour sur le radar du Bayern Munich alors que l&#039;op\u00e9ration \u00ab calcul\u00e9e \u00bb commence pour le joyau de Liverpool<\/title>\n<meta name=\"robots\" content=\"index, follow, max-snippet:-1, max-image-preview:large, max-video-preview:-1\" \/>\n<link rel=\"canonical\" href=\"https:\/\/footdavant.fr\/actualites\/florian-wirtz-de-retour-sur-le-radar-du-bayern-munich-alors-que-loperation-calculee-commence-pour-le-joyau-de-liverpool\/\" \/>\n<meta property=\"og:locale\" content=\"fr_FR\" \/>\n<meta property=\"og:type\" content=\"article\" \/>\n<meta property=\"og:title\" content=\"Florian Wirtz de retour sur le radar du Bayern Munich alors que l&#039;op\u00e9ration \u00ab calcul\u00e9e \u00bb commence pour le joyau de Liverpool\" \/>\n<meta property=\"og:description\" content=\"Le Bayern Munich n&#039;aurait pas abandonn\u00e9 l&#039;espoir d&#039;attirer Florian Wirtz \u00e0 l&#039;Allianz Arena apr\u00e8s avoir perdu sa signature \u00e0 Liverpool l&#039;\u00e9t\u00e9 dernier. Les champions de\" \/>\n<meta property=\"og:url\" content=\"https:\/\/footdavant.fr\/actualites\/florian-wirtz-de-retour-sur-le-radar-du-bayern-munich-alors-que-loperation-calculee-commence-pour-le-joyau-de-liverpool\/\" \/>\n<meta property=\"og:site_name\" content=\"Foot d&#039;avant\" \/>\n<meta property=\"article:publisher\" content=\"https:\/\/www.facebook.com\/Footdavant\/\" \/>\n<meta property=\"article:published_time\" content=\"2026-02-17T12:48:01+00:00\" \/>\n<meta property=\"article:modified_time\" content=\"2026-02-17T12:48:02+00:00\" \/>\n<meta property=\"og:image\" content=\"https:\/\/footdavant.fr\/actualites\/wp-content\/uploads\/2026\/02\/Florian-Wirtz-de-retour-sur-le-radar-du-Bayern-Munich.net2Fuploads2F20262F022Fimago1072665375.webp\" \/>\n\t<meta property=\"og:image:width\" content=\"720\" \/>\n\t<meta property=\"og:image:height\" content=\"410\" \/>\n\t<meta property=\"og:image:type\" content=\"image\/webp\" \/>\n<meta name=\"author\" content=\"Cl\u00e9ment\" \/>\n<meta name=\"twitter:card\" content=\"summary_large_image\" \/>\n<meta name=\"twitter:creator\" content=\"@FootdavantFr\" \/>\n<meta name=\"twitter:site\" content=\"@FootdavantFr\" \/>\n<meta name=\"twitter:label1\" content=\"\u00c9crit par\" \/>\n\t<meta name=\"twitter:data1\" content=\"Cl\u00e9ment\" \/>\n\t<meta name=\"twitter:label2\" content=\"Dur\u00e9e de lecture estim\u00e9e\" \/>\n\t<meta name=\"twitter:data2\" content=\"3 minutes\" \/>\n<script type=\"application\/ld+json\" class=\"yoast-schema-graph\">{\"@context\":\"https:\/\/schema.org\",\"@graph\":[{\"@type\":\"Article\",\"@id\":\"https:\/\/footdavant.fr\/actualites\/florian-wirtz-de-retour-sur-le-radar-du-bayern-munich-alors-que-loperation-calculee-commence-pour-le-joyau-de-liverpool\/#article\",\"isPartOf\":{\"@id\":\"https:\/\/footdavant.fr\/actualites\/florian-wirtz-de-retour-sur-le-radar-du-bayern-munich-alors-que-loperation-calculee-commence-pour-le-joyau-de-liverpool\/\"},\"author\":{\"name\":\"Cl\u00e9ment\",\"@id\":\"https:\/\/footdavant.fr\/actualites\/#\/schema\/person\/bc222566d95871b37e597b3ed3ba5e1d\"},\"headline\":\"Florian Wirtz de retour sur le radar du Bayern Munich alors que l&#39;op\u00e9ration \u00ab calcul\u00e9e \u00bb commence pour le joyau de Liverpool\",\"datePublished\":\"2026-02-17T12:48:01+00:00\",\"dateModified\":\"2026-02-17T12:48:02+00:00\",\"mainEntityOfPage\":{\"@id\":\"https:\/\/footdavant.fr\/actualites\/florian-wirtz-de-retour-sur-le-radar-du-bayern-munich-alors-que-loperation-calculee-commence-pour-le-joyau-de-liverpool\/\"},\"wordCount\":618,\"publisher\":{\"@id\":\"https:\/\/footdavant.fr\/actualites\/#organization\"},\"keywords\":[\"alors\",\"Bayern\",\"calcul\u00e9e\",\"commenc\u00e9\",\"Florian\",\"joyau\",\"l39op\u00e9ration\",\"Liverpool\",\"Munich\",\"pour\",\"radar\",\"retour\",\"sur\",\"Wirtz\"],\"articleSection\":[\"Premier League\"],\"inLanguage\":\"fr-FR\"},{\"@type\":\"WebPage\",\"@id\":\"https:\/\/footdavant.fr\/actualites\/florian-wirtz-de-retour-sur-le-radar-du-bayern-munich-alors-que-loperation-calculee-commence-pour-le-joyau-de-liverpool\/\",\"url\":\"https:\/\/footdavant.fr\/actualites\/florian-wirtz-de-retour-sur-le-radar-du-bayern-munich-alors-que-loperation-calculee-commence-pour-le-joyau-de-liverpool\/\",\"name\":\"Florian Wirtz de retour sur le radar du Bayern Munich alors que l&#39;op\u00e9ration \u00ab calcul\u00e9e \u00bb commence pour le joyau de Liverpool\",\"isPartOf\":{\"@id\":\"https:\/\/footdavant.fr\/actualites\/#website\"},\"datePublished\":\"2026-02-17T12:48:01+00:00\",\"dateModified\":\"2026-02-17T12:48:02+00:00\",\"breadcrumb\":{\"@id\":\"https:\/\/footdavant.fr\/actualites\/florian-wirtz-de-retour-sur-le-radar-du-bayern-munich-alors-que-loperation-calculee-commence-pour-le-joyau-de-liverpool\/#breadcrumb\"},\"inLanguage\":\"fr-FR\",\"potentialAction\":[{\"@type\":\"ReadAction\",\"target\":[\"https:\/\/footdavant.fr\/actualites\/florian-wirtz-de-retour-sur-le-radar-du-bayern-munich-alors-que-loperation-calculee-commence-pour-le-joyau-de-liverpool\/\"]}]},{\"@type\":\"BreadcrumbList\",\"@id\":\"https:\/\/footdavant.fr\/actualites\/florian-wirtz-de-retour-sur-le-radar-du-bayern-munich-alors-que-loperation-calculee-commence-pour-le-joyau-de-liverpool\/#breadcrumb\",\"itemListElement\":[{\"@type\":\"ListItem\",\"position\":1,\"name\":\"Accueil\",\"item\":\"https:\/\/footdavant.fr\/actualites\/\"},{\"@type\":\"ListItem\",\"position\":2,\"name\":\"Florian Wirtz de retour sur le radar du Bayern Munich alors que l&#39;op\u00e9ration \u00ab calcul\u00e9e \u00bb commence pour le joyau de Liverpool\"}]},{\"@type\":\"WebSite\",\"@id\":\"https:\/\/footdavant.fr\/actualites\/#website\",\"url\":\"https:\/\/footdavant.fr\/actualites\/\",\"name\":\"Foot d'avant\",\"description\":\"\",\"publisher\":{\"@id\":\"https:\/\/footdavant.fr\/actualites\/#organization\"},\"potentialAction\":[{\"@type\":\"SearchAction\",\"target\":{\"@type\":\"EntryPoint\",\"urlTemplate\":\"https:\/\/footdavant.fr\/actualites\/?s={search_term_string}\"},\"query-input\":\"required name=search_term_string\"}],\"inLanguage\":\"fr-FR\"},{\"@type\":\"Organization\",\"@id\":\"https:\/\/footdavant.fr\/actualites\/#organization\",\"name\":\"Foot d'avant\",\"url\":\"https:\/\/footdavant.fr\/actualites\/\",\"logo\":{\"@type\":\"ImageObject\",\"inLanguage\":\"fr-FR\",\"@id\":\"https:\/\/footdavant.fr\/actualites\/#\/schema\/logo\/image\/\",\"url\":\"https:\/\/footdavant.fr\/actualites\/wp-content\/uploads\/2023\/09\/Copy-of-FootDavant-Logo.png\",\"contentUrl\":\"https:\/\/footdavant.fr\/actualites\/wp-content\/uploads\/2023\/09\/Copy-of-FootDavant-Logo.png\",\"width\":936,\"height\":549,\"caption\":\"Foot d'avant\"},\"image\":{\"@id\":\"https:\/\/footdavant.fr\/actualites\/#\/schema\/logo\/image\/\"},\"sameAs\":[\"https:\/\/www.facebook.com\/Footdavant\/\",\"https:\/\/twitter.com\/FootdavantFr\",\"https:\/\/www.instagram.com\/footdavant.fr\/\"]},{\"@type\":\"Person\",\"@id\":\"https:\/\/footdavant.fr\/actualites\/#\/schema\/person\/bc222566d95871b37e597b3ed3ba5e1d\",\"name\":\"Cl\u00e9ment\",\"image\":{\"@type\":\"ImageObject\",\"inLanguage\":\"fr-FR\",\"@id\":\"https:\/\/footdavant.fr\/actualites\/#\/schema\/person\/image\/\",\"url\":\"https:\/\/secure.gravatar.com\/avatar\/7728b29aac2719421e1a9159b2254c44?s=96&d=mm&r=g\",\"contentUrl\":\"https:\/\/secure.gravatar.com\/avatar\/7728b29aac2719421e1a9159b2254c44?s=96&d=mm&r=g\",\"caption\":\"Cl\u00e9ment\"},\"sameAs\":[\"https:\/\/footdavant.fr\/\"]}]}<\/script>\n<!-- \/ Yoast SEO plugin. -->","yoast_head_json":{"title":"Florian Wirtz de retour sur le radar du Bayern Munich alors que l&#39;op\u00e9ration \u00ab calcul\u00e9e \u00bb commence pour le joyau de Liverpool","robots":{"index":"index","follow":"follow","max-snippet":"max-snippet:-1","max-image-preview":"max-image-preview:large","max-video-preview":"max-video-preview:-1"},"canonical":"https:\/\/footdavant.fr\/actualites\/florian-wirtz-de-retour-sur-le-radar-du-bayern-munich-alors-que-loperation-calculee-commence-pour-le-joyau-de-liverpool\/","og_locale":"fr_FR","og_type":"article","og_title":"Florian Wirtz de retour sur le radar du Bayern Munich alors que l&#39;op\u00e9ration \u00ab calcul\u00e9e \u00bb commence pour le joyau de Liverpool","og_description":"Le Bayern Munich n&#39;aurait pas abandonn\u00e9 l&#39;espoir d&#39;attirer Florian Wirtz \u00e0 l&#39;Allianz Arena apr\u00e8s avoir perdu sa signature \u00e0 Liverpool l&#39;\u00e9t\u00e9 dernier. Les champions de","og_url":"https:\/\/footdavant.fr\/actualites\/florian-wirtz-de-retour-sur-le-radar-du-bayern-munich-alors-que-loperation-calculee-commence-pour-le-joyau-de-liverpool\/","og_site_name":"Foot d&#039;avant","article_publisher":"https:\/\/www.facebook.com\/Footdavant\/","article_published_time":"2026-02-17T12:48:01+00:00","article_modified_time":"2026-02-17T12:48:02+00:00","og_image":[{"width":720,"height":410,"url":"https:\/\/footdavant.fr\/actualites\/wp-content\/uploads\/2026\/02\/Florian-Wirtz-de-retour-sur-le-radar-du-Bayern-Munich.net2Fuploads2F20262F022Fimago1072665375.webp","type":"image\/webp"}],"author":"Cl\u00e9ment","twitter_card":"summary_large_image","twitter_creator":"@FootdavantFr","twitter_site":"@FootdavantFr","twitter_misc":{"\u00c9crit par":"Cl\u00e9ment","Dur\u00e9e de lecture estim\u00e9e":"3 minutes"},"schema":{"@context":"https:\/\/schema.org","@graph":[{"@type":"Article","@id":"https:\/\/footdavant.fr\/actualites\/florian-wirtz-de-retour-sur-le-radar-du-bayern-munich-alors-que-loperation-calculee-commence-pour-le-joyau-de-liverpool\/#article","isPartOf":{"@id":"https:\/\/footdavant.fr\/actualites\/florian-wirtz-de-retour-sur-le-radar-du-bayern-munich-alors-que-loperation-calculee-commence-pour-le-joyau-de-liverpool\/"},"author":{"name":"Cl\u00e9ment","@id":"https:\/\/footdavant.fr\/actualites\/#\/schema\/person\/bc222566d95871b37e597b3ed3ba5e1d"},"headline":"Florian Wirtz de retour sur le radar du Bayern Munich alors que l&#39;op\u00e9ration \u00ab calcul\u00e9e \u00bb commence pour le joyau de Liverpool","datePublished":"2026-02-17T12:48:01+00:00","dateModified":"2026-02-17T12:48:02+00:00","mainEntityOfPage":{"@id":"https:\/\/footdavant.fr\/actualites\/florian-wirtz-de-retour-sur-le-radar-du-bayern-munich-alors-que-loperation-calculee-commence-pour-le-joyau-de-liverpool\/"},"wordCount":618,"publisher":{"@id":"https:\/\/footdavant.fr\/actualites\/#organization"},"keywords":["alors","Bayern","calcul\u00e9e","commenc\u00e9","Florian","joyau","l39op\u00e9ration","Liverpool","Munich","pour","radar","retour","sur","Wirtz"],"articleSection":["Premier League"],"inLanguage":"fr-FR"},{"@type":"WebPage","@id":"https:\/\/footdavant.fr\/actualites\/florian-wirtz-de-retour-sur-le-radar-du-bayern-munich-alors-que-loperation-calculee-commence-pour-le-joyau-de-liverpool\/","url":"https:\/\/footdavant.fr\/actualites\/florian-wirtz-de-retour-sur-le-radar-du-bayern-munich-alors-que-loperation-calculee-commence-pour-le-joyau-de-liverpool\/","name":"Florian Wirtz de retour sur le radar du Bayern Munich alors que l&#39;op\u00e9ration \u00ab calcul\u00e9e \u00bb commence pour le joyau de Liverpool","isPartOf":{"@id":"https:\/\/footdavant.fr\/actualites\/#website"},"datePublished":"2026-02-17T12:48:01+00:00","dateModified":"2026-02-17T12:48:02+00:00","breadcrumb":{"@id":"https:\/\/footdavant.fr\/actualites\/florian-wirtz-de-retour-sur-le-radar-du-bayern-munich-alors-que-loperation-calculee-commence-pour-le-joyau-de-liverpool\/#breadcrumb"},"inLanguage":"fr-FR","potentialAction":[{"@type":"ReadAction","target":["https:\/\/footdavant.fr\/actualites\/florian-wirtz-de-retour-sur-le-radar-du-bayern-munich-alors-que-loperation-calculee-commence-pour-le-joyau-de-liverpool\/"]}]},{"@type":"BreadcrumbList","@id":"https:\/\/footdavant.fr\/actualites\/florian-wirtz-de-retour-sur-le-radar-du-bayern-munich-alors-que-loperation-calculee-commence-pour-le-joyau-de-liverpool\/#breadcrumb","itemListElement":[{"@type":"ListItem","position":1,"name":"Accueil","item":"https:\/\/footdavant.fr\/actualites\/"},{"@type":"ListItem","position":2,"name":"Florian Wirtz de retour sur le radar du Bayern Munich alors que l&#39;op\u00e9ration \u00ab calcul\u00e9e \u00bb commence pour le joyau de Liverpool"}]},{"@type":"WebSite","@id":"https:\/\/footdavant.fr\/actualites\/#website","url":"https:\/\/footdavant.fr\/actualites\/","name":"Foot d'avant","description":"","publisher":{"@id":"https:\/\/footdavant.fr\/actualites\/#organization"},"potentialAction":[{"@type":"SearchAction","target":{"@type":"EntryPoint","urlTemplate":"https:\/\/footdavant.fr\/actualites\/?s={search_term_string}"},"query-input":"required name=search_term_string"}],"inLanguage":"fr-FR"},{"@type":"Organization","@id":"https:\/\/footdavant.fr\/actualites\/#organization","name":"Foot d'avant","url":"https:\/\/footdavant.fr\/actualites\/","logo":{"@type":"ImageObject","inLanguage":"fr-FR","@id":"https:\/\/footdavant.fr\/actualites\/#\/schema\/logo\/image\/","url":"https:\/\/footdavant.fr\/actualites\/wp-content\/uploads\/2023\/09\/Copy-of-FootDavant-Logo.png","contentUrl":"https:\/\/footdavant.fr\/actualites\/wp-content\/uploads\/2023\/09\/Copy-of-FootDavant-Logo.png","width":936,"height":549,"caption":"Foot d'avant"},"image":{"@id":"https:\/\/footdavant.fr\/actualites\/#\/schema\/logo\/image\/"},"sameAs":["https:\/\/www.facebook.com\/Footdavant\/","https:\/\/twitter.com\/FootdavantFr","https:\/\/www.instagram.com\/footdavant.fr\/"]},{"@type":"Person","@id":"https:\/\/footdavant.fr\/actualites\/#\/schema\/person\/bc222566d95871b37e597b3ed3ba5e1d","name":"Cl\u00e9ment","image":{"@type":"ImageObject","inLanguage":"fr-FR","@id":"https:\/\/footdavant.fr\/actualites\/#\/schema\/person\/image\/","url":"https:\/\/secure.gravatar.com\/avatar\/7728b29aac2719421e1a9159b2254c44?s=96&d=mm&r=g","contentUrl":"https:\/\/secure.gravatar.com\/avatar\/7728b29aac2719421e1a9159b2254c44?s=96&d=mm&r=g","caption":"Cl\u00e9ment"},"sameAs":["https:\/\/footdavant.fr\/"]}]}},"_links":{"self":[{"href":"https:\/\/footdavant.fr\/actualites\/wp-json\/wp\/v2\/posts\/34579"}],"collection":[{"href":"https:\/\/footdavant.fr\/actualites\/wp-json\/wp\/v2\/posts"}],"about":[{"href":"https:\/\/footdavant.fr\/actualites\/wp-json\/wp\/v2\/types\/post"}],"author":[{"embeddable":true,"href":"https:\/\/footdavant.fr\/actualites\/wp-json\/wp\/v2\/users\/1"}],"replies":[{"embeddable":true,"href":"https:\/\/footdavant.fr\/actualites\/wp-json\/wp\/v2\/comments?post=34579"}],"version-history":[{"count":1,"href":"https:\/\/footdavant.fr\/actualites\/wp-json\/wp\/v2\/posts\/34579\/revisions"}],"predecessor-version":[{"id":34581,"href":"https:\/\/footdavant.fr\/actualites\/wp-json\/wp\/v2\/posts\/34579\/revisions\/34581"}],"wp:featuredmedia":[{"embeddable":true,"href":"https:\/\/footdavant.fr\/actualites\/wp-json\/wp\/v2\/media\/34580"}],"wp:attachment":[{"href":"https:\/\/footdavant.fr\/actualites\/wp-json\/wp\/v2\/media?parent=34579"}],"wp:term":[{"taxonomy":"category","embeddable":true,"href":"https:\/\/footdavant.fr\/actualites\/wp-json\/wp\/v2\/categories?post=34579"},{"taxonomy":"post_tag","embeddable":true,"href":"https:\/\/footdavant.fr\/actualites\/wp-json\/wp\/v2\/tags?post=34579"}],"curies":[{"name":"wp","href":"https:\/\/api.w.org\/{rel}","templated":true}]}}