{"id":34588,"date":"2026-02-17T19:48:08","date_gmt":"2026-02-17T18:48:08","guid":{"rendered":"https:\/\/footdavant.fr\/actualites\/les-medias-adorent-creer-une-non-histoire-paresseuse-sur-chelsea\/"},"modified":"2026-02-17T19:48:10","modified_gmt":"2026-02-17T18:48:10","slug":"les-medias-adorent-creer-une-non-histoire-paresseuse-sur-chelsea","status":"publish","type":"post","link":"https:\/\/footdavant.fr\/actualites\/les-medias-adorent-creer-une-non-histoire-paresseuse-sur-chelsea\/","title":{"rendered":"Les m\u00e9dias adorent cr\u00e9er une non-histoire paresseuse sur Chelsea"},"content":{"rendered":"<div>\n<p>J&#39;\u00e9cris ceci \u00e0 6h30 mardi matin, donc je m&#39;attends \u00e0 ce que davantage soit \u00e9crit et dit sur Cole Palmer, Marc Cucurella et Joao Pedro aper\u00e7us en train de se s\u00e9parer \u00e0 Duba\u00ef, pr\u00e9tendument\u2026.<\/p>\n<p>Ce serait \u00e9videmment ridicule si quelqu&#39;un d\u00e9cidait de dramatiser cela ou d&#39;en parler n\u00e9gativement, car ce ne sont que trois gars qui profitent d&#39;un temps d&#39;arr\u00eat. Mais je suis s\u00fbr que certains dans les m\u00e9dias ou sur X d\u00e9cideront de publier un article \u00e0 ce sujet en affirmant qu&#39;ils ne devraient pas vivre une vie loin du football ou autre.<\/p>\n<p>Si cela se produit, continuez votre jogging. Faites-en un. Ces joueurs consacrent litt\u00e9ralement 99 % de leur temps au football. Oui, ils sont tr\u00e8s bien pay\u00e9s pour le faire. Oui, la plupart des gens au niveau local doivent payer pour jouer au football. Ils ont donc beaucoup de chance, et ils sauront qu\u2019ils ont beaucoup de chance. Mais cela ne signifie pas pour autant qu&#39;ils ne peuvent pas profiter d&#39;un moment de repos, prendre un verre de temps en temps et danser un peu dans un club. Permettez-le. Laissez-vous aller les gars, cela arrive rarement, et tout le monde a besoin d&#39;un d\u00e9bouch\u00e9 de son travail quotidien de temps en temps.<\/p>\n<p>Donc, avant m\u00eame que cela ne devienne une non-histoire, je l&#39;arr\u00eate.<\/p>\n<p>La deuxi\u00e8me non-histoire est que les joueurs de Chelsea \u00ab ignorent \u00bb les mascottes de Hull City. Tellement ennuyeux, mec.<\/p>\n<p>Si vous regardez la vid\u00e9o, les joueurs entrent et les enfants sont \u00e0 leur droite. Ils sont tellement concentr\u00e9s et excit\u00e9s, concentr\u00e9s sur leur d\u00e9placement vers les vestiaires pour se pr\u00e9parer pour un grand match de la FA Cup, qu&#39;ils n&#39;auraient m\u00eame pas r\u00e9alis\u00e9 que ces enfants \u00e9taient l\u00e0. Si quelqu&#39;un me dit qu&#39;ils ont d\u00e9lib\u00e9r\u00e9ment d\u00e9cid\u00e9 d&#39;ignorer ces enfants, j&#39;ai bien peur que vous ayez tort.<\/p>\n<p>Ils \u00e9taient dans leur zone. Liam Delap a vu un ancien membre du staff qu&#39;il a serr\u00e9 dans ses bras, bien s\u00fbr. Mais elle \u00e9tait plus loin et plus dans ses yeux et en plus, ils sont amis !<\/p>\n<p>Aucune de ces mascottes de Hull n&#39;avait la main tendue pour chercher une poign\u00e9e de main, ce n&#39;\u00e9taient pas des fans de Chelsea, et regardez leurs visages, ils \u00e9taient juste l\u00e0 et bourdonnaient pour voir les stars de Chelsea de toute fa\u00e7on, ils ne s&#39;attendaient m\u00eame pas \u00e0 des poign\u00e9es de main ou \u00e0 des remerciements \u2013 ils l&#39;ont aussi eu plus tard pour les compositions d&#39;\u00e9quipe et aussi dans le tunnel !?<\/p>\n<p>Certains des noms que ces joueurs ont \u00e9t\u00e9 appel\u00e9s par la suite \u00e9taient tout simplement absurdes. Parlez de fausse indignation et de r\u00e9actions excessives. Parfois, je pense qu\u2019ils recherchent tous simplement des histoires sur Chelsea, eh bien, je veux dire, je sais que c\u2019est le cas. \u00c7a vend, \u00e7a fait des clics. Ils n&#39;ont pas besoin de cr\u00e9er des histoires \u00e0 partir de rien, il y a eu suffisamment d&#39;histoires sur Chelsea ces derni\u00e8res ann\u00e9es pour nourrir leurs enfants !<\/p>\n<p>Aucun probl\u00e8me de ma part avec les joueurs de Chelsea qui \u00ab ignorent \u00bb les enfants. Absolument quelque chose de rien. Quiconque a d\u00e9j\u00e0 pratiqu\u00e9 un sport s\u00e9rieux ou un match de football comprendra parfaitement qu&#39;il \u00e9tait simplement concentr\u00e9 et dans la zone, et n&#39;aurait m\u00eame pas r\u00e9alis\u00e9 le fait qu&#39;il y avait des enfants l\u00e0-bas \u2013 ils n&#39;\u00e9taient m\u00eame pas dans leurs yeux, ils ont juste \u00e9t\u00e9 pouss\u00e9s dans le coin !?<\/p>\n<p>C&#39;est presque comme s&#39;ils passaient tout au peigne fin pour trouver un r\u00e9sultat n\u00e9gatif de nos jours. Oh, c&#39;est parce qu&#39;ils le sont.<\/p>\n<p>Vous savez que je d\u00e9noncerai ici tout ce qui doit l&#39;\u00eatre, mais celui-ci n&#39;en faisait pas partie \u2013 et si c&#39;est vrai, les trois gars qui font la f\u00eate \u00e0 Duba\u00ef non plus. J&#39;aimerais juste \u00eatre avec eux !<\/p>\n<\/p><\/div>\n","protected":false},"excerpt":{"rendered":"<p>J&#39;\u00e9cris ceci \u00e0 6h30 mardi matin, donc je m&#39;attends \u00e0 ce que davantage soit \u00e9crit et dit sur Cole Palmer, Marc Cucurella et Joao Pedro<\/p>\n","protected":false},"author":1,"featured_media":34086,"comment_status":"closed","ping_status":"","sticky":false,"template":"","format":"standard","meta":{"footnotes":""},"categories":[3],"tags":[11518,171,2751,93,4723,11519,11520,103,92],"yoast_head":"<!-- This site is optimized with the Yoast SEO plugin v21.0 - https:\/\/yoast.com\/wordpress\/plugins\/seo\/ -->\n<title>Les m\u00e9dias adorent cr\u00e9er une non-histoire paresseuse sur Chelsea<\/title>\n<meta name=\"robots\" content=\"index, follow, max-snippet:-1, max-image-preview:large, max-video-preview:-1\" \/>\n<link rel=\"canonical\" href=\"https:\/\/footdavant.fr\/actualites\/les-medias-adorent-creer-une-non-histoire-paresseuse-sur-chelsea\/\" \/>\n<meta property=\"og:locale\" content=\"fr_FR\" \/>\n<meta property=\"og:type\" content=\"article\" \/>\n<meta property=\"og:title\" content=\"Les m\u00e9dias adorent cr\u00e9er une non-histoire paresseuse sur Chelsea\" \/>\n<meta property=\"og:description\" content=\"J&#039;\u00e9cris ceci \u00e0 6h30 mardi matin, donc je m&#039;attends \u00e0 ce que davantage soit \u00e9crit et dit sur Cole Palmer, Marc Cucurella et Joao Pedro\" \/>\n<meta property=\"og:url\" content=\"https:\/\/footdavant.fr\/actualites\/les-medias-adorent-creer-une-non-histoire-paresseuse-sur-chelsea\/\" \/>\n<meta property=\"og:site_name\" content=\"Foot d&#039;avant\" \/>\n<meta property=\"article:publisher\" content=\"https:\/\/www.facebook.com\/Footdavant\/\" \/>\n<meta property=\"article:published_time\" content=\"2026-02-17T18:48:08+00:00\" \/>\n<meta property=\"article:modified_time\" content=\"2026-02-17T18:48:10+00:00\" \/>\n<meta property=\"og:image\" content=\"https:\/\/footdavant.fr\/actualites\/wp-content\/uploads\/2026\/02\/Les-deux-plus-gros-points-positifs-de-West-Ham-n39etaient.jpg\" \/>\n\t<meta property=\"og:image:width\" content=\"2560\" \/>\n\t<meta property=\"og:image:height\" content=\"1707\" \/>\n\t<meta property=\"og:image:type\" content=\"image\/jpeg\" \/>\n<meta name=\"author\" content=\"Cl\u00e9ment\" \/>\n<meta name=\"twitter:card\" content=\"summary_large_image\" \/>\n<meta name=\"twitter:creator\" content=\"@FootdavantFr\" \/>\n<meta name=\"twitter:site\" content=\"@FootdavantFr\" \/>\n<meta name=\"twitter:label1\" content=\"\u00c9crit par\" \/>\n\t<meta name=\"twitter:data1\" content=\"Cl\u00e9ment\" \/>\n\t<meta name=\"twitter:label2\" content=\"Dur\u00e9e de lecture estim\u00e9e\" \/>\n\t<meta name=\"twitter:data2\" content=\"3 minutes\" \/>\n<script type=\"application\/ld+json\" class=\"yoast-schema-graph\">{\"@context\":\"https:\/\/schema.org\",\"@graph\":[{\"@type\":\"Article\",\"@id\":\"https:\/\/footdavant.fr\/actualites\/les-medias-adorent-creer-une-non-histoire-paresseuse-sur-chelsea\/#article\",\"isPartOf\":{\"@id\":\"https:\/\/footdavant.fr\/actualites\/les-medias-adorent-creer-une-non-histoire-paresseuse-sur-chelsea\/\"},\"author\":{\"name\":\"Cl\u00e9ment\",\"@id\":\"https:\/\/footdavant.fr\/actualites\/#\/schema\/person\/bc222566d95871b37e597b3ed3ba5e1d\"},\"headline\":\"Les m\u00e9dias adorent cr\u00e9er une non-histoire paresseuse sur Chelsea\",\"datePublished\":\"2026-02-17T18:48:08+00:00\",\"dateModified\":\"2026-02-17T18:48:10+00:00\",\"mainEntityOfPage\":{\"@id\":\"https:\/\/footdavant.fr\/actualites\/les-medias-adorent-creer-une-non-histoire-paresseuse-sur-chelsea\/\"},\"wordCount\":708,\"publisher\":{\"@id\":\"https:\/\/footdavant.fr\/actualites\/#organization\"},\"keywords\":[\"adorent\",\"Chelsea\",\"cr\u00e9er\",\"les\",\"m\u00e9dias\",\"nonhistoire\",\"paresseuse\",\"sur\",\"une\"],\"articleSection\":[\"Football\"],\"inLanguage\":\"fr-FR\"},{\"@type\":\"WebPage\",\"@id\":\"https:\/\/footdavant.fr\/actualites\/les-medias-adorent-creer-une-non-histoire-paresseuse-sur-chelsea\/\",\"url\":\"https:\/\/footdavant.fr\/actualites\/les-medias-adorent-creer-une-non-histoire-paresseuse-sur-chelsea\/\",\"name\":\"Les m\u00e9dias adorent cr\u00e9er une non-histoire paresseuse sur Chelsea\",\"isPartOf\":{\"@id\":\"https:\/\/footdavant.fr\/actualites\/#website\"},\"datePublished\":\"2026-02-17T18:48:08+00:00\",\"dateModified\":\"2026-02-17T18:48:10+00:00\",\"breadcrumb\":{\"@id\":\"https:\/\/footdavant.fr\/actualites\/les-medias-adorent-creer-une-non-histoire-paresseuse-sur-chelsea\/#breadcrumb\"},\"inLanguage\":\"fr-FR\",\"potentialAction\":[{\"@type\":\"ReadAction\",\"target\":[\"https:\/\/footdavant.fr\/actualites\/les-medias-adorent-creer-une-non-histoire-paresseuse-sur-chelsea\/\"]}]},{\"@type\":\"BreadcrumbList\",\"@id\":\"https:\/\/footdavant.fr\/actualites\/les-medias-adorent-creer-une-non-histoire-paresseuse-sur-chelsea\/#breadcrumb\",\"itemListElement\":[{\"@type\":\"ListItem\",\"position\":1,\"name\":\"Accueil\",\"item\":\"https:\/\/footdavant.fr\/actualites\/\"},{\"@type\":\"ListItem\",\"position\":2,\"name\":\"Les m\u00e9dias adorent cr\u00e9er une non-histoire paresseuse sur Chelsea\"}]},{\"@type\":\"WebSite\",\"@id\":\"https:\/\/footdavant.fr\/actualites\/#website\",\"url\":\"https:\/\/footdavant.fr\/actualites\/\",\"name\":\"Foot d'avant\",\"description\":\"\",\"publisher\":{\"@id\":\"https:\/\/footdavant.fr\/actualites\/#organization\"},\"potentialAction\":[{\"@type\":\"SearchAction\",\"target\":{\"@type\":\"EntryPoint\",\"urlTemplate\":\"https:\/\/footdavant.fr\/actualites\/?s={search_term_string}\"},\"query-input\":\"required name=search_term_string\"}],\"inLanguage\":\"fr-FR\"},{\"@type\":\"Organization\",\"@id\":\"https:\/\/footdavant.fr\/actualites\/#organization\",\"name\":\"Foot d'avant\",\"url\":\"https:\/\/footdavant.fr\/actualites\/\",\"logo\":{\"@type\":\"ImageObject\",\"inLanguage\":\"fr-FR\",\"@id\":\"https:\/\/footdavant.fr\/actualites\/#\/schema\/logo\/image\/\",\"url\":\"https:\/\/footdavant.fr\/actualites\/wp-content\/uploads\/2023\/09\/Copy-of-FootDavant-Logo.png\",\"contentUrl\":\"https:\/\/footdavant.fr\/actualites\/wp-content\/uploads\/2023\/09\/Copy-of-FootDavant-Logo.png\",\"width\":936,\"height\":549,\"caption\":\"Foot d'avant\"},\"image\":{\"@id\":\"https:\/\/footdavant.fr\/actualites\/#\/schema\/logo\/image\/\"},\"sameAs\":[\"https:\/\/www.facebook.com\/Footdavant\/\",\"https:\/\/twitter.com\/FootdavantFr\",\"https:\/\/www.instagram.com\/footdavant.fr\/\"]},{\"@type\":\"Person\",\"@id\":\"https:\/\/footdavant.fr\/actualites\/#\/schema\/person\/bc222566d95871b37e597b3ed3ba5e1d\",\"name\":\"Cl\u00e9ment\",\"image\":{\"@type\":\"ImageObject\",\"inLanguage\":\"fr-FR\",\"@id\":\"https:\/\/footdavant.fr\/actualites\/#\/schema\/person\/image\/\",\"url\":\"https:\/\/secure.gravatar.com\/avatar\/7728b29aac2719421e1a9159b2254c44?s=96&d=mm&r=g\",\"contentUrl\":\"https:\/\/secure.gravatar.com\/avatar\/7728b29aac2719421e1a9159b2254c44?s=96&d=mm&r=g\",\"caption\":\"Cl\u00e9ment\"},\"sameAs\":[\"https:\/\/footdavant.fr\/\"]}]}<\/script>\n<!-- \/ Yoast SEO plugin. -->","yoast_head_json":{"title":"Les m\u00e9dias adorent cr\u00e9er une non-histoire paresseuse sur Chelsea","robots":{"index":"index","follow":"follow","max-snippet":"max-snippet:-1","max-image-preview":"max-image-preview:large","max-video-preview":"max-video-preview:-1"},"canonical":"https:\/\/footdavant.fr\/actualites\/les-medias-adorent-creer-une-non-histoire-paresseuse-sur-chelsea\/","og_locale":"fr_FR","og_type":"article","og_title":"Les m\u00e9dias adorent cr\u00e9er une non-histoire paresseuse sur Chelsea","og_description":"J&#39;\u00e9cris ceci \u00e0 6h30 mardi matin, donc je m&#39;attends \u00e0 ce que davantage soit \u00e9crit et dit sur Cole Palmer, Marc Cucurella et Joao Pedro","og_url":"https:\/\/footdavant.fr\/actualites\/les-medias-adorent-creer-une-non-histoire-paresseuse-sur-chelsea\/","og_site_name":"Foot d&#039;avant","article_publisher":"https:\/\/www.facebook.com\/Footdavant\/","article_published_time":"2026-02-17T18:48:08+00:00","article_modified_time":"2026-02-17T18:48:10+00:00","og_image":[{"width":2560,"height":1707,"url":"https:\/\/footdavant.fr\/actualites\/wp-content\/uploads\/2026\/02\/Les-deux-plus-gros-points-positifs-de-West-Ham-n39etaient.jpg","type":"image\/jpeg"}],"author":"Cl\u00e9ment","twitter_card":"summary_large_image","twitter_creator":"@FootdavantFr","twitter_site":"@FootdavantFr","twitter_misc":{"\u00c9crit par":"Cl\u00e9ment","Dur\u00e9e de lecture estim\u00e9e":"3 minutes"},"schema":{"@context":"https:\/\/schema.org","@graph":[{"@type":"Article","@id":"https:\/\/footdavant.fr\/actualites\/les-medias-adorent-creer-une-non-histoire-paresseuse-sur-chelsea\/#article","isPartOf":{"@id":"https:\/\/footdavant.fr\/actualites\/les-medias-adorent-creer-une-non-histoire-paresseuse-sur-chelsea\/"},"author":{"name":"Cl\u00e9ment","@id":"https:\/\/footdavant.fr\/actualites\/#\/schema\/person\/bc222566d95871b37e597b3ed3ba5e1d"},"headline":"Les m\u00e9dias adorent cr\u00e9er une non-histoire paresseuse sur Chelsea","datePublished":"2026-02-17T18:48:08+00:00","dateModified":"2026-02-17T18:48:10+00:00","mainEntityOfPage":{"@id":"https:\/\/footdavant.fr\/actualites\/les-medias-adorent-creer-une-non-histoire-paresseuse-sur-chelsea\/"},"wordCount":708,"publisher":{"@id":"https:\/\/footdavant.fr\/actualites\/#organization"},"keywords":["adorent","Chelsea","cr\u00e9er","les","m\u00e9dias","nonhistoire","paresseuse","sur","une"],"articleSection":["Football"],"inLanguage":"fr-FR"},{"@type":"WebPage","@id":"https:\/\/footdavant.fr\/actualites\/les-medias-adorent-creer-une-non-histoire-paresseuse-sur-chelsea\/","url":"https:\/\/footdavant.fr\/actualites\/les-medias-adorent-creer-une-non-histoire-paresseuse-sur-chelsea\/","name":"Les m\u00e9dias adorent cr\u00e9er une non-histoire paresseuse sur Chelsea","isPartOf":{"@id":"https:\/\/footdavant.fr\/actualites\/#website"},"datePublished":"2026-02-17T18:48:08+00:00","dateModified":"2026-02-17T18:48:10+00:00","breadcrumb":{"@id":"https:\/\/footdavant.fr\/actualites\/les-medias-adorent-creer-une-non-histoire-paresseuse-sur-chelsea\/#breadcrumb"},"inLanguage":"fr-FR","potentialAction":[{"@type":"ReadAction","target":["https:\/\/footdavant.fr\/actualites\/les-medias-adorent-creer-une-non-histoire-paresseuse-sur-chelsea\/"]}]},{"@type":"BreadcrumbList","@id":"https:\/\/footdavant.fr\/actualites\/les-medias-adorent-creer-une-non-histoire-paresseuse-sur-chelsea\/#breadcrumb","itemListElement":[{"@type":"ListItem","position":1,"name":"Accueil","item":"https:\/\/footdavant.fr\/actualites\/"},{"@type":"ListItem","position":2,"name":"Les m\u00e9dias adorent cr\u00e9er une non-histoire paresseuse sur Chelsea"}]},{"@type":"WebSite","@id":"https:\/\/footdavant.fr\/actualites\/#website","url":"https:\/\/footdavant.fr\/actualites\/","name":"Foot d'avant","description":"","publisher":{"@id":"https:\/\/footdavant.fr\/actualites\/#organization"},"potentialAction":[{"@type":"SearchAction","target":{"@type":"EntryPoint","urlTemplate":"https:\/\/footdavant.fr\/actualites\/?s={search_term_string}"},"query-input":"required name=search_term_string"}],"inLanguage":"fr-FR"},{"@type":"Organization","@id":"https:\/\/footdavant.fr\/actualites\/#organization","name":"Foot d'avant","url":"https:\/\/footdavant.fr\/actualites\/","logo":{"@type":"ImageObject","inLanguage":"fr-FR","@id":"https:\/\/footdavant.fr\/actualites\/#\/schema\/logo\/image\/","url":"https:\/\/footdavant.fr\/actualites\/wp-content\/uploads\/2023\/09\/Copy-of-FootDavant-Logo.png","contentUrl":"https:\/\/footdavant.fr\/actualites\/wp-content\/uploads\/2023\/09\/Copy-of-FootDavant-Logo.png","width":936,"height":549,"caption":"Foot d'avant"},"image":{"@id":"https:\/\/footdavant.fr\/actualites\/#\/schema\/logo\/image\/"},"sameAs":["https:\/\/www.facebook.com\/Footdavant\/","https:\/\/twitter.com\/FootdavantFr","https:\/\/www.instagram.com\/footdavant.fr\/"]},{"@type":"Person","@id":"https:\/\/footdavant.fr\/actualites\/#\/schema\/person\/bc222566d95871b37e597b3ed3ba5e1d","name":"Cl\u00e9ment","image":{"@type":"ImageObject","inLanguage":"fr-FR","@id":"https:\/\/footdavant.fr\/actualites\/#\/schema\/person\/image\/","url":"https:\/\/secure.gravatar.com\/avatar\/7728b29aac2719421e1a9159b2254c44?s=96&d=mm&r=g","contentUrl":"https:\/\/secure.gravatar.com\/avatar\/7728b29aac2719421e1a9159b2254c44?s=96&d=mm&r=g","caption":"Cl\u00e9ment"},"sameAs":["https:\/\/footdavant.fr\/"]}]}},"_links":{"self":[{"href":"https:\/\/footdavant.fr\/actualites\/wp-json\/wp\/v2\/posts\/34588"}],"collection":[{"href":"https:\/\/footdavant.fr\/actualites\/wp-json\/wp\/v2\/posts"}],"about":[{"href":"https:\/\/footdavant.fr\/actualites\/wp-json\/wp\/v2\/types\/post"}],"author":[{"embeddable":true,"href":"https:\/\/footdavant.fr\/actualites\/wp-json\/wp\/v2\/users\/1"}],"replies":[{"embeddable":true,"href":"https:\/\/footdavant.fr\/actualites\/wp-json\/wp\/v2\/comments?post=34588"}],"version-history":[{"count":1,"href":"https:\/\/footdavant.fr\/actualites\/wp-json\/wp\/v2\/posts\/34588\/revisions"}],"predecessor-version":[{"id":34589,"href":"https:\/\/footdavant.fr\/actualites\/wp-json\/wp\/v2\/posts\/34588\/revisions\/34589"}],"wp:featuredmedia":[{"embeddable":true,"href":"https:\/\/footdavant.fr\/actualites\/wp-json\/wp\/v2\/media\/34086"}],"wp:attachment":[{"href":"https:\/\/footdavant.fr\/actualites\/wp-json\/wp\/v2\/media?parent=34588"}],"wp:term":[{"taxonomy":"category","embeddable":true,"href":"https:\/\/footdavant.fr\/actualites\/wp-json\/wp\/v2\/categories?post=34588"},{"taxonomy":"post_tag","embeddable":true,"href":"https:\/\/footdavant.fr\/actualites\/wp-json\/wp\/v2\/tags?post=34588"}],"curies":[{"name":"wp","href":"https:\/\/api.w.org\/{rel}","templated":true}]}}