{"id":34593,"date":"2026-02-17T23:48:23","date_gmt":"2026-02-17T22:48:23","guid":{"rendered":"https:\/\/footdavant.fr\/actualites\/tirage-au-sort-de-la-fa-cup-bienvenue-a-saka-central\/"},"modified":"2026-02-17T23:48:26","modified_gmt":"2026-02-17T22:48:26","slug":"tirage-au-sort-de-la-fa-cup-bienvenue-a-saka-central","status":"publish","type":"post","link":"https:\/\/footdavant.fr\/actualites\/tirage-au-sort-de-la-fa-cup-bienvenue-a-saka-central\/","title":{"rendered":"Tirage au sort de la FA Cup : Bienvenue \u00e0 Saka Central"},"content":{"rendered":"<div>\n<p>Bonjour \u00e0 tous.<\/p>\n<p>Commen\u00e7ons par le tirage au sort du 5\u00e8me tour de la FA Cup qui a eu lieu hier soir, et nous allons affronter Mansfield Town \u00e0 l&#39;ext\u00e9rieur. Ils occupent actuellement la 13e place de la League One, 9 places au-dessus de Wigan que nous avons battu dimanche, et compte tenu de certaines \u00e9quipes que nous aurions pu affronter, c&#39;est un match nul plut\u00f4t sympathique.<\/p>\n<p>Le match aura lieu le week-end du samedi 7 mars, mais il n&#39;a pas encore \u00e9t\u00e9 correctement programm\u00e9. Cela se situe entre un voyage \u00e0 Brighton en Premier League et un match \u00e0 domicile contre Everton, et c&#39;est une autre \u00e9galit\u00e9 qui permettra \u00e0 Mikel Arteta d&#39;utiliser toute l&#39;\u00e9tendue de son \u00e9quipe profonde.<\/p>\n<p>Le tirage au sort complet du 5\u00e8me tour est le suivant\u00a0:<\/p>\n<ul>\n<li style=\"text-align: left;\">Fulham contre Southampton<\/li>\n<li>Port Vale\/Bristol City contre Sunderland<\/li>\n<li>Newcastle contre Man City<\/li>\n<li>Leeds contre Norwich<\/li>\n<li>Mansfield Town contre Arsenal<\/li>\n<li>Loups contre Liverpool<\/li>\n<li>Wrexham contre Chelsea<\/li>\n<li>West Ham contre Brentford<\/li>\n<\/ul>\n<p>L\u2019autre qui se d\u00e9marque \u00e9videmment est que Man City doit \u00e0 nouveau affronter Newcastle. \u00c0 tout le moins, on pourrait esp\u00e9rer que ce sera un match physique et intense pour eux, et m\u00eame si nous ne contr\u00f4lons que nos propres affaires, si M. Joe Linton d\u00e9cide de faire monter et descendre quelques-uns de leurs joueurs dans St James&#39; Park avec le genre d&#39;impunit\u00e9 dont il b\u00e9n\u00e9ficie lorsque nous les jouons, je ne vais pas me plaindre.<\/p>\n<p>\u2014<\/p>\n<p>Pendant ce temps, apr\u00e8s que Bukayo Saka ait \u00e9t\u00e9 un titulaire surprise au milieu de terrain contre Wigan, il y a eu beaucoup de discussions pour savoir si cela pourrait ou non \u00eatre quelque chose que nous voyons davantage. Nous avons certainement eu une grande discussion \u00e0 ce sujet sur Arsecast Extra, et je pense que c&#39;est une chose int\u00e9ressante \u00e0 consid\u00e9rer. Tout d\u2019abord, oui, c\u2019\u00e9tait \u00ab juste Wigan \u00bb, et cette mise en garde doit \u00eatre appliqu\u00e9e, mais c\u2019\u00e9tait quand m\u00eame une solide performance de la part d\u2019un joueur qui n\u2019a presque jamais occup\u00e9 ce poste, sans parler de celui qui ne savait m\u00eame pas qu\u2019il allait commencer l\u00e0 jusqu\u2019\u00e0 quelques minutes avant le coup d\u2019envoi.<\/p>\n<p>D&#39;une mani\u00e8re g\u00e9n\u00e9rale, sa prestation a \u00e9t\u00e9 tr\u00e8s soign\u00e9e. Une seule passe mal plac\u00e9e, et il a particip\u00e9 au troisi\u00e8me but avec un va-et-vient avec Noni Madueke \u00e0 l&#39;ext\u00e9rieur de lui. Interrog\u00e9 sur ce que Saka apporte \u00e0 ce poste par la suite, Mikel Arteta a d\u00e9clar\u00e9 :<\/p>\n<blockquote>\n<p>Il est plus central, il est plus proche du but. C&#39;est un peu plus difficile pour l&#39;adversaire d&#39;obtenir constamment sa r\u00e9f\u00e9rence. Il peut \u00e9galement \u00e9changer des positions avec un joueur large, et il est tr\u00e8s dou\u00e9 pour choisir ces espaces. Quand il est l\u00e0, il peut vraiment vous faire mal avec le ballon.<\/p>\n<\/blockquote>\n<p>Avec Mikel Merino et Kai Havertz bless\u00e9s, Martin Odegaard incertain et Madueke dans une forme d\u00e9cente avec 3 buts lors de ses 5 derniers matchs depuis la droite, je pense qu&#39;Arteta devrait \u00eatre ouvert \u00e0 l&#39;id\u00e9e d&#39;utiliser Saka dans cette position. Je sais qu&#39;il y a Eberechi Eze \u00e0 consid\u00e9rer, apr\u00e8s sa bonne performance contre Wigan, mais je me demande s&#39;il est plus efficace de la gauche que, du moins en apparence, de l&#39;autre c\u00f4t\u00e9. Je sais qu&#39;il a de la place pour se d\u00e9placer, mais peut-\u00eatre qu&#39;une partie de ses difficult\u00e9s depuis son arriv\u00e9e consiste \u00e0 devoir influencer les matchs depuis une zone diff\u00e9rente du terrain.<\/p>\n<p>Saka apporte cet \u00e9quilibre du pied gauche, et la fa\u00e7on dont il joue m\u00e9rite \u00e9galement d&#39;\u00eatre prise en consid\u00e9ration. Odegaard, par exemple, est bien plus un facilitateur, un joueur qui fournit \u2013 dans ses meilleurs jours \u2013 la connectivit\u00e9 dont vous avez besoin pour exercer le contr\u00f4le dans un match. Il descend profond\u00e9ment, parfois un peu trop \u00e0 mon go\u00fbt, mais il est \u00e0 l&#39;aise pour r\u00e9cup\u00e9rer le ballon dans les moiti\u00e9s centrales et faire entrer les autres en jeu.<\/p>\n<p>Je ne vois pas Saka faire \u00e7a ou vouloir faire \u00e7a. C&#39;est avant tout quelqu&#39;un qui a envie de produire, dont le style de jeu consiste \u00e0 se diriger vers des positions dangereuses. Nous l&#39;avons vu si souvent sur l&#39;aile, il n&#39;y a aucune raison pour que cela change s&#39;il jouait plus centralement. Il affrontera les gens, il combinera, il tirera et peut-\u00eatre donnera \u00e0 l&#39;\u00e9quipe quelque chose de diff\u00e9rent dans cette position par rapport \u00e0 toutes les autres options dont nous disposons.<\/p>\n<p>Et, alors que nous nous dirigeons vers la fin de la saison commerciale, ajouter quelque chose de nouveau au mix ne peut \u00eatre qu\u2019une bonne chose. Il n\u2019y a pas un manager\/analyste de l\u2019opposition qui, lors de la pr\u00e9paration d\u2019un match contre Arsenal, ait vraiment d\u00fb envisager la possibilit\u00e9 que Saka joue \u00e0 ce poste. C\u2019est probablement le cas maintenant, et \u00e0 mon avis, il ne fait aucun doute qu\u2019il a la qualit\u00e9 technique et l\u2019intelligence de jeu pour se d\u00e9placer \u00e0 l\u2019int\u00e9rieur et \u00eatre tout aussi efficace. Le fait qu\u2019il ait pu le faire si bien dans un d\u00e9lai aussi court, m\u00eame contre une opposition de ligue inf\u00e9rieure, vous en dit long.<\/p>\n<p>Je soup\u00e7onne que ce sera une s\u00e9rie de questions aujourd&#39;hui alors que le manager rencontrera la presse avant notre voyage chez les Wolves demain, et je suis vraiment curieux de savoir avec quel s\u00e9rieux il traite cela. Chaque \u00e9quipe doit trouver de nouvelles fa\u00e7ons de causer des probl\u00e8mes \u00e0 l&#39;opposition, pas seulement en pr\u00e9-saison lorsqu&#39;il y a du temps pour se pr\u00e9parer et s&#39;entra\u00eener, mais aussi dans le feu de l&#39;action, ce qui est exactement l\u00e0 o\u00f9 nous en sommes actuellement. Il faut \u00eatre capable de s&#39;adapter, d&#39;\u00e9voluer, et m\u00eame si cela a pu \u00eatre une d\u00e9cision qui a \u00e9t\u00e9 impos\u00e9e \u00e0 Arteta en raison de la blessure \u00e0 l&#39;\u00e9chauffement de Riccardo Calafiori, c&#39;est si souvent le cas dans des cas comme celui-ci. La n\u00e9cessit\u00e9 est m\u00e8re de l&#39;invention, comme le dit le proverbe, et je serais absolument dispos\u00e9 \u00e0 voir davantage Saka au milieu de terrain.<\/p>\n<p>D&#39;accord, je vais en rester l\u00e0 pour l&#39;instant. L&#39;Arsecast Extra est ci-dessous si vous n&#39;avez pas encore eu l&#39;occasion de l&#39;\u00e9couter, et vous pourrez nous rejoindre plus tard sur Patreon pour un podcast d&#39;aper\u00e7u du jeu de demain.<\/p>\n<p>Passez une bonne soir\u00e9e les amis.<\/p>\n<p><iframe loading=\"lazy\" src=\"https:\/\/embed.acast.com\/a1a58121-6fb4-43cf-8156-8d6df6fc312f\/6992f8712da7f9c9c3a6b53d\" width=\"100%\" height=\"300px\" frameborder=\"0\"><\/iframe><\/p>\n<h4> <\/h4>\n<\/div>\n","protected":false},"excerpt":{"rendered":"<p>Bonjour \u00e0 tous. Commen\u00e7ons par le tirage au sort du 5\u00e8me tour de la FA Cup qui a eu lieu hier soir, et nous allons<\/p>\n","protected":false},"author":1,"featured_media":34594,"comment_status":"closed","ping_status":"","sticky":false,"template":"","format":"standard","meta":{"footnotes":""},"categories":[3],"tags":[2179,1118,466,185,800,799],"yoast_head":"<!-- This site is optimized with the Yoast SEO plugin v21.0 - https:\/\/yoast.com\/wordpress\/plugins\/seo\/ -->\n<title>Tirage au sort de la FA Cup : Bienvenue \u00e0 Saka Central<\/title>\n<meta name=\"robots\" content=\"index, follow, max-snippet:-1, max-image-preview:large, max-video-preview:-1\" \/>\n<link rel=\"canonical\" href=\"https:\/\/footdavant.fr\/actualites\/tirage-au-sort-de-la-fa-cup-bienvenue-a-saka-central\/\" \/>\n<meta property=\"og:locale\" content=\"fr_FR\" \/>\n<meta property=\"og:type\" content=\"article\" \/>\n<meta property=\"og:title\" content=\"Tirage au sort de la FA Cup : Bienvenue \u00e0 Saka Central\" \/>\n<meta property=\"og:description\" content=\"Bonjour \u00e0 tous. Commen\u00e7ons par le tirage au sort du 5\u00e8me tour de la FA Cup qui a eu lieu hier soir, et nous allons\" \/>\n<meta property=\"og:url\" content=\"https:\/\/footdavant.fr\/actualites\/tirage-au-sort-de-la-fa-cup-bienvenue-a-saka-central\/\" \/>\n<meta property=\"og:site_name\" content=\"Foot d&#039;avant\" \/>\n<meta property=\"article:publisher\" content=\"https:\/\/www.facebook.com\/Footdavant\/\" \/>\n<meta property=\"article:published_time\" content=\"2026-02-17T22:48:23+00:00\" \/>\n<meta property=\"article:modified_time\" content=\"2026-02-17T22:48:26+00:00\" \/>\n<meta property=\"og:image\" content=\"https:\/\/footdavant.fr\/actualites\/wp-content\/uploads\/2026\/02\/Tirage-au-sort-de-la-FA-Cup-Bienvenue-a.jpg\" \/>\n\t<meta property=\"og:image:width\" content=\"1500\" \/>\n\t<meta property=\"og:image:height\" content=\"769\" \/>\n\t<meta property=\"og:image:type\" content=\"image\/jpeg\" \/>\n<meta name=\"author\" content=\"Cl\u00e9ment\" \/>\n<meta name=\"twitter:card\" content=\"summary_large_image\" \/>\n<meta name=\"twitter:creator\" content=\"@FootdavantFr\" \/>\n<meta name=\"twitter:site\" content=\"@FootdavantFr\" \/>\n<meta name=\"twitter:label1\" content=\"\u00c9crit par\" \/>\n\t<meta name=\"twitter:data1\" content=\"Cl\u00e9ment\" \/>\n\t<meta name=\"twitter:label2\" content=\"Dur\u00e9e de lecture estim\u00e9e\" \/>\n\t<meta name=\"twitter:data2\" content=\"6 minutes\" \/>\n<script type=\"application\/ld+json\" class=\"yoast-schema-graph\">{\"@context\":\"https:\/\/schema.org\",\"@graph\":[{\"@type\":\"Article\",\"@id\":\"https:\/\/footdavant.fr\/actualites\/tirage-au-sort-de-la-fa-cup-bienvenue-a-saka-central\/#article\",\"isPartOf\":{\"@id\":\"https:\/\/footdavant.fr\/actualites\/tirage-au-sort-de-la-fa-cup-bienvenue-a-saka-central\/\"},\"author\":{\"name\":\"Cl\u00e9ment\",\"@id\":\"https:\/\/footdavant.fr\/actualites\/#\/schema\/person\/bc222566d95871b37e597b3ed3ba5e1d\"},\"headline\":\"Tirage au sort de la FA Cup : Bienvenue \u00e0 Saka Central\",\"datePublished\":\"2026-02-17T22:48:23+00:00\",\"dateModified\":\"2026-02-17T22:48:26+00:00\",\"mainEntityOfPage\":{\"@id\":\"https:\/\/footdavant.fr\/actualites\/tirage-au-sort-de-la-fa-cup-bienvenue-a-saka-central\/\"},\"wordCount\":1140,\"publisher\":{\"@id\":\"https:\/\/footdavant.fr\/actualites\/#organization\"},\"keywords\":[\"bienvenue\",\"central\",\"Cup\",\"Saka\",\"sort\",\"tirage\"],\"articleSection\":[\"Football\"],\"inLanguage\":\"fr-FR\"},{\"@type\":\"WebPage\",\"@id\":\"https:\/\/footdavant.fr\/actualites\/tirage-au-sort-de-la-fa-cup-bienvenue-a-saka-central\/\",\"url\":\"https:\/\/footdavant.fr\/actualites\/tirage-au-sort-de-la-fa-cup-bienvenue-a-saka-central\/\",\"name\":\"Tirage au sort de la FA Cup : Bienvenue \u00e0 Saka Central\",\"isPartOf\":{\"@id\":\"https:\/\/footdavant.fr\/actualites\/#website\"},\"datePublished\":\"2026-02-17T22:48:23+00:00\",\"dateModified\":\"2026-02-17T22:48:26+00:00\",\"breadcrumb\":{\"@id\":\"https:\/\/footdavant.fr\/actualites\/tirage-au-sort-de-la-fa-cup-bienvenue-a-saka-central\/#breadcrumb\"},\"inLanguage\":\"fr-FR\",\"potentialAction\":[{\"@type\":\"ReadAction\",\"target\":[\"https:\/\/footdavant.fr\/actualites\/tirage-au-sort-de-la-fa-cup-bienvenue-a-saka-central\/\"]}]},{\"@type\":\"BreadcrumbList\",\"@id\":\"https:\/\/footdavant.fr\/actualites\/tirage-au-sort-de-la-fa-cup-bienvenue-a-saka-central\/#breadcrumb\",\"itemListElement\":[{\"@type\":\"ListItem\",\"position\":1,\"name\":\"Accueil\",\"item\":\"https:\/\/footdavant.fr\/actualites\/\"},{\"@type\":\"ListItem\",\"position\":2,\"name\":\"Tirage au sort de la FA Cup : Bienvenue \u00e0 Saka Central\"}]},{\"@type\":\"WebSite\",\"@id\":\"https:\/\/footdavant.fr\/actualites\/#website\",\"url\":\"https:\/\/footdavant.fr\/actualites\/\",\"name\":\"Foot d'avant\",\"description\":\"\",\"publisher\":{\"@id\":\"https:\/\/footdavant.fr\/actualites\/#organization\"},\"potentialAction\":[{\"@type\":\"SearchAction\",\"target\":{\"@type\":\"EntryPoint\",\"urlTemplate\":\"https:\/\/footdavant.fr\/actualites\/?s={search_term_string}\"},\"query-input\":\"required name=search_term_string\"}],\"inLanguage\":\"fr-FR\"},{\"@type\":\"Organization\",\"@id\":\"https:\/\/footdavant.fr\/actualites\/#organization\",\"name\":\"Foot d'avant\",\"url\":\"https:\/\/footdavant.fr\/actualites\/\",\"logo\":{\"@type\":\"ImageObject\",\"inLanguage\":\"fr-FR\",\"@id\":\"https:\/\/footdavant.fr\/actualites\/#\/schema\/logo\/image\/\",\"url\":\"https:\/\/footdavant.fr\/actualites\/wp-content\/uploads\/2023\/09\/Copy-of-FootDavant-Logo.png\",\"contentUrl\":\"https:\/\/footdavant.fr\/actualites\/wp-content\/uploads\/2023\/09\/Copy-of-FootDavant-Logo.png\",\"width\":936,\"height\":549,\"caption\":\"Foot d'avant\"},\"image\":{\"@id\":\"https:\/\/footdavant.fr\/actualites\/#\/schema\/logo\/image\/\"},\"sameAs\":[\"https:\/\/www.facebook.com\/Footdavant\/\",\"https:\/\/twitter.com\/FootdavantFr\",\"https:\/\/www.instagram.com\/footdavant.fr\/\"]},{\"@type\":\"Person\",\"@id\":\"https:\/\/footdavant.fr\/actualites\/#\/schema\/person\/bc222566d95871b37e597b3ed3ba5e1d\",\"name\":\"Cl\u00e9ment\",\"image\":{\"@type\":\"ImageObject\",\"inLanguage\":\"fr-FR\",\"@id\":\"https:\/\/footdavant.fr\/actualites\/#\/schema\/person\/image\/\",\"url\":\"https:\/\/secure.gravatar.com\/avatar\/7728b29aac2719421e1a9159b2254c44?s=96&d=mm&r=g\",\"contentUrl\":\"https:\/\/secure.gravatar.com\/avatar\/7728b29aac2719421e1a9159b2254c44?s=96&d=mm&r=g\",\"caption\":\"Cl\u00e9ment\"},\"sameAs\":[\"https:\/\/footdavant.fr\/\"]}]}<\/script>\n<!-- \/ Yoast SEO plugin. -->","yoast_head_json":{"title":"Tirage au sort de la FA Cup : Bienvenue \u00e0 Saka Central","robots":{"index":"index","follow":"follow","max-snippet":"max-snippet:-1","max-image-preview":"max-image-preview:large","max-video-preview":"max-video-preview:-1"},"canonical":"https:\/\/footdavant.fr\/actualites\/tirage-au-sort-de-la-fa-cup-bienvenue-a-saka-central\/","og_locale":"fr_FR","og_type":"article","og_title":"Tirage au sort de la FA Cup : Bienvenue \u00e0 Saka Central","og_description":"Bonjour \u00e0 tous. Commen\u00e7ons par le tirage au sort du 5\u00e8me tour de la FA Cup qui a eu lieu hier soir, et nous allons","og_url":"https:\/\/footdavant.fr\/actualites\/tirage-au-sort-de-la-fa-cup-bienvenue-a-saka-central\/","og_site_name":"Foot d&#039;avant","article_publisher":"https:\/\/www.facebook.com\/Footdavant\/","article_published_time":"2026-02-17T22:48:23+00:00","article_modified_time":"2026-02-17T22:48:26+00:00","og_image":[{"width":1500,"height":769,"url":"https:\/\/footdavant.fr\/actualites\/wp-content\/uploads\/2026\/02\/Tirage-au-sort-de-la-FA-Cup-Bienvenue-a.jpg","type":"image\/jpeg"}],"author":"Cl\u00e9ment","twitter_card":"summary_large_image","twitter_creator":"@FootdavantFr","twitter_site":"@FootdavantFr","twitter_misc":{"\u00c9crit par":"Cl\u00e9ment","Dur\u00e9e de lecture estim\u00e9e":"6 minutes"},"schema":{"@context":"https:\/\/schema.org","@graph":[{"@type":"Article","@id":"https:\/\/footdavant.fr\/actualites\/tirage-au-sort-de-la-fa-cup-bienvenue-a-saka-central\/#article","isPartOf":{"@id":"https:\/\/footdavant.fr\/actualites\/tirage-au-sort-de-la-fa-cup-bienvenue-a-saka-central\/"},"author":{"name":"Cl\u00e9ment","@id":"https:\/\/footdavant.fr\/actualites\/#\/schema\/person\/bc222566d95871b37e597b3ed3ba5e1d"},"headline":"Tirage au sort de la FA Cup : Bienvenue \u00e0 Saka Central","datePublished":"2026-02-17T22:48:23+00:00","dateModified":"2026-02-17T22:48:26+00:00","mainEntityOfPage":{"@id":"https:\/\/footdavant.fr\/actualites\/tirage-au-sort-de-la-fa-cup-bienvenue-a-saka-central\/"},"wordCount":1140,"publisher":{"@id":"https:\/\/footdavant.fr\/actualites\/#organization"},"keywords":["bienvenue","central","Cup","Saka","sort","tirage"],"articleSection":["Football"],"inLanguage":"fr-FR"},{"@type":"WebPage","@id":"https:\/\/footdavant.fr\/actualites\/tirage-au-sort-de-la-fa-cup-bienvenue-a-saka-central\/","url":"https:\/\/footdavant.fr\/actualites\/tirage-au-sort-de-la-fa-cup-bienvenue-a-saka-central\/","name":"Tirage au sort de la FA Cup : Bienvenue \u00e0 Saka Central","isPartOf":{"@id":"https:\/\/footdavant.fr\/actualites\/#website"},"datePublished":"2026-02-17T22:48:23+00:00","dateModified":"2026-02-17T22:48:26+00:00","breadcrumb":{"@id":"https:\/\/footdavant.fr\/actualites\/tirage-au-sort-de-la-fa-cup-bienvenue-a-saka-central\/#breadcrumb"},"inLanguage":"fr-FR","potentialAction":[{"@type":"ReadAction","target":["https:\/\/footdavant.fr\/actualites\/tirage-au-sort-de-la-fa-cup-bienvenue-a-saka-central\/"]}]},{"@type":"BreadcrumbList","@id":"https:\/\/footdavant.fr\/actualites\/tirage-au-sort-de-la-fa-cup-bienvenue-a-saka-central\/#breadcrumb","itemListElement":[{"@type":"ListItem","position":1,"name":"Accueil","item":"https:\/\/footdavant.fr\/actualites\/"},{"@type":"ListItem","position":2,"name":"Tirage au sort de la FA Cup : Bienvenue \u00e0 Saka Central"}]},{"@type":"WebSite","@id":"https:\/\/footdavant.fr\/actualites\/#website","url":"https:\/\/footdavant.fr\/actualites\/","name":"Foot d'avant","description":"","publisher":{"@id":"https:\/\/footdavant.fr\/actualites\/#organization"},"potentialAction":[{"@type":"SearchAction","target":{"@type":"EntryPoint","urlTemplate":"https:\/\/footdavant.fr\/actualites\/?s={search_term_string}"},"query-input":"required name=search_term_string"}],"inLanguage":"fr-FR"},{"@type":"Organization","@id":"https:\/\/footdavant.fr\/actualites\/#organization","name":"Foot d'avant","url":"https:\/\/footdavant.fr\/actualites\/","logo":{"@type":"ImageObject","inLanguage":"fr-FR","@id":"https:\/\/footdavant.fr\/actualites\/#\/schema\/logo\/image\/","url":"https:\/\/footdavant.fr\/actualites\/wp-content\/uploads\/2023\/09\/Copy-of-FootDavant-Logo.png","contentUrl":"https:\/\/footdavant.fr\/actualites\/wp-content\/uploads\/2023\/09\/Copy-of-FootDavant-Logo.png","width":936,"height":549,"caption":"Foot d'avant"},"image":{"@id":"https:\/\/footdavant.fr\/actualites\/#\/schema\/logo\/image\/"},"sameAs":["https:\/\/www.facebook.com\/Footdavant\/","https:\/\/twitter.com\/FootdavantFr","https:\/\/www.instagram.com\/footdavant.fr\/"]},{"@type":"Person","@id":"https:\/\/footdavant.fr\/actualites\/#\/schema\/person\/bc222566d95871b37e597b3ed3ba5e1d","name":"Cl\u00e9ment","image":{"@type":"ImageObject","inLanguage":"fr-FR","@id":"https:\/\/footdavant.fr\/actualites\/#\/schema\/person\/image\/","url":"https:\/\/secure.gravatar.com\/avatar\/7728b29aac2719421e1a9159b2254c44?s=96&d=mm&r=g","contentUrl":"https:\/\/secure.gravatar.com\/avatar\/7728b29aac2719421e1a9159b2254c44?s=96&d=mm&r=g","caption":"Cl\u00e9ment"},"sameAs":["https:\/\/footdavant.fr\/"]}]}},"_links":{"self":[{"href":"https:\/\/footdavant.fr\/actualites\/wp-json\/wp\/v2\/posts\/34593"}],"collection":[{"href":"https:\/\/footdavant.fr\/actualites\/wp-json\/wp\/v2\/posts"}],"about":[{"href":"https:\/\/footdavant.fr\/actualites\/wp-json\/wp\/v2\/types\/post"}],"author":[{"embeddable":true,"href":"https:\/\/footdavant.fr\/actualites\/wp-json\/wp\/v2\/users\/1"}],"replies":[{"embeddable":true,"href":"https:\/\/footdavant.fr\/actualites\/wp-json\/wp\/v2\/comments?post=34593"}],"version-history":[{"count":1,"href":"https:\/\/footdavant.fr\/actualites\/wp-json\/wp\/v2\/posts\/34593\/revisions"}],"predecessor-version":[{"id":34595,"href":"https:\/\/footdavant.fr\/actualites\/wp-json\/wp\/v2\/posts\/34593\/revisions\/34595"}],"wp:featuredmedia":[{"embeddable":true,"href":"https:\/\/footdavant.fr\/actualites\/wp-json\/wp\/v2\/media\/34594"}],"wp:attachment":[{"href":"https:\/\/footdavant.fr\/actualites\/wp-json\/wp\/v2\/media?parent=34593"}],"wp:term":[{"taxonomy":"category","embeddable":true,"href":"https:\/\/footdavant.fr\/actualites\/wp-json\/wp\/v2\/categories?post=34593"},{"taxonomy":"post_tag","embeddable":true,"href":"https:\/\/footdavant.fr\/actualites\/wp-json\/wp\/v2\/tags?post=34593"}],"curies":[{"name":"wp","href":"https:\/\/api.w.org\/{rel}","templated":true}]}}