{"id":34598,"date":"2026-02-18T03:48:13","date_gmt":"2026-02-18T02:48:13","guid":{"rendered":"https:\/\/footdavant.fr\/actualites\/aldridge-fait-appel-aux-liverpool-legends-avec-klopp-pret-a-revenir\/"},"modified":"2026-02-18T03:48:16","modified_gmt":"2026-02-18T02:48:16","slug":"aldridge-fait-appel-aux-liverpool-legends-avec-klopp-pret-a-revenir","status":"publish","type":"post","link":"https:\/\/footdavant.fr\/actualites\/aldridge-fait-appel-aux-liverpool-legends-avec-klopp-pret-a-revenir\/","title":{"rendered":"Aldridge fait appel aux Liverpool Legends avec Klopp pr\u00eat \u00e0 revenir"},"content":{"rendered":"<div id=\"article-body\">\n<!-- Article Start --><\/p>\n<p>Les supporters de Liverpool \u00e0 la recherche de billets pour le match des Liverpool Legends contre le Borussia Dortmund Legends ont \u00e9t\u00e9 invit\u00e9s \u00e0 ne pas tra\u00eener, John Aldridge expliquant pourquoi le match caritatif annuel a un poids r\u00e9el bien au-del\u00e0 du score final.<\/p>\n<p>Le match aura lieu \u00e0 Anfield le samedi 28 mars 2026, gr\u00e2ce aux fonds collect\u00e9s pour soutenir la Fondation LFC et Forever Reds, l&#39;ancienne association de joueurs dont Aldridge est pr\u00e9sident.<\/p>\n<p>S&#39;exprimant dans une interview organis\u00e9e via BetBrain (citations via The Football Historian), l&#39;ancien attaquant de Liverpool, \u00e2g\u00e9 de 67 ans, a expliqu\u00e9 que le match des L\u00e9gendes est devenu un moteur de financement annuel majeur et que les b\u00e9n\u00e9fices sont partag\u00e9s avec un but pr\u00e9cis.<\/p>\n<p>  \u00bb dit Aldridge.<\/p>\n<\/p>\n<p>Aldridge a \u00e9galement d\u00e9crit comment la collecte de fonds va au-del\u00e0 de la journ\u00e9e de match elle-m\u00eame, d&#39;autres \u00e9v\u00e9nements Forever Reds contribuant \u00e0 une cagnotte qui peut ensuite \u00eatre utilis\u00e9e pour soutenir des projets dans la communaut\u00e9.<\/p>\n<p>  Aldridge a expliqu\u00e9.<\/p>\n<h2>Billets Liverpool Legends et pourquoi ce match se vend \u00e0 guichets ferm\u00e9s<\/h2>\n<figure class=\"wp-caption alignnone\"><picture><source type=\"image\/webp\" data- data-><\/source><\/picture><\/figure>\n<p>Pour de nombreuses familles, ce match est \u00e9galement l&#39;une des rares occasions r\u00e9alistes de d\u00e9couvrir Anfield \u00e0 pleine voix, avec une atmosph\u00e8re plus proche d&#39;une v\u00e9ritable journ\u00e9e de match que d&#39;une exposition informelle.<\/p>\n<p>Aldridge pense que cela fait partie de la magie et constitue l\u2019une des principales raisons pour lesquelles la demande a tendance \u00e0 \u00eatre forte.<\/p>\n<p>  \u00bb dit Aldridge.<\/p>\n<p>C&#39;est pourquoi le message d&#39;Aldridge sur les billets \u00e9tait direct.<\/p>\n<p>  Aldridge a ajout\u00e9.<\/p>\n<p>Vous pouvez obtenir votre .<\/p>\n<h2>L\u2019impact de la Fondation LFC en chiffres<\/h2>\n<figure class=\"wp-caption alignnone\"><picture><source type=\"image\/webp\" data- data-><img loading=\"lazy\" decoding=\"async\" width=\"1500\" height=\"1000\" src=\"https:\/\/footdavant.fr\/actualites\/wp-content\/uploads\/2026\/02\/1771382893_607_Aldridge-fait-appel-aux-Liverpool-Legends-avec-Klopp-pret-a.jpg\" class=\"lazyload wp-image-282328 has-webp\" alt=\"Le personnel de la Fondation LFC et Liverpool Legends livrent des paniers de No\u00ebl\"  data- style=\"aspect-ratio:1500\/1000;max-width:1500px\"\/><\/source><\/picture><\/figure>\n<p>Le point le plus important est que le match est une partie visible d\u2019une op\u00e9ration beaucoup plus vaste.<\/p>\n<p>La Fondation LFC est l&#39;organisme caritatif officiel du Liverpool Football Club et sa mission est de lutter contre les in\u00e9galit\u00e9s sociales dans le pays et \u00e0 l&#39;\u00e9tranger gr\u00e2ce \u00e0 des programmes de sant\u00e9, d&#39;apprentissage et d&#39;employabilit\u00e9.<\/p>\n<p>La saison derni\u00e8re, la Fondation a soutenu plus de 145 000 personnes, apportant une valeur sociale d\u00e9clar\u00e9e de 80,3 millions de livres sterling \u00e0 la r\u00e9gion de la ville de Liverpool, tout en signalant \u00e9galement un retour social de 10,28 \u00a3 pour chaque 1 \u00a3 d\u00e9pens\u00e9.<\/p>\n<p>Le m\u00eame rapport indique \u00e9galement que la Fondation travaille dans 206 \u00e9coles locales, propose 341 heures de formation professionnelle par mois et livre environ 1 000 repas par semaine depuis Anfield aux familles locales.<\/p>\n<p>Ce sont les chiffres qui se cachent derri\u00e8re le principal argument d&#39;Aldridge : le match des L\u00e9gendes n&#39;est pas seulement de la nostalgie, c&#39;est un m\u00e9canisme de financement qui fait avancer le travail \u00e0 Liverpool et soutient les anciens joueurs qui ont besoin d&#39;aide.<\/p>\n<p>D&#39;autres campagnes, comme les paniers Christmas Magic qui ont \u00e9t\u00e9 livr\u00e9s dans toute la ville, d\u00e9montrent encore \u00e0 quel point il est important de soutenir ces jeux de l\u00e9gendes.<\/p>\n<p>Lorsque Jurgen Klopp reviendra sur la ligne de touche, toute l\u2019attention attir\u00e9e sera consacr\u00e9e au financement du travail incroyable accompli par la fondation.<\/p>\n<p>Avec l&#39;arriv\u00e9e des Borussia Dortmund Legends \u00e0 Anfield et une autre grande foule attendue, Aldridge a effectivement pr\u00e9sent\u00e9 cela comme un choix simple pour les fans qui peuvent y participer : profiter de la journ\u00e9e et aider en m\u00eame temps le travail caritatif du club.<\/p>\n<p><!-- Article End -->\t\t\t\t<\/div>\n","protected":false},"excerpt":{"rendered":"<p>Les supporters de Liverpool \u00e0 la recherche de billets pour le match des Liverpool Legends contre le Borussia Dortmund Legends ont \u00e9t\u00e9 invit\u00e9s \u00e0 ne<\/p>\n","protected":false},"author":1,"featured_media":34599,"comment_status":"closed","ping_status":"","sticky":false,"template":"","format":"standard","meta":{"footnotes":""},"categories":[3],"tags":[2512,724,305,91,152,238,4258,53,165,1037],"yoast_head":"<!-- This site is optimized with the Yoast SEO plugin v21.0 - https:\/\/yoast.com\/wordpress\/plugins\/seo\/ -->\n<title>Aldridge fait appel aux Liverpool Legends avec Klopp pr\u00eat \u00e0 revenir<\/title>\n<meta name=\"robots\" content=\"index, follow, max-snippet:-1, max-image-preview:large, max-video-preview:-1\" \/>\n<link rel=\"canonical\" href=\"https:\/\/footdavant.fr\/actualites\/aldridge-fait-appel-aux-liverpool-legends-avec-klopp-pret-a-revenir\/\" \/>\n<meta property=\"og:locale\" content=\"fr_FR\" \/>\n<meta property=\"og:type\" content=\"article\" \/>\n<meta property=\"og:title\" content=\"Aldridge fait appel aux Liverpool Legends avec Klopp pr\u00eat \u00e0 revenir\" \/>\n<meta property=\"og:description\" content=\"Les supporters de Liverpool \u00e0 la recherche de billets pour le match des Liverpool Legends contre le Borussia Dortmund Legends ont \u00e9t\u00e9 invit\u00e9s \u00e0 ne\" \/>\n<meta property=\"og:url\" content=\"https:\/\/footdavant.fr\/actualites\/aldridge-fait-appel-aux-liverpool-legends-avec-klopp-pret-a-revenir\/\" \/>\n<meta property=\"og:site_name\" content=\"Foot d&#039;avant\" \/>\n<meta property=\"article:publisher\" content=\"https:\/\/www.facebook.com\/Footdavant\/\" \/>\n<meta property=\"article:published_time\" content=\"2026-02-18T02:48:13+00:00\" \/>\n<meta property=\"article:modified_time\" content=\"2026-02-18T02:48:16+00:00\" \/>\n<meta property=\"og:image\" content=\"https:\/\/footdavant.fr\/actualites\/wp-content\/uploads\/2026\/02\/1771382895_Aldridge-fait-appel-aux-Liverpool-Legends-avec-Klopp-pret-a.jpg\" \/>\n\t<meta property=\"og:image:width\" content=\"1200\" \/>\n\t<meta property=\"og:image:height\" content=\"675\" \/>\n\t<meta property=\"og:image:type\" content=\"image\/jpeg\" \/>\n<meta name=\"author\" content=\"Cl\u00e9ment\" \/>\n<meta name=\"twitter:card\" content=\"summary_large_image\" \/>\n<meta name=\"twitter:creator\" content=\"@FootdavantFr\" \/>\n<meta name=\"twitter:site\" content=\"@FootdavantFr\" \/>\n<meta name=\"twitter:label1\" content=\"\u00c9crit par\" \/>\n\t<meta name=\"twitter:data1\" content=\"Cl\u00e9ment\" \/>\n\t<meta name=\"twitter:label2\" content=\"Dur\u00e9e de lecture estim\u00e9e\" \/>\n\t<meta name=\"twitter:data2\" content=\"3 minutes\" \/>\n<script type=\"application\/ld+json\" class=\"yoast-schema-graph\">{\"@context\":\"https:\/\/schema.org\",\"@graph\":[{\"@type\":\"Article\",\"@id\":\"https:\/\/footdavant.fr\/actualites\/aldridge-fait-appel-aux-liverpool-legends-avec-klopp-pret-a-revenir\/#article\",\"isPartOf\":{\"@id\":\"https:\/\/footdavant.fr\/actualites\/aldridge-fait-appel-aux-liverpool-legends-avec-klopp-pret-a-revenir\/\"},\"author\":{\"name\":\"Cl\u00e9ment\",\"@id\":\"https:\/\/footdavant.fr\/actualites\/#\/schema\/person\/bc222566d95871b37e597b3ed3ba5e1d\"},\"headline\":\"Aldridge fait appel aux Liverpool Legends avec Klopp pr\u00eat \u00e0 revenir\",\"datePublished\":\"2026-02-18T02:48:13+00:00\",\"dateModified\":\"2026-02-18T02:48:16+00:00\",\"mainEntityOfPage\":{\"@id\":\"https:\/\/footdavant.fr\/actualites\/aldridge-fait-appel-aux-liverpool-legends-avec-klopp-pret-a-revenir\/\"},\"wordCount\":582,\"publisher\":{\"@id\":\"https:\/\/footdavant.fr\/actualites\/#organization\"},\"keywords\":[\"Aldridge\",\"appel\",\"aux\",\"avec\",\"fait\",\"Klopp\",\"Legends\",\"Liverpool\",\"pr\u00eat\",\"revenir\"],\"articleSection\":[\"Football\"],\"inLanguage\":\"fr-FR\"},{\"@type\":\"WebPage\",\"@id\":\"https:\/\/footdavant.fr\/actualites\/aldridge-fait-appel-aux-liverpool-legends-avec-klopp-pret-a-revenir\/\",\"url\":\"https:\/\/footdavant.fr\/actualites\/aldridge-fait-appel-aux-liverpool-legends-avec-klopp-pret-a-revenir\/\",\"name\":\"Aldridge fait appel aux Liverpool Legends avec Klopp pr\u00eat \u00e0 revenir\",\"isPartOf\":{\"@id\":\"https:\/\/footdavant.fr\/actualites\/#website\"},\"datePublished\":\"2026-02-18T02:48:13+00:00\",\"dateModified\":\"2026-02-18T02:48:16+00:00\",\"breadcrumb\":{\"@id\":\"https:\/\/footdavant.fr\/actualites\/aldridge-fait-appel-aux-liverpool-legends-avec-klopp-pret-a-revenir\/#breadcrumb\"},\"inLanguage\":\"fr-FR\",\"potentialAction\":[{\"@type\":\"ReadAction\",\"target\":[\"https:\/\/footdavant.fr\/actualites\/aldridge-fait-appel-aux-liverpool-legends-avec-klopp-pret-a-revenir\/\"]}]},{\"@type\":\"BreadcrumbList\",\"@id\":\"https:\/\/footdavant.fr\/actualites\/aldridge-fait-appel-aux-liverpool-legends-avec-klopp-pret-a-revenir\/#breadcrumb\",\"itemListElement\":[{\"@type\":\"ListItem\",\"position\":1,\"name\":\"Accueil\",\"item\":\"https:\/\/footdavant.fr\/actualites\/\"},{\"@type\":\"ListItem\",\"position\":2,\"name\":\"Aldridge fait appel aux Liverpool Legends avec Klopp pr\u00eat \u00e0 revenir\"}]},{\"@type\":\"WebSite\",\"@id\":\"https:\/\/footdavant.fr\/actualites\/#website\",\"url\":\"https:\/\/footdavant.fr\/actualites\/\",\"name\":\"Foot d'avant\",\"description\":\"\",\"publisher\":{\"@id\":\"https:\/\/footdavant.fr\/actualites\/#organization\"},\"potentialAction\":[{\"@type\":\"SearchAction\",\"target\":{\"@type\":\"EntryPoint\",\"urlTemplate\":\"https:\/\/footdavant.fr\/actualites\/?s={search_term_string}\"},\"query-input\":\"required name=search_term_string\"}],\"inLanguage\":\"fr-FR\"},{\"@type\":\"Organization\",\"@id\":\"https:\/\/footdavant.fr\/actualites\/#organization\",\"name\":\"Foot d'avant\",\"url\":\"https:\/\/footdavant.fr\/actualites\/\",\"logo\":{\"@type\":\"ImageObject\",\"inLanguage\":\"fr-FR\",\"@id\":\"https:\/\/footdavant.fr\/actualites\/#\/schema\/logo\/image\/\",\"url\":\"https:\/\/footdavant.fr\/actualites\/wp-content\/uploads\/2023\/09\/Copy-of-FootDavant-Logo.png\",\"contentUrl\":\"https:\/\/footdavant.fr\/actualites\/wp-content\/uploads\/2023\/09\/Copy-of-FootDavant-Logo.png\",\"width\":936,\"height\":549,\"caption\":\"Foot d'avant\"},\"image\":{\"@id\":\"https:\/\/footdavant.fr\/actualites\/#\/schema\/logo\/image\/\"},\"sameAs\":[\"https:\/\/www.facebook.com\/Footdavant\/\",\"https:\/\/twitter.com\/FootdavantFr\",\"https:\/\/www.instagram.com\/footdavant.fr\/\"]},{\"@type\":\"Person\",\"@id\":\"https:\/\/footdavant.fr\/actualites\/#\/schema\/person\/bc222566d95871b37e597b3ed3ba5e1d\",\"name\":\"Cl\u00e9ment\",\"image\":{\"@type\":\"ImageObject\",\"inLanguage\":\"fr-FR\",\"@id\":\"https:\/\/footdavant.fr\/actualites\/#\/schema\/person\/image\/\",\"url\":\"https:\/\/secure.gravatar.com\/avatar\/7728b29aac2719421e1a9159b2254c44?s=96&d=mm&r=g\",\"contentUrl\":\"https:\/\/secure.gravatar.com\/avatar\/7728b29aac2719421e1a9159b2254c44?s=96&d=mm&r=g\",\"caption\":\"Cl\u00e9ment\"},\"sameAs\":[\"https:\/\/footdavant.fr\/\"]}]}<\/script>\n<!-- \/ Yoast SEO plugin. -->","yoast_head_json":{"title":"Aldridge fait appel aux Liverpool Legends avec Klopp pr\u00eat \u00e0 revenir","robots":{"index":"index","follow":"follow","max-snippet":"max-snippet:-1","max-image-preview":"max-image-preview:large","max-video-preview":"max-video-preview:-1"},"canonical":"https:\/\/footdavant.fr\/actualites\/aldridge-fait-appel-aux-liverpool-legends-avec-klopp-pret-a-revenir\/","og_locale":"fr_FR","og_type":"article","og_title":"Aldridge fait appel aux Liverpool Legends avec Klopp pr\u00eat \u00e0 revenir","og_description":"Les supporters de Liverpool \u00e0 la recherche de billets pour le match des Liverpool Legends contre le Borussia Dortmund Legends ont \u00e9t\u00e9 invit\u00e9s \u00e0 ne","og_url":"https:\/\/footdavant.fr\/actualites\/aldridge-fait-appel-aux-liverpool-legends-avec-klopp-pret-a-revenir\/","og_site_name":"Foot d&#039;avant","article_publisher":"https:\/\/www.facebook.com\/Footdavant\/","article_published_time":"2026-02-18T02:48:13+00:00","article_modified_time":"2026-02-18T02:48:16+00:00","og_image":[{"width":1200,"height":675,"url":"https:\/\/footdavant.fr\/actualites\/wp-content\/uploads\/2026\/02\/1771382895_Aldridge-fait-appel-aux-Liverpool-Legends-avec-Klopp-pret-a.jpg","type":"image\/jpeg"}],"author":"Cl\u00e9ment","twitter_card":"summary_large_image","twitter_creator":"@FootdavantFr","twitter_site":"@FootdavantFr","twitter_misc":{"\u00c9crit par":"Cl\u00e9ment","Dur\u00e9e de lecture estim\u00e9e":"3 minutes"},"schema":{"@context":"https:\/\/schema.org","@graph":[{"@type":"Article","@id":"https:\/\/footdavant.fr\/actualites\/aldridge-fait-appel-aux-liverpool-legends-avec-klopp-pret-a-revenir\/#article","isPartOf":{"@id":"https:\/\/footdavant.fr\/actualites\/aldridge-fait-appel-aux-liverpool-legends-avec-klopp-pret-a-revenir\/"},"author":{"name":"Cl\u00e9ment","@id":"https:\/\/footdavant.fr\/actualites\/#\/schema\/person\/bc222566d95871b37e597b3ed3ba5e1d"},"headline":"Aldridge fait appel aux Liverpool Legends avec Klopp pr\u00eat \u00e0 revenir","datePublished":"2026-02-18T02:48:13+00:00","dateModified":"2026-02-18T02:48:16+00:00","mainEntityOfPage":{"@id":"https:\/\/footdavant.fr\/actualites\/aldridge-fait-appel-aux-liverpool-legends-avec-klopp-pret-a-revenir\/"},"wordCount":582,"publisher":{"@id":"https:\/\/footdavant.fr\/actualites\/#organization"},"keywords":["Aldridge","appel","aux","avec","fait","Klopp","Legends","Liverpool","pr\u00eat","revenir"],"articleSection":["Football"],"inLanguage":"fr-FR"},{"@type":"WebPage","@id":"https:\/\/footdavant.fr\/actualites\/aldridge-fait-appel-aux-liverpool-legends-avec-klopp-pret-a-revenir\/","url":"https:\/\/footdavant.fr\/actualites\/aldridge-fait-appel-aux-liverpool-legends-avec-klopp-pret-a-revenir\/","name":"Aldridge fait appel aux Liverpool Legends avec Klopp pr\u00eat \u00e0 revenir","isPartOf":{"@id":"https:\/\/footdavant.fr\/actualites\/#website"},"datePublished":"2026-02-18T02:48:13+00:00","dateModified":"2026-02-18T02:48:16+00:00","breadcrumb":{"@id":"https:\/\/footdavant.fr\/actualites\/aldridge-fait-appel-aux-liverpool-legends-avec-klopp-pret-a-revenir\/#breadcrumb"},"inLanguage":"fr-FR","potentialAction":[{"@type":"ReadAction","target":["https:\/\/footdavant.fr\/actualites\/aldridge-fait-appel-aux-liverpool-legends-avec-klopp-pret-a-revenir\/"]}]},{"@type":"BreadcrumbList","@id":"https:\/\/footdavant.fr\/actualites\/aldridge-fait-appel-aux-liverpool-legends-avec-klopp-pret-a-revenir\/#breadcrumb","itemListElement":[{"@type":"ListItem","position":1,"name":"Accueil","item":"https:\/\/footdavant.fr\/actualites\/"},{"@type":"ListItem","position":2,"name":"Aldridge fait appel aux Liverpool Legends avec Klopp pr\u00eat \u00e0 revenir"}]},{"@type":"WebSite","@id":"https:\/\/footdavant.fr\/actualites\/#website","url":"https:\/\/footdavant.fr\/actualites\/","name":"Foot d'avant","description":"","publisher":{"@id":"https:\/\/footdavant.fr\/actualites\/#organization"},"potentialAction":[{"@type":"SearchAction","target":{"@type":"EntryPoint","urlTemplate":"https:\/\/footdavant.fr\/actualites\/?s={search_term_string}"},"query-input":"required name=search_term_string"}],"inLanguage":"fr-FR"},{"@type":"Organization","@id":"https:\/\/footdavant.fr\/actualites\/#organization","name":"Foot d'avant","url":"https:\/\/footdavant.fr\/actualites\/","logo":{"@type":"ImageObject","inLanguage":"fr-FR","@id":"https:\/\/footdavant.fr\/actualites\/#\/schema\/logo\/image\/","url":"https:\/\/footdavant.fr\/actualites\/wp-content\/uploads\/2023\/09\/Copy-of-FootDavant-Logo.png","contentUrl":"https:\/\/footdavant.fr\/actualites\/wp-content\/uploads\/2023\/09\/Copy-of-FootDavant-Logo.png","width":936,"height":549,"caption":"Foot d'avant"},"image":{"@id":"https:\/\/footdavant.fr\/actualites\/#\/schema\/logo\/image\/"},"sameAs":["https:\/\/www.facebook.com\/Footdavant\/","https:\/\/twitter.com\/FootdavantFr","https:\/\/www.instagram.com\/footdavant.fr\/"]},{"@type":"Person","@id":"https:\/\/footdavant.fr\/actualites\/#\/schema\/person\/bc222566d95871b37e597b3ed3ba5e1d","name":"Cl\u00e9ment","image":{"@type":"ImageObject","inLanguage":"fr-FR","@id":"https:\/\/footdavant.fr\/actualites\/#\/schema\/person\/image\/","url":"https:\/\/secure.gravatar.com\/avatar\/7728b29aac2719421e1a9159b2254c44?s=96&d=mm&r=g","contentUrl":"https:\/\/secure.gravatar.com\/avatar\/7728b29aac2719421e1a9159b2254c44?s=96&d=mm&r=g","caption":"Cl\u00e9ment"},"sameAs":["https:\/\/footdavant.fr\/"]}]}},"_links":{"self":[{"href":"https:\/\/footdavant.fr\/actualites\/wp-json\/wp\/v2\/posts\/34598"}],"collection":[{"href":"https:\/\/footdavant.fr\/actualites\/wp-json\/wp\/v2\/posts"}],"about":[{"href":"https:\/\/footdavant.fr\/actualites\/wp-json\/wp\/v2\/types\/post"}],"author":[{"embeddable":true,"href":"https:\/\/footdavant.fr\/actualites\/wp-json\/wp\/v2\/users\/1"}],"replies":[{"embeddable":true,"href":"https:\/\/footdavant.fr\/actualites\/wp-json\/wp\/v2\/comments?post=34598"}],"version-history":[{"count":1,"href":"https:\/\/footdavant.fr\/actualites\/wp-json\/wp\/v2\/posts\/34598\/revisions"}],"predecessor-version":[{"id":34600,"href":"https:\/\/footdavant.fr\/actualites\/wp-json\/wp\/v2\/posts\/34598\/revisions\/34600"}],"wp:featuredmedia":[{"embeddable":true,"href":"https:\/\/footdavant.fr\/actualites\/wp-json\/wp\/v2\/media\/34599"}],"wp:attachment":[{"href":"https:\/\/footdavant.fr\/actualites\/wp-json\/wp\/v2\/media?parent=34598"}],"wp:term":[{"taxonomy":"category","embeddable":true,"href":"https:\/\/footdavant.fr\/actualites\/wp-json\/wp\/v2\/categories?post=34598"},{"taxonomy":"post_tag","embeddable":true,"href":"https:\/\/footdavant.fr\/actualites\/wp-json\/wp\/v2\/tags?post=34598"}],"curies":[{"name":"wp","href":"https:\/\/api.w.org\/{rel}","templated":true}]}}