{"id":34601,"date":"2026-02-18T05:48:01","date_gmt":"2026-02-18T04:48:01","guid":{"rendered":"https:\/\/footdavant.fr\/actualites\/des-signes-inquietants-vinicius-jr-ouvre-des-discussions-avec-la-star-de-liverpool-au-milieu-des-liens-avec-le-real-madrid\/"},"modified":"2026-02-18T05:48:02","modified_gmt":"2026-02-18T04:48:02","slug":"des-signes-inquietants-vinicius-jr-ouvre-des-discussions-avec-la-star-de-liverpool-au-milieu-des-liens-avec-le-real-madrid","status":"publish","type":"post","link":"https:\/\/footdavant.fr\/actualites\/des-signes-inquietants-vinicius-jr-ouvre-des-discussions-avec-la-star-de-liverpool-au-milieu-des-liens-avec-le-real-madrid\/","title":{"rendered":"Des signes inqui\u00e9tants ? Vinicius Jr ouvre des discussions avec la star de Liverpool au milieu des liens avec le Real Madrid"},"content":{"rendered":"<div itemprop=\"articleBody\">\n<p>Vinicius Junior a confirm\u00e9 qu&#39;il restait r\u00e9guli\u00e8rement en contact avec le milieu de terrain de Liverpool Dominik Szoboszlai, qui a r\u00e9cemment \u00e9t\u00e9 li\u00e9 \u00e0 un transfert au Real Madrid. <\/p>\n<p>Le milieu de terrain hongrois a \u00e9t\u00e9 l&#39;un des joueurs les plus constants des Reds en 2025-26, marquant 10 buts et enregistrant sept passes d\u00e9cisives toutes comp\u00e9titions confondues. <\/p>\n<p>Le joueur de 25 ans a jou\u00e9 plusieurs r\u00f4les, notamment celui d&#39;arri\u00e8re droit, o\u00f9 il a fait un travail remarquable en l&#39;absence de Conor Bradley et de Jeremie Frimpong. <\/p>\n<p>Des joueurs comme le Real Madrid et l&#39;Atletico Madrid ont \u00e9t\u00e9 associ\u00e9s \u00e0 un transfert pour Szoboszlai, mais les Reds sont d\u00e9termin\u00e9s \u00e0 repousser l&#39;int\u00e9r\u00eat apr\u00e8s lui avoir propos\u00e9 un contrat lucratif. <\/p>\n<p>R\u00e9cemment, l&#39;entra\u00eeneur hongrois Marco Rossi a mis de l&#39;huile sur le feu en affirmant que le milieu de terrain avait toujours r\u00eav\u00e9 de rejoindre le Real Madrid. <\/p>\n<h2>Qu&#39;est-ce que Vinicius Junior <span style=\"font-size: calc(1.275rem + 0.3vw); font-weight: 600;\">a dit \u00e0 propos de Dominik Szoboszlai ? <\/span><\/h2>\n<div>\n<div>\n<div>\n<p>\u00a9 Imago<\/p>\n<\/div>\n<\/div>\n<\/div>\n<p>Vinicius Junior a admis qu&#39;il parlait beaucoup avec Szoboszlai et qu&#39;ils \u00e9taient de bons amis en dehors du terrain. <\/p>\n<p>L&#39;ailier madril\u00e8ne a \u00e9galement ajout\u00e9 que Szoboszlai lui avait \u00e9galement parl\u00e9 de la possibilit\u00e9 d&#39;obtenir une paire de ses chaussures Nike embl\u00e9matiques.<\/p>\n<p> \u00ab\u00a0Je parle beaucoup avec Szoboszlai. Nous nous sommes rencontr\u00e9s quand nous \u00e9tions plus jeunes. (Lucas) Paqueta est mon meilleur ami dans le football\u00a0\u00bb, a d\u00e9clar\u00e9 Vinicius Jr au YouTuber Ibai, cit\u00e9 par <em>Le miroir<\/em>. <\/p>\n<p>\u00ab\u00a0Beaucoup de joueurs m&#39;ont envoy\u00e9 un message pour jouer avec eux ! Paqueta \u00e0 Flamengo et Szoboszlai de Liverpool m&#39;ont \u00e9galement demand\u00e9.\u00a0\u00bb<\/p>\n<h2>Liverpool doit-il s\u2019inqui\u00e9ter pour Szoboszlai ?<\/h2>\n<div>\n<div>\n<div><img decoding=\"async\" data-img-id=\"157725\" class=\"lazy\" loading=\"lazy\" src=\"https:\/\/footdavant.fr\/actualites\/wp-content\/uploads\/2026\/02\/Des-signes-inquietants-Vinicius-Jr-ouvre-des-discussions-avec.webp\"\/><\/p>\n<p>\u00a9 Imago \/ APL<\/p>\n<\/div>\n<\/div>\n<\/div>\n<p>L&#39;ancien milieu de terrain du RB Leipzig a r\u00e9cemment admis qu&#39;il n&#39;y avait eu aucun progr\u00e8s dans les n\u00e9gociations contractuelles de la part des Reds, faisant craindre qu&#39;il ne soit attir\u00e9 loin d&#39;Anfield l&#39;\u00e9t\u00e9 prochain, surtout s&#39;ils ne parvenaient pas \u00e0 assurer le football de la Ligue des champions la saison prochaine. <\/p>\n<p>Bien que Vinicius Jr. ne dise rien sur les discussions sur un transfert potentiel ou s&#39;ils ont discut\u00e9 de ces sujets, le moment choisi pour l&#39;interview devrait inqui\u00e9ter les fans des Reds. <\/p>\n<p>Apr\u00e8s avoir perdu Trent Alexander-Arnold \u00e0 moindre co\u00fbt contre Los Blancos l&#39;\u00e9t\u00e9 dernier, les fans de Liverpool ont parfaitement le droit d&#39;avoir peur chaque fois que le nom du Real Madrid revient dans les discussions sur l&#39;un de leurs joueurs existants. <\/p>\n<p>Szoboszlai a un contrat \u00e0 Anfield jusqu&#39;en 2028 et Liverpool doit trouver un moyen de le convaincre de rester au club et de les aider \u00e0 remporter plus de troph\u00e9es. <\/p>\n<p>En plus de cela, Liverpool pourrait \u00e9galement perdre Ibrahima Konate, qui deviendra agent libre une fois son contrat expir\u00e9 \u00e0 la fin de la saison, et Madrid aurait raviv\u00e9 son int\u00e9r\u00eat pour le signer. <\/p>\n<\/div>\n","protected":false},"excerpt":{"rendered":"<p>Vinicius Junior a confirm\u00e9 qu&#39;il restait r\u00e9guli\u00e8rement en contact avec le milieu de terrain de Liverpool Dominik Szoboszlai, qui a r\u00e9cemment \u00e9t\u00e9 li\u00e9 \u00e0 un<\/p>\n","protected":false},"author":1,"featured_media":34602,"comment_status":"closed","ping_status":"","sticky":false,"template":"","format":"standard","meta":{"footnotes":""},"categories":[5],"tags":[91,12,713,11444,1560,53,303,441,593,302,1845,1621,1877],"yoast_head":"<!-- This site is optimized with the Yoast SEO plugin v21.0 - https:\/\/yoast.com\/wordpress\/plugins\/seo\/ -->\n<title>Des signes inqui\u00e9tants ? Vinicius Jr ouvre des discussions avec la star de Liverpool au milieu des liens avec le Real Madrid<\/title>\n<meta name=\"robots\" content=\"index, follow, max-snippet:-1, max-image-preview:large, max-video-preview:-1\" \/>\n<link rel=\"canonical\" href=\"https:\/\/footdavant.fr\/actualites\/des-signes-inquietants-vinicius-jr-ouvre-des-discussions-avec-la-star-de-liverpool-au-milieu-des-liens-avec-le-real-madrid\/\" \/>\n<meta property=\"og:locale\" content=\"fr_FR\" \/>\n<meta property=\"og:type\" content=\"article\" \/>\n<meta property=\"og:title\" content=\"Des signes inqui\u00e9tants ? Vinicius Jr ouvre des discussions avec la star de Liverpool au milieu des liens avec le Real Madrid\" \/>\n<meta property=\"og:description\" content=\"Vinicius Junior a confirm\u00e9 qu&#039;il restait r\u00e9guli\u00e8rement en contact avec le milieu de terrain de Liverpool Dominik Szoboszlai, qui a r\u00e9cemment \u00e9t\u00e9 li\u00e9 \u00e0 un\" \/>\n<meta property=\"og:url\" content=\"https:\/\/footdavant.fr\/actualites\/des-signes-inquietants-vinicius-jr-ouvre-des-discussions-avec-la-star-de-liverpool-au-milieu-des-liens-avec-le-real-madrid\/\" \/>\n<meta property=\"og:site_name\" content=\"Foot d&#039;avant\" \/>\n<meta property=\"article:publisher\" content=\"https:\/\/www.facebook.com\/Footdavant\/\" \/>\n<meta property=\"article:published_time\" content=\"2026-02-18T04:48:01+00:00\" \/>\n<meta property=\"article:modified_time\" content=\"2026-02-18T04:48:02+00:00\" \/>\n<meta property=\"og:image\" content=\"https:\/\/footdavant.fr\/actualites\/wp-content\/uploads\/2026\/02\/Des-signes-inquietants-Vinicius-Jr-ouvre-des-discussions-avec.net2Fuploads2F20262F022Ficonsport-312649.webp\" \/>\n\t<meta property=\"og:image:width\" content=\"720\" \/>\n\t<meta property=\"og:image:height\" content=\"410\" \/>\n\t<meta property=\"og:image:type\" content=\"image\/webp\" \/>\n<meta name=\"author\" content=\"Cl\u00e9ment\" \/>\n<meta name=\"twitter:card\" content=\"summary_large_image\" \/>\n<meta name=\"twitter:creator\" content=\"@FootdavantFr\" \/>\n<meta name=\"twitter:site\" content=\"@FootdavantFr\" \/>\n<meta name=\"twitter:label1\" content=\"\u00c9crit par\" \/>\n\t<meta name=\"twitter:data1\" content=\"Cl\u00e9ment\" \/>\n\t<meta name=\"twitter:label2\" content=\"Dur\u00e9e de lecture estim\u00e9e\" \/>\n\t<meta name=\"twitter:data2\" content=\"2 minutes\" \/>\n<script type=\"application\/ld+json\" class=\"yoast-schema-graph\">{\"@context\":\"https:\/\/schema.org\",\"@graph\":[{\"@type\":\"Article\",\"@id\":\"https:\/\/footdavant.fr\/actualites\/des-signes-inquietants-vinicius-jr-ouvre-des-discussions-avec-la-star-de-liverpool-au-milieu-des-liens-avec-le-real-madrid\/#article\",\"isPartOf\":{\"@id\":\"https:\/\/footdavant.fr\/actualites\/des-signes-inquietants-vinicius-jr-ouvre-des-discussions-avec-la-star-de-liverpool-au-milieu-des-liens-avec-le-real-madrid\/\"},\"author\":{\"name\":\"Cl\u00e9ment\",\"@id\":\"https:\/\/footdavant.fr\/actualites\/#\/schema\/person\/bc222566d95871b37e597b3ed3ba5e1d\"},\"headline\":\"Des signes inqui\u00e9tants ? Vinicius Jr ouvre des discussions avec la star de Liverpool au milieu des liens avec le Real Madrid\",\"datePublished\":\"2026-02-18T04:48:01+00:00\",\"dateModified\":\"2026-02-18T04:48:02+00:00\",\"mainEntityOfPage\":{\"@id\":\"https:\/\/footdavant.fr\/actualites\/des-signes-inquietants-vinicius-jr-ouvre-des-discussions-avec-la-star-de-liverpool-au-milieu-des-liens-avec-le-real-madrid\/\"},\"wordCount\":517,\"publisher\":{\"@id\":\"https:\/\/footdavant.fr\/actualites\/#organization\"},\"keywords\":[\"avec\",\"des\",\"discussions\",\"inqui\u00e9tants\",\"liens\",\"Liverpool\",\"Madrid\",\"milieu\",\"ouvre\",\"Real\",\"signes\",\"Star\",\"Vinicius\"],\"articleSection\":[\"Premier League\"],\"inLanguage\":\"fr-FR\"},{\"@type\":\"WebPage\",\"@id\":\"https:\/\/footdavant.fr\/actualites\/des-signes-inquietants-vinicius-jr-ouvre-des-discussions-avec-la-star-de-liverpool-au-milieu-des-liens-avec-le-real-madrid\/\",\"url\":\"https:\/\/footdavant.fr\/actualites\/des-signes-inquietants-vinicius-jr-ouvre-des-discussions-avec-la-star-de-liverpool-au-milieu-des-liens-avec-le-real-madrid\/\",\"name\":\"Des signes inqui\u00e9tants ? Vinicius Jr ouvre des discussions avec la star de Liverpool au milieu des liens avec le Real Madrid\",\"isPartOf\":{\"@id\":\"https:\/\/footdavant.fr\/actualites\/#website\"},\"datePublished\":\"2026-02-18T04:48:01+00:00\",\"dateModified\":\"2026-02-18T04:48:02+00:00\",\"breadcrumb\":{\"@id\":\"https:\/\/footdavant.fr\/actualites\/des-signes-inquietants-vinicius-jr-ouvre-des-discussions-avec-la-star-de-liverpool-au-milieu-des-liens-avec-le-real-madrid\/#breadcrumb\"},\"inLanguage\":\"fr-FR\",\"potentialAction\":[{\"@type\":\"ReadAction\",\"target\":[\"https:\/\/footdavant.fr\/actualites\/des-signes-inquietants-vinicius-jr-ouvre-des-discussions-avec-la-star-de-liverpool-au-milieu-des-liens-avec-le-real-madrid\/\"]}]},{\"@type\":\"BreadcrumbList\",\"@id\":\"https:\/\/footdavant.fr\/actualites\/des-signes-inquietants-vinicius-jr-ouvre-des-discussions-avec-la-star-de-liverpool-au-milieu-des-liens-avec-le-real-madrid\/#breadcrumb\",\"itemListElement\":[{\"@type\":\"ListItem\",\"position\":1,\"name\":\"Accueil\",\"item\":\"https:\/\/footdavant.fr\/actualites\/\"},{\"@type\":\"ListItem\",\"position\":2,\"name\":\"Des signes inqui\u00e9tants ? Vinicius Jr ouvre des discussions avec la star de Liverpool au milieu des liens avec le Real Madrid\"}]},{\"@type\":\"WebSite\",\"@id\":\"https:\/\/footdavant.fr\/actualites\/#website\",\"url\":\"https:\/\/footdavant.fr\/actualites\/\",\"name\":\"Foot d'avant\",\"description\":\"\",\"publisher\":{\"@id\":\"https:\/\/footdavant.fr\/actualites\/#organization\"},\"potentialAction\":[{\"@type\":\"SearchAction\",\"target\":{\"@type\":\"EntryPoint\",\"urlTemplate\":\"https:\/\/footdavant.fr\/actualites\/?s={search_term_string}\"},\"query-input\":\"required name=search_term_string\"}],\"inLanguage\":\"fr-FR\"},{\"@type\":\"Organization\",\"@id\":\"https:\/\/footdavant.fr\/actualites\/#organization\",\"name\":\"Foot d'avant\",\"url\":\"https:\/\/footdavant.fr\/actualites\/\",\"logo\":{\"@type\":\"ImageObject\",\"inLanguage\":\"fr-FR\",\"@id\":\"https:\/\/footdavant.fr\/actualites\/#\/schema\/logo\/image\/\",\"url\":\"https:\/\/footdavant.fr\/actualites\/wp-content\/uploads\/2023\/09\/Copy-of-FootDavant-Logo.png\",\"contentUrl\":\"https:\/\/footdavant.fr\/actualites\/wp-content\/uploads\/2023\/09\/Copy-of-FootDavant-Logo.png\",\"width\":936,\"height\":549,\"caption\":\"Foot d'avant\"},\"image\":{\"@id\":\"https:\/\/footdavant.fr\/actualites\/#\/schema\/logo\/image\/\"},\"sameAs\":[\"https:\/\/www.facebook.com\/Footdavant\/\",\"https:\/\/twitter.com\/FootdavantFr\",\"https:\/\/www.instagram.com\/footdavant.fr\/\"]},{\"@type\":\"Person\",\"@id\":\"https:\/\/footdavant.fr\/actualites\/#\/schema\/person\/bc222566d95871b37e597b3ed3ba5e1d\",\"name\":\"Cl\u00e9ment\",\"image\":{\"@type\":\"ImageObject\",\"inLanguage\":\"fr-FR\",\"@id\":\"https:\/\/footdavant.fr\/actualites\/#\/schema\/person\/image\/\",\"url\":\"https:\/\/secure.gravatar.com\/avatar\/7728b29aac2719421e1a9159b2254c44?s=96&d=mm&r=g\",\"contentUrl\":\"https:\/\/secure.gravatar.com\/avatar\/7728b29aac2719421e1a9159b2254c44?s=96&d=mm&r=g\",\"caption\":\"Cl\u00e9ment\"},\"sameAs\":[\"https:\/\/footdavant.fr\/\"]}]}<\/script>\n<!-- \/ Yoast SEO plugin. -->","yoast_head_json":{"title":"Des signes inqui\u00e9tants ? Vinicius Jr ouvre des discussions avec la star de Liverpool au milieu des liens avec le Real Madrid","robots":{"index":"index","follow":"follow","max-snippet":"max-snippet:-1","max-image-preview":"max-image-preview:large","max-video-preview":"max-video-preview:-1"},"canonical":"https:\/\/footdavant.fr\/actualites\/des-signes-inquietants-vinicius-jr-ouvre-des-discussions-avec-la-star-de-liverpool-au-milieu-des-liens-avec-le-real-madrid\/","og_locale":"fr_FR","og_type":"article","og_title":"Des signes inqui\u00e9tants ? Vinicius Jr ouvre des discussions avec la star de Liverpool au milieu des liens avec le Real Madrid","og_description":"Vinicius Junior a confirm\u00e9 qu&#39;il restait r\u00e9guli\u00e8rement en contact avec le milieu de terrain de Liverpool Dominik Szoboszlai, qui a r\u00e9cemment \u00e9t\u00e9 li\u00e9 \u00e0 un","og_url":"https:\/\/footdavant.fr\/actualites\/des-signes-inquietants-vinicius-jr-ouvre-des-discussions-avec-la-star-de-liverpool-au-milieu-des-liens-avec-le-real-madrid\/","og_site_name":"Foot d&#039;avant","article_publisher":"https:\/\/www.facebook.com\/Footdavant\/","article_published_time":"2026-02-18T04:48:01+00:00","article_modified_time":"2026-02-18T04:48:02+00:00","og_image":[{"width":720,"height":410,"url":"https:\/\/footdavant.fr\/actualites\/wp-content\/uploads\/2026\/02\/Des-signes-inquietants-Vinicius-Jr-ouvre-des-discussions-avec.net2Fuploads2F20262F022Ficonsport-312649.webp","type":"image\/webp"}],"author":"Cl\u00e9ment","twitter_card":"summary_large_image","twitter_creator":"@FootdavantFr","twitter_site":"@FootdavantFr","twitter_misc":{"\u00c9crit par":"Cl\u00e9ment","Dur\u00e9e de lecture estim\u00e9e":"2 minutes"},"schema":{"@context":"https:\/\/schema.org","@graph":[{"@type":"Article","@id":"https:\/\/footdavant.fr\/actualites\/des-signes-inquietants-vinicius-jr-ouvre-des-discussions-avec-la-star-de-liverpool-au-milieu-des-liens-avec-le-real-madrid\/#article","isPartOf":{"@id":"https:\/\/footdavant.fr\/actualites\/des-signes-inquietants-vinicius-jr-ouvre-des-discussions-avec-la-star-de-liverpool-au-milieu-des-liens-avec-le-real-madrid\/"},"author":{"name":"Cl\u00e9ment","@id":"https:\/\/footdavant.fr\/actualites\/#\/schema\/person\/bc222566d95871b37e597b3ed3ba5e1d"},"headline":"Des signes inqui\u00e9tants ? Vinicius Jr ouvre des discussions avec la star de Liverpool au milieu des liens avec le Real Madrid","datePublished":"2026-02-18T04:48:01+00:00","dateModified":"2026-02-18T04:48:02+00:00","mainEntityOfPage":{"@id":"https:\/\/footdavant.fr\/actualites\/des-signes-inquietants-vinicius-jr-ouvre-des-discussions-avec-la-star-de-liverpool-au-milieu-des-liens-avec-le-real-madrid\/"},"wordCount":517,"publisher":{"@id":"https:\/\/footdavant.fr\/actualites\/#organization"},"keywords":["avec","des","discussions","inqui\u00e9tants","liens","Liverpool","Madrid","milieu","ouvre","Real","signes","Star","Vinicius"],"articleSection":["Premier League"],"inLanguage":"fr-FR"},{"@type":"WebPage","@id":"https:\/\/footdavant.fr\/actualites\/des-signes-inquietants-vinicius-jr-ouvre-des-discussions-avec-la-star-de-liverpool-au-milieu-des-liens-avec-le-real-madrid\/","url":"https:\/\/footdavant.fr\/actualites\/des-signes-inquietants-vinicius-jr-ouvre-des-discussions-avec-la-star-de-liverpool-au-milieu-des-liens-avec-le-real-madrid\/","name":"Des signes inqui\u00e9tants ? Vinicius Jr ouvre des discussions avec la star de Liverpool au milieu des liens avec le Real Madrid","isPartOf":{"@id":"https:\/\/footdavant.fr\/actualites\/#website"},"datePublished":"2026-02-18T04:48:01+00:00","dateModified":"2026-02-18T04:48:02+00:00","breadcrumb":{"@id":"https:\/\/footdavant.fr\/actualites\/des-signes-inquietants-vinicius-jr-ouvre-des-discussions-avec-la-star-de-liverpool-au-milieu-des-liens-avec-le-real-madrid\/#breadcrumb"},"inLanguage":"fr-FR","potentialAction":[{"@type":"ReadAction","target":["https:\/\/footdavant.fr\/actualites\/des-signes-inquietants-vinicius-jr-ouvre-des-discussions-avec-la-star-de-liverpool-au-milieu-des-liens-avec-le-real-madrid\/"]}]},{"@type":"BreadcrumbList","@id":"https:\/\/footdavant.fr\/actualites\/des-signes-inquietants-vinicius-jr-ouvre-des-discussions-avec-la-star-de-liverpool-au-milieu-des-liens-avec-le-real-madrid\/#breadcrumb","itemListElement":[{"@type":"ListItem","position":1,"name":"Accueil","item":"https:\/\/footdavant.fr\/actualites\/"},{"@type":"ListItem","position":2,"name":"Des signes inqui\u00e9tants ? Vinicius Jr ouvre des discussions avec la star de Liverpool au milieu des liens avec le Real Madrid"}]},{"@type":"WebSite","@id":"https:\/\/footdavant.fr\/actualites\/#website","url":"https:\/\/footdavant.fr\/actualites\/","name":"Foot d'avant","description":"","publisher":{"@id":"https:\/\/footdavant.fr\/actualites\/#organization"},"potentialAction":[{"@type":"SearchAction","target":{"@type":"EntryPoint","urlTemplate":"https:\/\/footdavant.fr\/actualites\/?s={search_term_string}"},"query-input":"required name=search_term_string"}],"inLanguage":"fr-FR"},{"@type":"Organization","@id":"https:\/\/footdavant.fr\/actualites\/#organization","name":"Foot d'avant","url":"https:\/\/footdavant.fr\/actualites\/","logo":{"@type":"ImageObject","inLanguage":"fr-FR","@id":"https:\/\/footdavant.fr\/actualites\/#\/schema\/logo\/image\/","url":"https:\/\/footdavant.fr\/actualites\/wp-content\/uploads\/2023\/09\/Copy-of-FootDavant-Logo.png","contentUrl":"https:\/\/footdavant.fr\/actualites\/wp-content\/uploads\/2023\/09\/Copy-of-FootDavant-Logo.png","width":936,"height":549,"caption":"Foot d'avant"},"image":{"@id":"https:\/\/footdavant.fr\/actualites\/#\/schema\/logo\/image\/"},"sameAs":["https:\/\/www.facebook.com\/Footdavant\/","https:\/\/twitter.com\/FootdavantFr","https:\/\/www.instagram.com\/footdavant.fr\/"]},{"@type":"Person","@id":"https:\/\/footdavant.fr\/actualites\/#\/schema\/person\/bc222566d95871b37e597b3ed3ba5e1d","name":"Cl\u00e9ment","image":{"@type":"ImageObject","inLanguage":"fr-FR","@id":"https:\/\/footdavant.fr\/actualites\/#\/schema\/person\/image\/","url":"https:\/\/secure.gravatar.com\/avatar\/7728b29aac2719421e1a9159b2254c44?s=96&d=mm&r=g","contentUrl":"https:\/\/secure.gravatar.com\/avatar\/7728b29aac2719421e1a9159b2254c44?s=96&d=mm&r=g","caption":"Cl\u00e9ment"},"sameAs":["https:\/\/footdavant.fr\/"]}]}},"_links":{"self":[{"href":"https:\/\/footdavant.fr\/actualites\/wp-json\/wp\/v2\/posts\/34601"}],"collection":[{"href":"https:\/\/footdavant.fr\/actualites\/wp-json\/wp\/v2\/posts"}],"about":[{"href":"https:\/\/footdavant.fr\/actualites\/wp-json\/wp\/v2\/types\/post"}],"author":[{"embeddable":true,"href":"https:\/\/footdavant.fr\/actualites\/wp-json\/wp\/v2\/users\/1"}],"replies":[{"embeddable":true,"href":"https:\/\/footdavant.fr\/actualites\/wp-json\/wp\/v2\/comments?post=34601"}],"version-history":[{"count":1,"href":"https:\/\/footdavant.fr\/actualites\/wp-json\/wp\/v2\/posts\/34601\/revisions"}],"predecessor-version":[{"id":34603,"href":"https:\/\/footdavant.fr\/actualites\/wp-json\/wp\/v2\/posts\/34601\/revisions\/34603"}],"wp:featuredmedia":[{"embeddable":true,"href":"https:\/\/footdavant.fr\/actualites\/wp-json\/wp\/v2\/media\/34602"}],"wp:attachment":[{"href":"https:\/\/footdavant.fr\/actualites\/wp-json\/wp\/v2\/media?parent=34601"}],"wp:term":[{"taxonomy":"category","embeddable":true,"href":"https:\/\/footdavant.fr\/actualites\/wp-json\/wp\/v2\/categories?post=34601"},{"taxonomy":"post_tag","embeddable":true,"href":"https:\/\/footdavant.fr\/actualites\/wp-json\/wp\/v2\/tags?post=34601"}],"curies":[{"name":"wp","href":"https:\/\/api.w.org\/{rel}","templated":true}]}}