{"id":34604,"date":"2026-02-18T07:48:15","date_gmt":"2026-02-18T06:48:15","guid":{"rendered":"https:\/\/footdavant.fr\/actualites\/la-derniere-chose-quest-ce-club-est-raciste\/"},"modified":"2026-02-18T07:48:16","modified_gmt":"2026-02-18T06:48:16","slug":"la-derniere-chose-quest-ce-club-est-raciste","status":"publish","type":"post","link":"https:\/\/footdavant.fr\/actualites\/la-derniere-chose-quest-ce-club-est-raciste\/","title":{"rendered":"\u00ab\u00a0La derni\u00e8re chose qu&#39;est ce club est raciste\u00a0\u00bb"},"content":{"rendered":"<div>\n<p>Jose Mourinho a d\u00e9fendu Benfica et a accus\u00e9 l&#39;ailier du Real Madrid Vinicius Jr d&#39;avoir incit\u00e9 la foule apr\u00e8s un pr\u00e9tendu incident de racisme lors de leur affrontement en Ligue des champions \u00e0 Lisbonne.<\/p>\n<p>Vinicius a marqu\u00e9 un superbe vainqueur et a \u00e9t\u00e9 r\u00e9serv\u00e9 pour ses c\u00e9l\u00e9brations alors que des objets lui \u00e9taient lanc\u00e9s depuis les tribunes.<\/p>\n<figure class=\"wp-block-embed is-type-rich is-provider-twitter wp-block-embed-twitter\"\/>\n<p>Les images t\u00e9l\u00e9vis\u00e9es ont montr\u00e9 un \u00e9change houleux entre Vinicius et l&#39;ailier de Benfica Gianluca Prestianni.<\/p>\n<p>L&#39;attaquant s&#39;est ensuite entretenu avec l&#39;arbitre Fran\u00e7ois Letexier et est all\u00e9 s&#39;asseoir dans l&#39;abri alors que le jeu \u00e9tait interrompu pendant environ 10 minutes. Letexier a fait un geste les bras crois\u00e9s pour signaler des abus racistes.<\/p>\n<figure class=\"wp-block-embed is-type-rich is-provider-twitter wp-block-embed-twitter\"\/>\n<p>Mourinho a parl\u00e9 \u00e0 son ancien joueur pendant le retard et a ensuite \u00e9t\u00e9 expuls\u00e9 apr\u00e8s la reprise du jeu.<\/p>\n<p>Mourinho a d\u00e9clar\u00e9 \u00e0 Amazon Prime : \u00ab\u00a0Malheureusement, Vinicius n&#39;\u00e9tait pas seulement heureux de marquer ce but \u00e9tonnant et le jeu est termin\u00e9. Vous devez c\u00e9l\u00e9brer de mani\u00e8re respectueuse.<\/p>\n<figure class=\"wp-block-embed is-type-rich is-provider-twitter wp-block-embed-twitter\"\/>\n<p>\u00ab\u00a0[He incited the crowd?] Je le crois. Les mots des deux joueurs, je veux \u00eatre ind\u00e9pendant, disent deux choses compl\u00e8tement diff\u00e9rentes. Il [Prestianni] le nie.<\/p>\n<p>\u00abJe lui ai dit [Vinicius] pour c\u00e9l\u00e9brer et revenir si vous marquez un but comme celui-ci. Il parlait de racisme et j&#39;ai dit que la personne la plus importante de l&#39;histoire de ce club, Eusebio, \u00e9tait noire. La derni\u00e8re chose qu\u2019est ce club est raciste.<\/p>\n<p>\u00ab\u00a0Il y a quelque chose qui ne va pas parce que dans chaque stade dans lequel il joue, quelque chose se passe.\u00a0\u00bb<\/p>\n<p>\u00ab\u00a0J&#39;aime Jose Mourinho mais il a pris une mauvaise d\u00e9cision \u2013 c&#39;est peut-\u00eatre la seule fois o\u00f9 nous n&#39;aurions pas d\u00fb avoir de ses nouvelles\u00a0\u00bb, a d\u00e9clar\u00e9 l&#39;ancien ailier d&#39;Arsenal Theo Walcott sur Amazon Prime.<\/p>\n<\/p><\/div>\n","protected":false},"excerpt":{"rendered":"<p>Jose Mourinho a d\u00e9fendu Benfica et a accus\u00e9 l&#39;ailier du Real Madrid Vinicius Jr d&#39;avoir incit\u00e9 la foule apr\u00e8s un pr\u00e9tendu incident de racisme lors<\/p>\n","protected":false},"author":1,"featured_media":34605,"comment_status":"closed","ping_status":"","sticky":false,"template":"","format":"standard","meta":{"footnotes":""},"categories":[3],"tags":[1817,333,657,217,11522,10227],"yoast_head":"<!-- This site is optimized with the Yoast SEO plugin v21.0 - https:\/\/yoast.com\/wordpress\/plugins\/seo\/ -->\n<title>&quot;La derni\u00e8re chose qu&#039;est ce club est raciste&quot;<\/title>\n<meta name=\"robots\" content=\"index, follow, max-snippet:-1, max-image-preview:large, max-video-preview:-1\" \/>\n<link rel=\"canonical\" href=\"https:\/\/footdavant.fr\/actualites\/la-derniere-chose-quest-ce-club-est-raciste\/\" \/>\n<meta property=\"og:locale\" content=\"fr_FR\" \/>\n<meta property=\"og:type\" content=\"article\" \/>\n<meta property=\"og:title\" content=\"&quot;La derni\u00e8re chose qu&#039;est ce club est raciste&quot;\" \/>\n<meta property=\"og:description\" content=\"Jose Mourinho a d\u00e9fendu Benfica et a accus\u00e9 l&#039;ailier du Real Madrid Vinicius Jr d&#039;avoir incit\u00e9 la foule apr\u00e8s un pr\u00e9tendu incident de racisme lors\" \/>\n<meta property=\"og:url\" content=\"https:\/\/footdavant.fr\/actualites\/la-derniere-chose-quest-ce-club-est-raciste\/\" \/>\n<meta property=\"og:site_name\" content=\"Foot d&#039;avant\" \/>\n<meta property=\"article:publisher\" content=\"https:\/\/www.facebook.com\/Footdavant\/\" \/>\n<meta property=\"article:published_time\" content=\"2026-02-18T06:48:15+00:00\" \/>\n<meta property=\"article:modified_time\" content=\"2026-02-18T06:48:16+00:00\" \/>\n<meta property=\"og:image\" content=\"https:\/\/footdavant.fr\/actualites\/wp-content\/uploads\/2026\/02\/La-derniere-chose-qu39est-ce-club-est-raciste.jpg\" \/>\n\t<meta property=\"og:image:width\" content=\"1200\" \/>\n\t<meta property=\"og:image:height\" content=\"800\" \/>\n\t<meta property=\"og:image:type\" content=\"image\/jpeg\" \/>\n<meta name=\"author\" content=\"Cl\u00e9ment\" \/>\n<meta name=\"twitter:card\" content=\"summary_large_image\" \/>\n<meta name=\"twitter:creator\" content=\"@FootdavantFr\" \/>\n<meta name=\"twitter:site\" content=\"@FootdavantFr\" \/>\n<meta name=\"twitter:label1\" content=\"\u00c9crit par\" \/>\n\t<meta name=\"twitter:data1\" content=\"Cl\u00e9ment\" \/>\n\t<meta name=\"twitter:label2\" content=\"Dur\u00e9e de lecture estim\u00e9e\" \/>\n\t<meta name=\"twitter:data2\" content=\"2 minutes\" \/>\n<script type=\"application\/ld+json\" class=\"yoast-schema-graph\">{\"@context\":\"https:\/\/schema.org\",\"@graph\":[{\"@type\":\"Article\",\"@id\":\"https:\/\/footdavant.fr\/actualites\/la-derniere-chose-quest-ce-club-est-raciste\/#article\",\"isPartOf\":{\"@id\":\"https:\/\/footdavant.fr\/actualites\/la-derniere-chose-quest-ce-club-est-raciste\/\"},\"author\":{\"name\":\"Cl\u00e9ment\",\"@id\":\"https:\/\/footdavant.fr\/actualites\/#\/schema\/person\/bc222566d95871b37e597b3ed3ba5e1d\"},\"headline\":\"\u00ab\u00a0La derni\u00e8re chose qu&#39;est ce club est raciste\u00a0\u00bb\",\"datePublished\":\"2026-02-18T06:48:15+00:00\",\"dateModified\":\"2026-02-18T06:48:16+00:00\",\"mainEntityOfPage\":{\"@id\":\"https:\/\/footdavant.fr\/actualites\/la-derniere-chose-quest-ce-club-est-raciste\/\"},\"wordCount\":333,\"publisher\":{\"@id\":\"https:\/\/footdavant.fr\/actualites\/#organization\"},\"keywords\":[\"chose\",\"club\",\"derni\u00e8re\",\"est\",\"qu39est\",\"raciste\"],\"articleSection\":[\"Football\"],\"inLanguage\":\"fr-FR\"},{\"@type\":\"WebPage\",\"@id\":\"https:\/\/footdavant.fr\/actualites\/la-derniere-chose-quest-ce-club-est-raciste\/\",\"url\":\"https:\/\/footdavant.fr\/actualites\/la-derniere-chose-quest-ce-club-est-raciste\/\",\"name\":\"\\\"La derni\u00e8re chose qu&#39;est ce club est raciste\\\"\",\"isPartOf\":{\"@id\":\"https:\/\/footdavant.fr\/actualites\/#website\"},\"datePublished\":\"2026-02-18T06:48:15+00:00\",\"dateModified\":\"2026-02-18T06:48:16+00:00\",\"breadcrumb\":{\"@id\":\"https:\/\/footdavant.fr\/actualites\/la-derniere-chose-quest-ce-club-est-raciste\/#breadcrumb\"},\"inLanguage\":\"fr-FR\",\"potentialAction\":[{\"@type\":\"ReadAction\",\"target\":[\"https:\/\/footdavant.fr\/actualites\/la-derniere-chose-quest-ce-club-est-raciste\/\"]}]},{\"@type\":\"BreadcrumbList\",\"@id\":\"https:\/\/footdavant.fr\/actualites\/la-derniere-chose-quest-ce-club-est-raciste\/#breadcrumb\",\"itemListElement\":[{\"@type\":\"ListItem\",\"position\":1,\"name\":\"Accueil\",\"item\":\"https:\/\/footdavant.fr\/actualites\/\"},{\"@type\":\"ListItem\",\"position\":2,\"name\":\"\u00ab\u00a0La derni\u00e8re chose qu&#39;est ce club est raciste\u00a0\u00bb\"}]},{\"@type\":\"WebSite\",\"@id\":\"https:\/\/footdavant.fr\/actualites\/#website\",\"url\":\"https:\/\/footdavant.fr\/actualites\/\",\"name\":\"Foot d'avant\",\"description\":\"\",\"publisher\":{\"@id\":\"https:\/\/footdavant.fr\/actualites\/#organization\"},\"potentialAction\":[{\"@type\":\"SearchAction\",\"target\":{\"@type\":\"EntryPoint\",\"urlTemplate\":\"https:\/\/footdavant.fr\/actualites\/?s={search_term_string}\"},\"query-input\":\"required name=search_term_string\"}],\"inLanguage\":\"fr-FR\"},{\"@type\":\"Organization\",\"@id\":\"https:\/\/footdavant.fr\/actualites\/#organization\",\"name\":\"Foot d'avant\",\"url\":\"https:\/\/footdavant.fr\/actualites\/\",\"logo\":{\"@type\":\"ImageObject\",\"inLanguage\":\"fr-FR\",\"@id\":\"https:\/\/footdavant.fr\/actualites\/#\/schema\/logo\/image\/\",\"url\":\"https:\/\/footdavant.fr\/actualites\/wp-content\/uploads\/2023\/09\/Copy-of-FootDavant-Logo.png\",\"contentUrl\":\"https:\/\/footdavant.fr\/actualites\/wp-content\/uploads\/2023\/09\/Copy-of-FootDavant-Logo.png\",\"width\":936,\"height\":549,\"caption\":\"Foot d'avant\"},\"image\":{\"@id\":\"https:\/\/footdavant.fr\/actualites\/#\/schema\/logo\/image\/\"},\"sameAs\":[\"https:\/\/www.facebook.com\/Footdavant\/\",\"https:\/\/twitter.com\/FootdavantFr\",\"https:\/\/www.instagram.com\/footdavant.fr\/\"]},{\"@type\":\"Person\",\"@id\":\"https:\/\/footdavant.fr\/actualites\/#\/schema\/person\/bc222566d95871b37e597b3ed3ba5e1d\",\"name\":\"Cl\u00e9ment\",\"image\":{\"@type\":\"ImageObject\",\"inLanguage\":\"fr-FR\",\"@id\":\"https:\/\/footdavant.fr\/actualites\/#\/schema\/person\/image\/\",\"url\":\"https:\/\/secure.gravatar.com\/avatar\/7728b29aac2719421e1a9159b2254c44?s=96&d=mm&r=g\",\"contentUrl\":\"https:\/\/secure.gravatar.com\/avatar\/7728b29aac2719421e1a9159b2254c44?s=96&d=mm&r=g\",\"caption\":\"Cl\u00e9ment\"},\"sameAs\":[\"https:\/\/footdavant.fr\/\"]}]}<\/script>\n<!-- \/ Yoast SEO plugin. -->","yoast_head_json":{"title":"\"La derni\u00e8re chose qu&#39;est ce club est raciste\"","robots":{"index":"index","follow":"follow","max-snippet":"max-snippet:-1","max-image-preview":"max-image-preview:large","max-video-preview":"max-video-preview:-1"},"canonical":"https:\/\/footdavant.fr\/actualites\/la-derniere-chose-quest-ce-club-est-raciste\/","og_locale":"fr_FR","og_type":"article","og_title":"\"La derni\u00e8re chose qu&#39;est ce club est raciste\"","og_description":"Jose Mourinho a d\u00e9fendu Benfica et a accus\u00e9 l&#39;ailier du Real Madrid Vinicius Jr d&#39;avoir incit\u00e9 la foule apr\u00e8s un pr\u00e9tendu incident de racisme lors","og_url":"https:\/\/footdavant.fr\/actualites\/la-derniere-chose-quest-ce-club-est-raciste\/","og_site_name":"Foot d&#039;avant","article_publisher":"https:\/\/www.facebook.com\/Footdavant\/","article_published_time":"2026-02-18T06:48:15+00:00","article_modified_time":"2026-02-18T06:48:16+00:00","og_image":[{"width":1200,"height":800,"url":"https:\/\/footdavant.fr\/actualites\/wp-content\/uploads\/2026\/02\/La-derniere-chose-qu39est-ce-club-est-raciste.jpg","type":"image\/jpeg"}],"author":"Cl\u00e9ment","twitter_card":"summary_large_image","twitter_creator":"@FootdavantFr","twitter_site":"@FootdavantFr","twitter_misc":{"\u00c9crit par":"Cl\u00e9ment","Dur\u00e9e de lecture estim\u00e9e":"2 minutes"},"schema":{"@context":"https:\/\/schema.org","@graph":[{"@type":"Article","@id":"https:\/\/footdavant.fr\/actualites\/la-derniere-chose-quest-ce-club-est-raciste\/#article","isPartOf":{"@id":"https:\/\/footdavant.fr\/actualites\/la-derniere-chose-quest-ce-club-est-raciste\/"},"author":{"name":"Cl\u00e9ment","@id":"https:\/\/footdavant.fr\/actualites\/#\/schema\/person\/bc222566d95871b37e597b3ed3ba5e1d"},"headline":"\u00ab\u00a0La derni\u00e8re chose qu&#39;est ce club est raciste\u00a0\u00bb","datePublished":"2026-02-18T06:48:15+00:00","dateModified":"2026-02-18T06:48:16+00:00","mainEntityOfPage":{"@id":"https:\/\/footdavant.fr\/actualites\/la-derniere-chose-quest-ce-club-est-raciste\/"},"wordCount":333,"publisher":{"@id":"https:\/\/footdavant.fr\/actualites\/#organization"},"keywords":["chose","club","derni\u00e8re","est","qu39est","raciste"],"articleSection":["Football"],"inLanguage":"fr-FR"},{"@type":"WebPage","@id":"https:\/\/footdavant.fr\/actualites\/la-derniere-chose-quest-ce-club-est-raciste\/","url":"https:\/\/footdavant.fr\/actualites\/la-derniere-chose-quest-ce-club-est-raciste\/","name":"\"La derni\u00e8re chose qu&#39;est ce club est raciste\"","isPartOf":{"@id":"https:\/\/footdavant.fr\/actualites\/#website"},"datePublished":"2026-02-18T06:48:15+00:00","dateModified":"2026-02-18T06:48:16+00:00","breadcrumb":{"@id":"https:\/\/footdavant.fr\/actualites\/la-derniere-chose-quest-ce-club-est-raciste\/#breadcrumb"},"inLanguage":"fr-FR","potentialAction":[{"@type":"ReadAction","target":["https:\/\/footdavant.fr\/actualites\/la-derniere-chose-quest-ce-club-est-raciste\/"]}]},{"@type":"BreadcrumbList","@id":"https:\/\/footdavant.fr\/actualites\/la-derniere-chose-quest-ce-club-est-raciste\/#breadcrumb","itemListElement":[{"@type":"ListItem","position":1,"name":"Accueil","item":"https:\/\/footdavant.fr\/actualites\/"},{"@type":"ListItem","position":2,"name":"\u00ab\u00a0La derni\u00e8re chose qu&#39;est ce club est raciste\u00a0\u00bb"}]},{"@type":"WebSite","@id":"https:\/\/footdavant.fr\/actualites\/#website","url":"https:\/\/footdavant.fr\/actualites\/","name":"Foot d'avant","description":"","publisher":{"@id":"https:\/\/footdavant.fr\/actualites\/#organization"},"potentialAction":[{"@type":"SearchAction","target":{"@type":"EntryPoint","urlTemplate":"https:\/\/footdavant.fr\/actualites\/?s={search_term_string}"},"query-input":"required name=search_term_string"}],"inLanguage":"fr-FR"},{"@type":"Organization","@id":"https:\/\/footdavant.fr\/actualites\/#organization","name":"Foot d'avant","url":"https:\/\/footdavant.fr\/actualites\/","logo":{"@type":"ImageObject","inLanguage":"fr-FR","@id":"https:\/\/footdavant.fr\/actualites\/#\/schema\/logo\/image\/","url":"https:\/\/footdavant.fr\/actualites\/wp-content\/uploads\/2023\/09\/Copy-of-FootDavant-Logo.png","contentUrl":"https:\/\/footdavant.fr\/actualites\/wp-content\/uploads\/2023\/09\/Copy-of-FootDavant-Logo.png","width":936,"height":549,"caption":"Foot d'avant"},"image":{"@id":"https:\/\/footdavant.fr\/actualites\/#\/schema\/logo\/image\/"},"sameAs":["https:\/\/www.facebook.com\/Footdavant\/","https:\/\/twitter.com\/FootdavantFr","https:\/\/www.instagram.com\/footdavant.fr\/"]},{"@type":"Person","@id":"https:\/\/footdavant.fr\/actualites\/#\/schema\/person\/bc222566d95871b37e597b3ed3ba5e1d","name":"Cl\u00e9ment","image":{"@type":"ImageObject","inLanguage":"fr-FR","@id":"https:\/\/footdavant.fr\/actualites\/#\/schema\/person\/image\/","url":"https:\/\/secure.gravatar.com\/avatar\/7728b29aac2719421e1a9159b2254c44?s=96&d=mm&r=g","contentUrl":"https:\/\/secure.gravatar.com\/avatar\/7728b29aac2719421e1a9159b2254c44?s=96&d=mm&r=g","caption":"Cl\u00e9ment"},"sameAs":["https:\/\/footdavant.fr\/"]}]}},"_links":{"self":[{"href":"https:\/\/footdavant.fr\/actualites\/wp-json\/wp\/v2\/posts\/34604"}],"collection":[{"href":"https:\/\/footdavant.fr\/actualites\/wp-json\/wp\/v2\/posts"}],"about":[{"href":"https:\/\/footdavant.fr\/actualites\/wp-json\/wp\/v2\/types\/post"}],"author":[{"embeddable":true,"href":"https:\/\/footdavant.fr\/actualites\/wp-json\/wp\/v2\/users\/1"}],"replies":[{"embeddable":true,"href":"https:\/\/footdavant.fr\/actualites\/wp-json\/wp\/v2\/comments?post=34604"}],"version-history":[{"count":1,"href":"https:\/\/footdavant.fr\/actualites\/wp-json\/wp\/v2\/posts\/34604\/revisions"}],"predecessor-version":[{"id":34606,"href":"https:\/\/footdavant.fr\/actualites\/wp-json\/wp\/v2\/posts\/34604\/revisions\/34606"}],"wp:featuredmedia":[{"embeddable":true,"href":"https:\/\/footdavant.fr\/actualites\/wp-json\/wp\/v2\/media\/34605"}],"wp:attachment":[{"href":"https:\/\/footdavant.fr\/actualites\/wp-json\/wp\/v2\/media?parent=34604"}],"wp:term":[{"taxonomy":"category","embeddable":true,"href":"https:\/\/footdavant.fr\/actualites\/wp-json\/wp\/v2\/categories?post=34604"},{"taxonomy":"post_tag","embeddable":true,"href":"https:\/\/footdavant.fr\/actualites\/wp-json\/wp\/v2\/tags?post=34604"}],"curies":[{"name":"wp","href":"https:\/\/api.w.org\/{rel}","templated":true}]}}