{"id":34610,"date":"2026-02-18T11:48:00","date_gmt":"2026-02-18T10:48:00","guid":{"rendered":"https:\/\/footdavant.fr\/actualites\/endrick-nouveau-rebondissement-dans-la-quete-par-man-united-de-las-du-real-madrid\/"},"modified":"2026-02-18T11:48:02","modified_gmt":"2026-02-18T10:48:02","slug":"endrick-nouveau-rebondissement-dans-la-quete-par-man-united-de-las-du-real-madrid","status":"publish","type":"post","link":"https:\/\/footdavant.fr\/actualites\/endrick-nouveau-rebondissement-dans-la-quete-par-man-united-de-las-du-real-madrid\/","title":{"rendered":"Endrick: Nouveau rebondissement dans la qu\u00eate par Man United de l&#39;as du Real Madrid &#8211;"},"content":{"rendered":"<div id=\"penci-post-entry-inner\">\n<p>\t\t\t<i class=\"penci-post-countview-number-check\" style=\"display:none\">3<\/i><\/p>\n<p>Manchester United a consid\u00e9rablement am\u00e9lior\u00e9 sa performance offensive cette saison, apr\u00e8s une folie en premi\u00e8re ligne l&#39;\u00e9t\u00e9 dernier. Alors que les Red Devils n&#39;ont marqu\u00e9 que 44 buts en 38 matches de Premier League la saison derni\u00e8re, ils ont d\u00e9j\u00e0 marqu\u00e9 47 buts en 26 matches de championnat cette campagne. <\/p>\n<p>Apr\u00e8s avoir termin\u00e9 15e du championnat la saison derni\u00e8re et perdu la finale de la Ligue Europa face \u00e0 Tottenham Hotspur, United a rapidement identifi\u00e9 l&#39;attaque comme l&#39;une de ses principales faiblesses. Une refonte a ensuite \u00e9t\u00e9 pr\u00e9vue, avec Alejandro Garnacho et Antony d\u00e9charg\u00e9s d\u00e9finitivement, tandis que Rasmus Hojlund, Marcus Rashford et Jadon Sancho ont \u00e9t\u00e9 envoy\u00e9s en pr\u00eat. <\/p>\n<p>INEOS a ensuite investi plus de 200 millions de livres sterling dans un nouveau trident offensif. Bryan Mbeumo et Matheus Cunha ont \u00e9t\u00e9 recrut\u00e9s respectivement par Brentford et Wolverhampton Wanderers, apportant une exp\u00e9rience indispensable en Premier League. <\/p>\n<p>Pendant ce temps, United a \u00e9galement recrut\u00e9 Benjamin Sesko du RB Leipzig pour occuper sa position de n\u00b09. Les Diables Rouges r\u00e9coltent d\u00e9sormais les fruits de leur d\u00e9cision.<\/p>\n<h3>Comment se sont comport\u00e9es les nouvelles recrues de United ?<\/h3>\n<p>Mbeumo a \u00e9t\u00e9 une r\u00e9v\u00e9lation jusqu&#39;\u00e0 pr\u00e9sent, enregistrant 10 buts et deux passes d\u00e9cisives en 22 apparitions toutes comp\u00e9titions confondues, dont toutes sauf une ont \u00e9t\u00e9 des titularisations. Pendant ce temps, Cunha a \u00e9galement \u00e9t\u00e9 impressionnant, accumulant six buts et deux passes d\u00e9cisives en 25 matchs jusqu&#39;\u00e0 pr\u00e9sent.<\/p>\n<p>Sesko a connu un d\u00e9but lent dans l&#39;\u00e9lite anglaise, en particulier sous la direction de l&#39;ancien entra\u00eeneur-chef Ruben Amorim. Cependant, depuis le d\u00e9part du Portugais, le Slov\u00e8ne a retrouv\u00e9 une forme rajeunie et compte d\u00e9sormais sept buts et une passe d\u00e9cisive en 23 sorties. <\/p>\n<p>Ailleurs, une autre nouvelle recrue, Senne Lammens, a \u00e9galement \u00e9t\u00e9 sensationnelle entre les b\u00e2tons et est d\u00e9sormais le n\u00b01 \u00e9tabli pour United. Les g\u00e9ants anglais devraient tourner leur attention vers le milieu de terrain cet \u00e9t\u00e9, Casemiro devant partir \u00e0 la fin de la saison. <\/p>\n<p>Cependant, il semble d\u00e9sormais que les Diables Rouges soient \u00e9galement pr\u00eats \u00e0 ajouter plus de puissance de feu \u00e0 leur attaque avant le d\u00e9but de la nouvelle saison. <\/p>\n<h3>United m\u00e8ne la course \u00e0 Endrick<\/h3>\n<p>Selon , United est le favori pour signer Endrick cet \u00e9t\u00e9. Les Diables Rouges \u00e9taient \u00e9galement li\u00e9s \u00e0 l&#39;attaquant br\u00e9silien avant janvier, mais aucune d\u00e9cision ne s&#39;est concr\u00e9tis\u00e9e. <\/p>\n<p>Endrick est initialement arriv\u00e9 au Real Madrid \u00e0 l&#39;\u00e9t\u00e9 2024, mais a eu du mal \u00e0 percer dans le onze de d\u00e9part. Il a rejoint Lyon avec un pr\u00eat de six mois lors du mercato hivernal et a d\u00e9j\u00e0 marqu\u00e9 cinq buts en six matchs pour les g\u00e9ants de la Ligue 1. <\/p>\n<h2 id=\"tablepress-873-name\" class=\"tablepress-table-name tablepress-table-name-id-873\">Statistiques d&#39;Edrick\u00a0: saison 2025\/26<\/h2>\n<table id=\"tablepress-873\" class=\"tablepress tablepress-id-873\" aria-labelledby=\"tablepress-873-name\">\n<thead>\n<tr class=\"row-1\">\n<th class=\"column-1\">Concours<\/th>\n<th class=\"column-2\">Apparitions<\/th>\n<th class=\"column-3\">Commence<\/th>\n<th class=\"column-4\">Objectifs<\/th>\n<th class=\"column-5\">Aides<\/th>\n<th class=\"column-6\">Cartons jaunes<\/th>\n<th class=\"column-7\">Cartons rouges<\/th>\n<th class=\"column-8\">Minutes jou\u00e9es<\/th>\n<\/tr>\n<\/thead>\n<tbody class=\"row-striping row-hover\">\n<tr class=\"row-2\">\n<td class=\"column-1\">Ligue 1<\/td>\n<td class=\"column-2\">4<\/td>\n<td class=\"column-3\">4<\/td>\n<td class=\"column-4\">3<\/td>\n<td class=\"column-5\">1<\/td>\n<td class=\"column-6\">&#8211;<\/td>\n<td class=\"column-7\">1<\/td>\n<td class=\"column-8\">330&#39;<\/td>\n<\/tr>\n<tr class=\"row-3\">\n<td class=\"column-1\">Coupe de France<\/td>\n<td class=\"column-2\">2<\/td>\n<td class=\"column-3\">2<\/td>\n<td class=\"column-4\">2<\/td>\n<td class=\"column-5\">&#8211;<\/td>\n<td class=\"column-6\">1<\/td>\n<td class=\"column-7\">&#8211;<\/td>\n<td class=\"column-8\">162&#39;<\/td>\n<\/tr>\n<tr class=\"row-4\">\n<td class=\"column-1\">Ligue des champions de l&#39;UEFA<\/td>\n<td class=\"column-2\">1<\/td>\n<td class=\"column-3\">0<\/td>\n<td class=\"column-4\">&#8211;<\/td>\n<td class=\"column-5\">&#8211;<\/td>\n<td class=\"column-6\">&#8211;<\/td>\n<td class=\"column-7\">&#8211;<\/td>\n<td class=\"column-8\">11&#39;<\/td>\n<\/tr>\n<tr class=\"row-5\">\n<td class=\"column-1\">Liga<\/td>\n<td class=\"column-2\">1<\/td>\n<td class=\"column-3\">0<\/td>\n<td class=\"column-4\">&#8211;<\/td>\n<td class=\"column-5\">&#8211;<\/td>\n<td class=\"column-6\">&#8211;<\/td>\n<td class=\"column-7\">1<\/td>\n<td class=\"column-8\">11&#39;<\/td>\n<\/tr>\n<tr class=\"row-6\">\n<td class=\"column-1\">Coupe du Roi<\/td>\n<td class=\"column-2\">1<\/td>\n<td class=\"column-3\">1<\/td>\n<td class=\"column-4\">&#8211;<\/td>\n<td class=\"column-5\">&#8211;<\/td>\n<td class=\"column-6\">&#8211;<\/td>\n<td class=\"column-7\">&#8211;<\/td>\n<td class=\"column-8\">77&#39;<\/td>\n<\/tr>\n<tr class=\"row-7\">\n<td class=\"column-1\"><\/td>\n<td class=\"column-2\"><\/td>\n<td class=\"column-3\"><\/td>\n<td class=\"column-4\"><\/td>\n<td class=\"column-5\"><\/td>\n<td class=\"column-6\"><\/td>\n<td class=\"column-7\"><\/td>\n<td class=\"column-8\"><\/td>\n<\/tr>\n<\/tbody>\n<\/table>\n<p><!-- #tablepress-873 from cache --><\/p>\n<p>United est satisfait de ses efforts jusqu&#39;\u00e0 pr\u00e9sent et est pr\u00eat \u00e0 l&#39;emmener en Premier League. On pense que le d\u00e9part du jeune homme de 19 ans est \u00e9galement ouvert, m\u00eame si l&#39;ensemble de l&#39;op\u00e9ration risque d&#39;\u00eatre co\u00fbteux. <\/p>\n<p>United envisage de convaincre l&#39;entourage d&#39;Endrick en proposant un plan clair qui lui permettrait de garantir un temps de jeu r\u00e9gulier pour faciliter son d\u00e9veloppement. Les Red Devils sont convaincus que le rythme et les astuces du joueur pourraient faire de lui un succ\u00e8s en Angleterre et pensent qu&#39;il pourrait les aider \u00e0 atteindre un niveau sup\u00e9rieur la saison prochaine. <\/p>\n<p>Le rapport ajoute que l&#39;adolescent est pr\u00eat \u00e0 se tester en Premier League et est ouvert \u00e0 un d\u00e9m\u00e9nagement \u00e0 Old Trafford. Le Real Madrid, quant \u00e0 lui, est pr\u00eat \u00e0 profiter du retour du Br\u00e9silien en France, ce qui lui a permis d&#39;am\u00e9liorer son stock.<\/p>\n<h3>Pens\u00e9es finales<\/h3>\n<p>Endrick pourrait \u00eatre un ajout fantastique \u00e0 l&#39;\u00e9quipe de United, surtout si Joshua Zirkzee finit par partir cet \u00e9t\u00e9. Cependant, United se pr\u00e9pare \u00e0 investir massivement dans le milieu de terrain, qui est sa priorit\u00e9 cet \u00e9t\u00e9, et on ne sait pas s&#39;ils auront les fonds n\u00e9cessaires pour conclure un accord pour le Br\u00e9silien. <\/p>\n<\/p>\n<hr\/>\n<p>The Peoples Person est l&#39;un des principaux sites d&#39;information de Man United au monde depuis plus d&#39;une d\u00e9cennie. Suivez-nous sur Bluesky\u00a0: @peoplesperson.bsky.social<\/p>\n<p><!-- CONTENT END 2 --><\/p><\/div>\n","protected":false},"excerpt":{"rendered":"<p>3 Manchester United a consid\u00e9rablement am\u00e9lior\u00e9 sa performance offensive cette saison, apr\u00e8s une folie en premi\u00e8re ligne l&#39;\u00e9t\u00e9 dernier. Alors que les Red Devils n&#39;ont<\/p>\n","protected":false},"author":1,"featured_media":34611,"comment_status":"closed","ping_status":"","sticky":false,"template":"","format":"standard","meta":{"footnotes":""},"categories":[3],"tags":[19,4273,4719,303,24,199,75,3206,302,11523,13],"yoast_head":"<!-- This site is optimized with the Yoast SEO plugin v21.0 - https:\/\/yoast.com\/wordpress\/plugins\/seo\/ -->\n<title>Endrick: Nouveau rebondissement dans la qu\u00eate par Man United de l&#039;as du Real Madrid -<\/title>\n<meta name=\"robots\" content=\"index, follow, max-snippet:-1, max-image-preview:large, max-video-preview:-1\" \/>\n<link rel=\"canonical\" href=\"https:\/\/footdavant.fr\/actualites\/endrick-nouveau-rebondissement-dans-la-quete-par-man-united-de-las-du-real-madrid\/\" \/>\n<meta property=\"og:locale\" content=\"fr_FR\" \/>\n<meta property=\"og:type\" content=\"article\" \/>\n<meta property=\"og:title\" content=\"Endrick: Nouveau rebondissement dans la qu\u00eate par Man United de l&#039;as du Real Madrid -\" \/>\n<meta property=\"og:description\" content=\"3 Manchester United a consid\u00e9rablement am\u00e9lior\u00e9 sa performance offensive cette saison, apr\u00e8s une folie en premi\u00e8re ligne l&#039;\u00e9t\u00e9 dernier. Alors que les Red Devils n&#039;ont\" \/>\n<meta property=\"og:url\" content=\"https:\/\/footdavant.fr\/actualites\/endrick-nouveau-rebondissement-dans-la-quete-par-man-united-de-las-du-real-madrid\/\" \/>\n<meta property=\"og:site_name\" content=\"Foot d&#039;avant\" \/>\n<meta property=\"article:publisher\" content=\"https:\/\/www.facebook.com\/Footdavant\/\" \/>\n<meta property=\"article:published_time\" content=\"2026-02-18T10:48:00+00:00\" \/>\n<meta property=\"article:modified_time\" content=\"2026-02-18T10:48:02+00:00\" \/>\n<meta property=\"og:image\" content=\"https:\/\/footdavant.fr\/actualites\/wp-content\/uploads\/2026\/02\/Endrick-Nouveau-rebondissement-dans-la-quete-par-Man-United-de.jpg\" \/>\n\t<meta property=\"og:image:width\" content=\"1600\" \/>\n\t<meta property=\"og:image:height\" content=\"700\" \/>\n\t<meta property=\"og:image:type\" content=\"image\/jpeg\" \/>\n<meta name=\"author\" content=\"Cl\u00e9ment\" \/>\n<meta name=\"twitter:card\" content=\"summary_large_image\" \/>\n<meta name=\"twitter:creator\" content=\"@FootdavantFr\" \/>\n<meta name=\"twitter:site\" content=\"@FootdavantFr\" \/>\n<meta name=\"twitter:label1\" content=\"\u00c9crit par\" \/>\n\t<meta name=\"twitter:data1\" content=\"Cl\u00e9ment\" \/>\n\t<meta name=\"twitter:label2\" content=\"Dur\u00e9e de lecture estim\u00e9e\" \/>\n\t<meta name=\"twitter:data2\" content=\"4 minutes\" \/>\n<script type=\"application\/ld+json\" class=\"yoast-schema-graph\">{\"@context\":\"https:\/\/schema.org\",\"@graph\":[{\"@type\":\"Article\",\"@id\":\"https:\/\/footdavant.fr\/actualites\/endrick-nouveau-rebondissement-dans-la-quete-par-man-united-de-las-du-real-madrid\/#article\",\"isPartOf\":{\"@id\":\"https:\/\/footdavant.fr\/actualites\/endrick-nouveau-rebondissement-dans-la-quete-par-man-united-de-las-du-real-madrid\/\"},\"author\":{\"name\":\"Cl\u00e9ment\",\"@id\":\"https:\/\/footdavant.fr\/actualites\/#\/schema\/person\/bc222566d95871b37e597b3ed3ba5e1d\"},\"headline\":\"Endrick: Nouveau rebondissement dans la qu\u00eate par Man United de l&#39;as du Real Madrid &#8211;\",\"datePublished\":\"2026-02-18T10:48:00+00:00\",\"dateModified\":\"2026-02-18T10:48:02+00:00\",\"mainEntityOfPage\":{\"@id\":\"https:\/\/footdavant.fr\/actualites\/endrick-nouveau-rebondissement-dans-la-quete-par-man-united-de-las-du-real-madrid\/\"},\"wordCount\":782,\"publisher\":{\"@id\":\"https:\/\/footdavant.fr\/actualites\/#organization\"},\"keywords\":[\"dans\",\"Endrick\",\"L39as\",\"Madrid\",\"Man\",\"nouveau\",\"par\",\"qu\u00eate\",\"Real\",\"rebondissement\",\"United\"],\"articleSection\":[\"Football\"],\"inLanguage\":\"fr-FR\"},{\"@type\":\"WebPage\",\"@id\":\"https:\/\/footdavant.fr\/actualites\/endrick-nouveau-rebondissement-dans-la-quete-par-man-united-de-las-du-real-madrid\/\",\"url\":\"https:\/\/footdavant.fr\/actualites\/endrick-nouveau-rebondissement-dans-la-quete-par-man-united-de-las-du-real-madrid\/\",\"name\":\"Endrick: Nouveau rebondissement dans la qu\u00eate par Man United de l&#39;as du Real Madrid -\",\"isPartOf\":{\"@id\":\"https:\/\/footdavant.fr\/actualites\/#website\"},\"datePublished\":\"2026-02-18T10:48:00+00:00\",\"dateModified\":\"2026-02-18T10:48:02+00:00\",\"breadcrumb\":{\"@id\":\"https:\/\/footdavant.fr\/actualites\/endrick-nouveau-rebondissement-dans-la-quete-par-man-united-de-las-du-real-madrid\/#breadcrumb\"},\"inLanguage\":\"fr-FR\",\"potentialAction\":[{\"@type\":\"ReadAction\",\"target\":[\"https:\/\/footdavant.fr\/actualites\/endrick-nouveau-rebondissement-dans-la-quete-par-man-united-de-las-du-real-madrid\/\"]}]},{\"@type\":\"BreadcrumbList\",\"@id\":\"https:\/\/footdavant.fr\/actualites\/endrick-nouveau-rebondissement-dans-la-quete-par-man-united-de-las-du-real-madrid\/#breadcrumb\",\"itemListElement\":[{\"@type\":\"ListItem\",\"position\":1,\"name\":\"Accueil\",\"item\":\"https:\/\/footdavant.fr\/actualites\/\"},{\"@type\":\"ListItem\",\"position\":2,\"name\":\"Endrick: Nouveau rebondissement dans la qu\u00eate par Man United de l&#39;as du Real Madrid &#8211;\"}]},{\"@type\":\"WebSite\",\"@id\":\"https:\/\/footdavant.fr\/actualites\/#website\",\"url\":\"https:\/\/footdavant.fr\/actualites\/\",\"name\":\"Foot d'avant\",\"description\":\"\",\"publisher\":{\"@id\":\"https:\/\/footdavant.fr\/actualites\/#organization\"},\"potentialAction\":[{\"@type\":\"SearchAction\",\"target\":{\"@type\":\"EntryPoint\",\"urlTemplate\":\"https:\/\/footdavant.fr\/actualites\/?s={search_term_string}\"},\"query-input\":\"required name=search_term_string\"}],\"inLanguage\":\"fr-FR\"},{\"@type\":\"Organization\",\"@id\":\"https:\/\/footdavant.fr\/actualites\/#organization\",\"name\":\"Foot d'avant\",\"url\":\"https:\/\/footdavant.fr\/actualites\/\",\"logo\":{\"@type\":\"ImageObject\",\"inLanguage\":\"fr-FR\",\"@id\":\"https:\/\/footdavant.fr\/actualites\/#\/schema\/logo\/image\/\",\"url\":\"https:\/\/footdavant.fr\/actualites\/wp-content\/uploads\/2023\/09\/Copy-of-FootDavant-Logo.png\",\"contentUrl\":\"https:\/\/footdavant.fr\/actualites\/wp-content\/uploads\/2023\/09\/Copy-of-FootDavant-Logo.png\",\"width\":936,\"height\":549,\"caption\":\"Foot d'avant\"},\"image\":{\"@id\":\"https:\/\/footdavant.fr\/actualites\/#\/schema\/logo\/image\/\"},\"sameAs\":[\"https:\/\/www.facebook.com\/Footdavant\/\",\"https:\/\/twitter.com\/FootdavantFr\",\"https:\/\/www.instagram.com\/footdavant.fr\/\"]},{\"@type\":\"Person\",\"@id\":\"https:\/\/footdavant.fr\/actualites\/#\/schema\/person\/bc222566d95871b37e597b3ed3ba5e1d\",\"name\":\"Cl\u00e9ment\",\"image\":{\"@type\":\"ImageObject\",\"inLanguage\":\"fr-FR\",\"@id\":\"https:\/\/footdavant.fr\/actualites\/#\/schema\/person\/image\/\",\"url\":\"https:\/\/secure.gravatar.com\/avatar\/7728b29aac2719421e1a9159b2254c44?s=96&d=mm&r=g\",\"contentUrl\":\"https:\/\/secure.gravatar.com\/avatar\/7728b29aac2719421e1a9159b2254c44?s=96&d=mm&r=g\",\"caption\":\"Cl\u00e9ment\"},\"sameAs\":[\"https:\/\/footdavant.fr\/\"]}]}<\/script>\n<!-- \/ Yoast SEO plugin. -->","yoast_head_json":{"title":"Endrick: Nouveau rebondissement dans la qu\u00eate par Man United de l&#39;as du Real Madrid -","robots":{"index":"index","follow":"follow","max-snippet":"max-snippet:-1","max-image-preview":"max-image-preview:large","max-video-preview":"max-video-preview:-1"},"canonical":"https:\/\/footdavant.fr\/actualites\/endrick-nouveau-rebondissement-dans-la-quete-par-man-united-de-las-du-real-madrid\/","og_locale":"fr_FR","og_type":"article","og_title":"Endrick: Nouveau rebondissement dans la qu\u00eate par Man United de l&#39;as du Real Madrid -","og_description":"3 Manchester United a consid\u00e9rablement am\u00e9lior\u00e9 sa performance offensive cette saison, apr\u00e8s une folie en premi\u00e8re ligne l&#39;\u00e9t\u00e9 dernier. Alors que les Red Devils n&#39;ont","og_url":"https:\/\/footdavant.fr\/actualites\/endrick-nouveau-rebondissement-dans-la-quete-par-man-united-de-las-du-real-madrid\/","og_site_name":"Foot d&#039;avant","article_publisher":"https:\/\/www.facebook.com\/Footdavant\/","article_published_time":"2026-02-18T10:48:00+00:00","article_modified_time":"2026-02-18T10:48:02+00:00","og_image":[{"width":1600,"height":700,"url":"https:\/\/footdavant.fr\/actualites\/wp-content\/uploads\/2026\/02\/Endrick-Nouveau-rebondissement-dans-la-quete-par-Man-United-de.jpg","type":"image\/jpeg"}],"author":"Cl\u00e9ment","twitter_card":"summary_large_image","twitter_creator":"@FootdavantFr","twitter_site":"@FootdavantFr","twitter_misc":{"\u00c9crit par":"Cl\u00e9ment","Dur\u00e9e de lecture estim\u00e9e":"4 minutes"},"schema":{"@context":"https:\/\/schema.org","@graph":[{"@type":"Article","@id":"https:\/\/footdavant.fr\/actualites\/endrick-nouveau-rebondissement-dans-la-quete-par-man-united-de-las-du-real-madrid\/#article","isPartOf":{"@id":"https:\/\/footdavant.fr\/actualites\/endrick-nouveau-rebondissement-dans-la-quete-par-man-united-de-las-du-real-madrid\/"},"author":{"name":"Cl\u00e9ment","@id":"https:\/\/footdavant.fr\/actualites\/#\/schema\/person\/bc222566d95871b37e597b3ed3ba5e1d"},"headline":"Endrick: Nouveau rebondissement dans la qu\u00eate par Man United de l&#39;as du Real Madrid &#8211;","datePublished":"2026-02-18T10:48:00+00:00","dateModified":"2026-02-18T10:48:02+00:00","mainEntityOfPage":{"@id":"https:\/\/footdavant.fr\/actualites\/endrick-nouveau-rebondissement-dans-la-quete-par-man-united-de-las-du-real-madrid\/"},"wordCount":782,"publisher":{"@id":"https:\/\/footdavant.fr\/actualites\/#organization"},"keywords":["dans","Endrick","L39as","Madrid","Man","nouveau","par","qu\u00eate","Real","rebondissement","United"],"articleSection":["Football"],"inLanguage":"fr-FR"},{"@type":"WebPage","@id":"https:\/\/footdavant.fr\/actualites\/endrick-nouveau-rebondissement-dans-la-quete-par-man-united-de-las-du-real-madrid\/","url":"https:\/\/footdavant.fr\/actualites\/endrick-nouveau-rebondissement-dans-la-quete-par-man-united-de-las-du-real-madrid\/","name":"Endrick: Nouveau rebondissement dans la qu\u00eate par Man United de l&#39;as du Real Madrid -","isPartOf":{"@id":"https:\/\/footdavant.fr\/actualites\/#website"},"datePublished":"2026-02-18T10:48:00+00:00","dateModified":"2026-02-18T10:48:02+00:00","breadcrumb":{"@id":"https:\/\/footdavant.fr\/actualites\/endrick-nouveau-rebondissement-dans-la-quete-par-man-united-de-las-du-real-madrid\/#breadcrumb"},"inLanguage":"fr-FR","potentialAction":[{"@type":"ReadAction","target":["https:\/\/footdavant.fr\/actualites\/endrick-nouveau-rebondissement-dans-la-quete-par-man-united-de-las-du-real-madrid\/"]}]},{"@type":"BreadcrumbList","@id":"https:\/\/footdavant.fr\/actualites\/endrick-nouveau-rebondissement-dans-la-quete-par-man-united-de-las-du-real-madrid\/#breadcrumb","itemListElement":[{"@type":"ListItem","position":1,"name":"Accueil","item":"https:\/\/footdavant.fr\/actualites\/"},{"@type":"ListItem","position":2,"name":"Endrick: Nouveau rebondissement dans la qu\u00eate par Man United de l&#39;as du Real Madrid &#8211;"}]},{"@type":"WebSite","@id":"https:\/\/footdavant.fr\/actualites\/#website","url":"https:\/\/footdavant.fr\/actualites\/","name":"Foot d'avant","description":"","publisher":{"@id":"https:\/\/footdavant.fr\/actualites\/#organization"},"potentialAction":[{"@type":"SearchAction","target":{"@type":"EntryPoint","urlTemplate":"https:\/\/footdavant.fr\/actualites\/?s={search_term_string}"},"query-input":"required name=search_term_string"}],"inLanguage":"fr-FR"},{"@type":"Organization","@id":"https:\/\/footdavant.fr\/actualites\/#organization","name":"Foot d'avant","url":"https:\/\/footdavant.fr\/actualites\/","logo":{"@type":"ImageObject","inLanguage":"fr-FR","@id":"https:\/\/footdavant.fr\/actualites\/#\/schema\/logo\/image\/","url":"https:\/\/footdavant.fr\/actualites\/wp-content\/uploads\/2023\/09\/Copy-of-FootDavant-Logo.png","contentUrl":"https:\/\/footdavant.fr\/actualites\/wp-content\/uploads\/2023\/09\/Copy-of-FootDavant-Logo.png","width":936,"height":549,"caption":"Foot d'avant"},"image":{"@id":"https:\/\/footdavant.fr\/actualites\/#\/schema\/logo\/image\/"},"sameAs":["https:\/\/www.facebook.com\/Footdavant\/","https:\/\/twitter.com\/FootdavantFr","https:\/\/www.instagram.com\/footdavant.fr\/"]},{"@type":"Person","@id":"https:\/\/footdavant.fr\/actualites\/#\/schema\/person\/bc222566d95871b37e597b3ed3ba5e1d","name":"Cl\u00e9ment","image":{"@type":"ImageObject","inLanguage":"fr-FR","@id":"https:\/\/footdavant.fr\/actualites\/#\/schema\/person\/image\/","url":"https:\/\/secure.gravatar.com\/avatar\/7728b29aac2719421e1a9159b2254c44?s=96&d=mm&r=g","contentUrl":"https:\/\/secure.gravatar.com\/avatar\/7728b29aac2719421e1a9159b2254c44?s=96&d=mm&r=g","caption":"Cl\u00e9ment"},"sameAs":["https:\/\/footdavant.fr\/"]}]}},"_links":{"self":[{"href":"https:\/\/footdavant.fr\/actualites\/wp-json\/wp\/v2\/posts\/34610"}],"collection":[{"href":"https:\/\/footdavant.fr\/actualites\/wp-json\/wp\/v2\/posts"}],"about":[{"href":"https:\/\/footdavant.fr\/actualites\/wp-json\/wp\/v2\/types\/post"}],"author":[{"embeddable":true,"href":"https:\/\/footdavant.fr\/actualites\/wp-json\/wp\/v2\/users\/1"}],"replies":[{"embeddable":true,"href":"https:\/\/footdavant.fr\/actualites\/wp-json\/wp\/v2\/comments?post=34610"}],"version-history":[{"count":1,"href":"https:\/\/footdavant.fr\/actualites\/wp-json\/wp\/v2\/posts\/34610\/revisions"}],"predecessor-version":[{"id":34612,"href":"https:\/\/footdavant.fr\/actualites\/wp-json\/wp\/v2\/posts\/34610\/revisions\/34612"}],"wp:featuredmedia":[{"embeddable":true,"href":"https:\/\/footdavant.fr\/actualites\/wp-json\/wp\/v2\/media\/34611"}],"wp:attachment":[{"href":"https:\/\/footdavant.fr\/actualites\/wp-json\/wp\/v2\/media?parent=34610"}],"wp:term":[{"taxonomy":"category","embeddable":true,"href":"https:\/\/footdavant.fr\/actualites\/wp-json\/wp\/v2\/categories?post=34610"},{"taxonomy":"post_tag","embeddable":true,"href":"https:\/\/footdavant.fr\/actualites\/wp-json\/wp\/v2\/tags?post=34610"}],"curies":[{"name":"wp","href":"https:\/\/api.w.org\/{rel}","templated":true}]}}