{"id":34630,"date":"2026-02-19T01:48:04","date_gmt":"2026-02-19T00:48:04","guid":{"rendered":"https:\/\/footdavant.fr\/actualites\/nouvelles-des-blessures-de-matthijs-de-ligt-quand-le-defenseur-central-de-man-united-reviendra-t-il-a-laction\/"},"modified":"2026-02-19T01:48:06","modified_gmt":"2026-02-19T00:48:06","slug":"nouvelles-des-blessures-de-matthijs-de-ligt-quand-le-defenseur-central-de-man-united-reviendra-t-il-a-laction","status":"publish","type":"post","link":"https:\/\/footdavant.fr\/actualites\/nouvelles-des-blessures-de-matthijs-de-ligt-quand-le-defenseur-central-de-man-united-reviendra-t-il-a-laction\/","title":{"rendered":"Nouvelles des blessures de Matthijs de Ligt : quand le d\u00e9fenseur central de Man United reviendra-t-il \u00e0 l&#39;action ?"},"content":{"rendered":"<div itemprop=\"articleBody\">\n<p>Le d\u00e9fenseur de Manchester United Matthijs de Ligt se pr\u00e9parerait \u00e0 revenir au jeu le mois prochain apr\u00e8s une longue absence en raison d&#39;un probl\u00e8me de dos.<\/p>\n<p>De Ligt, 26 ans, est absent depuis fin novembre, manquant les 13 derniers matches de Man United en Premier League, et peu de d\u00e9tails ont \u00e9t\u00e9 publi\u00e9s sur l&#39;\u00e9tendue du probl\u00e8me du N\u00e9erlandais.<\/p>\n<p>L&#39;entra\u00eeneur-chef de Man United, Michael Carrick, a r\u00e9cemment d\u00e9clar\u00e9 que Mason Mount serait probablement de retour pour le match d&#39;Everton lundi prochain, mais De Ligt serait \u00e0 nouveau un doute majeur.<\/p>\n<p>\u00ab\u00a0Mason ne sera probablement pas l\u00e0 mardi, probablement apr\u00e8s, mais il est d\u00e9finitivement parti pour le match contre Everton, il sera de retour\u00a0\u00bb, a d\u00e9clar\u00e9 Carrick aux journalistes.<\/p>\n<p>\u00ab\u00a0Matta, nous verrons comment il \u00e9volue au cours de, vous savez\u2026 le match contre Everton semble loin pour le moment, donc nous verrons comment il \u00e9volue, mais il est positif, il avance dans la bonne direction, mais Mason est un peu plus proche que lui. \u00ab\u00a0<\/p>\n<div>\n<div>\n<div>\n<div>\n<p>\u00a9 Imago<\/p>\n<\/div>\n<\/div>\n<\/div>\n<\/div>\n<h2>De Ligt \u00ab\u00a0sur la bonne voie\u00a0\u00bb pour revenir \u00e0 l&#39;action en mars<\/h2>\n<p>Selon <em>Le Soleil<\/em>De Ligt vise un retour \u00e0 l&#39;action le mois prochain, le d\u00e9fenseur central cherchant enfin \u00e0 mettre ses probl\u00e8mes de blessures derri\u00e8re lui.<\/p>\n<p>Le rapport affirme que le N\u00e9erlandais a subi un l\u00e9ger revers en janvier, mais qu&#39;il a \u00e9vit\u00e9 de devoir subir une intervention chirurgicale et a continu\u00e9 \u00e0 se r\u00e9tablir \u00e0 la base du club de Carrington.<\/p>\n<p>De Ligt aurait \u00ab\u00a0refus\u00e9 de paniquer\u00a0\u00bb malgr\u00e9 sa longue absence et reste convaincu qu&#39;il peut avoir un r\u00f4le important \u00e0 jouer pour Man United avant la fin de la saison.<\/p>\n<p>Le d\u00e9fenseur central cherchera \u00e9galement \u00e0 s&#39;assurer une place dans l&#39;\u00e9quipe des Pays-Bas pour la Coupe du monde 2026.<\/p>\n<div>\n<div>\n<div>\n<div><img decoding=\"async\" data-img-id=\"141435\" class=\"lazy\" loading=\"lazy\" src=\"https:\/\/footdavant.fr\/actualites\/wp-content\/uploads\/2026\/02\/Nouvelles-des-blessures-de-Matthijs-de-Ligt-quand-le.jpg\"\/><\/p>\n<p>\u00a9 Imago<\/p>\n<\/div>\n<\/div>\n<\/div>\n<\/div>\n<h2>Quand De Ligt reviendra-t-il \u00e0 l\u2019action ?<\/h2>\n<p>Carrick a sugg\u00e9r\u00e9 que De Ligt pourrait \u00eatre en lice pour le choc avec Everton le 23 f\u00e9vrier, il n&#39;est donc pas impossible d&#39;imaginer que le d\u00e9fenseur soit disponible pour le match contre Crystal Palace le 1er mars.<\/p>\n<p>Man United affrontera ensuite Newcastle United (A) le 4 mars avant un match \u00e0 domicile contre Aston Villa le 15 mars, leur dernier match du mois prochain se d\u00e9roulant ensuite \u00e0 Bournemouth le 20 mars.<\/p>\n<p>Harry Maguire et Lisandro Martinez ont form\u00e9 un impressionnant partenariat central depuis l&#39;arriv\u00e9e de Carrick, mais le retour de De Ligt serait un \u00e9norme coup de pouce pour les Red Devils, qui occupent actuellement la quatri\u00e8me place du classement de la Premier League.<\/p>\n<\/div>\n","protected":false},"excerpt":{"rendered":"<p>Le d\u00e9fenseur de Manchester United Matthijs de Ligt se pr\u00e9parerait \u00e0 revenir au jeu le mois prochain apr\u00e8s une longue absence en raison d&#39;un probl\u00e8me<\/p>\n","protected":false},"author":1,"featured_media":34631,"comment_status":"closed","ping_status":"","sticky":false,"template":"","format":"standard","meta":{"footnotes":""},"categories":[5],"tags":[155,1118,928,12,7475,5304,24,5303,461,561,4122,13],"yoast_head":"<!-- This site is optimized with the Yoast SEO plugin v21.0 - https:\/\/yoast.com\/wordpress\/plugins\/seo\/ -->\n<title>Nouvelles des blessures de Matthijs de Ligt : quand le d\u00e9fenseur central de Man United reviendra-t-il \u00e0 l&#039;action ?<\/title>\n<meta name=\"robots\" content=\"index, follow, max-snippet:-1, max-image-preview:large, max-video-preview:-1\" \/>\n<link rel=\"canonical\" href=\"https:\/\/footdavant.fr\/actualites\/nouvelles-des-blessures-de-matthijs-de-ligt-quand-le-defenseur-central-de-man-united-reviendra-t-il-a-laction\/\" \/>\n<meta property=\"og:locale\" content=\"fr_FR\" \/>\n<meta property=\"og:type\" content=\"article\" \/>\n<meta property=\"og:title\" content=\"Nouvelles des blessures de Matthijs de Ligt : quand le d\u00e9fenseur central de Man United reviendra-t-il \u00e0 l&#039;action ?\" \/>\n<meta property=\"og:description\" content=\"Le d\u00e9fenseur de Manchester United Matthijs de Ligt se pr\u00e9parerait \u00e0 revenir au jeu le mois prochain apr\u00e8s une longue absence en raison d&#039;un probl\u00e8me\" \/>\n<meta property=\"og:url\" content=\"https:\/\/footdavant.fr\/actualites\/nouvelles-des-blessures-de-matthijs-de-ligt-quand-le-defenseur-central-de-man-united-reviendra-t-il-a-laction\/\" \/>\n<meta property=\"og:site_name\" content=\"Foot d&#039;avant\" \/>\n<meta property=\"article:publisher\" content=\"https:\/\/www.facebook.com\/Footdavant\/\" \/>\n<meta property=\"article:published_time\" content=\"2026-02-19T00:48:04+00:00\" \/>\n<meta property=\"article:modified_time\" content=\"2026-02-19T00:48:06+00:00\" \/>\n<meta property=\"og:image\" content=\"https:\/\/footdavant.fr\/actualites\/wp-content\/uploads\/2026\/02\/Nouvelles-des-blessures-de-Matthijs-de-Ligt-quand-le.net2Fuploads2F20252F122Fimago1069559905.webp\" \/>\n\t<meta property=\"og:image:width\" content=\"720\" \/>\n\t<meta property=\"og:image:height\" content=\"410\" \/>\n\t<meta property=\"og:image:type\" content=\"image\/webp\" \/>\n<meta name=\"author\" content=\"Cl\u00e9ment\" \/>\n<meta name=\"twitter:card\" content=\"summary_large_image\" \/>\n<meta name=\"twitter:creator\" content=\"@FootdavantFr\" \/>\n<meta name=\"twitter:site\" content=\"@FootdavantFr\" \/>\n<meta name=\"twitter:label1\" content=\"\u00c9crit par\" \/>\n\t<meta name=\"twitter:data1\" content=\"Cl\u00e9ment\" \/>\n\t<meta name=\"twitter:label2\" content=\"Dur\u00e9e de lecture estim\u00e9e\" \/>\n\t<meta name=\"twitter:data2\" content=\"2 minutes\" \/>\n<script type=\"application\/ld+json\" class=\"yoast-schema-graph\">{\"@context\":\"https:\/\/schema.org\",\"@graph\":[{\"@type\":\"Article\",\"@id\":\"https:\/\/footdavant.fr\/actualites\/nouvelles-des-blessures-de-matthijs-de-ligt-quand-le-defenseur-central-de-man-united-reviendra-t-il-a-laction\/#article\",\"isPartOf\":{\"@id\":\"https:\/\/footdavant.fr\/actualites\/nouvelles-des-blessures-de-matthijs-de-ligt-quand-le-defenseur-central-de-man-united-reviendra-t-il-a-laction\/\"},\"author\":{\"name\":\"Cl\u00e9ment\",\"@id\":\"https:\/\/footdavant.fr\/actualites\/#\/schema\/person\/bc222566d95871b37e597b3ed3ba5e1d\"},\"headline\":\"Nouvelles des blessures de Matthijs de Ligt : quand le d\u00e9fenseur central de Man United reviendra-t-il \u00e0 l&#39;action ?\",\"datePublished\":\"2026-02-19T00:48:04+00:00\",\"dateModified\":\"2026-02-19T00:48:06+00:00\",\"mainEntityOfPage\":{\"@id\":\"https:\/\/footdavant.fr\/actualites\/nouvelles-des-blessures-de-matthijs-de-ligt-quand-le-defenseur-central-de-man-united-reviendra-t-il-a-laction\/\"},\"wordCount\":451,\"publisher\":{\"@id\":\"https:\/\/footdavant.fr\/actualites\/#organization\"},\"keywords\":[\"blessures\",\"central\",\"d\u00e9fenseur\",\"des\",\"l39action\",\"Ligt\",\"Man\",\"Matthijs\",\"Nouvelles\",\"quand\",\"reviendratil\",\"United\"],\"articleSection\":[\"Premier League\"],\"inLanguage\":\"fr-FR\"},{\"@type\":\"WebPage\",\"@id\":\"https:\/\/footdavant.fr\/actualites\/nouvelles-des-blessures-de-matthijs-de-ligt-quand-le-defenseur-central-de-man-united-reviendra-t-il-a-laction\/\",\"url\":\"https:\/\/footdavant.fr\/actualites\/nouvelles-des-blessures-de-matthijs-de-ligt-quand-le-defenseur-central-de-man-united-reviendra-t-il-a-laction\/\",\"name\":\"Nouvelles des blessures de Matthijs de Ligt : quand le d\u00e9fenseur central de Man United reviendra-t-il \u00e0 l&#39;action ?\",\"isPartOf\":{\"@id\":\"https:\/\/footdavant.fr\/actualites\/#website\"},\"datePublished\":\"2026-02-19T00:48:04+00:00\",\"dateModified\":\"2026-02-19T00:48:06+00:00\",\"breadcrumb\":{\"@id\":\"https:\/\/footdavant.fr\/actualites\/nouvelles-des-blessures-de-matthijs-de-ligt-quand-le-defenseur-central-de-man-united-reviendra-t-il-a-laction\/#breadcrumb\"},\"inLanguage\":\"fr-FR\",\"potentialAction\":[{\"@type\":\"ReadAction\",\"target\":[\"https:\/\/footdavant.fr\/actualites\/nouvelles-des-blessures-de-matthijs-de-ligt-quand-le-defenseur-central-de-man-united-reviendra-t-il-a-laction\/\"]}]},{\"@type\":\"BreadcrumbList\",\"@id\":\"https:\/\/footdavant.fr\/actualites\/nouvelles-des-blessures-de-matthijs-de-ligt-quand-le-defenseur-central-de-man-united-reviendra-t-il-a-laction\/#breadcrumb\",\"itemListElement\":[{\"@type\":\"ListItem\",\"position\":1,\"name\":\"Accueil\",\"item\":\"https:\/\/footdavant.fr\/actualites\/\"},{\"@type\":\"ListItem\",\"position\":2,\"name\":\"Nouvelles des blessures de Matthijs de Ligt : quand le d\u00e9fenseur central de Man United reviendra-t-il \u00e0 l&#39;action ?\"}]},{\"@type\":\"WebSite\",\"@id\":\"https:\/\/footdavant.fr\/actualites\/#website\",\"url\":\"https:\/\/footdavant.fr\/actualites\/\",\"name\":\"Foot d'avant\",\"description\":\"\",\"publisher\":{\"@id\":\"https:\/\/footdavant.fr\/actualites\/#organization\"},\"potentialAction\":[{\"@type\":\"SearchAction\",\"target\":{\"@type\":\"EntryPoint\",\"urlTemplate\":\"https:\/\/footdavant.fr\/actualites\/?s={search_term_string}\"},\"query-input\":\"required name=search_term_string\"}],\"inLanguage\":\"fr-FR\"},{\"@type\":\"Organization\",\"@id\":\"https:\/\/footdavant.fr\/actualites\/#organization\",\"name\":\"Foot d'avant\",\"url\":\"https:\/\/footdavant.fr\/actualites\/\",\"logo\":{\"@type\":\"ImageObject\",\"inLanguage\":\"fr-FR\",\"@id\":\"https:\/\/footdavant.fr\/actualites\/#\/schema\/logo\/image\/\",\"url\":\"https:\/\/footdavant.fr\/actualites\/wp-content\/uploads\/2023\/09\/Copy-of-FootDavant-Logo.png\",\"contentUrl\":\"https:\/\/footdavant.fr\/actualites\/wp-content\/uploads\/2023\/09\/Copy-of-FootDavant-Logo.png\",\"width\":936,\"height\":549,\"caption\":\"Foot d'avant\"},\"image\":{\"@id\":\"https:\/\/footdavant.fr\/actualites\/#\/schema\/logo\/image\/\"},\"sameAs\":[\"https:\/\/www.facebook.com\/Footdavant\/\",\"https:\/\/twitter.com\/FootdavantFr\",\"https:\/\/www.instagram.com\/footdavant.fr\/\"]},{\"@type\":\"Person\",\"@id\":\"https:\/\/footdavant.fr\/actualites\/#\/schema\/person\/bc222566d95871b37e597b3ed3ba5e1d\",\"name\":\"Cl\u00e9ment\",\"image\":{\"@type\":\"ImageObject\",\"inLanguage\":\"fr-FR\",\"@id\":\"https:\/\/footdavant.fr\/actualites\/#\/schema\/person\/image\/\",\"url\":\"https:\/\/secure.gravatar.com\/avatar\/7728b29aac2719421e1a9159b2254c44?s=96&d=mm&r=g\",\"contentUrl\":\"https:\/\/secure.gravatar.com\/avatar\/7728b29aac2719421e1a9159b2254c44?s=96&d=mm&r=g\",\"caption\":\"Cl\u00e9ment\"},\"sameAs\":[\"https:\/\/footdavant.fr\/\"]}]}<\/script>\n<!-- \/ Yoast SEO plugin. -->","yoast_head_json":{"title":"Nouvelles des blessures de Matthijs de Ligt : quand le d\u00e9fenseur central de Man United reviendra-t-il \u00e0 l&#39;action ?","robots":{"index":"index","follow":"follow","max-snippet":"max-snippet:-1","max-image-preview":"max-image-preview:large","max-video-preview":"max-video-preview:-1"},"canonical":"https:\/\/footdavant.fr\/actualites\/nouvelles-des-blessures-de-matthijs-de-ligt-quand-le-defenseur-central-de-man-united-reviendra-t-il-a-laction\/","og_locale":"fr_FR","og_type":"article","og_title":"Nouvelles des blessures de Matthijs de Ligt : quand le d\u00e9fenseur central de Man United reviendra-t-il \u00e0 l&#39;action ?","og_description":"Le d\u00e9fenseur de Manchester United Matthijs de Ligt se pr\u00e9parerait \u00e0 revenir au jeu le mois prochain apr\u00e8s une longue absence en raison d&#39;un probl\u00e8me","og_url":"https:\/\/footdavant.fr\/actualites\/nouvelles-des-blessures-de-matthijs-de-ligt-quand-le-defenseur-central-de-man-united-reviendra-t-il-a-laction\/","og_site_name":"Foot d&#039;avant","article_publisher":"https:\/\/www.facebook.com\/Footdavant\/","article_published_time":"2026-02-19T00:48:04+00:00","article_modified_time":"2026-02-19T00:48:06+00:00","og_image":[{"width":720,"height":410,"url":"https:\/\/footdavant.fr\/actualites\/wp-content\/uploads\/2026\/02\/Nouvelles-des-blessures-de-Matthijs-de-Ligt-quand-le.net2Fuploads2F20252F122Fimago1069559905.webp","type":"image\/webp"}],"author":"Cl\u00e9ment","twitter_card":"summary_large_image","twitter_creator":"@FootdavantFr","twitter_site":"@FootdavantFr","twitter_misc":{"\u00c9crit par":"Cl\u00e9ment","Dur\u00e9e de lecture estim\u00e9e":"2 minutes"},"schema":{"@context":"https:\/\/schema.org","@graph":[{"@type":"Article","@id":"https:\/\/footdavant.fr\/actualites\/nouvelles-des-blessures-de-matthijs-de-ligt-quand-le-defenseur-central-de-man-united-reviendra-t-il-a-laction\/#article","isPartOf":{"@id":"https:\/\/footdavant.fr\/actualites\/nouvelles-des-blessures-de-matthijs-de-ligt-quand-le-defenseur-central-de-man-united-reviendra-t-il-a-laction\/"},"author":{"name":"Cl\u00e9ment","@id":"https:\/\/footdavant.fr\/actualites\/#\/schema\/person\/bc222566d95871b37e597b3ed3ba5e1d"},"headline":"Nouvelles des blessures de Matthijs de Ligt : quand le d\u00e9fenseur central de Man United reviendra-t-il \u00e0 l&#39;action ?","datePublished":"2026-02-19T00:48:04+00:00","dateModified":"2026-02-19T00:48:06+00:00","mainEntityOfPage":{"@id":"https:\/\/footdavant.fr\/actualites\/nouvelles-des-blessures-de-matthijs-de-ligt-quand-le-defenseur-central-de-man-united-reviendra-t-il-a-laction\/"},"wordCount":451,"publisher":{"@id":"https:\/\/footdavant.fr\/actualites\/#organization"},"keywords":["blessures","central","d\u00e9fenseur","des","l39action","Ligt","Man","Matthijs","Nouvelles","quand","reviendratil","United"],"articleSection":["Premier League"],"inLanguage":"fr-FR"},{"@type":"WebPage","@id":"https:\/\/footdavant.fr\/actualites\/nouvelles-des-blessures-de-matthijs-de-ligt-quand-le-defenseur-central-de-man-united-reviendra-t-il-a-laction\/","url":"https:\/\/footdavant.fr\/actualites\/nouvelles-des-blessures-de-matthijs-de-ligt-quand-le-defenseur-central-de-man-united-reviendra-t-il-a-laction\/","name":"Nouvelles des blessures de Matthijs de Ligt : quand le d\u00e9fenseur central de Man United reviendra-t-il \u00e0 l&#39;action ?","isPartOf":{"@id":"https:\/\/footdavant.fr\/actualites\/#website"},"datePublished":"2026-02-19T00:48:04+00:00","dateModified":"2026-02-19T00:48:06+00:00","breadcrumb":{"@id":"https:\/\/footdavant.fr\/actualites\/nouvelles-des-blessures-de-matthijs-de-ligt-quand-le-defenseur-central-de-man-united-reviendra-t-il-a-laction\/#breadcrumb"},"inLanguage":"fr-FR","potentialAction":[{"@type":"ReadAction","target":["https:\/\/footdavant.fr\/actualites\/nouvelles-des-blessures-de-matthijs-de-ligt-quand-le-defenseur-central-de-man-united-reviendra-t-il-a-laction\/"]}]},{"@type":"BreadcrumbList","@id":"https:\/\/footdavant.fr\/actualites\/nouvelles-des-blessures-de-matthijs-de-ligt-quand-le-defenseur-central-de-man-united-reviendra-t-il-a-laction\/#breadcrumb","itemListElement":[{"@type":"ListItem","position":1,"name":"Accueil","item":"https:\/\/footdavant.fr\/actualites\/"},{"@type":"ListItem","position":2,"name":"Nouvelles des blessures de Matthijs de Ligt : quand le d\u00e9fenseur central de Man United reviendra-t-il \u00e0 l&#39;action ?"}]},{"@type":"WebSite","@id":"https:\/\/footdavant.fr\/actualites\/#website","url":"https:\/\/footdavant.fr\/actualites\/","name":"Foot d'avant","description":"","publisher":{"@id":"https:\/\/footdavant.fr\/actualites\/#organization"},"potentialAction":[{"@type":"SearchAction","target":{"@type":"EntryPoint","urlTemplate":"https:\/\/footdavant.fr\/actualites\/?s={search_term_string}"},"query-input":"required name=search_term_string"}],"inLanguage":"fr-FR"},{"@type":"Organization","@id":"https:\/\/footdavant.fr\/actualites\/#organization","name":"Foot d'avant","url":"https:\/\/footdavant.fr\/actualites\/","logo":{"@type":"ImageObject","inLanguage":"fr-FR","@id":"https:\/\/footdavant.fr\/actualites\/#\/schema\/logo\/image\/","url":"https:\/\/footdavant.fr\/actualites\/wp-content\/uploads\/2023\/09\/Copy-of-FootDavant-Logo.png","contentUrl":"https:\/\/footdavant.fr\/actualites\/wp-content\/uploads\/2023\/09\/Copy-of-FootDavant-Logo.png","width":936,"height":549,"caption":"Foot d'avant"},"image":{"@id":"https:\/\/footdavant.fr\/actualites\/#\/schema\/logo\/image\/"},"sameAs":["https:\/\/www.facebook.com\/Footdavant\/","https:\/\/twitter.com\/FootdavantFr","https:\/\/www.instagram.com\/footdavant.fr\/"]},{"@type":"Person","@id":"https:\/\/footdavant.fr\/actualites\/#\/schema\/person\/bc222566d95871b37e597b3ed3ba5e1d","name":"Cl\u00e9ment","image":{"@type":"ImageObject","inLanguage":"fr-FR","@id":"https:\/\/footdavant.fr\/actualites\/#\/schema\/person\/image\/","url":"https:\/\/secure.gravatar.com\/avatar\/7728b29aac2719421e1a9159b2254c44?s=96&d=mm&r=g","contentUrl":"https:\/\/secure.gravatar.com\/avatar\/7728b29aac2719421e1a9159b2254c44?s=96&d=mm&r=g","caption":"Cl\u00e9ment"},"sameAs":["https:\/\/footdavant.fr\/"]}]}},"_links":{"self":[{"href":"https:\/\/footdavant.fr\/actualites\/wp-json\/wp\/v2\/posts\/34630"}],"collection":[{"href":"https:\/\/footdavant.fr\/actualites\/wp-json\/wp\/v2\/posts"}],"about":[{"href":"https:\/\/footdavant.fr\/actualites\/wp-json\/wp\/v2\/types\/post"}],"author":[{"embeddable":true,"href":"https:\/\/footdavant.fr\/actualites\/wp-json\/wp\/v2\/users\/1"}],"replies":[{"embeddable":true,"href":"https:\/\/footdavant.fr\/actualites\/wp-json\/wp\/v2\/comments?post=34630"}],"version-history":[{"count":1,"href":"https:\/\/footdavant.fr\/actualites\/wp-json\/wp\/v2\/posts\/34630\/revisions"}],"predecessor-version":[{"id":34632,"href":"https:\/\/footdavant.fr\/actualites\/wp-json\/wp\/v2\/posts\/34630\/revisions\/34632"}],"wp:featuredmedia":[{"embeddable":true,"href":"https:\/\/footdavant.fr\/actualites\/wp-json\/wp\/v2\/media\/34631"}],"wp:attachment":[{"href":"https:\/\/footdavant.fr\/actualites\/wp-json\/wp\/v2\/media?parent=34630"}],"wp:term":[{"taxonomy":"category","embeddable":true,"href":"https:\/\/footdavant.fr\/actualites\/wp-json\/wp\/v2\/categories?post=34630"},{"taxonomy":"post_tag","embeddable":true,"href":"https:\/\/footdavant.fr\/actualites\/wp-json\/wp\/v2\/tags?post=34630"}],"curies":[{"name":"wp","href":"https:\/\/api.w.org\/{rel}","templated":true}]}}