{"id":34642,"date":"2026-02-19T09:48:02","date_gmt":"2026-02-19T08:48:02","guid":{"rendered":"https:\/\/footdavant.fr\/actualites\/nouvelles-du-transfert-de-liverpool-le-defenseur-recherche-par-les-reds-et-chelsea-se-prepare-a-partir-cet-ete-avec-le-prix-demande-revele\/"},"modified":"2026-02-19T09:48:03","modified_gmt":"2026-02-19T08:48:03","slug":"nouvelles-du-transfert-de-liverpool-le-defenseur-recherche-par-les-reds-et-chelsea-se-prepare-a-partir-cet-ete-avec-le-prix-demande-revele","status":"publish","type":"post","link":"https:\/\/footdavant.fr\/actualites\/nouvelles-du-transfert-de-liverpool-le-defenseur-recherche-par-les-reds-et-chelsea-se-prepare-a-partir-cet-ete-avec-le-prix-demande-revele\/","title":{"rendered":"Nouvelles du transfert de Liverpool : le d\u00e9fenseur recherch\u00e9 par les Reds et Chelsea se \u00ab pr\u00e9pare \u00e0 partir \u00bb cet \u00e9t\u00e9 avec le prix demand\u00e9 r\u00e9v\u00e9l\u00e9"},"content":{"rendered":"<div itemprop=\"articleBody\">\n<p style=\"margin-bottom:11px\">Le d\u00e9fenseur de Nottingham Forest, Murillo, se pr\u00e9pare \u00e0 quitter le City Ground cet \u00e9t\u00e9 au milieu de l&#39;int\u00e9r\u00eat de Liverpool et de Chelsea, selon un rapport.<\/p>\n<p>Le joueur de 23 ans s&#39;est impos\u00e9 comme l&#39;un des d\u00e9fenseurs centraux les plus remarquables de la Premier League depuis son arriv\u00e9e \u00e0 Forest en provenance des Corinthians \u00e0 l&#39;\u00e9t\u00e9 2023, poss\u00e9dant un \u00e9quilibre entre puissance physique, vitesse et capacit\u00e9s de jeu de balle.<\/p>\n<p>Murillo a fait 100 apparitions pour Forest dans toutes les comp\u00e9titions et a \u00e9t\u00e9 un membre cl\u00e9 de la d\u00e9fense des Tricky Trees qui a gard\u00e9 13 feuilles blanches en Premier League la saison derni\u00e8re en route pour terminer septi\u00e8me du classement et se qualifier pour l&#39;Europe.<\/p>\n<p>Cette saison, Murillo a jou\u00e9 25 fois pour une \u00e9quipe de Forest qui se pr\u00e9pare d\u00e9sormais \u00e0 vivre sous la direction d&#39;un quatri\u00e8me manager sous la forme de Vitor Pereira et occupe actuellement la 17e place du classement de la Premier League, \u00e0 seulement trois points au-dessus de la zone de rel\u00e9gation avec 12 matchs \u00e0 jouer.<\/p>\n<p>Murillo est sous contrat au City Ground jusqu&#39;en juin 2029, mais les sp\u00e9culations sur son avenir \u00e0 Forest commencent \u00e0 augmenter \u00e0 un moment o\u00f9 le club fait face \u00e0 la perspective d&#39;une rel\u00e9gation en Championnat.<\/p>\n<div>\n<div>\n<div>\n<div>\n<div>\n<p>\u00a9 Imago \/ APL<\/p>\n<\/div>\n<\/div>\n<\/div>\n<\/div>\n<\/div>\n<h2>Murillo fait l&#39;objet d&#39;un int\u00e9r\u00eat \u00ab\u00a0fort et s\u00e9rieux\u00a0\u00bb avant la fen\u00eatre estivale<\/h2>\n<p>Selon <em>Discussion en \u00e9quipe<\/em>le niveau d&#39;int\u00e9r\u00eat pour Murillo est \u00ab\u00a0fort et s\u00e9rieux\u00a0\u00bb et l&#39;entourage du joueur \u00ab\u00a0\u00e9value activement\u00a0\u00bb les destinations potentielles du d\u00e9fenseur cet \u00e9t\u00e9, dans l&#39;espoir qu&#39;il quitte Forest cet \u00e9t\u00e9.<\/p>\n<p>Le rapport ajoute que Liverpool et Chelsea ont fait plus de travail pr\u00e9paratoire sur Murillo que tout autre club au cours des 12 derniers mois et que les deux \u00e9quipes ont m\u00eame \u00e9valu\u00e9 les offres pour l&#39;international br\u00e9silien \u00e0 une s\u00e9lection l&#39;\u00e9t\u00e9 dernier.<\/p>\n<p>Arsenal, Manchester United et Tottenham Hotspur auraient \u00e9galement surveill\u00e9 de pr\u00e8s Murillo, et certains pensent que le d\u00e9fenseur est \u00ab tr\u00e8s susceptible \u00bb de rester en Angleterre.<\/p>\n<p>\u00c0 seulement quatre mois de l&#39;ouverture de la fen\u00eatre de transfert d&#39;\u00e9t\u00e9, Forest serait pleinement conscient du d\u00e9sir de Murillo de franchir une nouvelle \u00e9tape dans sa carri\u00e8re, des sources proches du club d\u00e9clarant que le d\u00e9fenseur a \u00ab\u00a0probablement atteint son plafond\u00a0\u00bb au City Ground et fera pression pour une sortie.<\/p>\n<div>\n<div>\n<div>\n<div>\n<div><img decoding=\"async\" data-img-id=\"154822\" class=\"lazy\" loading=\"lazy\" src=\"https:\/\/footdavant.fr\/actualites\/wp-content\/uploads\/2026\/02\/Nouvelles-du-transfert-de-Liverpool-le-defenseur-recherche-par.webp\"\/><\/p>\n<p>\u00a9 Imago \/ Images d&#39;actualit\u00e9<\/p>\n<\/div>\n<\/div>\n<\/div>\n<\/div>\n<\/div>\n<h2>Liverpool et Chelsea parmi les principaux pr\u00e9tendants \u00e0 la signature de Murillo<\/h2>\n<p>Forest a achet\u00e9 Murillo pour environ 15 millions de livres sterling il y a pr\u00e8s de trois ans et ils valorisent d\u00e9sormais le d\u00e9fenseur dans une fourchette similaire \u00e0 celle des milieux de terrain cl\u00e9s Morgan Gibbs-White et Elliot Anderson, qui suscitent \u00e9galement un int\u00e9r\u00eat important.<\/p>\n<p>Il est entendu que Forest exigerait plus de 50 millions de livres sterling pour Murillo, qui n&#39;a mis la plume sur un nouveau contrat qu&#39;en janvier de l&#39;ann\u00e9e derni\u00e8re qui n&#39;inclut pas de clause lib\u00e9ratoire.<\/p>\n<p>Dans l\u2019\u00e9tat actuel des choses, Liverpool et Chelsea semblent \u00eatre en t\u00eate de file pour la signature de Murillo, mais cela pourrait changer si l\u2019un ou l\u2019autre club refuse de respecter le prix demand\u00e9 par Forest.<\/p>\n<p>L&#39;int\u00e9r\u00eat de Chelsea pour Murillo intervient \u00e0 un moment o\u00f9 les Blues seraient ouverts aux offres pour Trevoh Chalobah, Benoit Badiashile et Tosin Adarabioyo, selon <em>Discussion en \u00e9quipe<\/em>avec l&#39;entra\u00eeneur-chef Liam Rosenior heureux de garder Mamadou Sarr et d&#39;accueillir Levi Colwill d&#39;une blessure \u00e0 long terme.<\/p>\n<p>Quant \u00e0 Liverpool, ils ont r\u00e9cemment battu Chelsea gr\u00e2ce \u00e0 la signature du Rennais Jeremy Jacquet, qui les rejoindra cet \u00e9t\u00e9, mais ils restent d\u00e9sireux de renforcer davantage leurs options de d\u00e9fenseur central, avec Ibrahima Konate en fin de contrat cet \u00e9t\u00e9 et Joe Gomez, sujet aux blessures, ayant du mal \u00e0 prouver sa forme physique.<\/p>\n<\/div>\n","protected":false},"excerpt":{"rendered":"<p>Le d\u00e9fenseur de Nottingham Forest, Murillo, se pr\u00e9pare \u00e0 quitter le City Ground cet \u00e9t\u00e9 au milieu de l&#39;int\u00e9r\u00eat de Liverpool et de Chelsea, selon<\/p>\n","protected":false},"author":1,"featured_media":34643,"comment_status":"closed","ping_status":"","sticky":false,"template":"","format":"standard","meta":{"footnotes":""},"categories":[5],"tags":[91,775,171,928,74,776,93,53,461,75,1306,1098,73,2348,722,415,700],"yoast_head":"<!-- This site is optimized with the Yoast SEO plugin v21.0 - https:\/\/yoast.com\/wordpress\/plugins\/seo\/ -->\n<title>Nouvelles du transfert de Liverpool : le d\u00e9fenseur recherch\u00e9 par les Reds et Chelsea se \u00ab pr\u00e9pare \u00e0 partir \u00bb cet \u00e9t\u00e9 avec le prix demand\u00e9 r\u00e9v\u00e9l\u00e9<\/title>\n<meta name=\"robots\" content=\"index, follow, max-snippet:-1, max-image-preview:large, max-video-preview:-1\" \/>\n<link rel=\"canonical\" href=\"https:\/\/footdavant.fr\/actualites\/nouvelles-du-transfert-de-liverpool-le-defenseur-recherche-par-les-reds-et-chelsea-se-prepare-a-partir-cet-ete-avec-le-prix-demande-revele\/\" \/>\n<meta property=\"og:locale\" content=\"fr_FR\" \/>\n<meta property=\"og:type\" content=\"article\" \/>\n<meta property=\"og:title\" content=\"Nouvelles du transfert de Liverpool : le d\u00e9fenseur recherch\u00e9 par les Reds et Chelsea se \u00ab pr\u00e9pare \u00e0 partir \u00bb cet \u00e9t\u00e9 avec le prix demand\u00e9 r\u00e9v\u00e9l\u00e9\" \/>\n<meta property=\"og:description\" content=\"Le d\u00e9fenseur de Nottingham Forest, Murillo, se pr\u00e9pare \u00e0 quitter le City Ground cet \u00e9t\u00e9 au milieu de l&#039;int\u00e9r\u00eat de Liverpool et de Chelsea, selon\" \/>\n<meta property=\"og:url\" content=\"https:\/\/footdavant.fr\/actualites\/nouvelles-du-transfert-de-liverpool-le-defenseur-recherche-par-les-reds-et-chelsea-se-prepare-a-partir-cet-ete-avec-le-prix-demande-revele\/\" \/>\n<meta property=\"og:site_name\" content=\"Foot d&#039;avant\" \/>\n<meta property=\"article:publisher\" content=\"https:\/\/www.facebook.com\/Footdavant\/\" \/>\n<meta property=\"article:published_time\" content=\"2026-02-19T08:48:02+00:00\" \/>\n<meta property=\"article:modified_time\" content=\"2026-02-19T08:48:03+00:00\" \/>\n<meta property=\"og:image\" content=\"https:\/\/footdavant.fr\/actualites\/wp-content\/uploads\/2026\/02\/Nouvelles-du-transfert-de-Liverpool-le-defenseur-recherche-par.net2Fuploads2F20262F022Fsm-azzuu-murillo.webp\" \/>\n\t<meta property=\"og:image:width\" content=\"720\" \/>\n\t<meta property=\"og:image:height\" content=\"410\" \/>\n\t<meta property=\"og:image:type\" content=\"image\/webp\" \/>\n<meta name=\"author\" content=\"Cl\u00e9ment\" \/>\n<meta name=\"twitter:card\" content=\"summary_large_image\" \/>\n<meta name=\"twitter:creator\" content=\"@FootdavantFr\" \/>\n<meta name=\"twitter:site\" content=\"@FootdavantFr\" \/>\n<meta name=\"twitter:label1\" content=\"\u00c9crit par\" \/>\n\t<meta name=\"twitter:data1\" content=\"Cl\u00e9ment\" \/>\n\t<meta name=\"twitter:label2\" content=\"Dur\u00e9e de lecture estim\u00e9e\" \/>\n\t<meta name=\"twitter:data2\" content=\"3 minutes\" \/>\n<script type=\"application\/ld+json\" class=\"yoast-schema-graph\">{\"@context\":\"https:\/\/schema.org\",\"@graph\":[{\"@type\":\"Article\",\"@id\":\"https:\/\/footdavant.fr\/actualites\/nouvelles-du-transfert-de-liverpool-le-defenseur-recherche-par-les-reds-et-chelsea-se-prepare-a-partir-cet-ete-avec-le-prix-demande-revele\/#article\",\"isPartOf\":{\"@id\":\"https:\/\/footdavant.fr\/actualites\/nouvelles-du-transfert-de-liverpool-le-defenseur-recherche-par-les-reds-et-chelsea-se-prepare-a-partir-cet-ete-avec-le-prix-demande-revele\/\"},\"author\":{\"name\":\"Cl\u00e9ment\",\"@id\":\"https:\/\/footdavant.fr\/actualites\/#\/schema\/person\/bc222566d95871b37e597b3ed3ba5e1d\"},\"headline\":\"Nouvelles du transfert de Liverpool : le d\u00e9fenseur recherch\u00e9 par les Reds et Chelsea se \u00ab pr\u00e9pare \u00e0 partir \u00bb cet \u00e9t\u00e9 avec le prix demand\u00e9 r\u00e9v\u00e9l\u00e9\",\"datePublished\":\"2026-02-19T08:48:02+00:00\",\"dateModified\":\"2026-02-19T08:48:03+00:00\",\"mainEntityOfPage\":{\"@id\":\"https:\/\/footdavant.fr\/actualites\/nouvelles-du-transfert-de-liverpool-le-defenseur-recherche-par-les-reds-et-chelsea-se-prepare-a-partir-cet-ete-avec-le-prix-demande-revele\/\"},\"wordCount\":693,\"publisher\":{\"@id\":\"https:\/\/footdavant.fr\/actualites\/#organization\"},\"keywords\":[\"avec\",\"cet\",\"Chelsea\",\"d\u00e9fenseur\",\"demand\u00e9\",\"\u00e9t\u00e9\",\"les\",\"Liverpool\",\"Nouvelles\",\"par\",\"partir\",\"pr\u00e9pare\",\"prix\",\"recherche\",\"Reds\",\"r\u00e9v\u00e8le\",\"transfert\"],\"articleSection\":[\"Premier League\"],\"inLanguage\":\"fr-FR\"},{\"@type\":\"WebPage\",\"@id\":\"https:\/\/footdavant.fr\/actualites\/nouvelles-du-transfert-de-liverpool-le-defenseur-recherche-par-les-reds-et-chelsea-se-prepare-a-partir-cet-ete-avec-le-prix-demande-revele\/\",\"url\":\"https:\/\/footdavant.fr\/actualites\/nouvelles-du-transfert-de-liverpool-le-defenseur-recherche-par-les-reds-et-chelsea-se-prepare-a-partir-cet-ete-avec-le-prix-demande-revele\/\",\"name\":\"Nouvelles du transfert de Liverpool : le d\u00e9fenseur recherch\u00e9 par les Reds et Chelsea se \u00ab pr\u00e9pare \u00e0 partir \u00bb cet \u00e9t\u00e9 avec le prix demand\u00e9 r\u00e9v\u00e9l\u00e9\",\"isPartOf\":{\"@id\":\"https:\/\/footdavant.fr\/actualites\/#website\"},\"datePublished\":\"2026-02-19T08:48:02+00:00\",\"dateModified\":\"2026-02-19T08:48:03+00:00\",\"breadcrumb\":{\"@id\":\"https:\/\/footdavant.fr\/actualites\/nouvelles-du-transfert-de-liverpool-le-defenseur-recherche-par-les-reds-et-chelsea-se-prepare-a-partir-cet-ete-avec-le-prix-demande-revele\/#breadcrumb\"},\"inLanguage\":\"fr-FR\",\"potentialAction\":[{\"@type\":\"ReadAction\",\"target\":[\"https:\/\/footdavant.fr\/actualites\/nouvelles-du-transfert-de-liverpool-le-defenseur-recherche-par-les-reds-et-chelsea-se-prepare-a-partir-cet-ete-avec-le-prix-demande-revele\/\"]}]},{\"@type\":\"BreadcrumbList\",\"@id\":\"https:\/\/footdavant.fr\/actualites\/nouvelles-du-transfert-de-liverpool-le-defenseur-recherche-par-les-reds-et-chelsea-se-prepare-a-partir-cet-ete-avec-le-prix-demande-revele\/#breadcrumb\",\"itemListElement\":[{\"@type\":\"ListItem\",\"position\":1,\"name\":\"Accueil\",\"item\":\"https:\/\/footdavant.fr\/actualites\/\"},{\"@type\":\"ListItem\",\"position\":2,\"name\":\"Nouvelles du transfert de Liverpool : le d\u00e9fenseur recherch\u00e9 par les Reds et Chelsea se \u00ab pr\u00e9pare \u00e0 partir \u00bb cet \u00e9t\u00e9 avec le prix demand\u00e9 r\u00e9v\u00e9l\u00e9\"}]},{\"@type\":\"WebSite\",\"@id\":\"https:\/\/footdavant.fr\/actualites\/#website\",\"url\":\"https:\/\/footdavant.fr\/actualites\/\",\"name\":\"Foot d'avant\",\"description\":\"\",\"publisher\":{\"@id\":\"https:\/\/footdavant.fr\/actualites\/#organization\"},\"potentialAction\":[{\"@type\":\"SearchAction\",\"target\":{\"@type\":\"EntryPoint\",\"urlTemplate\":\"https:\/\/footdavant.fr\/actualites\/?s={search_term_string}\"},\"query-input\":\"required name=search_term_string\"}],\"inLanguage\":\"fr-FR\"},{\"@type\":\"Organization\",\"@id\":\"https:\/\/footdavant.fr\/actualites\/#organization\",\"name\":\"Foot d'avant\",\"url\":\"https:\/\/footdavant.fr\/actualites\/\",\"logo\":{\"@type\":\"ImageObject\",\"inLanguage\":\"fr-FR\",\"@id\":\"https:\/\/footdavant.fr\/actualites\/#\/schema\/logo\/image\/\",\"url\":\"https:\/\/footdavant.fr\/actualites\/wp-content\/uploads\/2023\/09\/Copy-of-FootDavant-Logo.png\",\"contentUrl\":\"https:\/\/footdavant.fr\/actualites\/wp-content\/uploads\/2023\/09\/Copy-of-FootDavant-Logo.png\",\"width\":936,\"height\":549,\"caption\":\"Foot d'avant\"},\"image\":{\"@id\":\"https:\/\/footdavant.fr\/actualites\/#\/schema\/logo\/image\/\"},\"sameAs\":[\"https:\/\/www.facebook.com\/Footdavant\/\",\"https:\/\/twitter.com\/FootdavantFr\",\"https:\/\/www.instagram.com\/footdavant.fr\/\"]},{\"@type\":\"Person\",\"@id\":\"https:\/\/footdavant.fr\/actualites\/#\/schema\/person\/bc222566d95871b37e597b3ed3ba5e1d\",\"name\":\"Cl\u00e9ment\",\"image\":{\"@type\":\"ImageObject\",\"inLanguage\":\"fr-FR\",\"@id\":\"https:\/\/footdavant.fr\/actualites\/#\/schema\/person\/image\/\",\"url\":\"https:\/\/secure.gravatar.com\/avatar\/7728b29aac2719421e1a9159b2254c44?s=96&d=mm&r=g\",\"contentUrl\":\"https:\/\/secure.gravatar.com\/avatar\/7728b29aac2719421e1a9159b2254c44?s=96&d=mm&r=g\",\"caption\":\"Cl\u00e9ment\"},\"sameAs\":[\"https:\/\/footdavant.fr\/\"]}]}<\/script>\n<!-- \/ Yoast SEO plugin. -->","yoast_head_json":{"title":"Nouvelles du transfert de Liverpool : le d\u00e9fenseur recherch\u00e9 par les Reds et Chelsea se \u00ab pr\u00e9pare \u00e0 partir \u00bb cet \u00e9t\u00e9 avec le prix demand\u00e9 r\u00e9v\u00e9l\u00e9","robots":{"index":"index","follow":"follow","max-snippet":"max-snippet:-1","max-image-preview":"max-image-preview:large","max-video-preview":"max-video-preview:-1"},"canonical":"https:\/\/footdavant.fr\/actualites\/nouvelles-du-transfert-de-liverpool-le-defenseur-recherche-par-les-reds-et-chelsea-se-prepare-a-partir-cet-ete-avec-le-prix-demande-revele\/","og_locale":"fr_FR","og_type":"article","og_title":"Nouvelles du transfert de Liverpool : le d\u00e9fenseur recherch\u00e9 par les Reds et Chelsea se \u00ab pr\u00e9pare \u00e0 partir \u00bb cet \u00e9t\u00e9 avec le prix demand\u00e9 r\u00e9v\u00e9l\u00e9","og_description":"Le d\u00e9fenseur de Nottingham Forest, Murillo, se pr\u00e9pare \u00e0 quitter le City Ground cet \u00e9t\u00e9 au milieu de l&#39;int\u00e9r\u00eat de Liverpool et de Chelsea, selon","og_url":"https:\/\/footdavant.fr\/actualites\/nouvelles-du-transfert-de-liverpool-le-defenseur-recherche-par-les-reds-et-chelsea-se-prepare-a-partir-cet-ete-avec-le-prix-demande-revele\/","og_site_name":"Foot d&#039;avant","article_publisher":"https:\/\/www.facebook.com\/Footdavant\/","article_published_time":"2026-02-19T08:48:02+00:00","article_modified_time":"2026-02-19T08:48:03+00:00","og_image":[{"width":720,"height":410,"url":"https:\/\/footdavant.fr\/actualites\/wp-content\/uploads\/2026\/02\/Nouvelles-du-transfert-de-Liverpool-le-defenseur-recherche-par.net2Fuploads2F20262F022Fsm-azzuu-murillo.webp","type":"image\/webp"}],"author":"Cl\u00e9ment","twitter_card":"summary_large_image","twitter_creator":"@FootdavantFr","twitter_site":"@FootdavantFr","twitter_misc":{"\u00c9crit par":"Cl\u00e9ment","Dur\u00e9e de lecture estim\u00e9e":"3 minutes"},"schema":{"@context":"https:\/\/schema.org","@graph":[{"@type":"Article","@id":"https:\/\/footdavant.fr\/actualites\/nouvelles-du-transfert-de-liverpool-le-defenseur-recherche-par-les-reds-et-chelsea-se-prepare-a-partir-cet-ete-avec-le-prix-demande-revele\/#article","isPartOf":{"@id":"https:\/\/footdavant.fr\/actualites\/nouvelles-du-transfert-de-liverpool-le-defenseur-recherche-par-les-reds-et-chelsea-se-prepare-a-partir-cet-ete-avec-le-prix-demande-revele\/"},"author":{"name":"Cl\u00e9ment","@id":"https:\/\/footdavant.fr\/actualites\/#\/schema\/person\/bc222566d95871b37e597b3ed3ba5e1d"},"headline":"Nouvelles du transfert de Liverpool : le d\u00e9fenseur recherch\u00e9 par les Reds et Chelsea se \u00ab pr\u00e9pare \u00e0 partir \u00bb cet \u00e9t\u00e9 avec le prix demand\u00e9 r\u00e9v\u00e9l\u00e9","datePublished":"2026-02-19T08:48:02+00:00","dateModified":"2026-02-19T08:48:03+00:00","mainEntityOfPage":{"@id":"https:\/\/footdavant.fr\/actualites\/nouvelles-du-transfert-de-liverpool-le-defenseur-recherche-par-les-reds-et-chelsea-se-prepare-a-partir-cet-ete-avec-le-prix-demande-revele\/"},"wordCount":693,"publisher":{"@id":"https:\/\/footdavant.fr\/actualites\/#organization"},"keywords":["avec","cet","Chelsea","d\u00e9fenseur","demand\u00e9","\u00e9t\u00e9","les","Liverpool","Nouvelles","par","partir","pr\u00e9pare","prix","recherche","Reds","r\u00e9v\u00e8le","transfert"],"articleSection":["Premier League"],"inLanguage":"fr-FR"},{"@type":"WebPage","@id":"https:\/\/footdavant.fr\/actualites\/nouvelles-du-transfert-de-liverpool-le-defenseur-recherche-par-les-reds-et-chelsea-se-prepare-a-partir-cet-ete-avec-le-prix-demande-revele\/","url":"https:\/\/footdavant.fr\/actualites\/nouvelles-du-transfert-de-liverpool-le-defenseur-recherche-par-les-reds-et-chelsea-se-prepare-a-partir-cet-ete-avec-le-prix-demande-revele\/","name":"Nouvelles du transfert de Liverpool : le d\u00e9fenseur recherch\u00e9 par les Reds et Chelsea se \u00ab pr\u00e9pare \u00e0 partir \u00bb cet \u00e9t\u00e9 avec le prix demand\u00e9 r\u00e9v\u00e9l\u00e9","isPartOf":{"@id":"https:\/\/footdavant.fr\/actualites\/#website"},"datePublished":"2026-02-19T08:48:02+00:00","dateModified":"2026-02-19T08:48:03+00:00","breadcrumb":{"@id":"https:\/\/footdavant.fr\/actualites\/nouvelles-du-transfert-de-liverpool-le-defenseur-recherche-par-les-reds-et-chelsea-se-prepare-a-partir-cet-ete-avec-le-prix-demande-revele\/#breadcrumb"},"inLanguage":"fr-FR","potentialAction":[{"@type":"ReadAction","target":["https:\/\/footdavant.fr\/actualites\/nouvelles-du-transfert-de-liverpool-le-defenseur-recherche-par-les-reds-et-chelsea-se-prepare-a-partir-cet-ete-avec-le-prix-demande-revele\/"]}]},{"@type":"BreadcrumbList","@id":"https:\/\/footdavant.fr\/actualites\/nouvelles-du-transfert-de-liverpool-le-defenseur-recherche-par-les-reds-et-chelsea-se-prepare-a-partir-cet-ete-avec-le-prix-demande-revele\/#breadcrumb","itemListElement":[{"@type":"ListItem","position":1,"name":"Accueil","item":"https:\/\/footdavant.fr\/actualites\/"},{"@type":"ListItem","position":2,"name":"Nouvelles du transfert de Liverpool : le d\u00e9fenseur recherch\u00e9 par les Reds et Chelsea se \u00ab pr\u00e9pare \u00e0 partir \u00bb cet \u00e9t\u00e9 avec le prix demand\u00e9 r\u00e9v\u00e9l\u00e9"}]},{"@type":"WebSite","@id":"https:\/\/footdavant.fr\/actualites\/#website","url":"https:\/\/footdavant.fr\/actualites\/","name":"Foot d'avant","description":"","publisher":{"@id":"https:\/\/footdavant.fr\/actualites\/#organization"},"potentialAction":[{"@type":"SearchAction","target":{"@type":"EntryPoint","urlTemplate":"https:\/\/footdavant.fr\/actualites\/?s={search_term_string}"},"query-input":"required name=search_term_string"}],"inLanguage":"fr-FR"},{"@type":"Organization","@id":"https:\/\/footdavant.fr\/actualites\/#organization","name":"Foot d'avant","url":"https:\/\/footdavant.fr\/actualites\/","logo":{"@type":"ImageObject","inLanguage":"fr-FR","@id":"https:\/\/footdavant.fr\/actualites\/#\/schema\/logo\/image\/","url":"https:\/\/footdavant.fr\/actualites\/wp-content\/uploads\/2023\/09\/Copy-of-FootDavant-Logo.png","contentUrl":"https:\/\/footdavant.fr\/actualites\/wp-content\/uploads\/2023\/09\/Copy-of-FootDavant-Logo.png","width":936,"height":549,"caption":"Foot d'avant"},"image":{"@id":"https:\/\/footdavant.fr\/actualites\/#\/schema\/logo\/image\/"},"sameAs":["https:\/\/www.facebook.com\/Footdavant\/","https:\/\/twitter.com\/FootdavantFr","https:\/\/www.instagram.com\/footdavant.fr\/"]},{"@type":"Person","@id":"https:\/\/footdavant.fr\/actualites\/#\/schema\/person\/bc222566d95871b37e597b3ed3ba5e1d","name":"Cl\u00e9ment","image":{"@type":"ImageObject","inLanguage":"fr-FR","@id":"https:\/\/footdavant.fr\/actualites\/#\/schema\/person\/image\/","url":"https:\/\/secure.gravatar.com\/avatar\/7728b29aac2719421e1a9159b2254c44?s=96&d=mm&r=g","contentUrl":"https:\/\/secure.gravatar.com\/avatar\/7728b29aac2719421e1a9159b2254c44?s=96&d=mm&r=g","caption":"Cl\u00e9ment"},"sameAs":["https:\/\/footdavant.fr\/"]}]}},"_links":{"self":[{"href":"https:\/\/footdavant.fr\/actualites\/wp-json\/wp\/v2\/posts\/34642"}],"collection":[{"href":"https:\/\/footdavant.fr\/actualites\/wp-json\/wp\/v2\/posts"}],"about":[{"href":"https:\/\/footdavant.fr\/actualites\/wp-json\/wp\/v2\/types\/post"}],"author":[{"embeddable":true,"href":"https:\/\/footdavant.fr\/actualites\/wp-json\/wp\/v2\/users\/1"}],"replies":[{"embeddable":true,"href":"https:\/\/footdavant.fr\/actualites\/wp-json\/wp\/v2\/comments?post=34642"}],"version-history":[{"count":1,"href":"https:\/\/footdavant.fr\/actualites\/wp-json\/wp\/v2\/posts\/34642\/revisions"}],"predecessor-version":[{"id":34644,"href":"https:\/\/footdavant.fr\/actualites\/wp-json\/wp\/v2\/posts\/34642\/revisions\/34644"}],"wp:featuredmedia":[{"embeddable":true,"href":"https:\/\/footdavant.fr\/actualites\/wp-json\/wp\/v2\/media\/34643"}],"wp:attachment":[{"href":"https:\/\/footdavant.fr\/actualites\/wp-json\/wp\/v2\/media?parent=34642"}],"wp:term":[{"taxonomy":"category","embeddable":true,"href":"https:\/\/footdavant.fr\/actualites\/wp-json\/wp\/v2\/categories?post=34642"},{"taxonomy":"post_tag","embeddable":true,"href":"https:\/\/footdavant.fr\/actualites\/wp-json\/wp\/v2\/tags?post=34642"}],"curies":[{"name":"wp","href":"https:\/\/api.w.org\/{rel}","templated":true}]}}