{"id":34645,"date":"2026-02-19T11:48:11","date_gmt":"2026-02-19T10:48:11","guid":{"rendered":"https:\/\/footdavant.fr\/actualites\/wolves-2-2-arsenal-stations-de-panique\/"},"modified":"2026-02-19T11:48:14","modified_gmt":"2026-02-19T10:48:14","slug":"wolves-2-2-arsenal-stations-de-panique","status":"publish","type":"post","link":"https:\/\/footdavant.fr\/actualites\/wolves-2-2-arsenal-stations-de-panique\/","title":{"rendered":"Wolves 2-2 Arsenal : stations de panique"},"content":{"rendered":"<div>\n<h4><span style=\"color: #ff6600;\">Rapport de match<\/span> \u2013 <span style=\"color: #ff6600;\">Notes des joueurs<\/span> \u2013 <span style=\"color: #ff6600;\">R\u00e9action d&#39;Arteta<\/span> \u2013 <span style=\"color: #ff6600;\">Vid\u00e9o<\/span><\/h4>\n<p>: <\/p>\n<p>\u2014<\/p>\n<p>Eh bien, c&#39;\u00e9tait vraiment terrible. Il n\u2019y a aucun moyen d\u2019\u00e9dulcorer ce qui s\u2019est pass\u00e9 contre les Wolves hier soir. Nous menions 2-0 contre l&#39;\u00e9quipe qui soutient la Premier League et avons fini par perdre 2-2. Je sais, c&#39;est nul, mais c&#39;est comme perdre.<\/p>\n<p>Et c\u2019\u00e9tait un match qui n\u2019aurait pas vraiment pu mieux commencer. Un but pr\u00e9coce aide toujours \u00e0 calmer les nerfs, et c&#39;est exactement ce que nous avons obtenu lorsque Declan Rice a r\u00e9alis\u00e9 un bon centre et que Bukayo Saka s&#39;est pench\u00e9 pour rentrer chez lui \u00e0 bout portant. 1-0 apr\u00e8s 5 minutes, et c&#39;est exactement ce que le m\u00e9decin a ordonn\u00e9.<\/p>\n<p>Apr\u00e8s cela, Arsenal a plus ou moins contr\u00f4l\u00e9 la premi\u00e8re mi-temps, mais c&#39;\u00e9tait ce qu&#39;Ars\u00e8ne Wenger appelait autrefois une \u00ab domination st\u00e9rile \u00bb. Beaucoup de possession, presque pas d&#39;avantage et presque aucune menace offensive. Saka au milieu de terrain a \u00e9t\u00e9 une d\u00e9cision int\u00e9ressante, et je ne peux pas \u00eatre un r\u00e9visionniste ce matin et m&#39;en plaindre parce que c&#39;\u00e9tait quelque chose que j&#39;\u00e9tais curieux de voir, mais j&#39;ai l&#39;impression que le milieu de terrain en g\u00e9n\u00e9ral \u00e9tait un ensemble de parties individuelles plut\u00f4t qu&#39;une unit\u00e9.<\/p>\n<p>Rice ne me semblait pas bien, malgr\u00e9 son cong\u00e9 en milieu de semaine, et d&#39;une mani\u00e8re g\u00e9n\u00e9rale, je me demande si vous avez besoin de lui et de Martin Zubimendi dans l&#39;\u00e9quipe pour des matchs comme celui-ci. Ils ont tous les deux \u00e9t\u00e9 tr\u00e8s bons cette saison, mais contre une \u00e9quipe comme les Wolves, qui se sont assis profond\u00e9ment apr\u00e8s avoir marqu\u00e9, il faut \u00e0 mon avis un peu plus de savoir-faire.<\/p>\n<p>Je ne pense pas non plus que nous nous soyons aid\u00e9s avec ces trois premiers. Gabriel Martinelli et Noni Madueke des deux c\u00f4t\u00e9s de Viktor Gyokeres ne fonctionnent tout simplement pas. Ils vont ensemble comme le dentifrice et le jus d\u2019orange. J&#39;ai une vague sympathie dans le fait que les options sont limit\u00e9es, et comme nous l&#39;avons vu plus tard, ce n&#39;est pas comme si Gabriel Jesus \u00e9tait bien meilleur que le grand Su\u00e9dois, mais en tant que combinaison, cela ne fonctionne pas, et l&#39;avant-centre reste un probl\u00e8me consid\u00e9rable pour moi. Ce trio donne l&#39;impression de se tirer une balle dans le pied, puis dans l&#39;autre pied, puis de ramasser ses orteils et de les mettre dans un mixeur pour hacher ce qui reste en une p\u00e2te fine.<\/p>\n<p>\u00c0 la fin de la premi\u00e8re mi-temps, je me suis senti mal \u00e0 l\u2019aise. On laisse un peu les Wolves revenir dans le jeu. Ce n&#39;\u00e9tait pas comme s&#39;ils tiraient \u00e0 plein r\u00e9gime, mais on pouvait entendre la foule \u00eatre encourag\u00e9e par ce qu&#39;elle voyait, et cela devait \u00e9galement s&#39;appliquer \u00e0 l&#39;\u00e9quipe. Pourtant, la mi-temps \u00e9tait l\u2019occasion de se regrouper, de sortir et de faire mieux. Je ne sais pas ce que l&#39;entra\u00eeneur a dit \u00e0 la mi-temps, mais pensez \u00e0 Any Given Sunday, et puis le contraire.<\/p>\n<p>N\u00e9anmoins, nous avons encore marqu\u00e9. C&#39;\u00e9tait \u00e0 peu pr\u00e8s contre le cours du jeu puisque les Wolves avaient pr\u00e8s de 60 % de possession avant que la passe de Gabriel ne trouve la course de Piero Hincapie qui l&#39;a repris et a bien termin\u00e9. Le drapeau s&#39;est lev\u00e9, le VAR a v\u00e9rifi\u00e9 et a vu qu&#39;il \u00e9tait en jeu, et c&#39;\u00e9tait 2-0 pour Arsenal. Une position \u00e0 partir de laquelle toute \u00e9quipe poss\u00e9dant des titres de champion doit continuer et gagner.<\/p>\n<p>: <\/p>\n<p>Ce n&#39;est pas la premi\u00e8re fois cette saison que nous conc\u00e9dons un but tr\u00e8s peu de temps apr\u00e8s avoir marqu\u00e9. La finition de Hugo Bueno a \u00e9t\u00e9 tr\u00e8s bonne, mais je pense que Hincapie pourrait l&#39;arr\u00eater plus t\u00f4t, et aussi bon que soit David Raya, je ne peux m&#39;emp\u00eacher de penser que lorsque des buts comme celui-l\u00e0 entrent, il y a une raison pour laquelle les meilleurs gardiens de but ont au moins une diff\u00e9rence de hauteur de 3 \u00e0 4 pouces sur lui. C&#39;est peut-\u00eatre un peu tatillon, car il y avait plus \u00e0 venir de la part de l&#39;Espagnol, mais ce n&#39;est pas la premi\u00e8re fois que cela me vient \u00e0 l&#39;esprit pendant son s\u00e9jour ici.<\/p>\n<p>Mais \u00e9coutez, il faut s\u2019attendre \u00e0 des hauts et des bas dans cette ligue. C&#39;est la fa\u00e7on dont vous r\u00e9agissez qui compte, et Arsenal avait juste l&#39;air effray\u00e9. Je ne pense pas que ce soit une critique que vous ayez jamais vraiment pu adresser \u00e0 cette it\u00e9ration de l&#39;\u00e9quipe d&#39;Arteta, mais il est difficile d&#39;\u00e9chapper \u00e0 cette conclusion ce matin. Nous \u00e9tions secou\u00e9s par les buts conc\u00e9d\u00e9s et avions plus peur d&#39;en laisser entrer un autre que de marquer \u00e0 nouveau. Eberechi Eze et Gabriel Jesus ont remplac\u00e9 Madueke et Gyokeres, apparemment pour nous donner un peu plus de contr\u00f4le technique, mais cela ne s&#39;est pas produit.<\/p>\n<p>Plus cela durait, plus nous devenions pire. Je ne sais pas comment Ben White n&#39;a pas remplac\u00e9 Jurrien Timber dont la prise de d\u00e9cision, peut-\u00eatre \u00e0 cause de la fatigue accumul\u00e9e au cours de la saison, empirait de plus en plus. Il n&#39;a envoy\u00e9 le ballon nulle part plus d&#39;une fois, et devant lui, Martinelli ne pouvait pas courir, ce qui \u00e9tait g\u00e9n\u00e9ralement la partie la plus fiable de son jeu. Leandro Trossard est entr\u00e9 en jeu puis a d\u00fb sortir apr\u00e8s un m\u00e9chant coup d&#39;\u00e9paule d\u00e9lib\u00e9r\u00e9 sur la t\u00eate d&#39;un joueur d\u00e9j\u00e0 cartonn\u00e9. Riccardo Calafiori est entr\u00e9 en jeu pendant les 6 minutes du temps additionnel.<\/p>\n<p>J\u00e9sus a eu une chance de marquer ou de marquer pour Martinelli, mais un manque de conviction l&#39;a fait s&#39;\u00e9teindre. Moins de 30 secondes plus tard, les Wolves ont obtenu leur deuxi\u00e8me. C&#39;\u00e9tait un centre plein d&#39;espoir dans la surface que Gabriel aurait pu repartir de la t\u00eate, mais Raya est venu le chercher alors qu&#39;il n&#39;en avait pas besoin et a renvoy\u00e9 le ballon dans la surface. \u00c0 partir de l\u00e0, un jeune homme appel\u00e9 Tom Edozie, qui faisait ses d\u00e9buts en Premier League (bien s\u00fbr), a tir\u00e9 un tir au but que Calafiori a presque bloqu\u00e9 mais l&#39;a vu rebondir sur le poteau et entrer. 2-2.<\/p>\n<p>Quel putain de bordel. Si Raya veut venir l\u00e0-bas, il doit prendre le ballon. En r\u00e8gle g\u00e9n\u00e9rale, c&#39;est un gardien d\u00e9cisif, plus d&#39;une fois, ce genre d&#39;approche a contribu\u00e9 \u00e0 apporter un peu de calme dans les matchs, mais cette fois, il en a fait une connerie absolue. C&#39;\u00e9tait un but n\u00e9 d&#39;une l\u00e9g\u00e8re panique qui \u00e9tait \u00e9vidente dans la fa\u00e7on dont nous avons jou\u00e9 cette seconde p\u00e9riode. La pression et le stress de la course au titre ? Presque certainement, mais je pense que vous devez s\u00e9rieusement vous demander pourquoi vous ressentez cela contre les Wolves.<\/p>\n<p>Avec tout le respect que je leur dois \u2013 et ils en m\u00e9ritent car ils ne se sont pas retourn\u00e9s et ont continu\u00e9 \u00e0 se brancher m\u00eame \u00e0 2-0 alors qu&#39;ils auraient facilement pu arr\u00eater \u2013 ils ont perdu 18 de leurs 27 matchs cette saison. Je dis toujours qu\u2019on ne peut rien tenir pour acquis en Premier League, hier en \u00e9tait un exemple, mais c\u2019\u00e9tait un g\u00e2chis enti\u00e8rement de notre propre initiative. Sans oublier un \u00e9ni\u00e8me but encaiss\u00e9 tardivement.<\/p>\n<p>Il y a quelques semaines, j&#39;ai \u00e9crit sur ma nervosit\u00e9 cette saison, sur le fait qu&#39;il ne s&#39;agissait pas seulement de l&#39;importance des enjeux, mais aussi des choses que j&#39;ai vues de cette \u00e9quipe qui me mettent mal \u00e0 l&#39;aise. C&#39;est peut-\u00eatre la 6\u00e8me ou 7\u00e8me fois (peut-\u00eatre plus) que nous encaissons un but dans les derni\u00e8res phases d&#39;un match. Cela ne nous a pas toujours co\u00fbt\u00e9 cher, mais c&#39;est un tr\u00e8s, tr\u00e8s mauvais trait \u00e0 avoir d\u00e9velopp\u00e9, et hier soir, nous avons pay\u00e9 le prix d&#39;une seconde mi-temps o\u00f9 nous avons laiss\u00e9 nos nerfs prendre le dessus sur nous. Ce fameux contr\u00f4le qui \u00e9tait si r\u00e9pandu en d\u00e9but de saison nous a abandonn\u00e9s, et la seule v\u00e9ritable explication est intangible.<\/p>\n<p>Nous sommes \u00e0 99 au compteur de merde.<\/p>\n<p>Quant \u00e0 l&#39;implication de J\u00e9sus avec Mosquera au coup de sifflet final, il y a peut-\u00eatre plus que ce que nous savons, mais cela semblait performatif et peut-\u00eatre que s&#39;il appliquait ce niveau d&#39;engagement lorsqu&#39;il a le ballon, nous serions peut-\u00eatre mieux. Ce n\u2019est pas pour le distinguer en soi, mais pour repr\u00e9senter la fa\u00e7on dont cette \u00e9quipe a r\u00e9agi \u00e0 l\u2019adversit\u00e9, ce n\u2019\u00e9tait pas bon. Cela disait \u00ab\u00a0Arsenal perd son sang-froid\u00a0\u00bb, et cela ne peut \u00eatre qu&#39;un coup de pouce pour les autres pr\u00e9tendants au titre.<\/p>\n<p>Ensuite, Mikel Arteta a d\u00e9clar\u00e9 :<\/p>\n<blockquote>\n<p>Extr\u00eamement d\u00e9\u00e7u, \u00e9videmment, du r\u00e9sultat, de la fa\u00e7on dont le match s&#39;est termin\u00e9, mais il faut s&#39;en prendre \u00e0 nous-m\u00eames. Je pense que la performance en seconde p\u00e9riode n&#39;a rien montr\u00e9 de proche des standards requis dans cette ligue pour gagner, avec la marge qui, je pense, aurait d\u00fb exister aujourd&#39;hui, surtout dans la mani\u00e8re dont nous avons jou\u00e9 la premi\u00e8re mi-temps. C&#39;est un moment de d\u00e9ception.<\/p>\n<p>Nous voulons tous beaucoup parler de ce que nous ressentons, mais ce n&#39;est pas le moment de le faire, car tout ce que nous faisons doit toujours et uniquement avoir l&#39;intention d&#39;aider l&#39;\u00e9quipe. \u00c0 l\u2019heure actuelle, je pense que nous devons avaler cette frustration. Quand on est \u00e0 ce niveau et au sommet, il faut encaisser le coup, car aujourd&#39;hui, nous le m\u00e9ritons aussi, et passer le plus vite possible, car dimanche, nous avons un grand match \u00e0 venir.<\/p>\n<\/blockquote>\n<p>J&#39;ai ensuite regard\u00e9 son interview sur Sky, et je ne me souviens pas vraiment qu&#39;il ait \u00e9t\u00e9 aussi secou\u00e9 auparavant. Peut-\u00eatre au d\u00e9but de son mandat, mais cela \u00e9tait plus facile \u00e0 comprendre parce qu&#39;il essayait de construire quelque chose et que les blocs dont il disposait n&#39;\u00e9taient pas toujours de la plus haute qualit\u00e9. Maintenant, nous avons d\u00e9pens\u00e9 une fortune, il a l&#39;\u00e9quipe la plus nombreuse et la plus compl\u00e8te de toutes les \u00e9quipes de Premier League, et nous avons fait un v\u00e9ritable g\u00e2chis dans un match qui aurait vraiment d\u00fb \u00eatre une victoire de routine.<\/p>\n<\/p>\n<p>Vous pourriez dire que c\u2019est un exemple du fan de football fataliste classique qui craint le pire, mais je jure que j\u2019ai senti cela venir d\u2019une mani\u00e8re tr\u00e8s r\u00e9elle. Nous l&#39;avons provoqu\u00e9 nous-m\u00eames, nous avons pris nos pieds proth\u00e9tiques qui ont remplac\u00e9 ceux dans lesquels nous nous sommes tir\u00e9 une balle en premi\u00e8re mi-temps avec cette s\u00e9lection d&#39;\u00e9quipe, nous les avons attach\u00e9s \u00e0 une caisse de TNT de style Roadrunner\/Coyote et avons allum\u00e9 la m\u00e8che. Puis on nous a mis une putain d&#39;enclume sur la t\u00eate pour faire bonne mesure. Diabolique.<\/p>\n<p>Clairement et simplement, c\u2019\u00e9tait un d\u00e9sastre, et cette saison est maintenant sur le fil du couteau. C\u2019est soit un moment o\u00f9 l\u2019on touche une sorte de fond, o\u00f9 l\u2019on consolide et o\u00f9 l\u2019on r\u00e9agit de mani\u00e8re positive ; ou c&#39;est celui que vous d\u00e9signez dans quelques mois et dites \u00ab C&#39;est \u00e0 ce moment-l\u00e0 qu&#39;il a d\u00e9raill\u00e9 \u00bb. Il incombe d\u00e9sormais au manager de remettre les choses en marche, car il y a quelque chose qui ne va pas et c&#39;est \u00e0 lui de le r\u00e9parer. Il n&#39;y a pas de cachette pour Mikel Arteta cette saison, et certainement pas quand il semble que vous \u00eates sur le point d&#39;effectuer une chute au ralenti d&#39;un grand immeuble.<\/p>\n<p>Nous \u00e9tions en excellente forme en Premier League, mais seulement deux victoires sur les sept derni\u00e8res signifient que nos qualifications pour le titre ont \u00e9t\u00e9 min\u00e9es par de mauvaises performances et des tactiques et s\u00e9lections d&#39;\u00e9quipe douteuses. Il y a \u00e9videmment la possibilit\u00e9 de r\u00e9cup\u00e9rer, de faire mieux, de s&#39;am\u00e9liorer et de produire des r\u00e9sultats, mais le temps presse et il y a un match crucial dimanche. Je n&#39;ai aucun doute que cette \u00e9quipe veut gagner le championnat, mais elle doit recommencer \u00e0 le montrer sur le terrain avant qu&#39;il ne soit trop tard.<\/p>\n<p>Ils doivent se r\u00e9veiller et intensifier les choses, avant de tout foutre compl\u00e8tement en l&#39;air.<\/p>\n<p>\u2014<\/p>\n<p>Merci d&#39;\u00eatre avec moi si vous \u00eates arriv\u00e9 jusqu&#39;ici. Nous aurons un podcast pour vous un peu plus tard, et je soup\u00e7onne que cela pourrait aussi \u00eatre un juron. Attendez-vous \u00e0 cela, en attendant, essayez de profiter de votre jeudi.<\/p>\n<\/div>\n","protected":false},"excerpt":{"rendered":"<p>Rapport de match \u2013 Notes des joueurs \u2013 R\u00e9action d&#39;Arteta \u2013 Vid\u00e9o : \u2014 Eh bien, c&#39;\u00e9tait vraiment terrible. Il n\u2019y a aucun moyen d\u2019\u00e9dulcorer<\/p>\n","protected":false},"author":1,"featured_media":34646,"comment_status":"closed","ping_status":"","sticky":false,"template":"","format":"standard","meta":{"footnotes":""},"categories":[3],"tags":[67,3191,11527,1454],"yoast_head":"<!-- This site is optimized with the Yoast SEO plugin v21.0 - https:\/\/yoast.com\/wordpress\/plugins\/seo\/ -->\n<title>Wolves 2-2 Arsenal : stations de panique<\/title>\n<meta name=\"robots\" content=\"index, follow, max-snippet:-1, max-image-preview:large, max-video-preview:-1\" \/>\n<link rel=\"canonical\" href=\"https:\/\/footdavant.fr\/actualites\/wolves-2-2-arsenal-stations-de-panique\/\" \/>\n<meta property=\"og:locale\" content=\"fr_FR\" \/>\n<meta property=\"og:type\" content=\"article\" \/>\n<meta property=\"og:title\" content=\"Wolves 2-2 Arsenal : stations de panique\" \/>\n<meta property=\"og:description\" content=\"Rapport de match \u2013 Notes des joueurs \u2013 R\u00e9action d&#039;Arteta \u2013 Vid\u00e9o : \u2014 Eh bien, c&#039;\u00e9tait vraiment terrible. Il n\u2019y a aucun moyen d\u2019\u00e9dulcorer\" \/>\n<meta property=\"og:url\" content=\"https:\/\/footdavant.fr\/actualites\/wolves-2-2-arsenal-stations-de-panique\/\" \/>\n<meta property=\"og:site_name\" content=\"Foot d&#039;avant\" \/>\n<meta property=\"article:publisher\" content=\"https:\/\/www.facebook.com\/Footdavant\/\" \/>\n<meta property=\"article:published_time\" content=\"2026-02-19T10:48:11+00:00\" \/>\n<meta property=\"article:modified_time\" content=\"2026-02-19T10:48:14+00:00\" \/>\n<meta property=\"og:image\" content=\"https:\/\/footdavant.fr\/actualites\/wp-content\/uploads\/2026\/02\/Wolves-2-2-Arsenal-stations-de-panique.jpg\" \/>\n\t<meta property=\"og:image:width\" content=\"1500\" \/>\n\t<meta property=\"og:image:height\" content=\"746\" \/>\n\t<meta property=\"og:image:type\" content=\"image\/jpeg\" \/>\n<meta name=\"author\" content=\"Cl\u00e9ment\" \/>\n<meta name=\"twitter:card\" content=\"summary_large_image\" \/>\n<meta name=\"twitter:creator\" content=\"@FootdavantFr\" \/>\n<meta name=\"twitter:site\" content=\"@FootdavantFr\" \/>\n<meta name=\"twitter:label1\" content=\"\u00c9crit par\" \/>\n\t<meta name=\"twitter:data1\" content=\"Cl\u00e9ment\" \/>\n\t<meta name=\"twitter:label2\" content=\"Dur\u00e9e de lecture estim\u00e9e\" \/>\n\t<meta name=\"twitter:data2\" content=\"11 minutes\" \/>\n<script type=\"application\/ld+json\" class=\"yoast-schema-graph\">{\"@context\":\"https:\/\/schema.org\",\"@graph\":[{\"@type\":\"Article\",\"@id\":\"https:\/\/footdavant.fr\/actualites\/wolves-2-2-arsenal-stations-de-panique\/#article\",\"isPartOf\":{\"@id\":\"https:\/\/footdavant.fr\/actualites\/wolves-2-2-arsenal-stations-de-panique\/\"},\"author\":{\"name\":\"Cl\u00e9ment\",\"@id\":\"https:\/\/footdavant.fr\/actualites\/#\/schema\/person\/bc222566d95871b37e597b3ed3ba5e1d\"},\"headline\":\"Wolves 2-2 Arsenal : stations de panique\",\"datePublished\":\"2026-02-19T10:48:11+00:00\",\"dateModified\":\"2026-02-19T10:48:14+00:00\",\"mainEntityOfPage\":{\"@id\":\"https:\/\/footdavant.fr\/actualites\/wolves-2-2-arsenal-stations-de-panique\/\"},\"wordCount\":2253,\"publisher\":{\"@id\":\"https:\/\/footdavant.fr\/actualites\/#organization\"},\"keywords\":[\"Arsenal\",\"panique\",\"stations\",\"Wolves\"],\"articleSection\":[\"Football\"],\"inLanguage\":\"fr-FR\"},{\"@type\":\"WebPage\",\"@id\":\"https:\/\/footdavant.fr\/actualites\/wolves-2-2-arsenal-stations-de-panique\/\",\"url\":\"https:\/\/footdavant.fr\/actualites\/wolves-2-2-arsenal-stations-de-panique\/\",\"name\":\"Wolves 2-2 Arsenal : stations de panique\",\"isPartOf\":{\"@id\":\"https:\/\/footdavant.fr\/actualites\/#website\"},\"datePublished\":\"2026-02-19T10:48:11+00:00\",\"dateModified\":\"2026-02-19T10:48:14+00:00\",\"breadcrumb\":{\"@id\":\"https:\/\/footdavant.fr\/actualites\/wolves-2-2-arsenal-stations-de-panique\/#breadcrumb\"},\"inLanguage\":\"fr-FR\",\"potentialAction\":[{\"@type\":\"ReadAction\",\"target\":[\"https:\/\/footdavant.fr\/actualites\/wolves-2-2-arsenal-stations-de-panique\/\"]}]},{\"@type\":\"BreadcrumbList\",\"@id\":\"https:\/\/footdavant.fr\/actualites\/wolves-2-2-arsenal-stations-de-panique\/#breadcrumb\",\"itemListElement\":[{\"@type\":\"ListItem\",\"position\":1,\"name\":\"Accueil\",\"item\":\"https:\/\/footdavant.fr\/actualites\/\"},{\"@type\":\"ListItem\",\"position\":2,\"name\":\"Wolves 2-2 Arsenal : stations de panique\"}]},{\"@type\":\"WebSite\",\"@id\":\"https:\/\/footdavant.fr\/actualites\/#website\",\"url\":\"https:\/\/footdavant.fr\/actualites\/\",\"name\":\"Foot d'avant\",\"description\":\"\",\"publisher\":{\"@id\":\"https:\/\/footdavant.fr\/actualites\/#organization\"},\"potentialAction\":[{\"@type\":\"SearchAction\",\"target\":{\"@type\":\"EntryPoint\",\"urlTemplate\":\"https:\/\/footdavant.fr\/actualites\/?s={search_term_string}\"},\"query-input\":\"required name=search_term_string\"}],\"inLanguage\":\"fr-FR\"},{\"@type\":\"Organization\",\"@id\":\"https:\/\/footdavant.fr\/actualites\/#organization\",\"name\":\"Foot d'avant\",\"url\":\"https:\/\/footdavant.fr\/actualites\/\",\"logo\":{\"@type\":\"ImageObject\",\"inLanguage\":\"fr-FR\",\"@id\":\"https:\/\/footdavant.fr\/actualites\/#\/schema\/logo\/image\/\",\"url\":\"https:\/\/footdavant.fr\/actualites\/wp-content\/uploads\/2023\/09\/Copy-of-FootDavant-Logo.png\",\"contentUrl\":\"https:\/\/footdavant.fr\/actualites\/wp-content\/uploads\/2023\/09\/Copy-of-FootDavant-Logo.png\",\"width\":936,\"height\":549,\"caption\":\"Foot d'avant\"},\"image\":{\"@id\":\"https:\/\/footdavant.fr\/actualites\/#\/schema\/logo\/image\/\"},\"sameAs\":[\"https:\/\/www.facebook.com\/Footdavant\/\",\"https:\/\/twitter.com\/FootdavantFr\",\"https:\/\/www.instagram.com\/footdavant.fr\/\"]},{\"@type\":\"Person\",\"@id\":\"https:\/\/footdavant.fr\/actualites\/#\/schema\/person\/bc222566d95871b37e597b3ed3ba5e1d\",\"name\":\"Cl\u00e9ment\",\"image\":{\"@type\":\"ImageObject\",\"inLanguage\":\"fr-FR\",\"@id\":\"https:\/\/footdavant.fr\/actualites\/#\/schema\/person\/image\/\",\"url\":\"https:\/\/secure.gravatar.com\/avatar\/7728b29aac2719421e1a9159b2254c44?s=96&d=mm&r=g\",\"contentUrl\":\"https:\/\/secure.gravatar.com\/avatar\/7728b29aac2719421e1a9159b2254c44?s=96&d=mm&r=g\",\"caption\":\"Cl\u00e9ment\"},\"sameAs\":[\"https:\/\/footdavant.fr\/\"]}]}<\/script>\n<!-- \/ Yoast SEO plugin. -->","yoast_head_json":{"title":"Wolves 2-2 Arsenal : stations de panique","robots":{"index":"index","follow":"follow","max-snippet":"max-snippet:-1","max-image-preview":"max-image-preview:large","max-video-preview":"max-video-preview:-1"},"canonical":"https:\/\/footdavant.fr\/actualites\/wolves-2-2-arsenal-stations-de-panique\/","og_locale":"fr_FR","og_type":"article","og_title":"Wolves 2-2 Arsenal : stations de panique","og_description":"Rapport de match \u2013 Notes des joueurs \u2013 R\u00e9action d&#39;Arteta \u2013 Vid\u00e9o : \u2014 Eh bien, c&#39;\u00e9tait vraiment terrible. Il n\u2019y a aucun moyen d\u2019\u00e9dulcorer","og_url":"https:\/\/footdavant.fr\/actualites\/wolves-2-2-arsenal-stations-de-panique\/","og_site_name":"Foot d&#039;avant","article_publisher":"https:\/\/www.facebook.com\/Footdavant\/","article_published_time":"2026-02-19T10:48:11+00:00","article_modified_time":"2026-02-19T10:48:14+00:00","og_image":[{"width":1500,"height":746,"url":"https:\/\/footdavant.fr\/actualites\/wp-content\/uploads\/2026\/02\/Wolves-2-2-Arsenal-stations-de-panique.jpg","type":"image\/jpeg"}],"author":"Cl\u00e9ment","twitter_card":"summary_large_image","twitter_creator":"@FootdavantFr","twitter_site":"@FootdavantFr","twitter_misc":{"\u00c9crit par":"Cl\u00e9ment","Dur\u00e9e de lecture estim\u00e9e":"11 minutes"},"schema":{"@context":"https:\/\/schema.org","@graph":[{"@type":"Article","@id":"https:\/\/footdavant.fr\/actualites\/wolves-2-2-arsenal-stations-de-panique\/#article","isPartOf":{"@id":"https:\/\/footdavant.fr\/actualites\/wolves-2-2-arsenal-stations-de-panique\/"},"author":{"name":"Cl\u00e9ment","@id":"https:\/\/footdavant.fr\/actualites\/#\/schema\/person\/bc222566d95871b37e597b3ed3ba5e1d"},"headline":"Wolves 2-2 Arsenal : stations de panique","datePublished":"2026-02-19T10:48:11+00:00","dateModified":"2026-02-19T10:48:14+00:00","mainEntityOfPage":{"@id":"https:\/\/footdavant.fr\/actualites\/wolves-2-2-arsenal-stations-de-panique\/"},"wordCount":2253,"publisher":{"@id":"https:\/\/footdavant.fr\/actualites\/#organization"},"keywords":["Arsenal","panique","stations","Wolves"],"articleSection":["Football"],"inLanguage":"fr-FR"},{"@type":"WebPage","@id":"https:\/\/footdavant.fr\/actualites\/wolves-2-2-arsenal-stations-de-panique\/","url":"https:\/\/footdavant.fr\/actualites\/wolves-2-2-arsenal-stations-de-panique\/","name":"Wolves 2-2 Arsenal : stations de panique","isPartOf":{"@id":"https:\/\/footdavant.fr\/actualites\/#website"},"datePublished":"2026-02-19T10:48:11+00:00","dateModified":"2026-02-19T10:48:14+00:00","breadcrumb":{"@id":"https:\/\/footdavant.fr\/actualites\/wolves-2-2-arsenal-stations-de-panique\/#breadcrumb"},"inLanguage":"fr-FR","potentialAction":[{"@type":"ReadAction","target":["https:\/\/footdavant.fr\/actualites\/wolves-2-2-arsenal-stations-de-panique\/"]}]},{"@type":"BreadcrumbList","@id":"https:\/\/footdavant.fr\/actualites\/wolves-2-2-arsenal-stations-de-panique\/#breadcrumb","itemListElement":[{"@type":"ListItem","position":1,"name":"Accueil","item":"https:\/\/footdavant.fr\/actualites\/"},{"@type":"ListItem","position":2,"name":"Wolves 2-2 Arsenal : stations de panique"}]},{"@type":"WebSite","@id":"https:\/\/footdavant.fr\/actualites\/#website","url":"https:\/\/footdavant.fr\/actualites\/","name":"Foot d'avant","description":"","publisher":{"@id":"https:\/\/footdavant.fr\/actualites\/#organization"},"potentialAction":[{"@type":"SearchAction","target":{"@type":"EntryPoint","urlTemplate":"https:\/\/footdavant.fr\/actualites\/?s={search_term_string}"},"query-input":"required name=search_term_string"}],"inLanguage":"fr-FR"},{"@type":"Organization","@id":"https:\/\/footdavant.fr\/actualites\/#organization","name":"Foot d'avant","url":"https:\/\/footdavant.fr\/actualites\/","logo":{"@type":"ImageObject","inLanguage":"fr-FR","@id":"https:\/\/footdavant.fr\/actualites\/#\/schema\/logo\/image\/","url":"https:\/\/footdavant.fr\/actualites\/wp-content\/uploads\/2023\/09\/Copy-of-FootDavant-Logo.png","contentUrl":"https:\/\/footdavant.fr\/actualites\/wp-content\/uploads\/2023\/09\/Copy-of-FootDavant-Logo.png","width":936,"height":549,"caption":"Foot d'avant"},"image":{"@id":"https:\/\/footdavant.fr\/actualites\/#\/schema\/logo\/image\/"},"sameAs":["https:\/\/www.facebook.com\/Footdavant\/","https:\/\/twitter.com\/FootdavantFr","https:\/\/www.instagram.com\/footdavant.fr\/"]},{"@type":"Person","@id":"https:\/\/footdavant.fr\/actualites\/#\/schema\/person\/bc222566d95871b37e597b3ed3ba5e1d","name":"Cl\u00e9ment","image":{"@type":"ImageObject","inLanguage":"fr-FR","@id":"https:\/\/footdavant.fr\/actualites\/#\/schema\/person\/image\/","url":"https:\/\/secure.gravatar.com\/avatar\/7728b29aac2719421e1a9159b2254c44?s=96&d=mm&r=g","contentUrl":"https:\/\/secure.gravatar.com\/avatar\/7728b29aac2719421e1a9159b2254c44?s=96&d=mm&r=g","caption":"Cl\u00e9ment"},"sameAs":["https:\/\/footdavant.fr\/"]}]}},"_links":{"self":[{"href":"https:\/\/footdavant.fr\/actualites\/wp-json\/wp\/v2\/posts\/34645"}],"collection":[{"href":"https:\/\/footdavant.fr\/actualites\/wp-json\/wp\/v2\/posts"}],"about":[{"href":"https:\/\/footdavant.fr\/actualites\/wp-json\/wp\/v2\/types\/post"}],"author":[{"embeddable":true,"href":"https:\/\/footdavant.fr\/actualites\/wp-json\/wp\/v2\/users\/1"}],"replies":[{"embeddable":true,"href":"https:\/\/footdavant.fr\/actualites\/wp-json\/wp\/v2\/comments?post=34645"}],"version-history":[{"count":1,"href":"https:\/\/footdavant.fr\/actualites\/wp-json\/wp\/v2\/posts\/34645\/revisions"}],"predecessor-version":[{"id":34647,"href":"https:\/\/footdavant.fr\/actualites\/wp-json\/wp\/v2\/posts\/34645\/revisions\/34647"}],"wp:featuredmedia":[{"embeddable":true,"href":"https:\/\/footdavant.fr\/actualites\/wp-json\/wp\/v2\/media\/34646"}],"wp:attachment":[{"href":"https:\/\/footdavant.fr\/actualites\/wp-json\/wp\/v2\/media?parent=34645"}],"wp:term":[{"taxonomy":"category","embeddable":true,"href":"https:\/\/footdavant.fr\/actualites\/wp-json\/wp\/v2\/categories?post=34645"},{"taxonomy":"post_tag","embeddable":true,"href":"https:\/\/footdavant.fr\/actualites\/wp-json\/wp\/v2\/tags?post=34645"}],"curies":[{"name":"wp","href":"https:\/\/api.w.org\/{rel}","templated":true}]}}