{"id":34648,"date":"2026-02-19T13:48:33","date_gmt":"2026-02-19T12:48:33","guid":{"rendered":"https:\/\/footdavant.fr\/actualites\/nouvelles-du-transfert-de-man-utd-decision-choc-pour-la-star-de-liverpool-consideree-alors-quun-nouvel-objectif-de-milieu-de-terrain-emerge\/"},"modified":"2026-02-19T13:48:34","modified_gmt":"2026-02-19T12:48:34","slug":"nouvelles-du-transfert-de-man-utd-decision-choc-pour-la-star-de-liverpool-consideree-alors-quun-nouvel-objectif-de-milieu-de-terrain-emerge","status":"publish","type":"post","link":"https:\/\/footdavant.fr\/actualites\/nouvelles-du-transfert-de-man-utd-decision-choc-pour-la-star-de-liverpool-consideree-alors-quun-nouvel-objectif-de-milieu-de-terrain-emerge\/","title":{"rendered":"Nouvelles du transfert de Man Utd: d\u00e9cision \u00ab choc \u00bb pour la star de Liverpool consid\u00e9r\u00e9e alors qu&#39;un nouvel objectif de milieu de terrain \u00e9merge"},"content":{"rendered":"<div itemprop=\"articleBody\">\n<p style=\"margin-bottom:11px\">Manchester United envisagerait de faire une d\u00e9cision choc pour le milieu de terrain de Liverpool Alexis Mac Allister lors du mercato estival.<\/p>\n<p>Les Diables Rouges sont connus pour \u00eatre \u00e0 la recherche d&#39;un nouveau milieu de terrain central, Casemiro partant \u00e0 la fin de la saison \u00e0 l&#39;expiration de son contrat et l&#39;incertitude entourant toujours l&#39;avenir \u00e0 long terme de Manuel Ugarte.<\/p>\n<p>Carlos Baleba de Brighton &#038; Hove Albion, Adam Wharton de Crystal Palace et Elliot Anderson de Nottingham Forest sont trois noms qui ont r\u00e9guli\u00e8rement \u00e9t\u00e9 associ\u00e9s \u00e0 un d\u00e9m\u00e9nagement \u00e0 Old Trafford, bien que ce dernier soit \u00e9galement consid\u00e9r\u00e9 comme une cible importante pour Manchester City.<\/p>\n<p>On pense que Sandro Tonali de Newcastle United a r\u00e9cemment \u00e9t\u00e9 ajout\u00e9 \u00e0 la liste restreinte d&#39;\u00e9t\u00e9 de Man United, mais une qualification en Ligue des champions est n\u00e9cessaire pour que les Red Devils persuadent l&#39;Italien li\u00e9 \u00e0 Arsenal de quitter St James&#39; Park.<\/p>\n<p>Le milieu de terrain tr\u00e8s appr\u00e9ci\u00e9 du Nordsjaelland, Caleb Yirenkyi, est \u00e9galement sur le radar de Man United, et Mac Allister est d\u00e9sormais consid\u00e9r\u00e9 comme le dernier nom apparu comme une cible surprise.<\/p>\n<div>\n<div>\n<div>\n<div>\n<div>\n<p>\u00a9 Imago<\/p>\n<\/div>\n<\/div>\n<\/div>\n<\/div>\n<\/div>\n<h2>Man United \u00ab surveille de pr\u00e8s \u00bb Mac Allister de Liverpool<\/h2>\n<p>Selon <em>Le miroir<\/em>Man United est en train d&#39;\u00e9tablir une liste de cibles de milieu de terrain que le club tentera de signer cet \u00e9t\u00e9, et les chefs des Red Devils garderaient un \u0153il attentif sur l&#39;avenir de Mac Allister. <\/p>\n<p>Le rapport ajoute que les sp\u00e9culations se multiplient selon lesquelles le vainqueur de la Coupe du monde 2022 avec l\u2019Argentine pourrait quitter Liverpool avant la campagne 2026-27.<\/p>\n<p>Mac Allister a eu du mal \u00e0 montrer sa meilleure forme de mani\u00e8re constante jusqu&#39;\u00e0 pr\u00e9sent cette saison, bien qu&#39;il ait impressionn\u00e9 contre son ancien club Brighton alors que Liverpool a remport\u00e9 une victoire 3-0 \u00e0 Anfield au quatri\u00e8me tour de la FA Cup le week-end dernier.<\/p>\n<p>Le joueur de 27 ans a disput\u00e9 un total de 132 apparitions pour Liverpool toutes comp\u00e9titions confondues depuis son arriv\u00e9e en 2023, enregistrant 17 buts et 17 passes d\u00e9cisives, et il est sous contrat \u00e0 Anfield jusqu&#39;en juin 2028.<\/p>\n<div>\n<div>\n<div>\n<div>\n<div><img decoding=\"async\" data-img-id=\"154134\" class=\"lazy\" loading=\"lazy\" src=\"https:\/\/footdavant.fr\/actualites\/wp-content\/uploads\/2025\/11\/1762390089_212_Liverpool-1-0-Real-Madrid-la-star-des-Blancos-Jude-Bellingham.webp\"\/><\/p>\n<p>\u00a9 Imago \/ Sportimage<\/p>\n<\/div>\n<\/div>\n<\/div>\n<\/div>\n<\/div>\n<h2>Mac Allister pourrait-il de mani\u00e8re r\u00e9aliste \u00e9changer Man Utd contre Liverpool ?<\/h2>\n<p>Il reste \u00e0 voir si Mac Allister envisagerait de quitter Liverpool \u00e0 ce stade de sa carri\u00e8re, mais il a d\u00e9j\u00e0 exprim\u00e9 son d\u00e9sir de jouer en Espagne avant de raccrocher face \u00e0 l&#39;int\u00e9r\u00eat signal\u00e9 du Real Madrid.<\/p>\n<p>Rejoindre un rival de Premier League, en particulier Man United, semble peu probable \u00e0 ce stade, \u00e0 moins que les Red Devils ne pr\u00e9sentent une offre importante \u00e0 Liverpool cet \u00e9t\u00e9.<\/p>\n<p>Mac Allister aurait probablement peu d&#39;int\u00e9r\u00eat \u00e0 rejoindre Man United s&#39;ils ne parvenaient pas \u00e0 se qualifier pour la Ligue des champions, l&#39;\u00e9quipe de Michael Carrick occupant actuellement la quatri\u00e8me place du classement de la Premier League et seulement trois points au-dessus de Liverpool \u00e0 la sixi\u00e8me place.<\/p>\n<p>Une poign\u00e9e de joueurs ont repr\u00e9sent\u00e9 \u00e0 la fois Man United et Liverpool au fil des ans, dont Michael Owen, Paul Ince et Peter Beardsley, mais aucun joueur n&#39;est pass\u00e9 directement d&#39;Old Trafford \u00e0 Anfield depuis Phil Chisnall en 1964.<\/p>\n<\/div>\n","protected":false},"excerpt":{"rendered":"<p>Manchester United envisagerait de faire une d\u00e9cision choc pour le milieu de terrain de Liverpool Alexis Mac Allister lors du mercato estival. Les Diables Rouges<\/p>\n","protected":false},"author":1,"featured_media":34494,"comment_status":"closed","ping_status":"","sticky":false,"template":"","format":"standard","meta":{"footnotes":""},"categories":[5],"tags":[318,332,7947,497,5267,53,24,441,886,461,1681,51,4272,1621,442,700,296],"yoast_head":"<!-- This site is optimized with the Yoast SEO plugin v21.0 - https:\/\/yoast.com\/wordpress\/plugins\/seo\/ -->\n<title>Nouvelles du transfert de Man Utd: d\u00e9cision \u00ab choc \u00bb pour la star de Liverpool consid\u00e9r\u00e9e alors qu&#039;un nouvel objectif de milieu de terrain \u00e9merge<\/title>\n<meta name=\"robots\" content=\"index, follow, max-snippet:-1, max-image-preview:large, max-video-preview:-1\" \/>\n<link rel=\"canonical\" href=\"https:\/\/footdavant.fr\/actualites\/nouvelles-du-transfert-de-man-utd-decision-choc-pour-la-star-de-liverpool-consideree-alors-quun-nouvel-objectif-de-milieu-de-terrain-emerge\/\" \/>\n<meta property=\"og:locale\" content=\"fr_FR\" \/>\n<meta property=\"og:type\" content=\"article\" \/>\n<meta property=\"og:title\" content=\"Nouvelles du transfert de Man Utd: d\u00e9cision \u00ab choc \u00bb pour la star de Liverpool consid\u00e9r\u00e9e alors qu&#039;un nouvel objectif de milieu de terrain \u00e9merge\" \/>\n<meta property=\"og:description\" content=\"Manchester United envisagerait de faire une d\u00e9cision choc pour le milieu de terrain de Liverpool Alexis Mac Allister lors du mercato estival. Les Diables Rouges\" \/>\n<meta property=\"og:url\" content=\"https:\/\/footdavant.fr\/actualites\/nouvelles-du-transfert-de-man-utd-decision-choc-pour-la-star-de-liverpool-consideree-alors-quun-nouvel-objectif-de-milieu-de-terrain-emerge\/\" \/>\n<meta property=\"og:site_name\" content=\"Foot d&#039;avant\" \/>\n<meta property=\"article:publisher\" content=\"https:\/\/www.facebook.com\/Footdavant\/\" \/>\n<meta property=\"article:published_time\" content=\"2026-02-19T12:48:33+00:00\" \/>\n<meta property=\"article:modified_time\" content=\"2026-02-19T12:48:34+00:00\" \/>\n<meta property=\"og:image\" content=\"https:\/\/footdavant.fr\/actualites\/wp-content\/uploads\/2026\/02\/Les-reflexions-de-Man-Utd-sur-le-voyage-immediat-de.net2Fuploads2F20262F022Farne-slot-mo-sal.webp\" \/>\n\t<meta property=\"og:image:width\" content=\"720\" \/>\n\t<meta property=\"og:image:height\" content=\"410\" \/>\n\t<meta property=\"og:image:type\" content=\"image\/webp\" \/>\n<meta name=\"author\" content=\"Cl\u00e9ment\" \/>\n<meta name=\"twitter:card\" content=\"summary_large_image\" \/>\n<meta name=\"twitter:creator\" content=\"@FootdavantFr\" \/>\n<meta name=\"twitter:site\" content=\"@FootdavantFr\" \/>\n<meta name=\"twitter:label1\" content=\"\u00c9crit par\" \/>\n\t<meta name=\"twitter:data1\" content=\"Cl\u00e9ment\" \/>\n\t<meta name=\"twitter:label2\" content=\"Dur\u00e9e de lecture estim\u00e9e\" \/>\n\t<meta name=\"twitter:data2\" content=\"3 minutes\" \/>\n<script type=\"application\/ld+json\" class=\"yoast-schema-graph\">{\"@context\":\"https:\/\/schema.org\",\"@graph\":[{\"@type\":\"Article\",\"@id\":\"https:\/\/footdavant.fr\/actualites\/nouvelles-du-transfert-de-man-utd-decision-choc-pour-la-star-de-liverpool-consideree-alors-quun-nouvel-objectif-de-milieu-de-terrain-emerge\/#article\",\"isPartOf\":{\"@id\":\"https:\/\/footdavant.fr\/actualites\/nouvelles-du-transfert-de-man-utd-decision-choc-pour-la-star-de-liverpool-consideree-alors-quun-nouvel-objectif-de-milieu-de-terrain-emerge\/\"},\"author\":{\"name\":\"Cl\u00e9ment\",\"@id\":\"https:\/\/footdavant.fr\/actualites\/#\/schema\/person\/bc222566d95871b37e597b3ed3ba5e1d\"},\"headline\":\"Nouvelles du transfert de Man Utd: d\u00e9cision \u00ab choc \u00bb pour la star de Liverpool consid\u00e9r\u00e9e alors qu&#39;un nouvel objectif de milieu de terrain \u00e9merge\",\"datePublished\":\"2026-02-19T12:48:33+00:00\",\"dateModified\":\"2026-02-19T12:48:34+00:00\",\"mainEntityOfPage\":{\"@id\":\"https:\/\/footdavant.fr\/actualites\/nouvelles-du-transfert-de-man-utd-decision-choc-pour-la-star-de-liverpool-consideree-alors-quun-nouvel-objectif-de-milieu-de-terrain-emerge\/\"},\"wordCount\":565,\"publisher\":{\"@id\":\"https:\/\/footdavant.fr\/actualites\/#organization\"},\"keywords\":[\"alors\",\"choc\",\"consid\u00e9r\u00e9e\",\"d\u00e9cision\",\"\u00e9merge\",\"Liverpool\",\"Man\",\"milieu\",\"nouvel\",\"Nouvelles\",\"objectif\",\"pour\",\"qu39un\",\"Star\",\"terrain\",\"transfert\",\"Utd\"],\"articleSection\":[\"Premier League\"],\"inLanguage\":\"fr-FR\"},{\"@type\":\"WebPage\",\"@id\":\"https:\/\/footdavant.fr\/actualites\/nouvelles-du-transfert-de-man-utd-decision-choc-pour-la-star-de-liverpool-consideree-alors-quun-nouvel-objectif-de-milieu-de-terrain-emerge\/\",\"url\":\"https:\/\/footdavant.fr\/actualites\/nouvelles-du-transfert-de-man-utd-decision-choc-pour-la-star-de-liverpool-consideree-alors-quun-nouvel-objectif-de-milieu-de-terrain-emerge\/\",\"name\":\"Nouvelles du transfert de Man Utd: d\u00e9cision \u00ab choc \u00bb pour la star de Liverpool consid\u00e9r\u00e9e alors qu&#39;un nouvel objectif de milieu de terrain \u00e9merge\",\"isPartOf\":{\"@id\":\"https:\/\/footdavant.fr\/actualites\/#website\"},\"datePublished\":\"2026-02-19T12:48:33+00:00\",\"dateModified\":\"2026-02-19T12:48:34+00:00\",\"breadcrumb\":{\"@id\":\"https:\/\/footdavant.fr\/actualites\/nouvelles-du-transfert-de-man-utd-decision-choc-pour-la-star-de-liverpool-consideree-alors-quun-nouvel-objectif-de-milieu-de-terrain-emerge\/#breadcrumb\"},\"inLanguage\":\"fr-FR\",\"potentialAction\":[{\"@type\":\"ReadAction\",\"target\":[\"https:\/\/footdavant.fr\/actualites\/nouvelles-du-transfert-de-man-utd-decision-choc-pour-la-star-de-liverpool-consideree-alors-quun-nouvel-objectif-de-milieu-de-terrain-emerge\/\"]}]},{\"@type\":\"BreadcrumbList\",\"@id\":\"https:\/\/footdavant.fr\/actualites\/nouvelles-du-transfert-de-man-utd-decision-choc-pour-la-star-de-liverpool-consideree-alors-quun-nouvel-objectif-de-milieu-de-terrain-emerge\/#breadcrumb\",\"itemListElement\":[{\"@type\":\"ListItem\",\"position\":1,\"name\":\"Accueil\",\"item\":\"https:\/\/footdavant.fr\/actualites\/\"},{\"@type\":\"ListItem\",\"position\":2,\"name\":\"Nouvelles du transfert de Man Utd: d\u00e9cision \u00ab choc \u00bb pour la star de Liverpool consid\u00e9r\u00e9e alors qu&#39;un nouvel objectif de milieu de terrain \u00e9merge\"}]},{\"@type\":\"WebSite\",\"@id\":\"https:\/\/footdavant.fr\/actualites\/#website\",\"url\":\"https:\/\/footdavant.fr\/actualites\/\",\"name\":\"Foot d'avant\",\"description\":\"\",\"publisher\":{\"@id\":\"https:\/\/footdavant.fr\/actualites\/#organization\"},\"potentialAction\":[{\"@type\":\"SearchAction\",\"target\":{\"@type\":\"EntryPoint\",\"urlTemplate\":\"https:\/\/footdavant.fr\/actualites\/?s={search_term_string}\"},\"query-input\":\"required name=search_term_string\"}],\"inLanguage\":\"fr-FR\"},{\"@type\":\"Organization\",\"@id\":\"https:\/\/footdavant.fr\/actualites\/#organization\",\"name\":\"Foot d'avant\",\"url\":\"https:\/\/footdavant.fr\/actualites\/\",\"logo\":{\"@type\":\"ImageObject\",\"inLanguage\":\"fr-FR\",\"@id\":\"https:\/\/footdavant.fr\/actualites\/#\/schema\/logo\/image\/\",\"url\":\"https:\/\/footdavant.fr\/actualites\/wp-content\/uploads\/2023\/09\/Copy-of-FootDavant-Logo.png\",\"contentUrl\":\"https:\/\/footdavant.fr\/actualites\/wp-content\/uploads\/2023\/09\/Copy-of-FootDavant-Logo.png\",\"width\":936,\"height\":549,\"caption\":\"Foot d'avant\"},\"image\":{\"@id\":\"https:\/\/footdavant.fr\/actualites\/#\/schema\/logo\/image\/\"},\"sameAs\":[\"https:\/\/www.facebook.com\/Footdavant\/\",\"https:\/\/twitter.com\/FootdavantFr\",\"https:\/\/www.instagram.com\/footdavant.fr\/\"]},{\"@type\":\"Person\",\"@id\":\"https:\/\/footdavant.fr\/actualites\/#\/schema\/person\/bc222566d95871b37e597b3ed3ba5e1d\",\"name\":\"Cl\u00e9ment\",\"image\":{\"@type\":\"ImageObject\",\"inLanguage\":\"fr-FR\",\"@id\":\"https:\/\/footdavant.fr\/actualites\/#\/schema\/person\/image\/\",\"url\":\"https:\/\/secure.gravatar.com\/avatar\/7728b29aac2719421e1a9159b2254c44?s=96&d=mm&r=g\",\"contentUrl\":\"https:\/\/secure.gravatar.com\/avatar\/7728b29aac2719421e1a9159b2254c44?s=96&d=mm&r=g\",\"caption\":\"Cl\u00e9ment\"},\"sameAs\":[\"https:\/\/footdavant.fr\/\"]}]}<\/script>\n<!-- \/ Yoast SEO plugin. -->","yoast_head_json":{"title":"Nouvelles du transfert de Man Utd: d\u00e9cision \u00ab choc \u00bb pour la star de Liverpool consid\u00e9r\u00e9e alors qu&#39;un nouvel objectif de milieu de terrain \u00e9merge","robots":{"index":"index","follow":"follow","max-snippet":"max-snippet:-1","max-image-preview":"max-image-preview:large","max-video-preview":"max-video-preview:-1"},"canonical":"https:\/\/footdavant.fr\/actualites\/nouvelles-du-transfert-de-man-utd-decision-choc-pour-la-star-de-liverpool-consideree-alors-quun-nouvel-objectif-de-milieu-de-terrain-emerge\/","og_locale":"fr_FR","og_type":"article","og_title":"Nouvelles du transfert de Man Utd: d\u00e9cision \u00ab choc \u00bb pour la star de Liverpool consid\u00e9r\u00e9e alors qu&#39;un nouvel objectif de milieu de terrain \u00e9merge","og_description":"Manchester United envisagerait de faire une d\u00e9cision choc pour le milieu de terrain de Liverpool Alexis Mac Allister lors du mercato estival. Les Diables Rouges","og_url":"https:\/\/footdavant.fr\/actualites\/nouvelles-du-transfert-de-man-utd-decision-choc-pour-la-star-de-liverpool-consideree-alors-quun-nouvel-objectif-de-milieu-de-terrain-emerge\/","og_site_name":"Foot d&#039;avant","article_publisher":"https:\/\/www.facebook.com\/Footdavant\/","article_published_time":"2026-02-19T12:48:33+00:00","article_modified_time":"2026-02-19T12:48:34+00:00","og_image":[{"width":720,"height":410,"url":"https:\/\/footdavant.fr\/actualites\/wp-content\/uploads\/2026\/02\/Les-reflexions-de-Man-Utd-sur-le-voyage-immediat-de.net2Fuploads2F20262F022Farne-slot-mo-sal.webp","type":"image\/webp"}],"author":"Cl\u00e9ment","twitter_card":"summary_large_image","twitter_creator":"@FootdavantFr","twitter_site":"@FootdavantFr","twitter_misc":{"\u00c9crit par":"Cl\u00e9ment","Dur\u00e9e de lecture estim\u00e9e":"3 minutes"},"schema":{"@context":"https:\/\/schema.org","@graph":[{"@type":"Article","@id":"https:\/\/footdavant.fr\/actualites\/nouvelles-du-transfert-de-man-utd-decision-choc-pour-la-star-de-liverpool-consideree-alors-quun-nouvel-objectif-de-milieu-de-terrain-emerge\/#article","isPartOf":{"@id":"https:\/\/footdavant.fr\/actualites\/nouvelles-du-transfert-de-man-utd-decision-choc-pour-la-star-de-liverpool-consideree-alors-quun-nouvel-objectif-de-milieu-de-terrain-emerge\/"},"author":{"name":"Cl\u00e9ment","@id":"https:\/\/footdavant.fr\/actualites\/#\/schema\/person\/bc222566d95871b37e597b3ed3ba5e1d"},"headline":"Nouvelles du transfert de Man Utd: d\u00e9cision \u00ab choc \u00bb pour la star de Liverpool consid\u00e9r\u00e9e alors qu&#39;un nouvel objectif de milieu de terrain \u00e9merge","datePublished":"2026-02-19T12:48:33+00:00","dateModified":"2026-02-19T12:48:34+00:00","mainEntityOfPage":{"@id":"https:\/\/footdavant.fr\/actualites\/nouvelles-du-transfert-de-man-utd-decision-choc-pour-la-star-de-liverpool-consideree-alors-quun-nouvel-objectif-de-milieu-de-terrain-emerge\/"},"wordCount":565,"publisher":{"@id":"https:\/\/footdavant.fr\/actualites\/#organization"},"keywords":["alors","choc","consid\u00e9r\u00e9e","d\u00e9cision","\u00e9merge","Liverpool","Man","milieu","nouvel","Nouvelles","objectif","pour","qu39un","Star","terrain","transfert","Utd"],"articleSection":["Premier League"],"inLanguage":"fr-FR"},{"@type":"WebPage","@id":"https:\/\/footdavant.fr\/actualites\/nouvelles-du-transfert-de-man-utd-decision-choc-pour-la-star-de-liverpool-consideree-alors-quun-nouvel-objectif-de-milieu-de-terrain-emerge\/","url":"https:\/\/footdavant.fr\/actualites\/nouvelles-du-transfert-de-man-utd-decision-choc-pour-la-star-de-liverpool-consideree-alors-quun-nouvel-objectif-de-milieu-de-terrain-emerge\/","name":"Nouvelles du transfert de Man Utd: d\u00e9cision \u00ab choc \u00bb pour la star de Liverpool consid\u00e9r\u00e9e alors qu&#39;un nouvel objectif de milieu de terrain \u00e9merge","isPartOf":{"@id":"https:\/\/footdavant.fr\/actualites\/#website"},"datePublished":"2026-02-19T12:48:33+00:00","dateModified":"2026-02-19T12:48:34+00:00","breadcrumb":{"@id":"https:\/\/footdavant.fr\/actualites\/nouvelles-du-transfert-de-man-utd-decision-choc-pour-la-star-de-liverpool-consideree-alors-quun-nouvel-objectif-de-milieu-de-terrain-emerge\/#breadcrumb"},"inLanguage":"fr-FR","potentialAction":[{"@type":"ReadAction","target":["https:\/\/footdavant.fr\/actualites\/nouvelles-du-transfert-de-man-utd-decision-choc-pour-la-star-de-liverpool-consideree-alors-quun-nouvel-objectif-de-milieu-de-terrain-emerge\/"]}]},{"@type":"BreadcrumbList","@id":"https:\/\/footdavant.fr\/actualites\/nouvelles-du-transfert-de-man-utd-decision-choc-pour-la-star-de-liverpool-consideree-alors-quun-nouvel-objectif-de-milieu-de-terrain-emerge\/#breadcrumb","itemListElement":[{"@type":"ListItem","position":1,"name":"Accueil","item":"https:\/\/footdavant.fr\/actualites\/"},{"@type":"ListItem","position":2,"name":"Nouvelles du transfert de Man Utd: d\u00e9cision \u00ab choc \u00bb pour la star de Liverpool consid\u00e9r\u00e9e alors qu&#39;un nouvel objectif de milieu de terrain \u00e9merge"}]},{"@type":"WebSite","@id":"https:\/\/footdavant.fr\/actualites\/#website","url":"https:\/\/footdavant.fr\/actualites\/","name":"Foot d'avant","description":"","publisher":{"@id":"https:\/\/footdavant.fr\/actualites\/#organization"},"potentialAction":[{"@type":"SearchAction","target":{"@type":"EntryPoint","urlTemplate":"https:\/\/footdavant.fr\/actualites\/?s={search_term_string}"},"query-input":"required name=search_term_string"}],"inLanguage":"fr-FR"},{"@type":"Organization","@id":"https:\/\/footdavant.fr\/actualites\/#organization","name":"Foot d'avant","url":"https:\/\/footdavant.fr\/actualites\/","logo":{"@type":"ImageObject","inLanguage":"fr-FR","@id":"https:\/\/footdavant.fr\/actualites\/#\/schema\/logo\/image\/","url":"https:\/\/footdavant.fr\/actualites\/wp-content\/uploads\/2023\/09\/Copy-of-FootDavant-Logo.png","contentUrl":"https:\/\/footdavant.fr\/actualites\/wp-content\/uploads\/2023\/09\/Copy-of-FootDavant-Logo.png","width":936,"height":549,"caption":"Foot d'avant"},"image":{"@id":"https:\/\/footdavant.fr\/actualites\/#\/schema\/logo\/image\/"},"sameAs":["https:\/\/www.facebook.com\/Footdavant\/","https:\/\/twitter.com\/FootdavantFr","https:\/\/www.instagram.com\/footdavant.fr\/"]},{"@type":"Person","@id":"https:\/\/footdavant.fr\/actualites\/#\/schema\/person\/bc222566d95871b37e597b3ed3ba5e1d","name":"Cl\u00e9ment","image":{"@type":"ImageObject","inLanguage":"fr-FR","@id":"https:\/\/footdavant.fr\/actualites\/#\/schema\/person\/image\/","url":"https:\/\/secure.gravatar.com\/avatar\/7728b29aac2719421e1a9159b2254c44?s=96&d=mm&r=g","contentUrl":"https:\/\/secure.gravatar.com\/avatar\/7728b29aac2719421e1a9159b2254c44?s=96&d=mm&r=g","caption":"Cl\u00e9ment"},"sameAs":["https:\/\/footdavant.fr\/"]}]}},"_links":{"self":[{"href":"https:\/\/footdavant.fr\/actualites\/wp-json\/wp\/v2\/posts\/34648"}],"collection":[{"href":"https:\/\/footdavant.fr\/actualites\/wp-json\/wp\/v2\/posts"}],"about":[{"href":"https:\/\/footdavant.fr\/actualites\/wp-json\/wp\/v2\/types\/post"}],"author":[{"embeddable":true,"href":"https:\/\/footdavant.fr\/actualites\/wp-json\/wp\/v2\/users\/1"}],"replies":[{"embeddable":true,"href":"https:\/\/footdavant.fr\/actualites\/wp-json\/wp\/v2\/comments?post=34648"}],"version-history":[{"count":1,"href":"https:\/\/footdavant.fr\/actualites\/wp-json\/wp\/v2\/posts\/34648\/revisions"}],"predecessor-version":[{"id":34649,"href":"https:\/\/footdavant.fr\/actualites\/wp-json\/wp\/v2\/posts\/34648\/revisions\/34649"}],"wp:featuredmedia":[{"embeddable":true,"href":"https:\/\/footdavant.fr\/actualites\/wp-json\/wp\/v2\/media\/34494"}],"wp:attachment":[{"href":"https:\/\/footdavant.fr\/actualites\/wp-json\/wp\/v2\/media?parent=34648"}],"wp:term":[{"taxonomy":"category","embeddable":true,"href":"https:\/\/footdavant.fr\/actualites\/wp-json\/wp\/v2\/categories?post=34648"},{"taxonomy":"post_tag","embeddable":true,"href":"https:\/\/footdavant.fr\/actualites\/wp-json\/wp\/v2\/tags?post=34648"}],"curies":[{"name":"wp","href":"https:\/\/api.w.org\/{rel}","templated":true}]}}