{"id":34650,"date":"2026-02-19T15:49:00","date_gmt":"2026-02-19T14:49:00","guid":{"rendered":"https:\/\/footdavant.fr\/actualites\/date-et-heure-confirmees-pour-wolves-contre-liverpool-en-fa-cup\/"},"modified":"2026-02-19T15:49:03","modified_gmt":"2026-02-19T14:49:03","slug":"date-et-heure-confirmees-pour-wolves-contre-liverpool-en-fa-cup","status":"publish","type":"post","link":"https:\/\/footdavant.fr\/actualites\/date-et-heure-confirmees-pour-wolves-contre-liverpool-en-fa-cup\/","title":{"rendered":"Date et heure confirm\u00e9es pour Wolves contre Liverpool en FA Cup"},"content":{"rendered":"<div id=\"article-body\">\n<!-- Article Start --><\/p>\n<p>Les supporters de Liverpool connaissent d\u00e9sormais la date et l&#39;heure de leur match de cinqui\u00e8me tour de la FA Cup contre les Wolves, les d\u00e9tails du match \u00e9tant confirm\u00e9s jeudi apr\u00e8s-midi.<\/p>\n<p><b><i>T\u00c9L\u00c9CHARGEZ L&#39;APPLICATION OFFICIELLE EMPIRE OF KOP POUR TOUTES LES DERNI\u00c8RES MISES \u00c0 JOUR \u2013 DIRECTEMENT SUR VOTRE T\u00c9L\u00c9PHONE\u00a0! SUR APPLE ET GOOGLE PLAY<\/i><\/b><\/p>\n<p>Le tirage au sort des huiti\u00e8mes de finale de la comp\u00e9tition offrait aux Reds un deuxi\u00e8me d\u00e9placement \u00e0 Molineux en l&#39;espace d&#39;une semaine, les hommes d&#39;Arne Slot rencontrant \u00e9galement le Old Gold en Premier League, mardi 3 mars.<\/p>\n<p>La FA a publi\u00e9 ce midi l&#39;ensemble des dates et heures des coups d&#39;envoi des huit matches du cinqui\u00e8me tour sur son site officiel, et les huit fois vainqueurs du troph\u00e9e seront la premi\u00e8re \u00e9quipe \u00e0 r\u00e9server leur place pour les quarts de finale de 2026 s&#39;ils d\u00e9passent l&#39;\u00e9quipe de Rob Edwards.<\/p>\n<h2>Quand Liverpool affrontera-t-il les Wolves au cinqui\u00e8me tour de la FA Cup ?<\/h2>\n<p>Le choc de la FA Cup de Liverpool contre les Wolves est pr\u00e9vu le vendredi 6 mars avec un coup d&#39;envoi \u00e0 20 heures, 70 heures seulement apr\u00e8s la fin du pr\u00e9c\u00e9dent match de Premier League entre les deux \u00e9quipes \u00e0 Molineux.<\/p>\n<p>La bonne nouvelle pour ceux qui n\u2019ont pas acc\u00e8s \u00e0 TNT Sports est que le match est \u00e9galement diffus\u00e9 gratuitement sur BBC One.<\/p>\n<figure id=\"attachment_284381\" aria-describedby=\"caption-attachment-284381\" style=\"width: 713px\" class=\"wp-caption alignnone\"><picture><source type=\"image\/webp\" data- data-><\/source><\/picture><\/figure>\n<h2>Liverpool b\u00e9n\u00e9ficie d&#39;un d\u00e9lai d&#39;ex\u00e9cution de 70 heures entre le double en-t\u00eate des Wolves<\/h2>\n<p>D&#39;une part, Slot ne sera pas trop s\u00e9duit par un revirement aussi rapide entre les deux matches contre Old Gold, et les Reds disputeront trois matchs en sept jours en tenant compte du match \u00e0 domicile contre West Ham le samedi pr\u00e9c\u00e9dent.<\/p>\n<p>Cependant, cela garantit au moins un intervalle de quatre jours avant le match aller des huiti\u00e8mes de finale de la Ligue des champions de Liverpool, la deuxi\u00e8me semaine de mars, pour lequel les Merseysiders se rendront \u00e0 Galatasaray, \u00e0 l&#39;Atletico Madrid, au Club de Bruges ou \u00e0 la Juventus.<\/p>\n<p>Si ce match est pr\u00e9vu pour le mercredi 11, le match retour aurait lieu le mardi suivant, ce qui verrait le match \u00e0 domicile de Premier League contre Tottenham Hotspur avanc\u00e9 au samedi 14, plut\u00f4t que son calendrier actuel pour un coup d&#39;envoi dimanche \u00e0 16h30 ce week-end.<\/p>\n<p>Alors que les rencontres du vendredi soir sont devenues plus courantes ces derni\u00e8res ann\u00e9es, la visite de la FA Cup \u00e0 Molineux ne sera que la deuxi\u00e8me fois que Liverpool jouera ce jour de la semaine cette saison, et la premi\u00e8re depuis la soir\u00e9e d&#39;ouverture de la campagne de championnat contre Bournemouth en ao\u00fbt dernier.<\/p>\n<p>Les premiers jours de mars seront mouvement\u00e9s pour Liverpool, mais au moins une victoire en coupe contre les Wolves leur permettrait de s&#39;asseoir et de regarder les matchs restants du cinqui\u00e8me tour en sachant qu&#39;ils auront un quart de finale dans leur agenda pour le week-end de P\u00e2ques d\u00e9but avril.<\/p>\n<\/p>\n<p><!-- Article End -->\t\t\t\t<\/div>\n","protected":false},"excerpt":{"rendered":"<p>Les supporters de Liverpool connaissent d\u00e9sormais la date et l&#39;heure de leur match de cinqui\u00e8me tour de la FA Cup contre les Wolves, les d\u00e9tails<\/p>\n","protected":false},"author":1,"featured_media":34651,"comment_status":"closed","ping_status":"","sticky":false,"template":"","format":"standard","meta":{"footnotes":""},"categories":[3],"tags":[5481,20,466,391,7440,53,51,1454],"yoast_head":"<!-- This site is optimized with the Yoast SEO plugin v21.0 - https:\/\/yoast.com\/wordpress\/plugins\/seo\/ -->\n<title>Date et heure confirm\u00e9es pour Wolves contre Liverpool en FA Cup<\/title>\n<meta name=\"robots\" content=\"index, follow, max-snippet:-1, max-image-preview:large, max-video-preview:-1\" \/>\n<link rel=\"canonical\" href=\"https:\/\/footdavant.fr\/actualites\/date-et-heure-confirmees-pour-wolves-contre-liverpool-en-fa-cup\/\" \/>\n<meta property=\"og:locale\" content=\"fr_FR\" \/>\n<meta property=\"og:type\" content=\"article\" \/>\n<meta property=\"og:title\" content=\"Date et heure confirm\u00e9es pour Wolves contre Liverpool en FA Cup\" \/>\n<meta property=\"og:description\" content=\"Les supporters de Liverpool connaissent d\u00e9sormais la date et l&#039;heure de leur match de cinqui\u00e8me tour de la FA Cup contre les Wolves, les d\u00e9tails\" \/>\n<meta property=\"og:url\" content=\"https:\/\/footdavant.fr\/actualites\/date-et-heure-confirmees-pour-wolves-contre-liverpool-en-fa-cup\/\" \/>\n<meta property=\"og:site_name\" content=\"Foot d&#039;avant\" \/>\n<meta property=\"article:publisher\" content=\"https:\/\/www.facebook.com\/Footdavant\/\" \/>\n<meta property=\"article:published_time\" content=\"2026-02-19T14:49:00+00:00\" \/>\n<meta property=\"article:modified_time\" content=\"2026-02-19T14:49:03+00:00\" \/>\n<meta property=\"og:image\" content=\"https:\/\/footdavant.fr\/actualites\/wp-content\/uploads\/2026\/02\/1771512541_Date-et-heure-confirmees-pour-Wolves-contre-Liverpool-en-FA.jpg\" \/>\n\t<meta property=\"og:image:width\" content=\"1464\" \/>\n\t<meta property=\"og:image:height\" content=\"822\" \/>\n\t<meta property=\"og:image:type\" content=\"image\/jpeg\" \/>\n<meta name=\"author\" content=\"Cl\u00e9ment\" \/>\n<meta name=\"twitter:card\" content=\"summary_large_image\" \/>\n<meta name=\"twitter:creator\" content=\"@FootdavantFr\" \/>\n<meta name=\"twitter:site\" content=\"@FootdavantFr\" \/>\n<meta name=\"twitter:label1\" content=\"\u00c9crit par\" \/>\n\t<meta name=\"twitter:data1\" content=\"Cl\u00e9ment\" \/>\n\t<meta name=\"twitter:label2\" content=\"Dur\u00e9e de lecture estim\u00e9e\" \/>\n\t<meta name=\"twitter:data2\" content=\"3 minutes\" \/>\n<script type=\"application\/ld+json\" class=\"yoast-schema-graph\">{\"@context\":\"https:\/\/schema.org\",\"@graph\":[{\"@type\":\"Article\",\"@id\":\"https:\/\/footdavant.fr\/actualites\/date-et-heure-confirmees-pour-wolves-contre-liverpool-en-fa-cup\/#article\",\"isPartOf\":{\"@id\":\"https:\/\/footdavant.fr\/actualites\/date-et-heure-confirmees-pour-wolves-contre-liverpool-en-fa-cup\/\"},\"author\":{\"name\":\"Cl\u00e9ment\",\"@id\":\"https:\/\/footdavant.fr\/actualites\/#\/schema\/person\/bc222566d95871b37e597b3ed3ba5e1d\"},\"headline\":\"Date et heure confirm\u00e9es pour Wolves contre Liverpool en FA Cup\",\"datePublished\":\"2026-02-19T14:49:00+00:00\",\"dateModified\":\"2026-02-19T14:49:03+00:00\",\"mainEntityOfPage\":{\"@id\":\"https:\/\/footdavant.fr\/actualites\/date-et-heure-confirmees-pour-wolves-contre-liverpool-en-fa-cup\/\"},\"wordCount\":535,\"publisher\":{\"@id\":\"https:\/\/footdavant.fr\/actualites\/#organization\"},\"keywords\":[\"confirm\u00e9es\",\"contre\",\"Cup\",\"date\",\"heure\",\"Liverpool\",\"pour\",\"Wolves\"],\"articleSection\":[\"Football\"],\"inLanguage\":\"fr-FR\"},{\"@type\":\"WebPage\",\"@id\":\"https:\/\/footdavant.fr\/actualites\/date-et-heure-confirmees-pour-wolves-contre-liverpool-en-fa-cup\/\",\"url\":\"https:\/\/footdavant.fr\/actualites\/date-et-heure-confirmees-pour-wolves-contre-liverpool-en-fa-cup\/\",\"name\":\"Date et heure confirm\u00e9es pour Wolves contre Liverpool en FA Cup\",\"isPartOf\":{\"@id\":\"https:\/\/footdavant.fr\/actualites\/#website\"},\"datePublished\":\"2026-02-19T14:49:00+00:00\",\"dateModified\":\"2026-02-19T14:49:03+00:00\",\"breadcrumb\":{\"@id\":\"https:\/\/footdavant.fr\/actualites\/date-et-heure-confirmees-pour-wolves-contre-liverpool-en-fa-cup\/#breadcrumb\"},\"inLanguage\":\"fr-FR\",\"potentialAction\":[{\"@type\":\"ReadAction\",\"target\":[\"https:\/\/footdavant.fr\/actualites\/date-et-heure-confirmees-pour-wolves-contre-liverpool-en-fa-cup\/\"]}]},{\"@type\":\"BreadcrumbList\",\"@id\":\"https:\/\/footdavant.fr\/actualites\/date-et-heure-confirmees-pour-wolves-contre-liverpool-en-fa-cup\/#breadcrumb\",\"itemListElement\":[{\"@type\":\"ListItem\",\"position\":1,\"name\":\"Accueil\",\"item\":\"https:\/\/footdavant.fr\/actualites\/\"},{\"@type\":\"ListItem\",\"position\":2,\"name\":\"Date et heure confirm\u00e9es pour Wolves contre Liverpool en FA Cup\"}]},{\"@type\":\"WebSite\",\"@id\":\"https:\/\/footdavant.fr\/actualites\/#website\",\"url\":\"https:\/\/footdavant.fr\/actualites\/\",\"name\":\"Foot d'avant\",\"description\":\"\",\"publisher\":{\"@id\":\"https:\/\/footdavant.fr\/actualites\/#organization\"},\"potentialAction\":[{\"@type\":\"SearchAction\",\"target\":{\"@type\":\"EntryPoint\",\"urlTemplate\":\"https:\/\/footdavant.fr\/actualites\/?s={search_term_string}\"},\"query-input\":\"required name=search_term_string\"}],\"inLanguage\":\"fr-FR\"},{\"@type\":\"Organization\",\"@id\":\"https:\/\/footdavant.fr\/actualites\/#organization\",\"name\":\"Foot d'avant\",\"url\":\"https:\/\/footdavant.fr\/actualites\/\",\"logo\":{\"@type\":\"ImageObject\",\"inLanguage\":\"fr-FR\",\"@id\":\"https:\/\/footdavant.fr\/actualites\/#\/schema\/logo\/image\/\",\"url\":\"https:\/\/footdavant.fr\/actualites\/wp-content\/uploads\/2023\/09\/Copy-of-FootDavant-Logo.png\",\"contentUrl\":\"https:\/\/footdavant.fr\/actualites\/wp-content\/uploads\/2023\/09\/Copy-of-FootDavant-Logo.png\",\"width\":936,\"height\":549,\"caption\":\"Foot d'avant\"},\"image\":{\"@id\":\"https:\/\/footdavant.fr\/actualites\/#\/schema\/logo\/image\/\"},\"sameAs\":[\"https:\/\/www.facebook.com\/Footdavant\/\",\"https:\/\/twitter.com\/FootdavantFr\",\"https:\/\/www.instagram.com\/footdavant.fr\/\"]},{\"@type\":\"Person\",\"@id\":\"https:\/\/footdavant.fr\/actualites\/#\/schema\/person\/bc222566d95871b37e597b3ed3ba5e1d\",\"name\":\"Cl\u00e9ment\",\"image\":{\"@type\":\"ImageObject\",\"inLanguage\":\"fr-FR\",\"@id\":\"https:\/\/footdavant.fr\/actualites\/#\/schema\/person\/image\/\",\"url\":\"https:\/\/secure.gravatar.com\/avatar\/7728b29aac2719421e1a9159b2254c44?s=96&d=mm&r=g\",\"contentUrl\":\"https:\/\/secure.gravatar.com\/avatar\/7728b29aac2719421e1a9159b2254c44?s=96&d=mm&r=g\",\"caption\":\"Cl\u00e9ment\"},\"sameAs\":[\"https:\/\/footdavant.fr\/\"]}]}<\/script>\n<!-- \/ Yoast SEO plugin. -->","yoast_head_json":{"title":"Date et heure confirm\u00e9es pour Wolves contre Liverpool en FA Cup","robots":{"index":"index","follow":"follow","max-snippet":"max-snippet:-1","max-image-preview":"max-image-preview:large","max-video-preview":"max-video-preview:-1"},"canonical":"https:\/\/footdavant.fr\/actualites\/date-et-heure-confirmees-pour-wolves-contre-liverpool-en-fa-cup\/","og_locale":"fr_FR","og_type":"article","og_title":"Date et heure confirm\u00e9es pour Wolves contre Liverpool en FA Cup","og_description":"Les supporters de Liverpool connaissent d\u00e9sormais la date et l&#39;heure de leur match de cinqui\u00e8me tour de la FA Cup contre les Wolves, les d\u00e9tails","og_url":"https:\/\/footdavant.fr\/actualites\/date-et-heure-confirmees-pour-wolves-contre-liverpool-en-fa-cup\/","og_site_name":"Foot d&#039;avant","article_publisher":"https:\/\/www.facebook.com\/Footdavant\/","article_published_time":"2026-02-19T14:49:00+00:00","article_modified_time":"2026-02-19T14:49:03+00:00","og_image":[{"width":1464,"height":822,"url":"https:\/\/footdavant.fr\/actualites\/wp-content\/uploads\/2026\/02\/1771512541_Date-et-heure-confirmees-pour-Wolves-contre-Liverpool-en-FA.jpg","type":"image\/jpeg"}],"author":"Cl\u00e9ment","twitter_card":"summary_large_image","twitter_creator":"@FootdavantFr","twitter_site":"@FootdavantFr","twitter_misc":{"\u00c9crit par":"Cl\u00e9ment","Dur\u00e9e de lecture estim\u00e9e":"3 minutes"},"schema":{"@context":"https:\/\/schema.org","@graph":[{"@type":"Article","@id":"https:\/\/footdavant.fr\/actualites\/date-et-heure-confirmees-pour-wolves-contre-liverpool-en-fa-cup\/#article","isPartOf":{"@id":"https:\/\/footdavant.fr\/actualites\/date-et-heure-confirmees-pour-wolves-contre-liverpool-en-fa-cup\/"},"author":{"name":"Cl\u00e9ment","@id":"https:\/\/footdavant.fr\/actualites\/#\/schema\/person\/bc222566d95871b37e597b3ed3ba5e1d"},"headline":"Date et heure confirm\u00e9es pour Wolves contre Liverpool en FA Cup","datePublished":"2026-02-19T14:49:00+00:00","dateModified":"2026-02-19T14:49:03+00:00","mainEntityOfPage":{"@id":"https:\/\/footdavant.fr\/actualites\/date-et-heure-confirmees-pour-wolves-contre-liverpool-en-fa-cup\/"},"wordCount":535,"publisher":{"@id":"https:\/\/footdavant.fr\/actualites\/#organization"},"keywords":["confirm\u00e9es","contre","Cup","date","heure","Liverpool","pour","Wolves"],"articleSection":["Football"],"inLanguage":"fr-FR"},{"@type":"WebPage","@id":"https:\/\/footdavant.fr\/actualites\/date-et-heure-confirmees-pour-wolves-contre-liverpool-en-fa-cup\/","url":"https:\/\/footdavant.fr\/actualites\/date-et-heure-confirmees-pour-wolves-contre-liverpool-en-fa-cup\/","name":"Date et heure confirm\u00e9es pour Wolves contre Liverpool en FA Cup","isPartOf":{"@id":"https:\/\/footdavant.fr\/actualites\/#website"},"datePublished":"2026-02-19T14:49:00+00:00","dateModified":"2026-02-19T14:49:03+00:00","breadcrumb":{"@id":"https:\/\/footdavant.fr\/actualites\/date-et-heure-confirmees-pour-wolves-contre-liverpool-en-fa-cup\/#breadcrumb"},"inLanguage":"fr-FR","potentialAction":[{"@type":"ReadAction","target":["https:\/\/footdavant.fr\/actualites\/date-et-heure-confirmees-pour-wolves-contre-liverpool-en-fa-cup\/"]}]},{"@type":"BreadcrumbList","@id":"https:\/\/footdavant.fr\/actualites\/date-et-heure-confirmees-pour-wolves-contre-liverpool-en-fa-cup\/#breadcrumb","itemListElement":[{"@type":"ListItem","position":1,"name":"Accueil","item":"https:\/\/footdavant.fr\/actualites\/"},{"@type":"ListItem","position":2,"name":"Date et heure confirm\u00e9es pour Wolves contre Liverpool en FA Cup"}]},{"@type":"WebSite","@id":"https:\/\/footdavant.fr\/actualites\/#website","url":"https:\/\/footdavant.fr\/actualites\/","name":"Foot d'avant","description":"","publisher":{"@id":"https:\/\/footdavant.fr\/actualites\/#organization"},"potentialAction":[{"@type":"SearchAction","target":{"@type":"EntryPoint","urlTemplate":"https:\/\/footdavant.fr\/actualites\/?s={search_term_string}"},"query-input":"required name=search_term_string"}],"inLanguage":"fr-FR"},{"@type":"Organization","@id":"https:\/\/footdavant.fr\/actualites\/#organization","name":"Foot d'avant","url":"https:\/\/footdavant.fr\/actualites\/","logo":{"@type":"ImageObject","inLanguage":"fr-FR","@id":"https:\/\/footdavant.fr\/actualites\/#\/schema\/logo\/image\/","url":"https:\/\/footdavant.fr\/actualites\/wp-content\/uploads\/2023\/09\/Copy-of-FootDavant-Logo.png","contentUrl":"https:\/\/footdavant.fr\/actualites\/wp-content\/uploads\/2023\/09\/Copy-of-FootDavant-Logo.png","width":936,"height":549,"caption":"Foot d'avant"},"image":{"@id":"https:\/\/footdavant.fr\/actualites\/#\/schema\/logo\/image\/"},"sameAs":["https:\/\/www.facebook.com\/Footdavant\/","https:\/\/twitter.com\/FootdavantFr","https:\/\/www.instagram.com\/footdavant.fr\/"]},{"@type":"Person","@id":"https:\/\/footdavant.fr\/actualites\/#\/schema\/person\/bc222566d95871b37e597b3ed3ba5e1d","name":"Cl\u00e9ment","image":{"@type":"ImageObject","inLanguage":"fr-FR","@id":"https:\/\/footdavant.fr\/actualites\/#\/schema\/person\/image\/","url":"https:\/\/secure.gravatar.com\/avatar\/7728b29aac2719421e1a9159b2254c44?s=96&d=mm&r=g","contentUrl":"https:\/\/secure.gravatar.com\/avatar\/7728b29aac2719421e1a9159b2254c44?s=96&d=mm&r=g","caption":"Cl\u00e9ment"},"sameAs":["https:\/\/footdavant.fr\/"]}]}},"_links":{"self":[{"href":"https:\/\/footdavant.fr\/actualites\/wp-json\/wp\/v2\/posts\/34650"}],"collection":[{"href":"https:\/\/footdavant.fr\/actualites\/wp-json\/wp\/v2\/posts"}],"about":[{"href":"https:\/\/footdavant.fr\/actualites\/wp-json\/wp\/v2\/types\/post"}],"author":[{"embeddable":true,"href":"https:\/\/footdavant.fr\/actualites\/wp-json\/wp\/v2\/users\/1"}],"replies":[{"embeddable":true,"href":"https:\/\/footdavant.fr\/actualites\/wp-json\/wp\/v2\/comments?post=34650"}],"version-history":[{"count":1,"href":"https:\/\/footdavant.fr\/actualites\/wp-json\/wp\/v2\/posts\/34650\/revisions"}],"predecessor-version":[{"id":34652,"href":"https:\/\/footdavant.fr\/actualites\/wp-json\/wp\/v2\/posts\/34650\/revisions\/34652"}],"wp:featuredmedia":[{"embeddable":true,"href":"https:\/\/footdavant.fr\/actualites\/wp-json\/wp\/v2\/media\/34651"}],"wp:attachment":[{"href":"https:\/\/footdavant.fr\/actualites\/wp-json\/wp\/v2\/media?parent=34650"}],"wp:term":[{"taxonomy":"category","embeddable":true,"href":"https:\/\/footdavant.fr\/actualites\/wp-json\/wp\/v2\/categories?post=34650"},{"taxonomy":"post_tag","embeddable":true,"href":"https:\/\/footdavant.fr\/actualites\/wp-json\/wp\/v2\/tags?post=34650"}],"curies":[{"name":"wp","href":"https:\/\/api.w.org\/{rel}","templated":true}]}}