{"id":34656,"date":"2026-02-19T19:48:09","date_gmt":"2026-02-19T18:48:09","guid":{"rendered":"https:\/\/footdavant.fr\/actualites\/composition-confirmee-pour-les-barrages-de-la-ligue-europa-conference\/"},"modified":"2026-02-19T19:48:10","modified_gmt":"2026-02-19T18:48:10","slug":"composition-confirmee-pour-les-barrages-de-la-ligue-europa-conference","status":"publish","type":"post","link":"https:\/\/footdavant.fr\/actualites\/composition-confirmee-pour-les-barrages-de-la-ligue-europa-conference\/","title":{"rendered":"Composition confirm\u00e9e pour les barrages de la Ligue Europa Conf\u00e9rence"},"content":{"rendered":"<p>Retrouvez toutes les actualit\u00e9s de l&#39;\u00e9quipe Zrinjski Mostar vs Crystal Palace en Ligue Europa Conf\u00e9rence<\/p>\n<div>\n<p>Crystal Palace se rendra chez les g\u00e9ants turcs Zrinjski Mostar pour le match aller des barrages de la Ligue Europa Conf\u00e9rence.<\/p>\n<p>Les Eagles ont connu des difficult\u00e9s en phase de championnat et n&#39;ont pas r\u00e9ussi \u00e0 se qualifier pour les huiti\u00e8mes de finale. Ils doivent donc essayer de progresser \u00e0 la dure.<\/p>\n<p>Mais l\u2019\u00e9quipe de Premier League fait face \u00e0 un test inconnu contre une \u00e9quipe de Bosnie-Herz\u00e9govine.<\/p>\n<p>Vous pouvez suivre toutes les derni\u00e8res nouvelles de l\u2019\u00e9quipe pour l\u2019affrontement ici sur 101greatgoals.<\/p>\n<h2 class=\"wp-block-heading\"><span id=\"Zrinjski_Mostar_team_news\">L&#39;actualit\u00e9 de l&#39;\u00e9quipe de Zrinjski Mostar<\/span><\/h2>\n<p>Zrinjski Mostar onze de d\u00e9part : Karacic, Vranjkovic, Barisic, Dujmovic, Mamic, Djurasek, Savic, Abramovic, Ivanocic, Mikic, Cuze<\/p>\n<p>Zrinjski Mostar rempla\u00e7ant : \u00e0 suivre<\/p>\n<h2 class=\"wp-block-heading\"><span id=\"Crystal_Palace_team_news\">Actualit\u00e9s de l&#39;\u00e9quipe de Crystal Palace<\/span><\/h2>\n<p>Crystal Palace onze de d\u00e9part\u00a0: Henderson, Richards, Lacroix, Riad, Munoz, Wharton, Kamada, Sosa, Sarr, Larsen, Johnson<\/p>\n<p>Rempla\u00e7ants de Crystal Palace : Benitez, Matthews, Mitchell, Clyne, Canvot, Cardines, Hughes, Devenny, Rodney, Pino, Guessand<\/p>\n<figure class=\"wp-block-embed is-type-rich is-provider-twitter wp-block-embed-twitter\"\/>\n<h2 class=\"wp-block-heading\"><span id=\"How_to_watch_Zrinjski_Mostar_v_Crystal_Palace_TV_channel_online_stream\">Comment regarder Zrinjski Mostar contre Crystal Palace : cha\u00eene de t\u00e9l\u00e9vision, flux en ligne<\/span><\/h2>\n<p>Le match sera retransmis en direct au Royaume-Uni sur TNT Sports. Le coup d&#39;envoi est \u00e0 17h45 GMT.<\/p>\n<p>Les abonn\u00e9s peuvent \u00e9galement regarder via la plateforme de streaming Discovery+ sur des appareils mobiles, des t\u00e9l\u00e9viseurs intelligents et des ordinateurs de bureau.<\/p>\n<h2 class=\"wp-block-heading\"><span id=\"The_stats_for_Zrinjski_Mostar_v_Crystal_Palace\">Les stats du match Zrinjski Mostar contre Crystal Palace<\/span><\/h2>\n<ul class=\"wp-block-list\">\n<li>Crystal Palace a remport\u00e9 deux de ses trois matches europ\u00e9ens \u00e0 l&#39;ext\u00e9rieur en phase de championnat<\/li>\n<li>Zrinjski Mostar s&#39;est qualifi\u00e9 avec sept points en six matchs<\/li>\n<li>L&#39;\u00e9quipe bosniaque est invaincue \u00e0 domicile en Conference League cette saison<\/li>\n<li>Palace a termin\u00e9 juste en dehors des places de qualification automatique dans le tableau<\/li>\n<li>Ce sera la premi\u00e8re rencontre comp\u00e9titive entre les clubs<\/li>\n<\/ul><\/div>\n","protected":false},"excerpt":{"rendered":"<p>Retrouvez toutes les actualit\u00e9s de l&#39;\u00e9quipe Zrinjski Mostar vs Crystal Palace en Ligue Europa Conf\u00e9rence Crystal Palace se rendra chez les g\u00e9ants turcs Zrinjski Mostar<\/p>\n","protected":false},"author":1,"featured_media":34657,"comment_status":"closed","ping_status":"","sticky":false,"template":"","format":"standard","meta":{"footnotes":""},"categories":[3],"tags":[5097,2291,1531,4148,761,93,30,51],"yoast_head":"<!-- This site is optimized with the Yoast SEO plugin v21.0 - https:\/\/yoast.com\/wordpress\/plugins\/seo\/ -->\n<title>Composition confirm\u00e9e pour les barrages de la Ligue Europa Conf\u00e9rence<\/title>\n<meta name=\"robots\" content=\"index, follow, max-snippet:-1, max-image-preview:large, max-video-preview:-1\" \/>\n<link rel=\"canonical\" href=\"https:\/\/footdavant.fr\/actualites\/composition-confirmee-pour-les-barrages-de-la-ligue-europa-conference\/\" \/>\n<meta property=\"og:locale\" content=\"fr_FR\" \/>\n<meta property=\"og:type\" content=\"article\" \/>\n<meta property=\"og:title\" content=\"Composition confirm\u00e9e pour les barrages de la Ligue Europa Conf\u00e9rence\" \/>\n<meta property=\"og:description\" content=\"Retrouvez toutes les actualit\u00e9s de l&#039;\u00e9quipe Zrinjski Mostar vs Crystal Palace en Ligue Europa Conf\u00e9rence Crystal Palace se rendra chez les g\u00e9ants turcs Zrinjski Mostar\" \/>\n<meta property=\"og:url\" content=\"https:\/\/footdavant.fr\/actualites\/composition-confirmee-pour-les-barrages-de-la-ligue-europa-conference\/\" \/>\n<meta property=\"og:site_name\" content=\"Foot d&#039;avant\" \/>\n<meta property=\"article:publisher\" content=\"https:\/\/www.facebook.com\/Footdavant\/\" \/>\n<meta property=\"article:published_time\" content=\"2026-02-19T18:48:09+00:00\" \/>\n<meta property=\"article:modified_time\" content=\"2026-02-19T18:48:10+00:00\" \/>\n<meta property=\"og:image\" content=\"https:\/\/footdavant.fr\/actualites\/wp-content\/uploads\/2026\/02\/Composition-confirmee-pour-les-barrages-de-la-Ligue-Europa-Conference.jpg\" \/>\n\t<meta property=\"og:image:width\" content=\"1200\" \/>\n\t<meta property=\"og:image:height\" content=\"675\" \/>\n\t<meta property=\"og:image:type\" content=\"image\/jpeg\" \/>\n<meta name=\"author\" content=\"Cl\u00e9ment\" \/>\n<meta name=\"twitter:card\" content=\"summary_large_image\" \/>\n<meta name=\"twitter:creator\" content=\"@FootdavantFr\" \/>\n<meta name=\"twitter:site\" content=\"@FootdavantFr\" \/>\n<meta name=\"twitter:label1\" content=\"\u00c9crit par\" \/>\n\t<meta name=\"twitter:data1\" content=\"Cl\u00e9ment\" \/>\n\t<meta name=\"twitter:label2\" content=\"Dur\u00e9e de lecture estim\u00e9e\" \/>\n\t<meta name=\"twitter:data2\" content=\"2 minutes\" \/>\n<script type=\"application\/ld+json\" class=\"yoast-schema-graph\">{\"@context\":\"https:\/\/schema.org\",\"@graph\":[{\"@type\":\"Article\",\"@id\":\"https:\/\/footdavant.fr\/actualites\/composition-confirmee-pour-les-barrages-de-la-ligue-europa-conference\/#article\",\"isPartOf\":{\"@id\":\"https:\/\/footdavant.fr\/actualites\/composition-confirmee-pour-les-barrages-de-la-ligue-europa-conference\/\"},\"author\":{\"name\":\"Cl\u00e9ment\",\"@id\":\"https:\/\/footdavant.fr\/actualites\/#\/schema\/person\/bc222566d95871b37e597b3ed3ba5e1d\"},\"headline\":\"Composition confirm\u00e9e pour les barrages de la Ligue Europa Conf\u00e9rence\",\"datePublished\":\"2026-02-19T18:48:09+00:00\",\"dateModified\":\"2026-02-19T18:48:10+00:00\",\"mainEntityOfPage\":{\"@id\":\"https:\/\/footdavant.fr\/actualites\/composition-confirmee-pour-les-barrages-de-la-ligue-europa-conference\/\"},\"wordCount\":325,\"publisher\":{\"@id\":\"https:\/\/footdavant.fr\/actualites\/#organization\"},\"keywords\":[\"barrages\",\"composition\",\"conf\u00e9rence\",\"confirm\u00e9e\",\"Europa\",\"les\",\"Ligue\",\"pour\"],\"articleSection\":[\"Football\"],\"inLanguage\":\"fr-FR\"},{\"@type\":\"WebPage\",\"@id\":\"https:\/\/footdavant.fr\/actualites\/composition-confirmee-pour-les-barrages-de-la-ligue-europa-conference\/\",\"url\":\"https:\/\/footdavant.fr\/actualites\/composition-confirmee-pour-les-barrages-de-la-ligue-europa-conference\/\",\"name\":\"Composition confirm\u00e9e pour les barrages de la Ligue Europa Conf\u00e9rence\",\"isPartOf\":{\"@id\":\"https:\/\/footdavant.fr\/actualites\/#website\"},\"datePublished\":\"2026-02-19T18:48:09+00:00\",\"dateModified\":\"2026-02-19T18:48:10+00:00\",\"breadcrumb\":{\"@id\":\"https:\/\/footdavant.fr\/actualites\/composition-confirmee-pour-les-barrages-de-la-ligue-europa-conference\/#breadcrumb\"},\"inLanguage\":\"fr-FR\",\"potentialAction\":[{\"@type\":\"ReadAction\",\"target\":[\"https:\/\/footdavant.fr\/actualites\/composition-confirmee-pour-les-barrages-de-la-ligue-europa-conference\/\"]}]},{\"@type\":\"BreadcrumbList\",\"@id\":\"https:\/\/footdavant.fr\/actualites\/composition-confirmee-pour-les-barrages-de-la-ligue-europa-conference\/#breadcrumb\",\"itemListElement\":[{\"@type\":\"ListItem\",\"position\":1,\"name\":\"Accueil\",\"item\":\"https:\/\/footdavant.fr\/actualites\/\"},{\"@type\":\"ListItem\",\"position\":2,\"name\":\"Composition confirm\u00e9e pour les barrages de la Ligue Europa Conf\u00e9rence\"}]},{\"@type\":\"WebSite\",\"@id\":\"https:\/\/footdavant.fr\/actualites\/#website\",\"url\":\"https:\/\/footdavant.fr\/actualites\/\",\"name\":\"Foot d'avant\",\"description\":\"\",\"publisher\":{\"@id\":\"https:\/\/footdavant.fr\/actualites\/#organization\"},\"potentialAction\":[{\"@type\":\"SearchAction\",\"target\":{\"@type\":\"EntryPoint\",\"urlTemplate\":\"https:\/\/footdavant.fr\/actualites\/?s={search_term_string}\"},\"query-input\":\"required name=search_term_string\"}],\"inLanguage\":\"fr-FR\"},{\"@type\":\"Organization\",\"@id\":\"https:\/\/footdavant.fr\/actualites\/#organization\",\"name\":\"Foot d'avant\",\"url\":\"https:\/\/footdavant.fr\/actualites\/\",\"logo\":{\"@type\":\"ImageObject\",\"inLanguage\":\"fr-FR\",\"@id\":\"https:\/\/footdavant.fr\/actualites\/#\/schema\/logo\/image\/\",\"url\":\"https:\/\/footdavant.fr\/actualites\/wp-content\/uploads\/2023\/09\/Copy-of-FootDavant-Logo.png\",\"contentUrl\":\"https:\/\/footdavant.fr\/actualites\/wp-content\/uploads\/2023\/09\/Copy-of-FootDavant-Logo.png\",\"width\":936,\"height\":549,\"caption\":\"Foot d'avant\"},\"image\":{\"@id\":\"https:\/\/footdavant.fr\/actualites\/#\/schema\/logo\/image\/\"},\"sameAs\":[\"https:\/\/www.facebook.com\/Footdavant\/\",\"https:\/\/twitter.com\/FootdavantFr\",\"https:\/\/www.instagram.com\/footdavant.fr\/\"]},{\"@type\":\"Person\",\"@id\":\"https:\/\/footdavant.fr\/actualites\/#\/schema\/person\/bc222566d95871b37e597b3ed3ba5e1d\",\"name\":\"Cl\u00e9ment\",\"image\":{\"@type\":\"ImageObject\",\"inLanguage\":\"fr-FR\",\"@id\":\"https:\/\/footdavant.fr\/actualites\/#\/schema\/person\/image\/\",\"url\":\"https:\/\/secure.gravatar.com\/avatar\/7728b29aac2719421e1a9159b2254c44?s=96&d=mm&r=g\",\"contentUrl\":\"https:\/\/secure.gravatar.com\/avatar\/7728b29aac2719421e1a9159b2254c44?s=96&d=mm&r=g\",\"caption\":\"Cl\u00e9ment\"},\"sameAs\":[\"https:\/\/footdavant.fr\/\"]}]}<\/script>\n<!-- \/ Yoast SEO plugin. -->","yoast_head_json":{"title":"Composition confirm\u00e9e pour les barrages de la Ligue Europa Conf\u00e9rence","robots":{"index":"index","follow":"follow","max-snippet":"max-snippet:-1","max-image-preview":"max-image-preview:large","max-video-preview":"max-video-preview:-1"},"canonical":"https:\/\/footdavant.fr\/actualites\/composition-confirmee-pour-les-barrages-de-la-ligue-europa-conference\/","og_locale":"fr_FR","og_type":"article","og_title":"Composition confirm\u00e9e pour les barrages de la Ligue Europa Conf\u00e9rence","og_description":"Retrouvez toutes les actualit\u00e9s de l&#39;\u00e9quipe Zrinjski Mostar vs Crystal Palace en Ligue Europa Conf\u00e9rence Crystal Palace se rendra chez les g\u00e9ants turcs Zrinjski Mostar","og_url":"https:\/\/footdavant.fr\/actualites\/composition-confirmee-pour-les-barrages-de-la-ligue-europa-conference\/","og_site_name":"Foot d&#039;avant","article_publisher":"https:\/\/www.facebook.com\/Footdavant\/","article_published_time":"2026-02-19T18:48:09+00:00","article_modified_time":"2026-02-19T18:48:10+00:00","og_image":[{"width":1200,"height":675,"url":"https:\/\/footdavant.fr\/actualites\/wp-content\/uploads\/2026\/02\/Composition-confirmee-pour-les-barrages-de-la-Ligue-Europa-Conference.jpg","type":"image\/jpeg"}],"author":"Cl\u00e9ment","twitter_card":"summary_large_image","twitter_creator":"@FootdavantFr","twitter_site":"@FootdavantFr","twitter_misc":{"\u00c9crit par":"Cl\u00e9ment","Dur\u00e9e de lecture estim\u00e9e":"2 minutes"},"schema":{"@context":"https:\/\/schema.org","@graph":[{"@type":"Article","@id":"https:\/\/footdavant.fr\/actualites\/composition-confirmee-pour-les-barrages-de-la-ligue-europa-conference\/#article","isPartOf":{"@id":"https:\/\/footdavant.fr\/actualites\/composition-confirmee-pour-les-barrages-de-la-ligue-europa-conference\/"},"author":{"name":"Cl\u00e9ment","@id":"https:\/\/footdavant.fr\/actualites\/#\/schema\/person\/bc222566d95871b37e597b3ed3ba5e1d"},"headline":"Composition confirm\u00e9e pour les barrages de la Ligue Europa Conf\u00e9rence","datePublished":"2026-02-19T18:48:09+00:00","dateModified":"2026-02-19T18:48:10+00:00","mainEntityOfPage":{"@id":"https:\/\/footdavant.fr\/actualites\/composition-confirmee-pour-les-barrages-de-la-ligue-europa-conference\/"},"wordCount":325,"publisher":{"@id":"https:\/\/footdavant.fr\/actualites\/#organization"},"keywords":["barrages","composition","conf\u00e9rence","confirm\u00e9e","Europa","les","Ligue","pour"],"articleSection":["Football"],"inLanguage":"fr-FR"},{"@type":"WebPage","@id":"https:\/\/footdavant.fr\/actualites\/composition-confirmee-pour-les-barrages-de-la-ligue-europa-conference\/","url":"https:\/\/footdavant.fr\/actualites\/composition-confirmee-pour-les-barrages-de-la-ligue-europa-conference\/","name":"Composition confirm\u00e9e pour les barrages de la Ligue Europa Conf\u00e9rence","isPartOf":{"@id":"https:\/\/footdavant.fr\/actualites\/#website"},"datePublished":"2026-02-19T18:48:09+00:00","dateModified":"2026-02-19T18:48:10+00:00","breadcrumb":{"@id":"https:\/\/footdavant.fr\/actualites\/composition-confirmee-pour-les-barrages-de-la-ligue-europa-conference\/#breadcrumb"},"inLanguage":"fr-FR","potentialAction":[{"@type":"ReadAction","target":["https:\/\/footdavant.fr\/actualites\/composition-confirmee-pour-les-barrages-de-la-ligue-europa-conference\/"]}]},{"@type":"BreadcrumbList","@id":"https:\/\/footdavant.fr\/actualites\/composition-confirmee-pour-les-barrages-de-la-ligue-europa-conference\/#breadcrumb","itemListElement":[{"@type":"ListItem","position":1,"name":"Accueil","item":"https:\/\/footdavant.fr\/actualites\/"},{"@type":"ListItem","position":2,"name":"Composition confirm\u00e9e pour les barrages de la Ligue Europa Conf\u00e9rence"}]},{"@type":"WebSite","@id":"https:\/\/footdavant.fr\/actualites\/#website","url":"https:\/\/footdavant.fr\/actualites\/","name":"Foot d'avant","description":"","publisher":{"@id":"https:\/\/footdavant.fr\/actualites\/#organization"},"potentialAction":[{"@type":"SearchAction","target":{"@type":"EntryPoint","urlTemplate":"https:\/\/footdavant.fr\/actualites\/?s={search_term_string}"},"query-input":"required name=search_term_string"}],"inLanguage":"fr-FR"},{"@type":"Organization","@id":"https:\/\/footdavant.fr\/actualites\/#organization","name":"Foot d'avant","url":"https:\/\/footdavant.fr\/actualites\/","logo":{"@type":"ImageObject","inLanguage":"fr-FR","@id":"https:\/\/footdavant.fr\/actualites\/#\/schema\/logo\/image\/","url":"https:\/\/footdavant.fr\/actualites\/wp-content\/uploads\/2023\/09\/Copy-of-FootDavant-Logo.png","contentUrl":"https:\/\/footdavant.fr\/actualites\/wp-content\/uploads\/2023\/09\/Copy-of-FootDavant-Logo.png","width":936,"height":549,"caption":"Foot d'avant"},"image":{"@id":"https:\/\/footdavant.fr\/actualites\/#\/schema\/logo\/image\/"},"sameAs":["https:\/\/www.facebook.com\/Footdavant\/","https:\/\/twitter.com\/FootdavantFr","https:\/\/www.instagram.com\/footdavant.fr\/"]},{"@type":"Person","@id":"https:\/\/footdavant.fr\/actualites\/#\/schema\/person\/bc222566d95871b37e597b3ed3ba5e1d","name":"Cl\u00e9ment","image":{"@type":"ImageObject","inLanguage":"fr-FR","@id":"https:\/\/footdavant.fr\/actualites\/#\/schema\/person\/image\/","url":"https:\/\/secure.gravatar.com\/avatar\/7728b29aac2719421e1a9159b2254c44?s=96&d=mm&r=g","contentUrl":"https:\/\/secure.gravatar.com\/avatar\/7728b29aac2719421e1a9159b2254c44?s=96&d=mm&r=g","caption":"Cl\u00e9ment"},"sameAs":["https:\/\/footdavant.fr\/"]}]}},"_links":{"self":[{"href":"https:\/\/footdavant.fr\/actualites\/wp-json\/wp\/v2\/posts\/34656"}],"collection":[{"href":"https:\/\/footdavant.fr\/actualites\/wp-json\/wp\/v2\/posts"}],"about":[{"href":"https:\/\/footdavant.fr\/actualites\/wp-json\/wp\/v2\/types\/post"}],"author":[{"embeddable":true,"href":"https:\/\/footdavant.fr\/actualites\/wp-json\/wp\/v2\/users\/1"}],"replies":[{"embeddable":true,"href":"https:\/\/footdavant.fr\/actualites\/wp-json\/wp\/v2\/comments?post=34656"}],"version-history":[{"count":1,"href":"https:\/\/footdavant.fr\/actualites\/wp-json\/wp\/v2\/posts\/34656\/revisions"}],"predecessor-version":[{"id":34658,"href":"https:\/\/footdavant.fr\/actualites\/wp-json\/wp\/v2\/posts\/34656\/revisions\/34658"}],"wp:featuredmedia":[{"embeddable":true,"href":"https:\/\/footdavant.fr\/actualites\/wp-json\/wp\/v2\/media\/34657"}],"wp:attachment":[{"href":"https:\/\/footdavant.fr\/actualites\/wp-json\/wp\/v2\/media?parent=34656"}],"wp:term":[{"taxonomy":"category","embeddable":true,"href":"https:\/\/footdavant.fr\/actualites\/wp-json\/wp\/v2\/categories?post=34656"},{"taxonomy":"post_tag","embeddable":true,"href":"https:\/\/footdavant.fr\/actualites\/wp-json\/wp\/v2\/tags?post=34656"}],"curies":[{"name":"wp","href":"https:\/\/api.w.org\/{rel}","templated":true}]}}