{"id":34659,"date":"2026-02-19T21:48:31","date_gmt":"2026-02-19T20:48:31","guid":{"rendered":"https:\/\/footdavant.fr\/actualites\/nouvelles-du-transfert-daston-villa-comment-donyell-malen-peut-il-declencher-un-accord-permanent-avec-la-roma\/"},"modified":"2026-02-19T21:48:33","modified_gmt":"2026-02-19T20:48:33","slug":"nouvelles-du-transfert-daston-villa-comment-donyell-malen-peut-il-declencher-un-accord-permanent-avec-la-roma","status":"publish","type":"post","link":"https:\/\/footdavant.fr\/actualites\/nouvelles-du-transfert-daston-villa-comment-donyell-malen-peut-il-declencher-un-accord-permanent-avec-la-roma\/","title":{"rendered":"Nouvelles du transfert d&#39;Aston Villa : comment Donyell Malen peut-il \u00ab d\u00e9clencher \u00bb un accord permanent avec la Roma ?"},"content":{"rendered":"<div itemprop=\"articleBody\">\n<p>La Roma serait sur le point d&#39;activer la signature permanente de l&#39;attaquant d&#39;Aston Villa Donyell Malen.<\/p>\n<p>Malgr\u00e9 un impact positif \u00e0 Villa au cours de la premi\u00e8re moiti\u00e9 de 2025-26, l\u2019\u00e9quipe des West Midlands a profit\u00e9 de l\u2019occasion pour se s\u00e9parer de l\u2019international n\u00e9erlandais lors du mercato de janvier.<\/p>\n<p>Un accord a \u00e9t\u00e9 trouv\u00e9 selon lequel la Roma a sign\u00e9 un pr\u00eat de Malen pour le reste de la saison, en vue d&#39;un \u00e9ventuel accord permanent.<\/p>\n<p>Depuis son arriv\u00e9e au Stadio Olimpico, le joueur de 27 ans est sans doute la star de la Serie A.<\/p>\n<p>Cependant, malgr\u00e9 cinq buts marqu\u00e9s en autant de matches, l&#39;incertitude demeure quant \u00e0 l&#39;activation d&#39;un accord permanent.<\/p>\n<div>\n<div>\n<p>\u00a9 Imago \/ Sportimage<\/p>\n<\/div>\n<\/div>\n<h2>Deux choses doivent arriver pour activer le transfert de Malen<\/h2>\n<p>Selon l&#39;expert en transfert Fabrizio Romano, Villa d\u00e9pend de deux choses pour recevoir les 25 millions d&#39;euros d\u00e9j\u00e0 convenus (21,73 millions de livres sterling).<\/p>\n<p>Villa a besoin de la Roma pour se qualifier pour la Ligue des champions ou la Ligue Europa pour 2026-27.<\/p>\n<p>La Roma occupe actuellement la quatri\u00e8me position du classement de Serie A, \u00e0 trois points de la troisi\u00e8me place et six points d&#39;avance sur la sixi\u00e8me place.<\/p>\n<p>Pendant ce temps, Villa a \u00e9galement besoin que Malen fasse son apparition dans au moins 50 % des matches de la Roma pendant son s\u00e9jour.<\/p>\n<p>Romano ne pr\u00e9cise pas s&#39;il s&#39;agit uniquement de matches de Serie A ou s&#39;il inclut \u00e9galement des matchs jou\u00e9s en Ligue Europa.<\/p>\n<p>S&#39;il ne s&#39;agit que de matchs dans l&#39;\u00e9lite italienne, Malen n&#39;aurait besoin que de participer \u00e0 quatre des 13 comp\u00e9titions restantes.<\/p>\n<\/p>\n<blockquote class=\"twitter-tweet\"><p>&#13;<\/p>\n<p dir=\"ltr\" lang=\"en\">5 &#8211; Donyell Malen est le premier joueur \u00e0 marquer plus de 5 buts lors de ses cinq premiers matchs de Serie A avec la Roma depuis Gabriel Batistuta en 2000 (6). Forme. <a rel=\"nofollow\" href=\"https:\/\/t.co\/Vi6GCqmId1\">pic.twitter.com\/Vi6GCqmId1<\/a><\/p>\n<p>\u2013 OptaJohan (@OptaJohan) <a rel=\"nofollow\" href=\"https:\/\/twitter.com\/OptaJohan\/status\/2023297858749759736?ref_src=twsrc%5Etfw\">16 f\u00e9vrier 2026<\/a><\/p><\/blockquote>\n<h2>Malen aime la vie \u00e0 Rome<\/h2>\n<p>Contrairement \u00e0 la rotation avec Ollie Watkins \u00e0 Villa, Malen a \u00e9t\u00e9 trait\u00e9 comme l&#39;attaquant principal du Stadio Olimpico.<\/p>\n<p>En plus de marquer lors de la victoire 2-0 \u00e0 Turin, des doubles ont \u00e9t\u00e9 marqu\u00e9s contre Cagliari et Naples.<\/p>\n<p>Malen est le seul joueur \u00e0 avoir marqu\u00e9 pour la Roma lors des trois derniers matches de Serie A.<\/p>\n<p>Il est d\u00e9j\u00e0 le deuxi\u00e8me meilleur buteur du championnat pour la Roma, derri\u00e8re l&#39;attaquant polyvalent Matias Soule d&#39;un seul but.<\/p>\n<\/div>\n<p><script async src=\"https:\/\/platform.twitter.com\/widgets.js\" charset=\"utf-8\"><\/script><\/p>\n","protected":false},"excerpt":{"rendered":"<p>La Roma serait sur le point d&#39;activer la signature permanente de l&#39;attaquant d&#39;Aston Villa Donyell Malen. Malgr\u00e9 un impact positif \u00e0 Villa au cours de<\/p>\n","protected":false},"author":1,"featured_media":34660,"comment_status":"closed","ping_status":"","sticky":false,"template":"","format":"standard","meta":{"footnotes":""},"categories":[5],"tags":[277,91,1497,4823,1093,10739,10740,461,2230,1498,275,700,370],"yoast_head":"<!-- This site is optimized with the Yoast SEO plugin v21.0 - https:\/\/yoast.com\/wordpress\/plugins\/seo\/ -->\n<title>Nouvelles du transfert d&#039;Aston Villa : comment Donyell Malen peut-il \u00ab d\u00e9clencher \u00bb un accord permanent avec la Roma ?<\/title>\n<meta name=\"robots\" content=\"index, follow, max-snippet:-1, max-image-preview:large, max-video-preview:-1\" \/>\n<link rel=\"canonical\" href=\"https:\/\/footdavant.fr\/actualites\/nouvelles-du-transfert-daston-villa-comment-donyell-malen-peut-il-declencher-un-accord-permanent-avec-la-roma\/\" \/>\n<meta property=\"og:locale\" content=\"fr_FR\" \/>\n<meta property=\"og:type\" content=\"article\" \/>\n<meta property=\"og:title\" content=\"Nouvelles du transfert d&#039;Aston Villa : comment Donyell Malen peut-il \u00ab d\u00e9clencher \u00bb un accord permanent avec la Roma ?\" \/>\n<meta property=\"og:description\" content=\"La Roma serait sur le point d&#039;activer la signature permanente de l&#039;attaquant d&#039;Aston Villa Donyell Malen. Malgr\u00e9 un impact positif \u00e0 Villa au cours de\" \/>\n<meta property=\"og:url\" content=\"https:\/\/footdavant.fr\/actualites\/nouvelles-du-transfert-daston-villa-comment-donyell-malen-peut-il-declencher-un-accord-permanent-avec-la-roma\/\" \/>\n<meta property=\"og:site_name\" content=\"Foot d&#039;avant\" \/>\n<meta property=\"article:publisher\" content=\"https:\/\/www.facebook.com\/Footdavant\/\" \/>\n<meta property=\"article:published_time\" content=\"2026-02-19T20:48:31+00:00\" \/>\n<meta property=\"article:modified_time\" content=\"2026-02-19T20:48:33+00:00\" \/>\n<meta property=\"og:image\" content=\"https:\/\/footdavant.fr\/actualites\/wp-content\/uploads\/2026\/02\/Nouvelles-du-transfert-d39Aston-Villa-comment-Donyell-Malen-peut-il.net2Fuploads2F20262F012Fimago1071476569.webp\" \/>\n\t<meta property=\"og:image:width\" content=\"720\" \/>\n\t<meta property=\"og:image:height\" content=\"410\" \/>\n\t<meta property=\"og:image:type\" content=\"image\/webp\" \/>\n<meta name=\"author\" content=\"Cl\u00e9ment\" \/>\n<meta name=\"twitter:card\" content=\"summary_large_image\" \/>\n<meta name=\"twitter:creator\" content=\"@FootdavantFr\" \/>\n<meta name=\"twitter:site\" content=\"@FootdavantFr\" \/>\n<meta name=\"twitter:label1\" content=\"\u00c9crit par\" \/>\n\t<meta name=\"twitter:data1\" content=\"Cl\u00e9ment\" \/>\n\t<meta name=\"twitter:label2\" content=\"Dur\u00e9e de lecture estim\u00e9e\" \/>\n\t<meta name=\"twitter:data2\" content=\"2 minutes\" \/>\n<script type=\"application\/ld+json\" class=\"yoast-schema-graph\">{\"@context\":\"https:\/\/schema.org\",\"@graph\":[{\"@type\":\"Article\",\"@id\":\"https:\/\/footdavant.fr\/actualites\/nouvelles-du-transfert-daston-villa-comment-donyell-malen-peut-il-declencher-un-accord-permanent-avec-la-roma\/#article\",\"isPartOf\":{\"@id\":\"https:\/\/footdavant.fr\/actualites\/nouvelles-du-transfert-daston-villa-comment-donyell-malen-peut-il-declencher-un-accord-permanent-avec-la-roma\/\"},\"author\":{\"name\":\"Cl\u00e9ment\",\"@id\":\"https:\/\/footdavant.fr\/actualites\/#\/schema\/person\/bc222566d95871b37e597b3ed3ba5e1d\"},\"headline\":\"Nouvelles du transfert d&#39;Aston Villa : comment Donyell Malen peut-il \u00ab d\u00e9clencher \u00bb un accord permanent avec la Roma ?\",\"datePublished\":\"2026-02-19T20:48:31+00:00\",\"dateModified\":\"2026-02-19T20:48:33+00:00\",\"mainEntityOfPage\":{\"@id\":\"https:\/\/footdavant.fr\/actualites\/nouvelles-du-transfert-daston-villa-comment-donyell-malen-peut-il-declencher-un-accord-permanent-avec-la-roma\/\"},\"wordCount\":430,\"publisher\":{\"@id\":\"https:\/\/footdavant.fr\/actualites\/#organization\"},\"keywords\":[\"accord\",\"avec\",\"Comment\",\"d39Aston\",\"d\u00e9clencher\",\"Donyell\",\"Malen\",\"Nouvelles\",\"permanent\",\"peutil\",\"Roma\",\"transfert\",\"Villa\"],\"articleSection\":[\"Premier League\"],\"inLanguage\":\"fr-FR\"},{\"@type\":\"WebPage\",\"@id\":\"https:\/\/footdavant.fr\/actualites\/nouvelles-du-transfert-daston-villa-comment-donyell-malen-peut-il-declencher-un-accord-permanent-avec-la-roma\/\",\"url\":\"https:\/\/footdavant.fr\/actualites\/nouvelles-du-transfert-daston-villa-comment-donyell-malen-peut-il-declencher-un-accord-permanent-avec-la-roma\/\",\"name\":\"Nouvelles du transfert d&#39;Aston Villa : comment Donyell Malen peut-il \u00ab d\u00e9clencher \u00bb un accord permanent avec la Roma ?\",\"isPartOf\":{\"@id\":\"https:\/\/footdavant.fr\/actualites\/#website\"},\"datePublished\":\"2026-02-19T20:48:31+00:00\",\"dateModified\":\"2026-02-19T20:48:33+00:00\",\"breadcrumb\":{\"@id\":\"https:\/\/footdavant.fr\/actualites\/nouvelles-du-transfert-daston-villa-comment-donyell-malen-peut-il-declencher-un-accord-permanent-avec-la-roma\/#breadcrumb\"},\"inLanguage\":\"fr-FR\",\"potentialAction\":[{\"@type\":\"ReadAction\",\"target\":[\"https:\/\/footdavant.fr\/actualites\/nouvelles-du-transfert-daston-villa-comment-donyell-malen-peut-il-declencher-un-accord-permanent-avec-la-roma\/\"]}]},{\"@type\":\"BreadcrumbList\",\"@id\":\"https:\/\/footdavant.fr\/actualites\/nouvelles-du-transfert-daston-villa-comment-donyell-malen-peut-il-declencher-un-accord-permanent-avec-la-roma\/#breadcrumb\",\"itemListElement\":[{\"@type\":\"ListItem\",\"position\":1,\"name\":\"Accueil\",\"item\":\"https:\/\/footdavant.fr\/actualites\/\"},{\"@type\":\"ListItem\",\"position\":2,\"name\":\"Nouvelles du transfert d&#39;Aston Villa : comment Donyell Malen peut-il \u00ab d\u00e9clencher \u00bb un accord permanent avec la Roma ?\"}]},{\"@type\":\"WebSite\",\"@id\":\"https:\/\/footdavant.fr\/actualites\/#website\",\"url\":\"https:\/\/footdavant.fr\/actualites\/\",\"name\":\"Foot d'avant\",\"description\":\"\",\"publisher\":{\"@id\":\"https:\/\/footdavant.fr\/actualites\/#organization\"},\"potentialAction\":[{\"@type\":\"SearchAction\",\"target\":{\"@type\":\"EntryPoint\",\"urlTemplate\":\"https:\/\/footdavant.fr\/actualites\/?s={search_term_string}\"},\"query-input\":\"required name=search_term_string\"}],\"inLanguage\":\"fr-FR\"},{\"@type\":\"Organization\",\"@id\":\"https:\/\/footdavant.fr\/actualites\/#organization\",\"name\":\"Foot d'avant\",\"url\":\"https:\/\/footdavant.fr\/actualites\/\",\"logo\":{\"@type\":\"ImageObject\",\"inLanguage\":\"fr-FR\",\"@id\":\"https:\/\/footdavant.fr\/actualites\/#\/schema\/logo\/image\/\",\"url\":\"https:\/\/footdavant.fr\/actualites\/wp-content\/uploads\/2023\/09\/Copy-of-FootDavant-Logo.png\",\"contentUrl\":\"https:\/\/footdavant.fr\/actualites\/wp-content\/uploads\/2023\/09\/Copy-of-FootDavant-Logo.png\",\"width\":936,\"height\":549,\"caption\":\"Foot d'avant\"},\"image\":{\"@id\":\"https:\/\/footdavant.fr\/actualites\/#\/schema\/logo\/image\/\"},\"sameAs\":[\"https:\/\/www.facebook.com\/Footdavant\/\",\"https:\/\/twitter.com\/FootdavantFr\",\"https:\/\/www.instagram.com\/footdavant.fr\/\"]},{\"@type\":\"Person\",\"@id\":\"https:\/\/footdavant.fr\/actualites\/#\/schema\/person\/bc222566d95871b37e597b3ed3ba5e1d\",\"name\":\"Cl\u00e9ment\",\"image\":{\"@type\":\"ImageObject\",\"inLanguage\":\"fr-FR\",\"@id\":\"https:\/\/footdavant.fr\/actualites\/#\/schema\/person\/image\/\",\"url\":\"https:\/\/secure.gravatar.com\/avatar\/7728b29aac2719421e1a9159b2254c44?s=96&d=mm&r=g\",\"contentUrl\":\"https:\/\/secure.gravatar.com\/avatar\/7728b29aac2719421e1a9159b2254c44?s=96&d=mm&r=g\",\"caption\":\"Cl\u00e9ment\"},\"sameAs\":[\"https:\/\/footdavant.fr\/\"]}]}<\/script>\n<!-- \/ Yoast SEO plugin. -->","yoast_head_json":{"title":"Nouvelles du transfert d&#39;Aston Villa : comment Donyell Malen peut-il \u00ab d\u00e9clencher \u00bb un accord permanent avec la Roma ?","robots":{"index":"index","follow":"follow","max-snippet":"max-snippet:-1","max-image-preview":"max-image-preview:large","max-video-preview":"max-video-preview:-1"},"canonical":"https:\/\/footdavant.fr\/actualites\/nouvelles-du-transfert-daston-villa-comment-donyell-malen-peut-il-declencher-un-accord-permanent-avec-la-roma\/","og_locale":"fr_FR","og_type":"article","og_title":"Nouvelles du transfert d&#39;Aston Villa : comment Donyell Malen peut-il \u00ab d\u00e9clencher \u00bb un accord permanent avec la Roma ?","og_description":"La Roma serait sur le point d&#39;activer la signature permanente de l&#39;attaquant d&#39;Aston Villa Donyell Malen. Malgr\u00e9 un impact positif \u00e0 Villa au cours de","og_url":"https:\/\/footdavant.fr\/actualites\/nouvelles-du-transfert-daston-villa-comment-donyell-malen-peut-il-declencher-un-accord-permanent-avec-la-roma\/","og_site_name":"Foot d&#039;avant","article_publisher":"https:\/\/www.facebook.com\/Footdavant\/","article_published_time":"2026-02-19T20:48:31+00:00","article_modified_time":"2026-02-19T20:48:33+00:00","og_image":[{"width":720,"height":410,"url":"https:\/\/footdavant.fr\/actualites\/wp-content\/uploads\/2026\/02\/Nouvelles-du-transfert-d39Aston-Villa-comment-Donyell-Malen-peut-il.net2Fuploads2F20262F012Fimago1071476569.webp","type":"image\/webp"}],"author":"Cl\u00e9ment","twitter_card":"summary_large_image","twitter_creator":"@FootdavantFr","twitter_site":"@FootdavantFr","twitter_misc":{"\u00c9crit par":"Cl\u00e9ment","Dur\u00e9e de lecture estim\u00e9e":"2 minutes"},"schema":{"@context":"https:\/\/schema.org","@graph":[{"@type":"Article","@id":"https:\/\/footdavant.fr\/actualites\/nouvelles-du-transfert-daston-villa-comment-donyell-malen-peut-il-declencher-un-accord-permanent-avec-la-roma\/#article","isPartOf":{"@id":"https:\/\/footdavant.fr\/actualites\/nouvelles-du-transfert-daston-villa-comment-donyell-malen-peut-il-declencher-un-accord-permanent-avec-la-roma\/"},"author":{"name":"Cl\u00e9ment","@id":"https:\/\/footdavant.fr\/actualites\/#\/schema\/person\/bc222566d95871b37e597b3ed3ba5e1d"},"headline":"Nouvelles du transfert d&#39;Aston Villa : comment Donyell Malen peut-il \u00ab d\u00e9clencher \u00bb un accord permanent avec la Roma ?","datePublished":"2026-02-19T20:48:31+00:00","dateModified":"2026-02-19T20:48:33+00:00","mainEntityOfPage":{"@id":"https:\/\/footdavant.fr\/actualites\/nouvelles-du-transfert-daston-villa-comment-donyell-malen-peut-il-declencher-un-accord-permanent-avec-la-roma\/"},"wordCount":430,"publisher":{"@id":"https:\/\/footdavant.fr\/actualites\/#organization"},"keywords":["accord","avec","Comment","d39Aston","d\u00e9clencher","Donyell","Malen","Nouvelles","permanent","peutil","Roma","transfert","Villa"],"articleSection":["Premier League"],"inLanguage":"fr-FR"},{"@type":"WebPage","@id":"https:\/\/footdavant.fr\/actualites\/nouvelles-du-transfert-daston-villa-comment-donyell-malen-peut-il-declencher-un-accord-permanent-avec-la-roma\/","url":"https:\/\/footdavant.fr\/actualites\/nouvelles-du-transfert-daston-villa-comment-donyell-malen-peut-il-declencher-un-accord-permanent-avec-la-roma\/","name":"Nouvelles du transfert d&#39;Aston Villa : comment Donyell Malen peut-il \u00ab d\u00e9clencher \u00bb un accord permanent avec la Roma ?","isPartOf":{"@id":"https:\/\/footdavant.fr\/actualites\/#website"},"datePublished":"2026-02-19T20:48:31+00:00","dateModified":"2026-02-19T20:48:33+00:00","breadcrumb":{"@id":"https:\/\/footdavant.fr\/actualites\/nouvelles-du-transfert-daston-villa-comment-donyell-malen-peut-il-declencher-un-accord-permanent-avec-la-roma\/#breadcrumb"},"inLanguage":"fr-FR","potentialAction":[{"@type":"ReadAction","target":["https:\/\/footdavant.fr\/actualites\/nouvelles-du-transfert-daston-villa-comment-donyell-malen-peut-il-declencher-un-accord-permanent-avec-la-roma\/"]}]},{"@type":"BreadcrumbList","@id":"https:\/\/footdavant.fr\/actualites\/nouvelles-du-transfert-daston-villa-comment-donyell-malen-peut-il-declencher-un-accord-permanent-avec-la-roma\/#breadcrumb","itemListElement":[{"@type":"ListItem","position":1,"name":"Accueil","item":"https:\/\/footdavant.fr\/actualites\/"},{"@type":"ListItem","position":2,"name":"Nouvelles du transfert d&#39;Aston Villa : comment Donyell Malen peut-il \u00ab d\u00e9clencher \u00bb un accord permanent avec la Roma ?"}]},{"@type":"WebSite","@id":"https:\/\/footdavant.fr\/actualites\/#website","url":"https:\/\/footdavant.fr\/actualites\/","name":"Foot d'avant","description":"","publisher":{"@id":"https:\/\/footdavant.fr\/actualites\/#organization"},"potentialAction":[{"@type":"SearchAction","target":{"@type":"EntryPoint","urlTemplate":"https:\/\/footdavant.fr\/actualites\/?s={search_term_string}"},"query-input":"required name=search_term_string"}],"inLanguage":"fr-FR"},{"@type":"Organization","@id":"https:\/\/footdavant.fr\/actualites\/#organization","name":"Foot d'avant","url":"https:\/\/footdavant.fr\/actualites\/","logo":{"@type":"ImageObject","inLanguage":"fr-FR","@id":"https:\/\/footdavant.fr\/actualites\/#\/schema\/logo\/image\/","url":"https:\/\/footdavant.fr\/actualites\/wp-content\/uploads\/2023\/09\/Copy-of-FootDavant-Logo.png","contentUrl":"https:\/\/footdavant.fr\/actualites\/wp-content\/uploads\/2023\/09\/Copy-of-FootDavant-Logo.png","width":936,"height":549,"caption":"Foot d'avant"},"image":{"@id":"https:\/\/footdavant.fr\/actualites\/#\/schema\/logo\/image\/"},"sameAs":["https:\/\/www.facebook.com\/Footdavant\/","https:\/\/twitter.com\/FootdavantFr","https:\/\/www.instagram.com\/footdavant.fr\/"]},{"@type":"Person","@id":"https:\/\/footdavant.fr\/actualites\/#\/schema\/person\/bc222566d95871b37e597b3ed3ba5e1d","name":"Cl\u00e9ment","image":{"@type":"ImageObject","inLanguage":"fr-FR","@id":"https:\/\/footdavant.fr\/actualites\/#\/schema\/person\/image\/","url":"https:\/\/secure.gravatar.com\/avatar\/7728b29aac2719421e1a9159b2254c44?s=96&d=mm&r=g","contentUrl":"https:\/\/secure.gravatar.com\/avatar\/7728b29aac2719421e1a9159b2254c44?s=96&d=mm&r=g","caption":"Cl\u00e9ment"},"sameAs":["https:\/\/footdavant.fr\/"]}]}},"_links":{"self":[{"href":"https:\/\/footdavant.fr\/actualites\/wp-json\/wp\/v2\/posts\/34659"}],"collection":[{"href":"https:\/\/footdavant.fr\/actualites\/wp-json\/wp\/v2\/posts"}],"about":[{"href":"https:\/\/footdavant.fr\/actualites\/wp-json\/wp\/v2\/types\/post"}],"author":[{"embeddable":true,"href":"https:\/\/footdavant.fr\/actualites\/wp-json\/wp\/v2\/users\/1"}],"replies":[{"embeddable":true,"href":"https:\/\/footdavant.fr\/actualites\/wp-json\/wp\/v2\/comments?post=34659"}],"version-history":[{"count":1,"href":"https:\/\/footdavant.fr\/actualites\/wp-json\/wp\/v2\/posts\/34659\/revisions"}],"predecessor-version":[{"id":34661,"href":"https:\/\/footdavant.fr\/actualites\/wp-json\/wp\/v2\/posts\/34659\/revisions\/34661"}],"wp:featuredmedia":[{"embeddable":true,"href":"https:\/\/footdavant.fr\/actualites\/wp-json\/wp\/v2\/media\/34660"}],"wp:attachment":[{"href":"https:\/\/footdavant.fr\/actualites\/wp-json\/wp\/v2\/media?parent=34659"}],"wp:term":[{"taxonomy":"category","embeddable":true,"href":"https:\/\/footdavant.fr\/actualites\/wp-json\/wp\/v2\/categories?post=34659"},{"taxonomy":"post_tag","embeddable":true,"href":"https:\/\/footdavant.fr\/actualites\/wp-json\/wp\/v2\/tags?post=34659"}],"curies":[{"name":"wp","href":"https:\/\/api.w.org\/{rel}","templated":true}]}}