{"id":34691,"date":"2026-02-20T19:48:10","date_gmt":"2026-02-20T18:48:10","guid":{"rendered":"https:\/\/footdavant.fr\/actualites\/bukayo-saka-le-rythme-est-un-danseur\/"},"modified":"2026-02-20T19:48:13","modified_gmt":"2026-02-20T18:48:13","slug":"bukayo-saka-le-rythme-est-un-danseur","status":"publish","type":"post","link":"https:\/\/footdavant.fr\/actualites\/bukayo-saka-le-rythme-est-un-danseur\/","title":{"rendered":"Bukayo Saka\u00a0:\u00a0Le rythme est un danseur"},"content":{"rendered":"<div>\n<p>Le nouveau contrat de Bukayo Saka avec Arsenal a \u00e9t\u00e9 confirm\u00e9 cette semaine. Objectivement, c\u2019est une nouvelle vraiment excitante annonc\u00e9e \u00e0 une \u00e9poque o\u00f9 les fans d\u2019Arsenal ont l\u2019impression d\u2019avoir re\u00e7u collectivement un coup de poing dans le ventre. Ceci, ajout\u00e9 au fait que le contrat a \u00e9t\u00e9 suivi pendant un certain temps par des informations fiables, a donn\u00e9 \u00e0 cette nouvelle une touche d&#39;effet Zubimendi.<\/p>\n<p>La signature de Martin Zubimendi \u00e9tait un cadeau de No\u00ebl ouvert t\u00f4t pour les fans d&#39;Arsenal, ce qui a rendu la confirmation, l&#39;annonce, et m\u00eame les semaines et les mois pr\u00e9c\u00e9dant la signature, d\u00e9cevants au point que son importance a \u00e9t\u00e9 presque enti\u00e8rement occult\u00e9e.<\/p>\n<p>La chronologie est un moteur important d\u2019\u00e9motion. Si vous faites match nul 2-2 contre 2-0 derri\u00e8re, c&#39;est bien mieux que\u2026 peut-\u00eatre qu&#39;il vaut mieux que je n&#39;y aille pas aujourd&#39;hui. Le contrat de Saka arrive \u00e0 la suite de nouveaux accords pour Saliba et Gabriel et de la derni\u00e8re indication de confiance dans \u00ab le projet \u00bb de ce groupe \u00e9galement. M\u00eame si nous pouvons tous nous sentir un peu ivres cette semaine, cela vaut la peine de r\u00e9fl\u00e9chir au fait que ces joueurs sont convaincus.<\/p>\n<p>Cependant, comme Andrew l&#39;a \u00e9voqu\u00e9 ce matin, la production de Saka n&#39;a pas \u00e9t\u00e9 l\u00e0 o\u00f9 la plupart d&#39;entre nous l&#39;auraient attendu \u00e0 ce stade de la saison. Je pense qu&#39;il y a des raisons explicables \u00e0 cela, au-del\u00e0 de l&#39;argument d&#39;Andrew selon lequel lorsqu&#39;aucun des attaquants ne tire, les probl\u00e8mes sont g\u00e9n\u00e9ralement un peu plus profonds.<\/p>\n<p>Dans le cas de Saka, je pense que la sant\u00e9 a \u00e9t\u00e9 le plus grand obstacle \u00e0 sa production. Les cicatrices litt\u00e9rales et mentales de sa d\u00e9chirure aux ischio-jambiers la saison derni\u00e8re jettent encore une ombre sur cette saison, pas n\u00e9cessairement dans la t\u00eate du joueur (m\u00eame si je comprendrais s&#39;il lui fallait du temps pour faire \u00e0 nouveau confiance \u00e0 son corps) mais dans la fa\u00e7on dont il est g\u00e9r\u00e9.<\/p>\n<p>On a r\u00e9cemment parl\u00e9 de blessures de joueurs d&#39;Arsenal lors des \u00e9chauffements et je pense que cela illustre \u00e0 quel point Mikel Arteta et son \u00e9quipe ont \u00e9t\u00e9 extr\u00eamement prudents dans la gestion de la condition physique des joueurs. Ils ont maintenant une \u00e9quipe suffisamment nombreuse pour ne prendre aucun risque et je pense que le moindre signe de contraction musculaire n&#39;est pas \u00e0 sa place et ils prennent la d\u00e9cision de retirer le joueur.<\/p>\n<p>Je pense aussi que le remplacement de William Saliba \u00e0 la 4e minute \u00e0 Anfield en ao\u00fbt aurait pu avoir un impact ici. Saliba a apparemment ressenti un pincement au c\u0153ur lors de l&#39;\u00e9chauffement ce jour-l\u00e0 et a quand m\u00eame commenc\u00e9 le match, pour \u00eatre remplac\u00e9 \u00e0 la 4e minute. Le Fran\u00e7ais a \u00e9t\u00e9 absent pendant trois semaines. Le fait que les ischio-jambiers de Gabriel, Kai Havertz et Bukayo Saka aient tous explos\u00e9 apr\u00e8s No\u00ebl la saison derni\u00e8re a tr\u00e8s clairement \u00e9clair\u00e9 la politique de cette saison.<\/p>\n<p>Arteta a opt\u00e9 pour une gestion approfondie et prudente. Cela a \u00e9galement \u00e9t\u00e9 un th\u00e8me de la saison de Saka. Il a jou\u00e9 les 90 minutes compl\u00e8tes lors de 16 de ses 38 apparitions jusqu&#39;\u00e0 pr\u00e9sent dans cette campagne et a \u00e9t\u00e9 rempla\u00e7ant 10 fois. Il dure en moyenne 65 minutes par apparition. La saison derni\u00e8re, il a jou\u00e9 en moyenne 72 minutes par apparition (et au cours des cinq derni\u00e8res semaines de la saison, il a r\u00e9ussi \u00e0 faire son retour apr\u00e8s une longue absence).<\/p>\n<p>En 2023-24, c&#39;\u00e9tait 79 minutes par apparition, en 2022-23, c&#39;\u00e9tait 74 minutes (toutes ces donn\u00e9es incluent les matchs de l&#39;Angleterre). Arsenal a d\u00e9pens\u00e9 environ 50 millions de livres sterling pour Noni Madueke l&#39;\u00e9t\u00e9 dernier et c&#39;\u00e9tait l&#39;une des premi\u00e8res signatures qu&#39;ils ont faites, il y a eu une tentative claire de mieux g\u00e9rer la charge de travail de Saka. Saka est l&#39;un des joueurs \u00e0 \u00eatre sorti en boitant d&#39;un \u00e9chauffement cette saison \u00e0 Elland Road.<\/p>\n<p>Je crois fermement que dans une autre saison, Saka aurait \u00e9t\u00e9 rafistol\u00e9 et jou\u00e9. Mais avec Madueke en r\u00e9serve, Arteta se sentait moins encline \u00e0 prendre des risques. Bien que cette approche ait \u00e9t\u00e9 mod\u00e9lis\u00e9e dans l&#39;ensemble de l&#39;\u00e9quipe, je pense qu&#39;Arteta souhaite sp\u00e9cifiquement que Saka soit en parfaite condition physique pour la section \u00ab \u00e9liminatoires \u00bb de la saison apr\u00e8s la tr\u00eave internationale de mars.<\/p>\n<p>\u00c0 plus court terme, je pense que cela a co\u00fbt\u00e9 son rythme \u00e0 Saka. Il s\u2019agit d\u2019un joueur habitu\u00e9 \u00e0 jouer chaque minute de chaque match (ce qui a probablement contribu\u00e9 \u00e0 l\u2019explosion de ses ischio-jambiers en premier lieu) et \u00e0 s\u2019adapter \u00e0 l\u2019interruption de ce rythme. Cela pourrait lui \u00eatre plus utile \u00e0 long terme, mais \u00e0 court terme, c&#39;est un ajustement pour lui.<\/p>\n<p>Le corps des joueurs s\u2019acclimate \u00e0 la charge de travail qui leur est impos\u00e9e \u2013 si vous regardez les poids lourds attaquants comme Ronaldo, Messi, Salah et Haaland, ils sont habitu\u00e9s \u00e0 des charges de travail \u00e9lev\u00e9es et sont rarement bless\u00e9s. Cependant, il existe \u00e9galement un risque de subir le sort de joueurs tout aussi dou\u00e9s comme Ronaldo, van Basten et Neymar dont la carri\u00e8re s&#39;est termin\u00e9e (soit th\u00e9oriquement, soit litt\u00e9ralement) plus t\u00f4t que leurs talents ne le m\u00e9ritaient.<\/p>\n<p>En plus du rythme personnel, Saka a \u00e9t\u00e9 victime d&#39;un manque g\u00e9n\u00e9ral de rythme lors de l&#39;attaque d&#39;Arsenal. M\u00eame si nous avons une tr\u00e8s bonne id\u00e9e que Saliba, Gabriel, Timber, Rice, Zubimendi et Raya vont commencer \u00e0 la base de l&#39;\u00e9quipe, plus loin, il y a plus de choix et le sentiment qu&#39;Arteta ne sait pas encore vraiment comment les d\u00e9ployer tous.<\/p>\n<p>Ce qui s&#39;est pass\u00e9 autour de Saka a \u00e9galement eu un impact, notamment les propres luttes de Martin Odegaard contre les blessures et la forme. Lors des d\u00e9parts de Bukayo Saka cette saison, Odegaard a d\u00e9but\u00e9 sept fois comme \u00ab huit bons \u00bb et \u00e0 deux de ces occasions, il a \u00e9t\u00e9 retir\u00e9 avant la mi-temps en raison d&#39;une blessure.<\/p>\n<p>Saka a commenc\u00e9 avec Eze \u00e0 droite huit fois et je ne suis pas s\u00fbr qu&#39;Eze fonctionne mieux sur le c\u00f4t\u00e9 droit du terrain, il est loin d&#39;\u00eatre aussi impliqu\u00e9 dans le jeu qu&#39;Odegaard. Saka a lui-m\u00eame d\u00e9but\u00e9 les deux derniers matchs dans cette position. Je dois dire que la s\u00e9lection de Saka dans cette position de milieu de terrain contre les Wolves me paraissait un peu d\u00e9sesp\u00e9r\u00e9e.<\/p>\n<p>D\u00e9placer votre joueur \u00ab franchis\u00e9 \u00bb de sa position habituelle de mani\u00e8re raisonnablement al\u00e9atoire ne ressemble pas \u00e0 quelque chose qu&#39;une \u00e9quipe sur le point de remporter la ligue fait \u2013 m\u00eame si je peux reconna\u00eetre que les blessures d&#39;Odegaard, Merino et Havertz ont \u00e9t\u00e9 un \u00e9l\u00e9ment essentiel de cette d\u00e9cision. Cela ressemble \u00e0 quelque chose que fait une \u00e9quipe en difficult\u00e9 (et cela soul\u00e8ve davantage de questions sur la signature d\u2019Eze).<\/p>\n<p>Le triumvirat Saka-Odegaard-White a \u00e9t\u00e9 bel et bien rompu, Timber jouant d\u00e9sormais la majorit\u00e9 des matchs \u00e0 l&#39;arri\u00e8re droit. La forme de Bukayo n&#39;est pas non plus \u00e0 l&#39;abri de la situation des attaquants, o\u00f9 Jesus et Gyokeres jouent et jouent par intermittence.<\/p>\n<p>Les deux sont extr\u00eamement diff\u00e9rents en termes de style et la rotation entre eux est \u00e9galement coh\u00e9rente. En plus d&#39;avoir peu de rythme et de coh\u00e9rence en termes de son propre temps de jeu, la certitude qu&#39;Odegaard commence et joue chaque semaine ou que l&#39;un de Jesus ou Havertz est tr\u00e8s susceptible de commencer d\u00e8s le d\u00e9part a \u00e9galement \u00e9t\u00e9 absente pour Saka.<\/p>\n<p>Nous ne pouvons qu&#39;esp\u00e9rer qu&#39;il y aura un b\u00e9n\u00e9fice \u00e0 long terme pour cela &#8211; \u00e0 la fois en termes de sant\u00e9 continue de Saka et, esp\u00e9rons-le, \u00e0 terme, la rotation coh\u00e9rente en attaque d&#39;Arsenal ressemblera plus \u00e0 un carrousel sain qu&#39;\u00e0 une tentative d\u00e9sesp\u00e9r\u00e9e de faire fonctionner vaguement quelque chose. Arsenal compte beaucoup de bons attaquants mais Saka est vraiment le seul susceptible d&#39;atteindre la grandeur. Un rythme plus soutenu dans les derniers mois de la saison est une n\u00e9cessit\u00e9 pour le voir, ainsi qu&#39;Arsenal, atteindre les niveaux dont ils sont capables.<\/p>\n<\/div>\n","protected":false},"excerpt":{"rendered":"<p>Le nouveau contrat de Bukayo Saka avec Arsenal a \u00e9t\u00e9 confirm\u00e9 cette semaine. Objectivement, c\u2019est une nouvelle vraiment excitante annonc\u00e9e \u00e0 une \u00e9poque o\u00f9 les<\/p>\n","protected":false},"author":1,"featured_media":34692,"comment_status":"closed","ping_status":"","sticky":false,"template":"","format":"standard","meta":{"footnotes":""},"categories":[3],"tags":[865,11535,217,5461,11534],"yoast_head":"<!-- This site is optimized with the Yoast SEO plugin v21.0 - https:\/\/yoast.com\/wordpress\/plugins\/seo\/ -->\n<title>Bukayo Saka\u00a0:\u00a0Le rythme est un danseur<\/title>\n<meta name=\"robots\" content=\"index, follow, max-snippet:-1, max-image-preview:large, max-video-preview:-1\" \/>\n<link rel=\"canonical\" href=\"https:\/\/footdavant.fr\/actualites\/bukayo-saka-le-rythme-est-un-danseur\/\" \/>\n<meta property=\"og:locale\" content=\"fr_FR\" \/>\n<meta property=\"og:type\" content=\"article\" \/>\n<meta property=\"og:title\" content=\"Bukayo Saka\u00a0:\u00a0Le rythme est un danseur\" \/>\n<meta property=\"og:description\" content=\"Le nouveau contrat de Bukayo Saka avec Arsenal a \u00e9t\u00e9 confirm\u00e9 cette semaine. Objectivement, c\u2019est une nouvelle vraiment excitante annonc\u00e9e \u00e0 une \u00e9poque o\u00f9 les\" \/>\n<meta property=\"og:url\" content=\"https:\/\/footdavant.fr\/actualites\/bukayo-saka-le-rythme-est-un-danseur\/\" \/>\n<meta property=\"og:site_name\" content=\"Foot d&#039;avant\" \/>\n<meta property=\"article:publisher\" content=\"https:\/\/www.facebook.com\/Footdavant\/\" \/>\n<meta property=\"article:published_time\" content=\"2026-02-20T18:48:10+00:00\" \/>\n<meta property=\"article:modified_time\" content=\"2026-02-20T18:48:13+00:00\" \/>\n<meta property=\"og:image\" content=\"https:\/\/footdavant.fr\/actualites\/wp-content\/uploads\/2026\/01\/Petits-bugs-un-blog-d39Arsenal.jpg\" \/>\n\t<meta property=\"og:image:width\" content=\"1400\" \/>\n\t<meta property=\"og:image:height\" content=\"800\" \/>\n\t<meta property=\"og:image:type\" content=\"image\/jpeg\" \/>\n<meta name=\"author\" content=\"Cl\u00e9ment\" \/>\n<meta name=\"twitter:card\" content=\"summary_large_image\" \/>\n<meta name=\"twitter:creator\" content=\"@FootdavantFr\" \/>\n<meta name=\"twitter:site\" content=\"@FootdavantFr\" \/>\n<meta name=\"twitter:label1\" content=\"\u00c9crit par\" \/>\n\t<meta name=\"twitter:data1\" content=\"Cl\u00e9ment\" \/>\n\t<meta name=\"twitter:label2\" content=\"Dur\u00e9e de lecture estim\u00e9e\" \/>\n\t<meta name=\"twitter:data2\" content=\"7 minutes\" \/>\n<script type=\"application\/ld+json\" class=\"yoast-schema-graph\">{\"@context\":\"https:\/\/schema.org\",\"@graph\":[{\"@type\":\"Article\",\"@id\":\"https:\/\/footdavant.fr\/actualites\/bukayo-saka-le-rythme-est-un-danseur\/#article\",\"isPartOf\":{\"@id\":\"https:\/\/footdavant.fr\/actualites\/bukayo-saka-le-rythme-est-un-danseur\/\"},\"author\":{\"name\":\"Cl\u00e9ment\",\"@id\":\"https:\/\/footdavant.fr\/actualites\/#\/schema\/person\/bc222566d95871b37e597b3ed3ba5e1d\"},\"headline\":\"Bukayo Saka\u00a0:\u00a0Le rythme est un danseur\",\"datePublished\":\"2026-02-20T18:48:10+00:00\",\"dateModified\":\"2026-02-20T18:48:13+00:00\",\"mainEntityOfPage\":{\"@id\":\"https:\/\/footdavant.fr\/actualites\/bukayo-saka-le-rythme-est-un-danseur\/\"},\"wordCount\":1447,\"publisher\":{\"@id\":\"https:\/\/footdavant.fr\/actualites\/#organization\"},\"keywords\":[\"Bukayo\",\"danseur\",\"est\",\"rythme\",\"SakaLe\"],\"articleSection\":[\"Football\"],\"inLanguage\":\"fr-FR\"},{\"@type\":\"WebPage\",\"@id\":\"https:\/\/footdavant.fr\/actualites\/bukayo-saka-le-rythme-est-un-danseur\/\",\"url\":\"https:\/\/footdavant.fr\/actualites\/bukayo-saka-le-rythme-est-un-danseur\/\",\"name\":\"Bukayo Saka\u00a0:\u00a0Le rythme est un danseur\",\"isPartOf\":{\"@id\":\"https:\/\/footdavant.fr\/actualites\/#website\"},\"datePublished\":\"2026-02-20T18:48:10+00:00\",\"dateModified\":\"2026-02-20T18:48:13+00:00\",\"breadcrumb\":{\"@id\":\"https:\/\/footdavant.fr\/actualites\/bukayo-saka-le-rythme-est-un-danseur\/#breadcrumb\"},\"inLanguage\":\"fr-FR\",\"potentialAction\":[{\"@type\":\"ReadAction\",\"target\":[\"https:\/\/footdavant.fr\/actualites\/bukayo-saka-le-rythme-est-un-danseur\/\"]}]},{\"@type\":\"BreadcrumbList\",\"@id\":\"https:\/\/footdavant.fr\/actualites\/bukayo-saka-le-rythme-est-un-danseur\/#breadcrumb\",\"itemListElement\":[{\"@type\":\"ListItem\",\"position\":1,\"name\":\"Accueil\",\"item\":\"https:\/\/footdavant.fr\/actualites\/\"},{\"@type\":\"ListItem\",\"position\":2,\"name\":\"Bukayo Saka\u00a0:\u00a0Le rythme est un danseur\"}]},{\"@type\":\"WebSite\",\"@id\":\"https:\/\/footdavant.fr\/actualites\/#website\",\"url\":\"https:\/\/footdavant.fr\/actualites\/\",\"name\":\"Foot d'avant\",\"description\":\"\",\"publisher\":{\"@id\":\"https:\/\/footdavant.fr\/actualites\/#organization\"},\"potentialAction\":[{\"@type\":\"SearchAction\",\"target\":{\"@type\":\"EntryPoint\",\"urlTemplate\":\"https:\/\/footdavant.fr\/actualites\/?s={search_term_string}\"},\"query-input\":\"required name=search_term_string\"}],\"inLanguage\":\"fr-FR\"},{\"@type\":\"Organization\",\"@id\":\"https:\/\/footdavant.fr\/actualites\/#organization\",\"name\":\"Foot d'avant\",\"url\":\"https:\/\/footdavant.fr\/actualites\/\",\"logo\":{\"@type\":\"ImageObject\",\"inLanguage\":\"fr-FR\",\"@id\":\"https:\/\/footdavant.fr\/actualites\/#\/schema\/logo\/image\/\",\"url\":\"https:\/\/footdavant.fr\/actualites\/wp-content\/uploads\/2023\/09\/Copy-of-FootDavant-Logo.png\",\"contentUrl\":\"https:\/\/footdavant.fr\/actualites\/wp-content\/uploads\/2023\/09\/Copy-of-FootDavant-Logo.png\",\"width\":936,\"height\":549,\"caption\":\"Foot d'avant\"},\"image\":{\"@id\":\"https:\/\/footdavant.fr\/actualites\/#\/schema\/logo\/image\/\"},\"sameAs\":[\"https:\/\/www.facebook.com\/Footdavant\/\",\"https:\/\/twitter.com\/FootdavantFr\",\"https:\/\/www.instagram.com\/footdavant.fr\/\"]},{\"@type\":\"Person\",\"@id\":\"https:\/\/footdavant.fr\/actualites\/#\/schema\/person\/bc222566d95871b37e597b3ed3ba5e1d\",\"name\":\"Cl\u00e9ment\",\"image\":{\"@type\":\"ImageObject\",\"inLanguage\":\"fr-FR\",\"@id\":\"https:\/\/footdavant.fr\/actualites\/#\/schema\/person\/image\/\",\"url\":\"https:\/\/secure.gravatar.com\/avatar\/7728b29aac2719421e1a9159b2254c44?s=96&d=mm&r=g\",\"contentUrl\":\"https:\/\/secure.gravatar.com\/avatar\/7728b29aac2719421e1a9159b2254c44?s=96&d=mm&r=g\",\"caption\":\"Cl\u00e9ment\"},\"sameAs\":[\"https:\/\/footdavant.fr\/\"]}]}<\/script>\n<!-- \/ Yoast SEO plugin. -->","yoast_head_json":{"title":"Bukayo Saka\u00a0:\u00a0Le rythme est un danseur","robots":{"index":"index","follow":"follow","max-snippet":"max-snippet:-1","max-image-preview":"max-image-preview:large","max-video-preview":"max-video-preview:-1"},"canonical":"https:\/\/footdavant.fr\/actualites\/bukayo-saka-le-rythme-est-un-danseur\/","og_locale":"fr_FR","og_type":"article","og_title":"Bukayo Saka\u00a0:\u00a0Le rythme est un danseur","og_description":"Le nouveau contrat de Bukayo Saka avec Arsenal a \u00e9t\u00e9 confirm\u00e9 cette semaine. Objectivement, c\u2019est une nouvelle vraiment excitante annonc\u00e9e \u00e0 une \u00e9poque o\u00f9 les","og_url":"https:\/\/footdavant.fr\/actualites\/bukayo-saka-le-rythme-est-un-danseur\/","og_site_name":"Foot d&#039;avant","article_publisher":"https:\/\/www.facebook.com\/Footdavant\/","article_published_time":"2026-02-20T18:48:10+00:00","article_modified_time":"2026-02-20T18:48:13+00:00","og_image":[{"width":1400,"height":800,"url":"https:\/\/footdavant.fr\/actualites\/wp-content\/uploads\/2026\/01\/Petits-bugs-un-blog-d39Arsenal.jpg","type":"image\/jpeg"}],"author":"Cl\u00e9ment","twitter_card":"summary_large_image","twitter_creator":"@FootdavantFr","twitter_site":"@FootdavantFr","twitter_misc":{"\u00c9crit par":"Cl\u00e9ment","Dur\u00e9e de lecture estim\u00e9e":"7 minutes"},"schema":{"@context":"https:\/\/schema.org","@graph":[{"@type":"Article","@id":"https:\/\/footdavant.fr\/actualites\/bukayo-saka-le-rythme-est-un-danseur\/#article","isPartOf":{"@id":"https:\/\/footdavant.fr\/actualites\/bukayo-saka-le-rythme-est-un-danseur\/"},"author":{"name":"Cl\u00e9ment","@id":"https:\/\/footdavant.fr\/actualites\/#\/schema\/person\/bc222566d95871b37e597b3ed3ba5e1d"},"headline":"Bukayo Saka\u00a0:\u00a0Le rythme est un danseur","datePublished":"2026-02-20T18:48:10+00:00","dateModified":"2026-02-20T18:48:13+00:00","mainEntityOfPage":{"@id":"https:\/\/footdavant.fr\/actualites\/bukayo-saka-le-rythme-est-un-danseur\/"},"wordCount":1447,"publisher":{"@id":"https:\/\/footdavant.fr\/actualites\/#organization"},"keywords":["Bukayo","danseur","est","rythme","SakaLe"],"articleSection":["Football"],"inLanguage":"fr-FR"},{"@type":"WebPage","@id":"https:\/\/footdavant.fr\/actualites\/bukayo-saka-le-rythme-est-un-danseur\/","url":"https:\/\/footdavant.fr\/actualites\/bukayo-saka-le-rythme-est-un-danseur\/","name":"Bukayo Saka\u00a0:\u00a0Le rythme est un danseur","isPartOf":{"@id":"https:\/\/footdavant.fr\/actualites\/#website"},"datePublished":"2026-02-20T18:48:10+00:00","dateModified":"2026-02-20T18:48:13+00:00","breadcrumb":{"@id":"https:\/\/footdavant.fr\/actualites\/bukayo-saka-le-rythme-est-un-danseur\/#breadcrumb"},"inLanguage":"fr-FR","potentialAction":[{"@type":"ReadAction","target":["https:\/\/footdavant.fr\/actualites\/bukayo-saka-le-rythme-est-un-danseur\/"]}]},{"@type":"BreadcrumbList","@id":"https:\/\/footdavant.fr\/actualites\/bukayo-saka-le-rythme-est-un-danseur\/#breadcrumb","itemListElement":[{"@type":"ListItem","position":1,"name":"Accueil","item":"https:\/\/footdavant.fr\/actualites\/"},{"@type":"ListItem","position":2,"name":"Bukayo Saka\u00a0:\u00a0Le rythme est un danseur"}]},{"@type":"WebSite","@id":"https:\/\/footdavant.fr\/actualites\/#website","url":"https:\/\/footdavant.fr\/actualites\/","name":"Foot d'avant","description":"","publisher":{"@id":"https:\/\/footdavant.fr\/actualites\/#organization"},"potentialAction":[{"@type":"SearchAction","target":{"@type":"EntryPoint","urlTemplate":"https:\/\/footdavant.fr\/actualites\/?s={search_term_string}"},"query-input":"required name=search_term_string"}],"inLanguage":"fr-FR"},{"@type":"Organization","@id":"https:\/\/footdavant.fr\/actualites\/#organization","name":"Foot d'avant","url":"https:\/\/footdavant.fr\/actualites\/","logo":{"@type":"ImageObject","inLanguage":"fr-FR","@id":"https:\/\/footdavant.fr\/actualites\/#\/schema\/logo\/image\/","url":"https:\/\/footdavant.fr\/actualites\/wp-content\/uploads\/2023\/09\/Copy-of-FootDavant-Logo.png","contentUrl":"https:\/\/footdavant.fr\/actualites\/wp-content\/uploads\/2023\/09\/Copy-of-FootDavant-Logo.png","width":936,"height":549,"caption":"Foot d'avant"},"image":{"@id":"https:\/\/footdavant.fr\/actualites\/#\/schema\/logo\/image\/"},"sameAs":["https:\/\/www.facebook.com\/Footdavant\/","https:\/\/twitter.com\/FootdavantFr","https:\/\/www.instagram.com\/footdavant.fr\/"]},{"@type":"Person","@id":"https:\/\/footdavant.fr\/actualites\/#\/schema\/person\/bc222566d95871b37e597b3ed3ba5e1d","name":"Cl\u00e9ment","image":{"@type":"ImageObject","inLanguage":"fr-FR","@id":"https:\/\/footdavant.fr\/actualites\/#\/schema\/person\/image\/","url":"https:\/\/secure.gravatar.com\/avatar\/7728b29aac2719421e1a9159b2254c44?s=96&d=mm&r=g","contentUrl":"https:\/\/secure.gravatar.com\/avatar\/7728b29aac2719421e1a9159b2254c44?s=96&d=mm&r=g","caption":"Cl\u00e9ment"},"sameAs":["https:\/\/footdavant.fr\/"]}]}},"_links":{"self":[{"href":"https:\/\/footdavant.fr\/actualites\/wp-json\/wp\/v2\/posts\/34691"}],"collection":[{"href":"https:\/\/footdavant.fr\/actualites\/wp-json\/wp\/v2\/posts"}],"about":[{"href":"https:\/\/footdavant.fr\/actualites\/wp-json\/wp\/v2\/types\/post"}],"author":[{"embeddable":true,"href":"https:\/\/footdavant.fr\/actualites\/wp-json\/wp\/v2\/users\/1"}],"replies":[{"embeddable":true,"href":"https:\/\/footdavant.fr\/actualites\/wp-json\/wp\/v2\/comments?post=34691"}],"version-history":[{"count":1,"href":"https:\/\/footdavant.fr\/actualites\/wp-json\/wp\/v2\/posts\/34691\/revisions"}],"predecessor-version":[{"id":34693,"href":"https:\/\/footdavant.fr\/actualites\/wp-json\/wp\/v2\/posts\/34691\/revisions\/34693"}],"wp:featuredmedia":[{"embeddable":true,"href":"https:\/\/footdavant.fr\/actualites\/wp-json\/wp\/v2\/media\/34692"}],"wp:attachment":[{"href":"https:\/\/footdavant.fr\/actualites\/wp-json\/wp\/v2\/media?parent=34691"}],"wp:term":[{"taxonomy":"category","embeddable":true,"href":"https:\/\/footdavant.fr\/actualites\/wp-json\/wp\/v2\/categories?post=34691"},{"taxonomy":"post_tag","embeddable":true,"href":"https:\/\/footdavant.fr\/actualites\/wp-json\/wp\/v2\/tags?post=34691"}],"curies":[{"name":"wp","href":"https:\/\/api.w.org\/{rel}","templated":true}]}}