{"id":34694,"date":"2026-02-20T21:48:03","date_gmt":"2026-02-20T20:48:03","guid":{"rendered":"https:\/\/footdavant.fr\/actualites\/composition-darsenal-contre-wolves-xi-prevu-pour-le-choc-de-premier-league\/"},"modified":"2026-02-20T21:48:04","modified_gmt":"2026-02-20T20:48:04","slug":"composition-darsenal-contre-wolves-xi-prevu-pour-le-choc-de-premier-league","status":"publish","type":"post","link":"https:\/\/footdavant.fr\/actualites\/composition-darsenal-contre-wolves-xi-prevu-pour-le-choc-de-premier-league\/","title":{"rendered":"Composition d&#39;Arsenal contre Wolves\u00a0: XI pr\u00e9vu pour le choc de Premier League"},"content":{"rendered":"<div itemprop=\"articleBody\">\n<p style=\"margin-bottom:11px\">Arsenal sera priv\u00e9 d&#39;au moins trois joueurs pour le choc de Premier League de mercredi avec Wolverhampton Wanderers \u00e0 Molineux.<\/p>\n<p style=\"margin-bottom:11px\">Martin Odegaard (genou) et Kai Havertz (muscle) ont \u00e9t\u00e9 exclus par l&#39;entra\u00eeneur-chef Mikel Arteta, mais les deux pourraient \u00eatre aptes \u00e0 revenir dimanche pour le derby du nord de Londres contre Tottenham Hotspur.<\/p>\n<p style=\"margin-bottom:11px\">Mikel Merino (pied) est \u00e9galement absent, tandis que Riccardo Calafiori va \u00ab\u00a0bien\u00a0\u00bb et un appel tardif sera fait pour savoir si le d\u00e9fenseur jouera contre les Wolves apr\u00e8s s&#39;\u00eatre retir\u00e9 de la formation de d\u00e9part peu de temps avant qu&#39;Arsenal ne remporte une victoire 4-0 au quatri\u00e8me tour de la FA Cup contre Wigan dimanche.<\/p>\n<p style=\"margin-bottom:11px\">Ben White sera \u00e9galement \u00e9valu\u00e9 apr\u00e8s avoir ressenti une tension aux ischio-jambiers vers la fin de la victoire contre Wigan, tandis que Max Dowman a \u00e9galement repris l&#39;entra\u00eenement suite \u00e0 une blessure \u00e0 la cheville, mais il reste \u00e0 voir si le joueur de 16 ans sera pris en compte pour une place dans l&#39;\u00e9quipe.<\/p>\n<p style=\"margin-bottom:11px\">Ailleurs, William Saliba s&#39;est remis d&#39;une maladie pour d\u00e9buter et jouer une heure contre Wigan. Le Fran\u00e7ais devrait conserver sa place en d\u00e9fense, avec Jurrien Timber, Gabriel Magalhaes et Piero Hincapie tous pr\u00eats \u00e0 \u00eatre rappel\u00e9s apr\u00e8s s&#39;\u00eatre repos\u00e9s ce week-end.<\/p>\n<p>En l&#39;absence d&#39;Odegaard, Eberechi Eze pourrait \u00eatre charg\u00e9 de fournir l&#39;\u00e9tincelle cr\u00e9ative au milieu de terrain d&#39;Arteta qui devrait inclure Declan Rice et Martin Zubimendi.<\/p>\n<p>Apr\u00e8s s&#39;\u00eatre remis d&#39;un probl\u00e8me \u00e0 la hanche qui l&#39;a contraint \u00e0 rater quatre matchs, Bukayo Saka a remplac\u00e9 Calafiori dans l&#39;Arsenal XI contre Wigan avant d&#39;\u00eatre retir\u00e9 \u00e0 la mi-temps. L&#39;ailier devrait \u00eatre apte \u00e0 repartir du c\u00f4t\u00e9 droit d&#39;une attaque \u00e0 trois.<\/p>\n<p>Cependant, Noni Madueke a marqu\u00e9 lors de ses deux derniers matches \u00e0 l&#39;ext\u00e9rieur en Premier League et a \u00e9galement marqu\u00e9 plus de buts en premi\u00e8re division contre les Wolves que tout autre adversaire, ses quatre buts contre eux repr\u00e9sentant 27% de son total dans la division (4\/15).<\/p>\n<p>Leandro Trossard et Gabriele Martinelli sont deux autres ailiers qui se battent pour un d\u00e9part, tandis que Viktor Gyokeres &#8211; qui a marqu\u00e9 trois buts lors de ses trois derniers matchs en PL &#8211; remplacera probablement Gabriel Jesus en tant qu&#39;attaquant central.<\/p>\n<p>Onze de d\u00e9part possibles d\u2019Arsenal : Raya ; Bois, Saliba, Gabriel, Hincapie ; Riz, Zubimendi, Eze ; Saka, Gyok\u00e8res, Trossard<\/p>\n<p>> Cliquez ici pour voir comment Wolverhampton Wanderers pourrait s&#39;aligner pour ce concours<\/p>\n<\/div>\n","protected":false},"excerpt":{"rendered":"<p>Arsenal sera priv\u00e9 d&#39;au moins trois joueurs pour le choc de Premier League de mercredi avec Wolverhampton Wanderers \u00e0 Molineux. Martin Odegaard (genou) et Kai<\/p>\n","protected":false},"author":1,"featured_media":34695,"comment_status":"closed","ping_status":"","sticky":false,"template":"","format":"standard","meta":{"footnotes":""},"categories":[5],"tags":[332,2291,20,4221,202,51,201,3924,1454],"yoast_head":"<!-- This site is optimized with the Yoast SEO plugin v21.0 - https:\/\/yoast.com\/wordpress\/plugins\/seo\/ -->\n<title>Composition d&#039;Arsenal contre Wolves\u00a0: XI pr\u00e9vu pour le choc de Premier League<\/title>\n<meta name=\"robots\" content=\"index, follow, max-snippet:-1, max-image-preview:large, max-video-preview:-1\" \/>\n<link rel=\"canonical\" href=\"https:\/\/footdavant.fr\/actualites\/composition-darsenal-contre-wolves-xi-prevu-pour-le-choc-de-premier-league\/\" \/>\n<meta property=\"og:locale\" content=\"fr_FR\" \/>\n<meta property=\"og:type\" content=\"article\" \/>\n<meta property=\"og:title\" content=\"Composition d&#039;Arsenal contre Wolves\u00a0: XI pr\u00e9vu pour le choc de Premier League\" \/>\n<meta property=\"og:description\" content=\"Arsenal sera priv\u00e9 d&#039;au moins trois joueurs pour le choc de Premier League de mercredi avec Wolverhampton Wanderers \u00e0 Molineux. Martin Odegaard (genou) et Kai\" \/>\n<meta property=\"og:url\" content=\"https:\/\/footdavant.fr\/actualites\/composition-darsenal-contre-wolves-xi-prevu-pour-le-choc-de-premier-league\/\" \/>\n<meta property=\"og:site_name\" content=\"Foot d&#039;avant\" \/>\n<meta property=\"article:publisher\" content=\"https:\/\/www.facebook.com\/Footdavant\/\" \/>\n<meta property=\"article:published_time\" content=\"2026-02-20T20:48:03+00:00\" \/>\n<meta property=\"article:modified_time\" content=\"2026-02-20T20:48:04+00:00\" \/>\n<meta property=\"og:image\" content=\"https:\/\/footdavant.fr\/actualites\/wp-content\/uploads\/2026\/02\/Composition-d39Arsenal-contre-Wolves-XI-prevu-pour-le-choc-de.net2Fuploads2F20262F012Fcalafiori-2-6961.webp\" \/>\n\t<meta property=\"og:image:width\" content=\"720\" \/>\n\t<meta property=\"og:image:height\" content=\"410\" \/>\n\t<meta property=\"og:image:type\" content=\"image\/webp\" \/>\n<meta name=\"author\" content=\"Cl\u00e9ment\" \/>\n<meta name=\"twitter:card\" content=\"summary_large_image\" \/>\n<meta name=\"twitter:creator\" content=\"@FootdavantFr\" \/>\n<meta name=\"twitter:site\" content=\"@FootdavantFr\" \/>\n<meta name=\"twitter:label1\" content=\"\u00c9crit par\" \/>\n\t<meta name=\"twitter:data1\" content=\"Cl\u00e9ment\" \/>\n\t<meta name=\"twitter:label2\" content=\"Dur\u00e9e de lecture estim\u00e9e\" \/>\n\t<meta name=\"twitter:data2\" content=\"2 minutes\" \/>\n<script type=\"application\/ld+json\" class=\"yoast-schema-graph\">{\"@context\":\"https:\/\/schema.org\",\"@graph\":[{\"@type\":\"Article\",\"@id\":\"https:\/\/footdavant.fr\/actualites\/composition-darsenal-contre-wolves-xi-prevu-pour-le-choc-de-premier-league\/#article\",\"isPartOf\":{\"@id\":\"https:\/\/footdavant.fr\/actualites\/composition-darsenal-contre-wolves-xi-prevu-pour-le-choc-de-premier-league\/\"},\"author\":{\"name\":\"Cl\u00e9ment\",\"@id\":\"https:\/\/footdavant.fr\/actualites\/#\/schema\/person\/bc222566d95871b37e597b3ed3ba5e1d\"},\"headline\":\"Composition d&#39;Arsenal contre Wolves\u00a0: XI pr\u00e9vu pour le choc de Premier League\",\"datePublished\":\"2026-02-20T20:48:03+00:00\",\"dateModified\":\"2026-02-20T20:48:04+00:00\",\"mainEntityOfPage\":{\"@id\":\"https:\/\/footdavant.fr\/actualites\/composition-darsenal-contre-wolves-xi-prevu-pour-le-choc-de-premier-league\/\"},\"wordCount\":437,\"publisher\":{\"@id\":\"https:\/\/footdavant.fr\/actualites\/#organization\"},\"keywords\":[\"choc\",\"composition\",\"contre\",\"d39Arsenal\",\"League\",\"pour\",\"Premier\",\"pr\u00e9vu\",\"Wolves\"],\"articleSection\":[\"Premier League\"],\"inLanguage\":\"fr-FR\"},{\"@type\":\"WebPage\",\"@id\":\"https:\/\/footdavant.fr\/actualites\/composition-darsenal-contre-wolves-xi-prevu-pour-le-choc-de-premier-league\/\",\"url\":\"https:\/\/footdavant.fr\/actualites\/composition-darsenal-contre-wolves-xi-prevu-pour-le-choc-de-premier-league\/\",\"name\":\"Composition d&#39;Arsenal contre Wolves\u00a0: XI pr\u00e9vu pour le choc de Premier League\",\"isPartOf\":{\"@id\":\"https:\/\/footdavant.fr\/actualites\/#website\"},\"datePublished\":\"2026-02-20T20:48:03+00:00\",\"dateModified\":\"2026-02-20T20:48:04+00:00\",\"breadcrumb\":{\"@id\":\"https:\/\/footdavant.fr\/actualites\/composition-darsenal-contre-wolves-xi-prevu-pour-le-choc-de-premier-league\/#breadcrumb\"},\"inLanguage\":\"fr-FR\",\"potentialAction\":[{\"@type\":\"ReadAction\",\"target\":[\"https:\/\/footdavant.fr\/actualites\/composition-darsenal-contre-wolves-xi-prevu-pour-le-choc-de-premier-league\/\"]}]},{\"@type\":\"BreadcrumbList\",\"@id\":\"https:\/\/footdavant.fr\/actualites\/composition-darsenal-contre-wolves-xi-prevu-pour-le-choc-de-premier-league\/#breadcrumb\",\"itemListElement\":[{\"@type\":\"ListItem\",\"position\":1,\"name\":\"Accueil\",\"item\":\"https:\/\/footdavant.fr\/actualites\/\"},{\"@type\":\"ListItem\",\"position\":2,\"name\":\"Composition d&#39;Arsenal contre Wolves\u00a0: XI pr\u00e9vu pour le choc de Premier League\"}]},{\"@type\":\"WebSite\",\"@id\":\"https:\/\/footdavant.fr\/actualites\/#website\",\"url\":\"https:\/\/footdavant.fr\/actualites\/\",\"name\":\"Foot d'avant\",\"description\":\"\",\"publisher\":{\"@id\":\"https:\/\/footdavant.fr\/actualites\/#organization\"},\"potentialAction\":[{\"@type\":\"SearchAction\",\"target\":{\"@type\":\"EntryPoint\",\"urlTemplate\":\"https:\/\/footdavant.fr\/actualites\/?s={search_term_string}\"},\"query-input\":\"required name=search_term_string\"}],\"inLanguage\":\"fr-FR\"},{\"@type\":\"Organization\",\"@id\":\"https:\/\/footdavant.fr\/actualites\/#organization\",\"name\":\"Foot d'avant\",\"url\":\"https:\/\/footdavant.fr\/actualites\/\",\"logo\":{\"@type\":\"ImageObject\",\"inLanguage\":\"fr-FR\",\"@id\":\"https:\/\/footdavant.fr\/actualites\/#\/schema\/logo\/image\/\",\"url\":\"https:\/\/footdavant.fr\/actualites\/wp-content\/uploads\/2023\/09\/Copy-of-FootDavant-Logo.png\",\"contentUrl\":\"https:\/\/footdavant.fr\/actualites\/wp-content\/uploads\/2023\/09\/Copy-of-FootDavant-Logo.png\",\"width\":936,\"height\":549,\"caption\":\"Foot d'avant\"},\"image\":{\"@id\":\"https:\/\/footdavant.fr\/actualites\/#\/schema\/logo\/image\/\"},\"sameAs\":[\"https:\/\/www.facebook.com\/Footdavant\/\",\"https:\/\/twitter.com\/FootdavantFr\",\"https:\/\/www.instagram.com\/footdavant.fr\/\"]},{\"@type\":\"Person\",\"@id\":\"https:\/\/footdavant.fr\/actualites\/#\/schema\/person\/bc222566d95871b37e597b3ed3ba5e1d\",\"name\":\"Cl\u00e9ment\",\"image\":{\"@type\":\"ImageObject\",\"inLanguage\":\"fr-FR\",\"@id\":\"https:\/\/footdavant.fr\/actualites\/#\/schema\/person\/image\/\",\"url\":\"https:\/\/secure.gravatar.com\/avatar\/7728b29aac2719421e1a9159b2254c44?s=96&d=mm&r=g\",\"contentUrl\":\"https:\/\/secure.gravatar.com\/avatar\/7728b29aac2719421e1a9159b2254c44?s=96&d=mm&r=g\",\"caption\":\"Cl\u00e9ment\"},\"sameAs\":[\"https:\/\/footdavant.fr\/\"]}]}<\/script>\n<!-- \/ Yoast SEO plugin. -->","yoast_head_json":{"title":"Composition d&#39;Arsenal contre Wolves\u00a0: XI pr\u00e9vu pour le choc de Premier League","robots":{"index":"index","follow":"follow","max-snippet":"max-snippet:-1","max-image-preview":"max-image-preview:large","max-video-preview":"max-video-preview:-1"},"canonical":"https:\/\/footdavant.fr\/actualites\/composition-darsenal-contre-wolves-xi-prevu-pour-le-choc-de-premier-league\/","og_locale":"fr_FR","og_type":"article","og_title":"Composition d&#39;Arsenal contre Wolves\u00a0: XI pr\u00e9vu pour le choc de Premier League","og_description":"Arsenal sera priv\u00e9 d&#39;au moins trois joueurs pour le choc de Premier League de mercredi avec Wolverhampton Wanderers \u00e0 Molineux. Martin Odegaard (genou) et Kai","og_url":"https:\/\/footdavant.fr\/actualites\/composition-darsenal-contre-wolves-xi-prevu-pour-le-choc-de-premier-league\/","og_site_name":"Foot d&#039;avant","article_publisher":"https:\/\/www.facebook.com\/Footdavant\/","article_published_time":"2026-02-20T20:48:03+00:00","article_modified_time":"2026-02-20T20:48:04+00:00","og_image":[{"width":720,"height":410,"url":"https:\/\/footdavant.fr\/actualites\/wp-content\/uploads\/2026\/02\/Composition-d39Arsenal-contre-Wolves-XI-prevu-pour-le-choc-de.net2Fuploads2F20262F012Fcalafiori-2-6961.webp","type":"image\/webp"}],"author":"Cl\u00e9ment","twitter_card":"summary_large_image","twitter_creator":"@FootdavantFr","twitter_site":"@FootdavantFr","twitter_misc":{"\u00c9crit par":"Cl\u00e9ment","Dur\u00e9e de lecture estim\u00e9e":"2 minutes"},"schema":{"@context":"https:\/\/schema.org","@graph":[{"@type":"Article","@id":"https:\/\/footdavant.fr\/actualites\/composition-darsenal-contre-wolves-xi-prevu-pour-le-choc-de-premier-league\/#article","isPartOf":{"@id":"https:\/\/footdavant.fr\/actualites\/composition-darsenal-contre-wolves-xi-prevu-pour-le-choc-de-premier-league\/"},"author":{"name":"Cl\u00e9ment","@id":"https:\/\/footdavant.fr\/actualites\/#\/schema\/person\/bc222566d95871b37e597b3ed3ba5e1d"},"headline":"Composition d&#39;Arsenal contre Wolves\u00a0: XI pr\u00e9vu pour le choc de Premier League","datePublished":"2026-02-20T20:48:03+00:00","dateModified":"2026-02-20T20:48:04+00:00","mainEntityOfPage":{"@id":"https:\/\/footdavant.fr\/actualites\/composition-darsenal-contre-wolves-xi-prevu-pour-le-choc-de-premier-league\/"},"wordCount":437,"publisher":{"@id":"https:\/\/footdavant.fr\/actualites\/#organization"},"keywords":["choc","composition","contre","d39Arsenal","League","pour","Premier","pr\u00e9vu","Wolves"],"articleSection":["Premier League"],"inLanguage":"fr-FR"},{"@type":"WebPage","@id":"https:\/\/footdavant.fr\/actualites\/composition-darsenal-contre-wolves-xi-prevu-pour-le-choc-de-premier-league\/","url":"https:\/\/footdavant.fr\/actualites\/composition-darsenal-contre-wolves-xi-prevu-pour-le-choc-de-premier-league\/","name":"Composition d&#39;Arsenal contre Wolves\u00a0: XI pr\u00e9vu pour le choc de Premier League","isPartOf":{"@id":"https:\/\/footdavant.fr\/actualites\/#website"},"datePublished":"2026-02-20T20:48:03+00:00","dateModified":"2026-02-20T20:48:04+00:00","breadcrumb":{"@id":"https:\/\/footdavant.fr\/actualites\/composition-darsenal-contre-wolves-xi-prevu-pour-le-choc-de-premier-league\/#breadcrumb"},"inLanguage":"fr-FR","potentialAction":[{"@type":"ReadAction","target":["https:\/\/footdavant.fr\/actualites\/composition-darsenal-contre-wolves-xi-prevu-pour-le-choc-de-premier-league\/"]}]},{"@type":"BreadcrumbList","@id":"https:\/\/footdavant.fr\/actualites\/composition-darsenal-contre-wolves-xi-prevu-pour-le-choc-de-premier-league\/#breadcrumb","itemListElement":[{"@type":"ListItem","position":1,"name":"Accueil","item":"https:\/\/footdavant.fr\/actualites\/"},{"@type":"ListItem","position":2,"name":"Composition d&#39;Arsenal contre Wolves\u00a0: XI pr\u00e9vu pour le choc de Premier League"}]},{"@type":"WebSite","@id":"https:\/\/footdavant.fr\/actualites\/#website","url":"https:\/\/footdavant.fr\/actualites\/","name":"Foot d'avant","description":"","publisher":{"@id":"https:\/\/footdavant.fr\/actualites\/#organization"},"potentialAction":[{"@type":"SearchAction","target":{"@type":"EntryPoint","urlTemplate":"https:\/\/footdavant.fr\/actualites\/?s={search_term_string}"},"query-input":"required name=search_term_string"}],"inLanguage":"fr-FR"},{"@type":"Organization","@id":"https:\/\/footdavant.fr\/actualites\/#organization","name":"Foot d'avant","url":"https:\/\/footdavant.fr\/actualites\/","logo":{"@type":"ImageObject","inLanguage":"fr-FR","@id":"https:\/\/footdavant.fr\/actualites\/#\/schema\/logo\/image\/","url":"https:\/\/footdavant.fr\/actualites\/wp-content\/uploads\/2023\/09\/Copy-of-FootDavant-Logo.png","contentUrl":"https:\/\/footdavant.fr\/actualites\/wp-content\/uploads\/2023\/09\/Copy-of-FootDavant-Logo.png","width":936,"height":549,"caption":"Foot d'avant"},"image":{"@id":"https:\/\/footdavant.fr\/actualites\/#\/schema\/logo\/image\/"},"sameAs":["https:\/\/www.facebook.com\/Footdavant\/","https:\/\/twitter.com\/FootdavantFr","https:\/\/www.instagram.com\/footdavant.fr\/"]},{"@type":"Person","@id":"https:\/\/footdavant.fr\/actualites\/#\/schema\/person\/bc222566d95871b37e597b3ed3ba5e1d","name":"Cl\u00e9ment","image":{"@type":"ImageObject","inLanguage":"fr-FR","@id":"https:\/\/footdavant.fr\/actualites\/#\/schema\/person\/image\/","url":"https:\/\/secure.gravatar.com\/avatar\/7728b29aac2719421e1a9159b2254c44?s=96&d=mm&r=g","contentUrl":"https:\/\/secure.gravatar.com\/avatar\/7728b29aac2719421e1a9159b2254c44?s=96&d=mm&r=g","caption":"Cl\u00e9ment"},"sameAs":["https:\/\/footdavant.fr\/"]}]}},"_links":{"self":[{"href":"https:\/\/footdavant.fr\/actualites\/wp-json\/wp\/v2\/posts\/34694"}],"collection":[{"href":"https:\/\/footdavant.fr\/actualites\/wp-json\/wp\/v2\/posts"}],"about":[{"href":"https:\/\/footdavant.fr\/actualites\/wp-json\/wp\/v2\/types\/post"}],"author":[{"embeddable":true,"href":"https:\/\/footdavant.fr\/actualites\/wp-json\/wp\/v2\/users\/1"}],"replies":[{"embeddable":true,"href":"https:\/\/footdavant.fr\/actualites\/wp-json\/wp\/v2\/comments?post=34694"}],"version-history":[{"count":1,"href":"https:\/\/footdavant.fr\/actualites\/wp-json\/wp\/v2\/posts\/34694\/revisions"}],"predecessor-version":[{"id":34696,"href":"https:\/\/footdavant.fr\/actualites\/wp-json\/wp\/v2\/posts\/34694\/revisions\/34696"}],"wp:featuredmedia":[{"embeddable":true,"href":"https:\/\/footdavant.fr\/actualites\/wp-json\/wp\/v2\/media\/34695"}],"wp:attachment":[{"href":"https:\/\/footdavant.fr\/actualites\/wp-json\/wp\/v2\/media?parent=34694"}],"wp:term":[{"taxonomy":"category","embeddable":true,"href":"https:\/\/footdavant.fr\/actualites\/wp-json\/wp\/v2\/categories?post=34694"},{"taxonomy":"post_tag","embeddable":true,"href":"https:\/\/footdavant.fr\/actualites\/wp-json\/wp\/v2\/tags?post=34694"}],"curies":[{"name":"wp","href":"https:\/\/api.w.org\/{rel}","templated":true}]}}