{"id":34700,"date":"2026-02-21T01:48:11","date_gmt":"2026-02-21T00:48:11","guid":{"rendered":"https:\/\/footdavant.fr\/actualites\/composition-des-wolves-contre-arsenal-xi-prevu-pour-le-choc-de-la-premier-league\/"},"modified":"2026-02-21T01:48:12","modified_gmt":"2026-02-21T00:48:12","slug":"composition-des-wolves-contre-arsenal-xi-prevu-pour-le-choc-de-la-premier-league","status":"publish","type":"post","link":"https:\/\/footdavant.fr\/actualites\/composition-des-wolves-contre-arsenal-xi-prevu-pour-le-choc-de-la-premier-league\/","title":{"rendered":"Composition des Wolves contre Arsenal\u00a0: XI pr\u00e9vu pour le choc de la Premier League"},"content":{"rendered":"<div itemprop=\"articleBody\">\n<p style=\"margin-bottom:11px\">Les Wolverhampton Wanderers devraient se retrouver priv\u00e9s de seulement deux joueurs pour le choc de mercredi en Premier League contre le leader Arsenal \u00e0 Molineux.<\/p>\n<p>Hwang Hee-Chan est absent pour plusieurs semaines en raison d&#39;une blessure au mollet, tandis que ce match contre les Gunners arrivera trop t\u00f4t pour Toti Gomes, qui est absent en raison d&#39;une blessure aux ischio-jambiers depuis qu&#39;il a particip\u00e9 \u00e0 la d\u00e9faite 2-1 des Old Gold \u00e0 l&#39;Emirates Stadium en d\u00e9cembre.<\/p>\n<p>L&#39;entra\u00eeneur-chef Rob Edwards n&#39;a effectu\u00e9 qu&#39;un seul remplacement lors de la mince victoire 1-0 de dimanche contre Grimsby Town au quatri\u00e8me tour de la FA Cup &#8211; et c&#39;\u00e9tait \u00e0 la 89e minute &#8211; il pourrait donc envisager de rafra\u00eechir son alignement \u00e0 quelques postes.<\/p>\n<p>Le gardien de but Jose Sa a effectu\u00e9 10 arr\u00eats pour aider les Wolves \u00e0 garder leur cage inviol\u00e9e lors d&#39;un match nul 0-0 en Premier League \u00e0 Nottingham Forest la semaine derni\u00e8re et il devrait remplacer Sam Johnstone entre les b\u00e2tons.<\/p>\n<p>Santiago Bueno, qui a marqu\u00e9 le seul but de la victoire des Wolves \u00e0 Grimsby, devrait continuer dans une d\u00e9fense \u00e0 trois aux c\u00f4t\u00e9s de Yerson Mosquera et Ladislav Krejci, tandis que Rodrigo Gomes et Hugo Bueno pourraient \u00eatre rappel\u00e9s pour op\u00e9rer en tant qu&#39;ailiers.<\/p>\n<p>Andre \u00e9tait apte \u00e0 commencer et a jou\u00e9 pendant 89 minutes contre Grimsby apr\u00e8s avoir rat\u00e9 les deux matchs pr\u00e9c\u00e9dents en raison d&#39;une blessure. Le Br\u00e9silien est en lice pour repartir au milieu de terrain aux c\u00f4t\u00e9s de Joao Gomes et Mateus Mane, mais il fera face \u00e0 la concurrence \u00e0 partir de janvier en signant Angel Gomes.<\/p>\n<p>Tolu Arokodare a marqu\u00e9 lors du match inverse contre Arsenal \u2013 l&#39;un des deux seuls buts de Premier League en 22 matchs cette saison \u2013 et il devrait continuer en attaque avec la nouvelle recrue Adam Armstrong.<\/p>\n<p>Onze de d\u00e9part possibles des Wolverhampton Wanderers : Sa ; Mosquera, S. Bueno, Krejci; R. Gomes, A. Gomes, Man\u00e9, J. Gomes, H. Bueno\u00a0; Armstrong, Arokodare<\/p>\n<p>> Cliquez ici pour voir comment Arsenal pourrait s&#39;aligner pour ce concours<\/p>\n<\/div>\n","protected":false},"excerpt":{"rendered":"<p>Les Wolverhampton Wanderers devraient se retrouver priv\u00e9s de seulement deux joueurs pour le choc de mercredi en Premier League contre le leader Arsenal \u00e0 Molineux.<\/p>\n","protected":false},"author":1,"featured_media":34701,"comment_status":"closed","ping_status":"","sticky":false,"template":"","format":"standard","meta":{"footnotes":""},"categories":[5],"tags":[67,332,2291,20,12,202,51,201,3924,1454],"yoast_head":"<!-- This site is optimized with the Yoast SEO plugin v21.0 - https:\/\/yoast.com\/wordpress\/plugins\/seo\/ -->\n<title>Composition des Wolves contre Arsenal\u00a0: XI pr\u00e9vu pour le choc de la Premier League<\/title>\n<meta name=\"robots\" content=\"index, follow, max-snippet:-1, max-image-preview:large, max-video-preview:-1\" \/>\n<link rel=\"canonical\" href=\"https:\/\/footdavant.fr\/actualites\/composition-des-wolves-contre-arsenal-xi-prevu-pour-le-choc-de-la-premier-league\/\" \/>\n<meta property=\"og:locale\" content=\"fr_FR\" \/>\n<meta property=\"og:type\" content=\"article\" \/>\n<meta property=\"og:title\" content=\"Composition des Wolves contre Arsenal\u00a0: XI pr\u00e9vu pour le choc de la Premier League\" \/>\n<meta property=\"og:description\" content=\"Les Wolverhampton Wanderers devraient se retrouver priv\u00e9s de seulement deux joueurs pour le choc de mercredi en Premier League contre le leader Arsenal \u00e0 Molineux.\" \/>\n<meta property=\"og:url\" content=\"https:\/\/footdavant.fr\/actualites\/composition-des-wolves-contre-arsenal-xi-prevu-pour-le-choc-de-la-premier-league\/\" \/>\n<meta property=\"og:site_name\" content=\"Foot d&#039;avant\" \/>\n<meta property=\"article:publisher\" content=\"https:\/\/www.facebook.com\/Footdavant\/\" \/>\n<meta property=\"article:published_time\" content=\"2026-02-21T00:48:11+00:00\" \/>\n<meta property=\"article:modified_time\" content=\"2026-02-21T00:48:12+00:00\" \/>\n<meta property=\"og:image\" content=\"https:\/\/footdavant.fr\/actualites\/wp-content\/uploads\/2026\/02\/Composition-des-Wolves-contre-Arsenal-XI-prevu-pour-le-choc.net2Fuploads2F20252F112Fgomes-691b6fd54c.webp\" \/>\n\t<meta property=\"og:image:width\" content=\"720\" \/>\n\t<meta property=\"og:image:height\" content=\"410\" \/>\n\t<meta property=\"og:image:type\" content=\"image\/webp\" \/>\n<meta name=\"author\" content=\"Cl\u00e9ment\" \/>\n<meta name=\"twitter:card\" content=\"summary_large_image\" \/>\n<meta name=\"twitter:creator\" content=\"@FootdavantFr\" \/>\n<meta name=\"twitter:site\" content=\"@FootdavantFr\" \/>\n<meta name=\"twitter:label1\" content=\"\u00c9crit par\" \/>\n\t<meta name=\"twitter:data1\" content=\"Cl\u00e9ment\" \/>\n\t<meta name=\"twitter:label2\" content=\"Dur\u00e9e de lecture estim\u00e9e\" \/>\n\t<meta name=\"twitter:data2\" content=\"2 minutes\" \/>\n<script type=\"application\/ld+json\" class=\"yoast-schema-graph\">{\"@context\":\"https:\/\/schema.org\",\"@graph\":[{\"@type\":\"Article\",\"@id\":\"https:\/\/footdavant.fr\/actualites\/composition-des-wolves-contre-arsenal-xi-prevu-pour-le-choc-de-la-premier-league\/#article\",\"isPartOf\":{\"@id\":\"https:\/\/footdavant.fr\/actualites\/composition-des-wolves-contre-arsenal-xi-prevu-pour-le-choc-de-la-premier-league\/\"},\"author\":{\"name\":\"Cl\u00e9ment\",\"@id\":\"https:\/\/footdavant.fr\/actualites\/#\/schema\/person\/bc222566d95871b37e597b3ed3ba5e1d\"},\"headline\":\"Composition des Wolves contre Arsenal\u00a0: XI pr\u00e9vu pour le choc de la Premier League\",\"datePublished\":\"2026-02-21T00:48:11+00:00\",\"dateModified\":\"2026-02-21T00:48:12+00:00\",\"mainEntityOfPage\":{\"@id\":\"https:\/\/footdavant.fr\/actualites\/composition-des-wolves-contre-arsenal-xi-prevu-pour-le-choc-de-la-premier-league\/\"},\"wordCount\":371,\"publisher\":{\"@id\":\"https:\/\/footdavant.fr\/actualites\/#organization\"},\"keywords\":[\"Arsenal\",\"choc\",\"composition\",\"contre\",\"des\",\"League\",\"pour\",\"Premier\",\"pr\u00e9vu\",\"Wolves\"],\"articleSection\":[\"Premier League\"],\"inLanguage\":\"fr-FR\"},{\"@type\":\"WebPage\",\"@id\":\"https:\/\/footdavant.fr\/actualites\/composition-des-wolves-contre-arsenal-xi-prevu-pour-le-choc-de-la-premier-league\/\",\"url\":\"https:\/\/footdavant.fr\/actualites\/composition-des-wolves-contre-arsenal-xi-prevu-pour-le-choc-de-la-premier-league\/\",\"name\":\"Composition des Wolves contre Arsenal\u00a0: XI pr\u00e9vu pour le choc de la Premier League\",\"isPartOf\":{\"@id\":\"https:\/\/footdavant.fr\/actualites\/#website\"},\"datePublished\":\"2026-02-21T00:48:11+00:00\",\"dateModified\":\"2026-02-21T00:48:12+00:00\",\"breadcrumb\":{\"@id\":\"https:\/\/footdavant.fr\/actualites\/composition-des-wolves-contre-arsenal-xi-prevu-pour-le-choc-de-la-premier-league\/#breadcrumb\"},\"inLanguage\":\"fr-FR\",\"potentialAction\":[{\"@type\":\"ReadAction\",\"target\":[\"https:\/\/footdavant.fr\/actualites\/composition-des-wolves-contre-arsenal-xi-prevu-pour-le-choc-de-la-premier-league\/\"]}]},{\"@type\":\"BreadcrumbList\",\"@id\":\"https:\/\/footdavant.fr\/actualites\/composition-des-wolves-contre-arsenal-xi-prevu-pour-le-choc-de-la-premier-league\/#breadcrumb\",\"itemListElement\":[{\"@type\":\"ListItem\",\"position\":1,\"name\":\"Accueil\",\"item\":\"https:\/\/footdavant.fr\/actualites\/\"},{\"@type\":\"ListItem\",\"position\":2,\"name\":\"Composition des Wolves contre Arsenal\u00a0: XI pr\u00e9vu pour le choc de la Premier League\"}]},{\"@type\":\"WebSite\",\"@id\":\"https:\/\/footdavant.fr\/actualites\/#website\",\"url\":\"https:\/\/footdavant.fr\/actualites\/\",\"name\":\"Foot d'avant\",\"description\":\"\",\"publisher\":{\"@id\":\"https:\/\/footdavant.fr\/actualites\/#organization\"},\"potentialAction\":[{\"@type\":\"SearchAction\",\"target\":{\"@type\":\"EntryPoint\",\"urlTemplate\":\"https:\/\/footdavant.fr\/actualites\/?s={search_term_string}\"},\"query-input\":\"required name=search_term_string\"}],\"inLanguage\":\"fr-FR\"},{\"@type\":\"Organization\",\"@id\":\"https:\/\/footdavant.fr\/actualites\/#organization\",\"name\":\"Foot d'avant\",\"url\":\"https:\/\/footdavant.fr\/actualites\/\",\"logo\":{\"@type\":\"ImageObject\",\"inLanguage\":\"fr-FR\",\"@id\":\"https:\/\/footdavant.fr\/actualites\/#\/schema\/logo\/image\/\",\"url\":\"https:\/\/footdavant.fr\/actualites\/wp-content\/uploads\/2023\/09\/Copy-of-FootDavant-Logo.png\",\"contentUrl\":\"https:\/\/footdavant.fr\/actualites\/wp-content\/uploads\/2023\/09\/Copy-of-FootDavant-Logo.png\",\"width\":936,\"height\":549,\"caption\":\"Foot d'avant\"},\"image\":{\"@id\":\"https:\/\/footdavant.fr\/actualites\/#\/schema\/logo\/image\/\"},\"sameAs\":[\"https:\/\/www.facebook.com\/Footdavant\/\",\"https:\/\/twitter.com\/FootdavantFr\",\"https:\/\/www.instagram.com\/footdavant.fr\/\"]},{\"@type\":\"Person\",\"@id\":\"https:\/\/footdavant.fr\/actualites\/#\/schema\/person\/bc222566d95871b37e597b3ed3ba5e1d\",\"name\":\"Cl\u00e9ment\",\"image\":{\"@type\":\"ImageObject\",\"inLanguage\":\"fr-FR\",\"@id\":\"https:\/\/footdavant.fr\/actualites\/#\/schema\/person\/image\/\",\"url\":\"https:\/\/secure.gravatar.com\/avatar\/7728b29aac2719421e1a9159b2254c44?s=96&d=mm&r=g\",\"contentUrl\":\"https:\/\/secure.gravatar.com\/avatar\/7728b29aac2719421e1a9159b2254c44?s=96&d=mm&r=g\",\"caption\":\"Cl\u00e9ment\"},\"sameAs\":[\"https:\/\/footdavant.fr\/\"]}]}<\/script>\n<!-- \/ Yoast SEO plugin. -->","yoast_head_json":{"title":"Composition des Wolves contre Arsenal\u00a0: XI pr\u00e9vu pour le choc de la Premier League","robots":{"index":"index","follow":"follow","max-snippet":"max-snippet:-1","max-image-preview":"max-image-preview:large","max-video-preview":"max-video-preview:-1"},"canonical":"https:\/\/footdavant.fr\/actualites\/composition-des-wolves-contre-arsenal-xi-prevu-pour-le-choc-de-la-premier-league\/","og_locale":"fr_FR","og_type":"article","og_title":"Composition des Wolves contre Arsenal\u00a0: XI pr\u00e9vu pour le choc de la Premier League","og_description":"Les Wolverhampton Wanderers devraient se retrouver priv\u00e9s de seulement deux joueurs pour le choc de mercredi en Premier League contre le leader Arsenal \u00e0 Molineux.","og_url":"https:\/\/footdavant.fr\/actualites\/composition-des-wolves-contre-arsenal-xi-prevu-pour-le-choc-de-la-premier-league\/","og_site_name":"Foot d&#039;avant","article_publisher":"https:\/\/www.facebook.com\/Footdavant\/","article_published_time":"2026-02-21T00:48:11+00:00","article_modified_time":"2026-02-21T00:48:12+00:00","og_image":[{"width":720,"height":410,"url":"https:\/\/footdavant.fr\/actualites\/wp-content\/uploads\/2026\/02\/Composition-des-Wolves-contre-Arsenal-XI-prevu-pour-le-choc.net2Fuploads2F20252F112Fgomes-691b6fd54c.webp","type":"image\/webp"}],"author":"Cl\u00e9ment","twitter_card":"summary_large_image","twitter_creator":"@FootdavantFr","twitter_site":"@FootdavantFr","twitter_misc":{"\u00c9crit par":"Cl\u00e9ment","Dur\u00e9e de lecture estim\u00e9e":"2 minutes"},"schema":{"@context":"https:\/\/schema.org","@graph":[{"@type":"Article","@id":"https:\/\/footdavant.fr\/actualites\/composition-des-wolves-contre-arsenal-xi-prevu-pour-le-choc-de-la-premier-league\/#article","isPartOf":{"@id":"https:\/\/footdavant.fr\/actualites\/composition-des-wolves-contre-arsenal-xi-prevu-pour-le-choc-de-la-premier-league\/"},"author":{"name":"Cl\u00e9ment","@id":"https:\/\/footdavant.fr\/actualites\/#\/schema\/person\/bc222566d95871b37e597b3ed3ba5e1d"},"headline":"Composition des Wolves contre Arsenal\u00a0: XI pr\u00e9vu pour le choc de la Premier League","datePublished":"2026-02-21T00:48:11+00:00","dateModified":"2026-02-21T00:48:12+00:00","mainEntityOfPage":{"@id":"https:\/\/footdavant.fr\/actualites\/composition-des-wolves-contre-arsenal-xi-prevu-pour-le-choc-de-la-premier-league\/"},"wordCount":371,"publisher":{"@id":"https:\/\/footdavant.fr\/actualites\/#organization"},"keywords":["Arsenal","choc","composition","contre","des","League","pour","Premier","pr\u00e9vu","Wolves"],"articleSection":["Premier League"],"inLanguage":"fr-FR"},{"@type":"WebPage","@id":"https:\/\/footdavant.fr\/actualites\/composition-des-wolves-contre-arsenal-xi-prevu-pour-le-choc-de-la-premier-league\/","url":"https:\/\/footdavant.fr\/actualites\/composition-des-wolves-contre-arsenal-xi-prevu-pour-le-choc-de-la-premier-league\/","name":"Composition des Wolves contre Arsenal\u00a0: XI pr\u00e9vu pour le choc de la Premier League","isPartOf":{"@id":"https:\/\/footdavant.fr\/actualites\/#website"},"datePublished":"2026-02-21T00:48:11+00:00","dateModified":"2026-02-21T00:48:12+00:00","breadcrumb":{"@id":"https:\/\/footdavant.fr\/actualites\/composition-des-wolves-contre-arsenal-xi-prevu-pour-le-choc-de-la-premier-league\/#breadcrumb"},"inLanguage":"fr-FR","potentialAction":[{"@type":"ReadAction","target":["https:\/\/footdavant.fr\/actualites\/composition-des-wolves-contre-arsenal-xi-prevu-pour-le-choc-de-la-premier-league\/"]}]},{"@type":"BreadcrumbList","@id":"https:\/\/footdavant.fr\/actualites\/composition-des-wolves-contre-arsenal-xi-prevu-pour-le-choc-de-la-premier-league\/#breadcrumb","itemListElement":[{"@type":"ListItem","position":1,"name":"Accueil","item":"https:\/\/footdavant.fr\/actualites\/"},{"@type":"ListItem","position":2,"name":"Composition des Wolves contre Arsenal\u00a0: XI pr\u00e9vu pour le choc de la Premier League"}]},{"@type":"WebSite","@id":"https:\/\/footdavant.fr\/actualites\/#website","url":"https:\/\/footdavant.fr\/actualites\/","name":"Foot d'avant","description":"","publisher":{"@id":"https:\/\/footdavant.fr\/actualites\/#organization"},"potentialAction":[{"@type":"SearchAction","target":{"@type":"EntryPoint","urlTemplate":"https:\/\/footdavant.fr\/actualites\/?s={search_term_string}"},"query-input":"required name=search_term_string"}],"inLanguage":"fr-FR"},{"@type":"Organization","@id":"https:\/\/footdavant.fr\/actualites\/#organization","name":"Foot d'avant","url":"https:\/\/footdavant.fr\/actualites\/","logo":{"@type":"ImageObject","inLanguage":"fr-FR","@id":"https:\/\/footdavant.fr\/actualites\/#\/schema\/logo\/image\/","url":"https:\/\/footdavant.fr\/actualites\/wp-content\/uploads\/2023\/09\/Copy-of-FootDavant-Logo.png","contentUrl":"https:\/\/footdavant.fr\/actualites\/wp-content\/uploads\/2023\/09\/Copy-of-FootDavant-Logo.png","width":936,"height":549,"caption":"Foot d'avant"},"image":{"@id":"https:\/\/footdavant.fr\/actualites\/#\/schema\/logo\/image\/"},"sameAs":["https:\/\/www.facebook.com\/Footdavant\/","https:\/\/twitter.com\/FootdavantFr","https:\/\/www.instagram.com\/footdavant.fr\/"]},{"@type":"Person","@id":"https:\/\/footdavant.fr\/actualites\/#\/schema\/person\/bc222566d95871b37e597b3ed3ba5e1d","name":"Cl\u00e9ment","image":{"@type":"ImageObject","inLanguage":"fr-FR","@id":"https:\/\/footdavant.fr\/actualites\/#\/schema\/person\/image\/","url":"https:\/\/secure.gravatar.com\/avatar\/7728b29aac2719421e1a9159b2254c44?s=96&d=mm&r=g","contentUrl":"https:\/\/secure.gravatar.com\/avatar\/7728b29aac2719421e1a9159b2254c44?s=96&d=mm&r=g","caption":"Cl\u00e9ment"},"sameAs":["https:\/\/footdavant.fr\/"]}]}},"_links":{"self":[{"href":"https:\/\/footdavant.fr\/actualites\/wp-json\/wp\/v2\/posts\/34700"}],"collection":[{"href":"https:\/\/footdavant.fr\/actualites\/wp-json\/wp\/v2\/posts"}],"about":[{"href":"https:\/\/footdavant.fr\/actualites\/wp-json\/wp\/v2\/types\/post"}],"author":[{"embeddable":true,"href":"https:\/\/footdavant.fr\/actualites\/wp-json\/wp\/v2\/users\/1"}],"replies":[{"embeddable":true,"href":"https:\/\/footdavant.fr\/actualites\/wp-json\/wp\/v2\/comments?post=34700"}],"version-history":[{"count":1,"href":"https:\/\/footdavant.fr\/actualites\/wp-json\/wp\/v2\/posts\/34700\/revisions"}],"predecessor-version":[{"id":34702,"href":"https:\/\/footdavant.fr\/actualites\/wp-json\/wp\/v2\/posts\/34700\/revisions\/34702"}],"wp:featuredmedia":[{"embeddable":true,"href":"https:\/\/footdavant.fr\/actualites\/wp-json\/wp\/v2\/media\/34701"}],"wp:attachment":[{"href":"https:\/\/footdavant.fr\/actualites\/wp-json\/wp\/v2\/media?parent=34700"}],"wp:term":[{"taxonomy":"category","embeddable":true,"href":"https:\/\/footdavant.fr\/actualites\/wp-json\/wp\/v2\/categories?post=34700"},{"taxonomy":"post_tag","embeddable":true,"href":"https:\/\/footdavant.fr\/actualites\/wp-json\/wp\/v2\/tags?post=34700"}],"curies":[{"name":"wp","href":"https:\/\/api.w.org\/{rel}","templated":true}]}}