{"id":34703,"date":"2026-02-21T03:48:49","date_gmt":"2026-02-21T02:48:49","guid":{"rendered":"https:\/\/footdavant.fr\/actualites\/beye-perd-son-premier-match-en-tant-quentraineur-de-marseille\/"},"modified":"2026-02-21T03:48:53","modified_gmt":"2026-02-21T02:48:53","slug":"beye-perd-son-premier-match-en-tant-quentraineur-de-marseille","status":"publish","type":"post","link":"https:\/\/footdavant.fr\/actualites\/beye-perd-son-premier-match-en-tant-quentraineur-de-marseille\/","title":{"rendered":"Beye perd son premier match en tant qu&#39;entra\u00eeneur de Marseille"},"content":{"rendered":"<div>\n<p>Le nouveau patron de Marseille, Habib Beye, a subi une d\u00e9faite 2-0 \u00e0 Brest lors de son premier match depuis qu&#39;il a remplac\u00e9 Roberto De Zerbi au club de Ligue 1.<\/p>\n<p>Les h\u00f4tes ont donn\u00e9 le ton d\u00e8s le d\u00e9but. Apr\u00e8s un ambitieux effort lointain de Kamory Doumbia qui mettait Geronimo Rulli \u00e0 l&#39;\u00e9preuve, Brest prenait l&#39;avantage d\u00e8s la 10e minute. Ludovic Ajorque s&#39;est \u00e9lev\u00e9 entre les d\u00e9fenseurs pour se diriger vers le coin sup\u00e9rieur gauche, donnant un avantage pr\u00e9coce \u00e0 l&#39;\u00e9quipe locale. <\/p>\n<p>Marseille a eu du mal \u00e0 r\u00e9pondre pendant la majeure partie de la nuit, Mason Greenwood tirant \u00e0 distance et voyant un autre effort bloqu\u00e9.<\/p>\n<p>Ajorque a \u00e9t\u00e9 la cl\u00e9 de la menace brestoise. Il s&#39;est encore rapproch\u00e9 \u00e0 la pause avant de doubler la mise \u00e0 la 29e minute. <\/p>\n<p>La prestation de Hugo Magnetti sur coup franc a trouv\u00e9 l&#39;attaquant dans l&#39;espace, et sa t\u00eate dans le coin inf\u00e9rieur a port\u00e9 le score \u00e0 2-0. <\/p>\n<p>Marseille a pouss\u00e9 avant la pause, Greenwood r\u00e9alisant un arr\u00eat net de Coudert et Nayef Aguerd manquant sur un corner.<\/p>\n<figure class=\"wp-block-embed is-type-rich is-provider-twitter wp-block-embed-twitter\"\/>\n<p>La seconde mi-temps a suivi un sch\u00e9ma similaire. Marseille appr\u00e9ciait la possession mais manquait d&#39;instinct de tueur.<\/p>\n<p>Amine Gouiri se dirigeait de peu \u00e0 c\u00f4t\u00e9, Benjamin Pavard ne parvenait pas \u00e0 se convertir \u00e0 bout portant et Coudert refusait Quinten Timber \u00e0 distance.<\/p>\n<p>Marseille a obtenu un penalty \u00e0 la 82e minute apr\u00e8s une faute de Daouda Guindo sur Greenwood. Greenwood s&#39;est avanc\u00e9, mais Coudert a devin\u00e9 correctement, plongeant bas sur sa gauche pour pr\u00e9server l&#39;avance de deux buts.<\/p>\n<p>\u00c0 partir de l\u00e0, la frustration n&#39;a fait qu&#39;augmenter pour les visiteurs, qui ont finalement reconnu leur d\u00e9faite lors d&#39;une soir\u00e9e que Beye esp\u00e8re rapidement oublier.<\/p>\n<\/p><\/div>\n","protected":false},"excerpt":{"rendered":"<p>Le nouveau patron de Marseille, Habib Beye, a subi une d\u00e9faite 2-0 \u00e0 Brest lors de son premier match depuis qu&#39;il a remplac\u00e9 Roberto De<\/p>\n","protected":false},"author":1,"featured_media":34704,"comment_status":"closed","ping_status":"","sticky":false,"template":"","format":"standard","meta":{"footnotes":""},"categories":[3],"tags":[11536,1592,257,878,201,6711,86,1124],"yoast_head":"<!-- This site is optimized with the Yoast SEO plugin v21.0 - https:\/\/yoast.com\/wordpress\/plugins\/seo\/ -->\n<title>Beye perd son premier match en tant qu&#039;entra\u00eeneur de Marseille<\/title>\n<meta name=\"robots\" content=\"index, follow, max-snippet:-1, max-image-preview:large, max-video-preview:-1\" \/>\n<link rel=\"canonical\" href=\"https:\/\/footdavant.fr\/actualites\/beye-perd-son-premier-match-en-tant-quentraineur-de-marseille\/\" \/>\n<meta property=\"og:locale\" content=\"fr_FR\" \/>\n<meta property=\"og:type\" content=\"article\" \/>\n<meta property=\"og:title\" content=\"Beye perd son premier match en tant qu&#039;entra\u00eeneur de Marseille\" \/>\n<meta property=\"og:description\" content=\"Le nouveau patron de Marseille, Habib Beye, a subi une d\u00e9faite 2-0 \u00e0 Brest lors de son premier match depuis qu&#039;il a remplac\u00e9 Roberto De\" \/>\n<meta property=\"og:url\" content=\"https:\/\/footdavant.fr\/actualites\/beye-perd-son-premier-match-en-tant-quentraineur-de-marseille\/\" \/>\n<meta property=\"og:site_name\" content=\"Foot d&#039;avant\" \/>\n<meta property=\"article:publisher\" content=\"https:\/\/www.facebook.com\/Footdavant\/\" \/>\n<meta property=\"article:published_time\" content=\"2026-02-21T02:48:49+00:00\" \/>\n<meta property=\"article:modified_time\" content=\"2026-02-21T02:48:53+00:00\" \/>\n<meta property=\"og:image\" content=\"https:\/\/footdavant.fr\/actualites\/wp-content\/uploads\/2026\/02\/Beye-perd-son-premier-match-en-tant-qu39entraineur-de-Marseille.jpg\" \/>\n\t<meta property=\"og:image:width\" content=\"1200\" \/>\n\t<meta property=\"og:image:height\" content=\"675\" \/>\n\t<meta property=\"og:image:type\" content=\"image\/jpeg\" \/>\n<meta name=\"author\" content=\"Cl\u00e9ment\" \/>\n<meta name=\"twitter:card\" content=\"summary_large_image\" \/>\n<meta name=\"twitter:creator\" content=\"@FootdavantFr\" \/>\n<meta name=\"twitter:site\" content=\"@FootdavantFr\" \/>\n<meta name=\"twitter:label1\" content=\"\u00c9crit par\" \/>\n\t<meta name=\"twitter:data1\" content=\"Cl\u00e9ment\" \/>\n\t<meta name=\"twitter:label2\" content=\"Dur\u00e9e de lecture estim\u00e9e\" \/>\n\t<meta name=\"twitter:data2\" content=\"2 minutes\" \/>\n<script type=\"application\/ld+json\" class=\"yoast-schema-graph\">{\"@context\":\"https:\/\/schema.org\",\"@graph\":[{\"@type\":\"Article\",\"@id\":\"https:\/\/footdavant.fr\/actualites\/beye-perd-son-premier-match-en-tant-quentraineur-de-marseille\/#article\",\"isPartOf\":{\"@id\":\"https:\/\/footdavant.fr\/actualites\/beye-perd-son-premier-match-en-tant-quentraineur-de-marseille\/\"},\"author\":{\"name\":\"Cl\u00e9ment\",\"@id\":\"https:\/\/footdavant.fr\/actualites\/#\/schema\/person\/bc222566d95871b37e597b3ed3ba5e1d\"},\"headline\":\"Beye perd son premier match en tant qu&#39;entra\u00eeneur de Marseille\",\"datePublished\":\"2026-02-21T02:48:49+00:00\",\"dateModified\":\"2026-02-21T02:48:53+00:00\",\"mainEntityOfPage\":{\"@id\":\"https:\/\/footdavant.fr\/actualites\/beye-perd-son-premier-match-en-tant-quentraineur-de-marseille\/\"},\"wordCount\":317,\"publisher\":{\"@id\":\"https:\/\/footdavant.fr\/actualites\/#organization\"},\"keywords\":[\"Beye\",\"Marseille\",\"match\",\"perd\",\"Premier\",\"qu39entra\u00eeneur\",\"son\",\"tant\"],\"articleSection\":[\"Football\"],\"inLanguage\":\"fr-FR\"},{\"@type\":\"WebPage\",\"@id\":\"https:\/\/footdavant.fr\/actualites\/beye-perd-son-premier-match-en-tant-quentraineur-de-marseille\/\",\"url\":\"https:\/\/footdavant.fr\/actualites\/beye-perd-son-premier-match-en-tant-quentraineur-de-marseille\/\",\"name\":\"Beye perd son premier match en tant qu&#39;entra\u00eeneur de Marseille\",\"isPartOf\":{\"@id\":\"https:\/\/footdavant.fr\/actualites\/#website\"},\"datePublished\":\"2026-02-21T02:48:49+00:00\",\"dateModified\":\"2026-02-21T02:48:53+00:00\",\"breadcrumb\":{\"@id\":\"https:\/\/footdavant.fr\/actualites\/beye-perd-son-premier-match-en-tant-quentraineur-de-marseille\/#breadcrumb\"},\"inLanguage\":\"fr-FR\",\"potentialAction\":[{\"@type\":\"ReadAction\",\"target\":[\"https:\/\/footdavant.fr\/actualites\/beye-perd-son-premier-match-en-tant-quentraineur-de-marseille\/\"]}]},{\"@type\":\"BreadcrumbList\",\"@id\":\"https:\/\/footdavant.fr\/actualites\/beye-perd-son-premier-match-en-tant-quentraineur-de-marseille\/#breadcrumb\",\"itemListElement\":[{\"@type\":\"ListItem\",\"position\":1,\"name\":\"Accueil\",\"item\":\"https:\/\/footdavant.fr\/actualites\/\"},{\"@type\":\"ListItem\",\"position\":2,\"name\":\"Beye perd son premier match en tant qu&#39;entra\u00eeneur de Marseille\"}]},{\"@type\":\"WebSite\",\"@id\":\"https:\/\/footdavant.fr\/actualites\/#website\",\"url\":\"https:\/\/footdavant.fr\/actualites\/\",\"name\":\"Foot d'avant\",\"description\":\"\",\"publisher\":{\"@id\":\"https:\/\/footdavant.fr\/actualites\/#organization\"},\"potentialAction\":[{\"@type\":\"SearchAction\",\"target\":{\"@type\":\"EntryPoint\",\"urlTemplate\":\"https:\/\/footdavant.fr\/actualites\/?s={search_term_string}\"},\"query-input\":\"required name=search_term_string\"}],\"inLanguage\":\"fr-FR\"},{\"@type\":\"Organization\",\"@id\":\"https:\/\/footdavant.fr\/actualites\/#organization\",\"name\":\"Foot d'avant\",\"url\":\"https:\/\/footdavant.fr\/actualites\/\",\"logo\":{\"@type\":\"ImageObject\",\"inLanguage\":\"fr-FR\",\"@id\":\"https:\/\/footdavant.fr\/actualites\/#\/schema\/logo\/image\/\",\"url\":\"https:\/\/footdavant.fr\/actualites\/wp-content\/uploads\/2023\/09\/Copy-of-FootDavant-Logo.png\",\"contentUrl\":\"https:\/\/footdavant.fr\/actualites\/wp-content\/uploads\/2023\/09\/Copy-of-FootDavant-Logo.png\",\"width\":936,\"height\":549,\"caption\":\"Foot d'avant\"},\"image\":{\"@id\":\"https:\/\/footdavant.fr\/actualites\/#\/schema\/logo\/image\/\"},\"sameAs\":[\"https:\/\/www.facebook.com\/Footdavant\/\",\"https:\/\/twitter.com\/FootdavantFr\",\"https:\/\/www.instagram.com\/footdavant.fr\/\"]},{\"@type\":\"Person\",\"@id\":\"https:\/\/footdavant.fr\/actualites\/#\/schema\/person\/bc222566d95871b37e597b3ed3ba5e1d\",\"name\":\"Cl\u00e9ment\",\"image\":{\"@type\":\"ImageObject\",\"inLanguage\":\"fr-FR\",\"@id\":\"https:\/\/footdavant.fr\/actualites\/#\/schema\/person\/image\/\",\"url\":\"https:\/\/secure.gravatar.com\/avatar\/7728b29aac2719421e1a9159b2254c44?s=96&d=mm&r=g\",\"contentUrl\":\"https:\/\/secure.gravatar.com\/avatar\/7728b29aac2719421e1a9159b2254c44?s=96&d=mm&r=g\",\"caption\":\"Cl\u00e9ment\"},\"sameAs\":[\"https:\/\/footdavant.fr\/\"]}]}<\/script>\n<!-- \/ Yoast SEO plugin. -->","yoast_head_json":{"title":"Beye perd son premier match en tant qu&#39;entra\u00eeneur de Marseille","robots":{"index":"index","follow":"follow","max-snippet":"max-snippet:-1","max-image-preview":"max-image-preview:large","max-video-preview":"max-video-preview:-1"},"canonical":"https:\/\/footdavant.fr\/actualites\/beye-perd-son-premier-match-en-tant-quentraineur-de-marseille\/","og_locale":"fr_FR","og_type":"article","og_title":"Beye perd son premier match en tant qu&#39;entra\u00eeneur de Marseille","og_description":"Le nouveau patron de Marseille, Habib Beye, a subi une d\u00e9faite 2-0 \u00e0 Brest lors de son premier match depuis qu&#39;il a remplac\u00e9 Roberto De","og_url":"https:\/\/footdavant.fr\/actualites\/beye-perd-son-premier-match-en-tant-quentraineur-de-marseille\/","og_site_name":"Foot d&#039;avant","article_publisher":"https:\/\/www.facebook.com\/Footdavant\/","article_published_time":"2026-02-21T02:48:49+00:00","article_modified_time":"2026-02-21T02:48:53+00:00","og_image":[{"width":1200,"height":675,"url":"https:\/\/footdavant.fr\/actualites\/wp-content\/uploads\/2026\/02\/Beye-perd-son-premier-match-en-tant-qu39entraineur-de-Marseille.jpg","type":"image\/jpeg"}],"author":"Cl\u00e9ment","twitter_card":"summary_large_image","twitter_creator":"@FootdavantFr","twitter_site":"@FootdavantFr","twitter_misc":{"\u00c9crit par":"Cl\u00e9ment","Dur\u00e9e de lecture estim\u00e9e":"2 minutes"},"schema":{"@context":"https:\/\/schema.org","@graph":[{"@type":"Article","@id":"https:\/\/footdavant.fr\/actualites\/beye-perd-son-premier-match-en-tant-quentraineur-de-marseille\/#article","isPartOf":{"@id":"https:\/\/footdavant.fr\/actualites\/beye-perd-son-premier-match-en-tant-quentraineur-de-marseille\/"},"author":{"name":"Cl\u00e9ment","@id":"https:\/\/footdavant.fr\/actualites\/#\/schema\/person\/bc222566d95871b37e597b3ed3ba5e1d"},"headline":"Beye perd son premier match en tant qu&#39;entra\u00eeneur de Marseille","datePublished":"2026-02-21T02:48:49+00:00","dateModified":"2026-02-21T02:48:53+00:00","mainEntityOfPage":{"@id":"https:\/\/footdavant.fr\/actualites\/beye-perd-son-premier-match-en-tant-quentraineur-de-marseille\/"},"wordCount":317,"publisher":{"@id":"https:\/\/footdavant.fr\/actualites\/#organization"},"keywords":["Beye","Marseille","match","perd","Premier","qu39entra\u00eeneur","son","tant"],"articleSection":["Football"],"inLanguage":"fr-FR"},{"@type":"WebPage","@id":"https:\/\/footdavant.fr\/actualites\/beye-perd-son-premier-match-en-tant-quentraineur-de-marseille\/","url":"https:\/\/footdavant.fr\/actualites\/beye-perd-son-premier-match-en-tant-quentraineur-de-marseille\/","name":"Beye perd son premier match en tant qu&#39;entra\u00eeneur de Marseille","isPartOf":{"@id":"https:\/\/footdavant.fr\/actualites\/#website"},"datePublished":"2026-02-21T02:48:49+00:00","dateModified":"2026-02-21T02:48:53+00:00","breadcrumb":{"@id":"https:\/\/footdavant.fr\/actualites\/beye-perd-son-premier-match-en-tant-quentraineur-de-marseille\/#breadcrumb"},"inLanguage":"fr-FR","potentialAction":[{"@type":"ReadAction","target":["https:\/\/footdavant.fr\/actualites\/beye-perd-son-premier-match-en-tant-quentraineur-de-marseille\/"]}]},{"@type":"BreadcrumbList","@id":"https:\/\/footdavant.fr\/actualites\/beye-perd-son-premier-match-en-tant-quentraineur-de-marseille\/#breadcrumb","itemListElement":[{"@type":"ListItem","position":1,"name":"Accueil","item":"https:\/\/footdavant.fr\/actualites\/"},{"@type":"ListItem","position":2,"name":"Beye perd son premier match en tant qu&#39;entra\u00eeneur de Marseille"}]},{"@type":"WebSite","@id":"https:\/\/footdavant.fr\/actualites\/#website","url":"https:\/\/footdavant.fr\/actualites\/","name":"Foot d'avant","description":"","publisher":{"@id":"https:\/\/footdavant.fr\/actualites\/#organization"},"potentialAction":[{"@type":"SearchAction","target":{"@type":"EntryPoint","urlTemplate":"https:\/\/footdavant.fr\/actualites\/?s={search_term_string}"},"query-input":"required name=search_term_string"}],"inLanguage":"fr-FR"},{"@type":"Organization","@id":"https:\/\/footdavant.fr\/actualites\/#organization","name":"Foot d'avant","url":"https:\/\/footdavant.fr\/actualites\/","logo":{"@type":"ImageObject","inLanguage":"fr-FR","@id":"https:\/\/footdavant.fr\/actualites\/#\/schema\/logo\/image\/","url":"https:\/\/footdavant.fr\/actualites\/wp-content\/uploads\/2023\/09\/Copy-of-FootDavant-Logo.png","contentUrl":"https:\/\/footdavant.fr\/actualites\/wp-content\/uploads\/2023\/09\/Copy-of-FootDavant-Logo.png","width":936,"height":549,"caption":"Foot d'avant"},"image":{"@id":"https:\/\/footdavant.fr\/actualites\/#\/schema\/logo\/image\/"},"sameAs":["https:\/\/www.facebook.com\/Footdavant\/","https:\/\/twitter.com\/FootdavantFr","https:\/\/www.instagram.com\/footdavant.fr\/"]},{"@type":"Person","@id":"https:\/\/footdavant.fr\/actualites\/#\/schema\/person\/bc222566d95871b37e597b3ed3ba5e1d","name":"Cl\u00e9ment","image":{"@type":"ImageObject","inLanguage":"fr-FR","@id":"https:\/\/footdavant.fr\/actualites\/#\/schema\/person\/image\/","url":"https:\/\/secure.gravatar.com\/avatar\/7728b29aac2719421e1a9159b2254c44?s=96&d=mm&r=g","contentUrl":"https:\/\/secure.gravatar.com\/avatar\/7728b29aac2719421e1a9159b2254c44?s=96&d=mm&r=g","caption":"Cl\u00e9ment"},"sameAs":["https:\/\/footdavant.fr\/"]}]}},"_links":{"self":[{"href":"https:\/\/footdavant.fr\/actualites\/wp-json\/wp\/v2\/posts\/34703"}],"collection":[{"href":"https:\/\/footdavant.fr\/actualites\/wp-json\/wp\/v2\/posts"}],"about":[{"href":"https:\/\/footdavant.fr\/actualites\/wp-json\/wp\/v2\/types\/post"}],"author":[{"embeddable":true,"href":"https:\/\/footdavant.fr\/actualites\/wp-json\/wp\/v2\/users\/1"}],"replies":[{"embeddable":true,"href":"https:\/\/footdavant.fr\/actualites\/wp-json\/wp\/v2\/comments?post=34703"}],"version-history":[{"count":1,"href":"https:\/\/footdavant.fr\/actualites\/wp-json\/wp\/v2\/posts\/34703\/revisions"}],"predecessor-version":[{"id":34705,"href":"https:\/\/footdavant.fr\/actualites\/wp-json\/wp\/v2\/posts\/34703\/revisions\/34705"}],"wp:featuredmedia":[{"embeddable":true,"href":"https:\/\/footdavant.fr\/actualites\/wp-json\/wp\/v2\/media\/34704"}],"wp:attachment":[{"href":"https:\/\/footdavant.fr\/actualites\/wp-json\/wp\/v2\/media?parent=34703"}],"wp:term":[{"taxonomy":"category","embeddable":true,"href":"https:\/\/footdavant.fr\/actualites\/wp-json\/wp\/v2\/categories?post=34703"},{"taxonomy":"post_tag","embeddable":true,"href":"https:\/\/footdavant.fr\/actualites\/wp-json\/wp\/v2\/tags?post=34703"}],"curies":[{"name":"wp","href":"https:\/\/api.w.org\/{rel}","templated":true}]}}