{"id":34713,"date":"2026-02-21T11:48:06","date_gmt":"2026-02-21T10:48:06","guid":{"rendered":"https:\/\/footdavant.fr\/actualites\/retrouver-notre-sang-froid-un-blog-darsenal\/"},"modified":"2026-02-21T11:48:09","modified_gmt":"2026-02-21T10:48:09","slug":"retrouver-notre-sang-froid-un-blog-darsenal","status":"publish","type":"post","link":"https:\/\/footdavant.fr\/actualites\/retrouver-notre-sang-froid-un-blog-darsenal\/","title":{"rendered":"Retrouver notre sang-froid |  &#8230;un blog d&#39;Arsenal"},"content":{"rendered":"<div>\n<p>Bonjour \u00e0 tous.<\/p>\n<p>Apr\u00e8s avoir sembl\u00e9 un peu tendu lors de son interview d&#39;apr\u00e8s-match apr\u00e8s les Wolves mercredi soir (c&#39;est compr\u00e9hensible), Mikel Arteta a fait preuve d&#39;une silhouette beaucoup plus d\u00e9tendue lors de sa conf\u00e9rence de presse hier. Avant un match comme le derby du nord de Londres, il est probablement pr\u00e9f\u00e9rable de transmettre ce genre d&#39;\u00e9nergie car le jeu lui-m\u00eame a le potentiel d&#39;\u00eatre mental.<\/p>\n<p>Je ne sais pas si dr\u00f4le est le bon mot, mais je me demandais comment faire passer un message sur le terrain pour que vos joueurs se calment lorsque vous \u00eates tr\u00e8s agit\u00e9 sur la ligne de touche (encore une fois, c&#39;est compr\u00e9hensible), et votre \u00e9quipe d&#39;entra\u00eeneurs le est aussi. \u00c0 un moment donn\u00e9, Arteta a d\u00fb attraper Nicolas Jover et le ramener vers le banc, et Gabriel Heinze ressemble toujours \u00e0 un homme qui pourrait s&#39;offusquer de n&#39;importe quelle petite chose \u00e0 tout moment. Il ressemble au classique \u00ab\u00a0Tu regardes ma petite amie\u00a0?\u00a0\u00bb mec, et quand tu dis non, il r\u00e9pond par \u00ab\u00a0Alors tu dis qu&#39;elle est moche ?!\u00a0\u00bb.<\/p>\n<p>Nous devons reprendre notre souffle et veiller \u00e0 ce que, m\u00eame si ce r\u00e9sultat est absolument terrible et totalement ind\u00e9fendable, il ne nous irrite pas. Le football est un jeu fou, nous avons endur\u00e9 une certaine folie mercredi, mais il reste 11 matchs et la seule chose que nous pouvons faire est de nous concentrer sur ceux-l\u00e0.<\/p>\n<p>Arteta dit :<\/p>\n<blockquote>\n<p>Nous avons une longue saison. Le chapitre 27 dit : d&#39;accord, nous tirons contre les loups de cette mani\u00e8re. Ce qui m&#39;int\u00e9resse beaucoup, c&#39;est le prochain, c&#39;est de quoi nous sommes faits. Que faisons-nous \u00e0 ce sujet et comment \u00e9crivons-nous notre propre destin \u00e0 partir d\u2019ici et \u00e0 l\u2019avenir ? Il faut r\u00e9agir \u00e0 cela car la vie continue, le r\u00e9sultat doit rester, aussi malheureux soit-il. Il n\u2019y a rien que nous puissions faire, ce que nous pouvons faire, c\u2019est beaucoup, c\u2019est ce qui va se passer ensuite.<\/p>\n<\/blockquote>\n<p>Vous ne pouvez pas changer le pass\u00e9, mais vous pouvez faire quelque chose pour l\u2019avenir. Pas \u00e0 la mani\u00e8re d\u2019une machine \u00e0 voyager dans le temps, mais vous voyez ce que je veux dire. Les joueurs auraient eu une r\u00e9union d&#39;\u00e9quipe, ce qui, d&#39;ailleurs, ne me semble pas inhabituel, mais peut-\u00eatre une n\u00e9cessit\u00e9 pour clarifier les choses apr\u00e8s les Wolves. Vous pourriez voir, m\u00eame apr\u00e8s le premier but, un niveau de r\u00e9action \u00e9motionnelle qui d\u00e9montre clairement \u00e0 quel point ils se soucient, mais peut-\u00eatre aussi que c&#39;est quelque chose qu&#39;ils doivent ma\u00eetriser. Je veux qu&#39;ils s&#39;en soucient, je sais qu&#39;ils s&#39;en soucient, mais \u00e0 la fin, certains d&#39;entre eux avaient l&#39;air d&#39;avoir un peu perdu leur sang-froid et nous avons besoin qu&#39;ils le retrouvent et canalisent cette autre \u00e9nergie de la bonne mani\u00e8re.<\/p>\n<p>C&#39;est de l&#39;histoire ancienne d\u00e9sormais, mais ceux d&#39;une certaine g\u00e9n\u00e9ration se souviendront d&#39;une c\u00e9l\u00e8bre r\u00e9union d&#39;\u00e9quipe lors de la saison 97-98 apr\u00e8s notre d\u00e9faite \u00e0 domicile contre Blackburn en d\u00e9cembre. Cela aurait pu \u00eatre dans le livre de Tony Adams, mais il a dit \u00e0 Patrick Vieira et Emmanuel Petit qu&#39;ils devaient donner plus de protection aux quatre d\u00e9fenseurs, certaines v\u00e9rit\u00e9s ont \u00e9t\u00e9 dites et nous savons tous comment cette saison s&#39;est termin\u00e9e. Le contexte ici est \u00e9videmment diff\u00e9rent. Il s\u2019agissait ensuite de suivre le rythme des leaders du championnat et, \u00e0 terme, de les d\u00e9passer ; cette fois, il s&#39;agit de prot\u00e9ger notre avance et, esp\u00e9rons-le, de l&#39;\u00e9tendre, mais nous croisons les doigts pour que l&#39;impact soit le m\u00eame.<\/p>\n<p>\u2014<\/p>\n<p>Ailleurs, il a \u00e9t\u00e9 rapport\u00e9 que le directeur technique du club, James Ellis, a quitt\u00e9 le club apr\u00e8s seulement 7 mois \u00e0 ce poste. Les choses ont pas mal chang\u00e9 en interne depuis l&#39;arriv\u00e9e d&#39;Andrea Berta en tant que directeur sportif, et Ellis s&#39;occupait apparemment davantage des questions de l&#39;Acad\u00e9mie, l&#39;Italien se concentrant sur les \u00e9l\u00e9ments de la premi\u00e8re \u00e9quipe. Ce qui a chang\u00e9 reste flou, peut-\u00eatre que Berta a maintenant le sentiment que l&#39;Acad\u00e9mie devrait faire partie de ses attributions, mais avec Per Mertesacker pr\u00e9vu pour un d\u00e9part cet \u00e9t\u00e9, il y aura du travail \u00e0 faire pour restructurer les choses dans ce d\u00e9partement.<\/p>\n<p>Voyons ce qui se passe l\u00e0-bas.<\/p>\n<p>\u2014<\/p>\n<p>Enfin, pour aujourd&#39;hui, je ne saurais trop vous recommander de prendre quelques minutes pour regarder la vid\u00e9o ci-dessous de Vincent Kompany. Il a parl\u00e9 des abus racistes visant Vinicius Jr en milieu de semaine et de la r\u00e9action \u00e9pouvantable de Jos\u00e9 Mourinho. Il parle avec \u00e9loquence et avec un v\u00e9ritable savoir-faire de ce qui s&#39;est pass\u00e9 et de la r\u00e9ponse de l&#39;actuel manager de Benfica.<\/p>\n<p>\u00c0 une \u00e9poque o\u00f9 les racistes et les fanatiques se sentent de plus en plus enhardis \u00e0 d\u00e9verser leur vitriol dans l\u2019ar\u00e8ne publique et politique, nous avons besoin de choses comme celle-ci. Mais n&#39;oublions pas non plus que nous, en tant que personnes \u00ab ordinaires \u00bb, avons le devoir de contrer et de rejeter les propos et attitudes manifestes et inacceptables, que ce soit dans le domaine du football ou ailleurs.<\/p>\n<p><iframe loading=\"lazy\" title=\"Vincent Kompany\u2019s statement against racism\" width=\"1200\" height=\"675\" src=\"https:\/\/www.youtube.com\/embed\/fuVMzJBzLhI?feature=oembed\" frameborder=\"0\" allow=\"accelerometer; autoplay; clipboard-write; encrypted-media; gyroscope; picture-in-picture; web-share\" referrerpolicy=\"strict-origin-when-cross-origin\" allowfullscreen><\/iframe><\/p>\n<p>.<\/p>\n<p>\u2014<\/p>\n<p>Bon, je vais en rester l\u00e0 pour l&#39;instant. \u00c9videmment, nous examinerons le jeu de plus pr\u00e8s sur le blog de demain, mais si vous avez besoin de quelque chose \u00e0 \u00e9couter aujourd&#39;hui, nous aurons un podcast en avant-premi\u00e8re sur Patreon un peu plus tard ce matin. Il y a beaucoup de choses \u00e0 discuter, beaucoup de choses \u00e0 dire, alors venez nous rejoindre si vous n&#39;\u00eates pas d\u00e9j\u00e0 \u00e0 bord !<\/p>\n<p>Bonne journ\u00e9e les amis, prenez soin les uns des autres.<\/p>\n<\/div>\n","protected":false},"excerpt":{"rendered":"<p>Bonjour \u00e0 tous. Apr\u00e8s avoir sembl\u00e9 un peu tendu lors de son interview d&#39;apr\u00e8s-match apr\u00e8s les Wolves mercredi soir (c&#39;est compr\u00e9hensible), Mikel Arteta a fait<\/p>\n","protected":false},"author":1,"featured_media":34714,"comment_status":"closed","ping_status":"","sticky":false,"template":"","format":"standard","meta":{"footnotes":""},"categories":[3],"tags":[57,58,4221,6887,3183,11538],"yoast_head":"<!-- This site is optimized with the Yoast SEO plugin v21.0 - https:\/\/yoast.com\/wordpress\/plugins\/seo\/ -->\n<title>Retrouver notre sang-froid | ...un blog d&#039;Arsenal<\/title>\n<meta name=\"robots\" content=\"index, follow, max-snippet:-1, max-image-preview:large, max-video-preview:-1\" \/>\n<link rel=\"canonical\" href=\"https:\/\/footdavant.fr\/actualites\/retrouver-notre-sang-froid-un-blog-darsenal\/\" \/>\n<meta property=\"og:locale\" content=\"fr_FR\" \/>\n<meta property=\"og:type\" content=\"article\" \/>\n<meta property=\"og:title\" content=\"Retrouver notre sang-froid | ...un blog d&#039;Arsenal\" \/>\n<meta property=\"og:description\" content=\"Bonjour \u00e0 tous. Apr\u00e8s avoir sembl\u00e9 un peu tendu lors de son interview d&#039;apr\u00e8s-match apr\u00e8s les Wolves mercredi soir (c&#039;est compr\u00e9hensible), Mikel Arteta a fait\" \/>\n<meta property=\"og:url\" content=\"https:\/\/footdavant.fr\/actualites\/retrouver-notre-sang-froid-un-blog-darsenal\/\" \/>\n<meta property=\"og:site_name\" content=\"Foot d&#039;avant\" \/>\n<meta property=\"article:publisher\" content=\"https:\/\/www.facebook.com\/Footdavant\/\" \/>\n<meta property=\"article:published_time\" content=\"2026-02-21T10:48:06+00:00\" \/>\n<meta property=\"article:modified_time\" content=\"2026-02-21T10:48:09+00:00\" \/>\n<meta property=\"og:image\" content=\"https:\/\/footdavant.fr\/actualites\/wp-content\/uploads\/2026\/02\/Retrouver-notre-sang-froid-un-blog-d39Arsenal.jpg\" \/>\n\t<meta property=\"og:image:width\" content=\"1614\" \/>\n\t<meta property=\"og:image:height\" content=\"766\" \/>\n\t<meta property=\"og:image:type\" content=\"image\/jpeg\" \/>\n<meta name=\"author\" content=\"Cl\u00e9ment\" \/>\n<meta name=\"twitter:card\" content=\"summary_large_image\" \/>\n<meta name=\"twitter:creator\" content=\"@FootdavantFr\" \/>\n<meta name=\"twitter:site\" content=\"@FootdavantFr\" \/>\n<meta name=\"twitter:label1\" content=\"\u00c9crit par\" \/>\n\t<meta name=\"twitter:data1\" content=\"Cl\u00e9ment\" \/>\n\t<meta name=\"twitter:label2\" content=\"Dur\u00e9e de lecture estim\u00e9e\" \/>\n\t<meta name=\"twitter:data2\" content=\"5 minutes\" \/>\n<script type=\"application\/ld+json\" class=\"yoast-schema-graph\">{\"@context\":\"https:\/\/schema.org\",\"@graph\":[{\"@type\":\"Article\",\"@id\":\"https:\/\/footdavant.fr\/actualites\/retrouver-notre-sang-froid-un-blog-darsenal\/#article\",\"isPartOf\":{\"@id\":\"https:\/\/footdavant.fr\/actualites\/retrouver-notre-sang-froid-un-blog-darsenal\/\"},\"author\":{\"name\":\"Cl\u00e9ment\",\"@id\":\"https:\/\/footdavant.fr\/actualites\/#\/schema\/person\/bc222566d95871b37e597b3ed3ba5e1d\"},\"headline\":\"Retrouver notre sang-froid | &#8230;un blog d&#39;Arsenal\",\"datePublished\":\"2026-02-21T10:48:06+00:00\",\"dateModified\":\"2026-02-21T10:48:09+00:00\",\"mainEntityOfPage\":{\"@id\":\"https:\/\/footdavant.fr\/actualites\/retrouver-notre-sang-froid-un-blog-darsenal\/\"},\"wordCount\":1016,\"publisher\":{\"@id\":\"https:\/\/footdavant.fr\/actualites\/#organization\"},\"keywords\":[\"...un\",\"blog\",\"d39Arsenal\",\"notre\",\"retrouver\",\"sangfroid\"],\"articleSection\":[\"Football\"],\"inLanguage\":\"fr-FR\"},{\"@type\":\"WebPage\",\"@id\":\"https:\/\/footdavant.fr\/actualites\/retrouver-notre-sang-froid-un-blog-darsenal\/\",\"url\":\"https:\/\/footdavant.fr\/actualites\/retrouver-notre-sang-froid-un-blog-darsenal\/\",\"name\":\"Retrouver notre sang-froid | ...un blog d&#39;Arsenal\",\"isPartOf\":{\"@id\":\"https:\/\/footdavant.fr\/actualites\/#website\"},\"datePublished\":\"2026-02-21T10:48:06+00:00\",\"dateModified\":\"2026-02-21T10:48:09+00:00\",\"breadcrumb\":{\"@id\":\"https:\/\/footdavant.fr\/actualites\/retrouver-notre-sang-froid-un-blog-darsenal\/#breadcrumb\"},\"inLanguage\":\"fr-FR\",\"potentialAction\":[{\"@type\":\"ReadAction\",\"target\":[\"https:\/\/footdavant.fr\/actualites\/retrouver-notre-sang-froid-un-blog-darsenal\/\"]}]},{\"@type\":\"BreadcrumbList\",\"@id\":\"https:\/\/footdavant.fr\/actualites\/retrouver-notre-sang-froid-un-blog-darsenal\/#breadcrumb\",\"itemListElement\":[{\"@type\":\"ListItem\",\"position\":1,\"name\":\"Accueil\",\"item\":\"https:\/\/footdavant.fr\/actualites\/\"},{\"@type\":\"ListItem\",\"position\":2,\"name\":\"Retrouver notre sang-froid | &#8230;un blog d&#39;Arsenal\"}]},{\"@type\":\"WebSite\",\"@id\":\"https:\/\/footdavant.fr\/actualites\/#website\",\"url\":\"https:\/\/footdavant.fr\/actualites\/\",\"name\":\"Foot d'avant\",\"description\":\"\",\"publisher\":{\"@id\":\"https:\/\/footdavant.fr\/actualites\/#organization\"},\"potentialAction\":[{\"@type\":\"SearchAction\",\"target\":{\"@type\":\"EntryPoint\",\"urlTemplate\":\"https:\/\/footdavant.fr\/actualites\/?s={search_term_string}\"},\"query-input\":\"required name=search_term_string\"}],\"inLanguage\":\"fr-FR\"},{\"@type\":\"Organization\",\"@id\":\"https:\/\/footdavant.fr\/actualites\/#organization\",\"name\":\"Foot d'avant\",\"url\":\"https:\/\/footdavant.fr\/actualites\/\",\"logo\":{\"@type\":\"ImageObject\",\"inLanguage\":\"fr-FR\",\"@id\":\"https:\/\/footdavant.fr\/actualites\/#\/schema\/logo\/image\/\",\"url\":\"https:\/\/footdavant.fr\/actualites\/wp-content\/uploads\/2023\/09\/Copy-of-FootDavant-Logo.png\",\"contentUrl\":\"https:\/\/footdavant.fr\/actualites\/wp-content\/uploads\/2023\/09\/Copy-of-FootDavant-Logo.png\",\"width\":936,\"height\":549,\"caption\":\"Foot d'avant\"},\"image\":{\"@id\":\"https:\/\/footdavant.fr\/actualites\/#\/schema\/logo\/image\/\"},\"sameAs\":[\"https:\/\/www.facebook.com\/Footdavant\/\",\"https:\/\/twitter.com\/FootdavantFr\",\"https:\/\/www.instagram.com\/footdavant.fr\/\"]},{\"@type\":\"Person\",\"@id\":\"https:\/\/footdavant.fr\/actualites\/#\/schema\/person\/bc222566d95871b37e597b3ed3ba5e1d\",\"name\":\"Cl\u00e9ment\",\"image\":{\"@type\":\"ImageObject\",\"inLanguage\":\"fr-FR\",\"@id\":\"https:\/\/footdavant.fr\/actualites\/#\/schema\/person\/image\/\",\"url\":\"https:\/\/secure.gravatar.com\/avatar\/7728b29aac2719421e1a9159b2254c44?s=96&d=mm&r=g\",\"contentUrl\":\"https:\/\/secure.gravatar.com\/avatar\/7728b29aac2719421e1a9159b2254c44?s=96&d=mm&r=g\",\"caption\":\"Cl\u00e9ment\"},\"sameAs\":[\"https:\/\/footdavant.fr\/\"]}]}<\/script>\n<!-- \/ Yoast SEO plugin. -->","yoast_head_json":{"title":"Retrouver notre sang-froid | ...un blog d&#39;Arsenal","robots":{"index":"index","follow":"follow","max-snippet":"max-snippet:-1","max-image-preview":"max-image-preview:large","max-video-preview":"max-video-preview:-1"},"canonical":"https:\/\/footdavant.fr\/actualites\/retrouver-notre-sang-froid-un-blog-darsenal\/","og_locale":"fr_FR","og_type":"article","og_title":"Retrouver notre sang-froid | ...un blog d&#39;Arsenal","og_description":"Bonjour \u00e0 tous. Apr\u00e8s avoir sembl\u00e9 un peu tendu lors de son interview d&#39;apr\u00e8s-match apr\u00e8s les Wolves mercredi soir (c&#39;est compr\u00e9hensible), Mikel Arteta a fait","og_url":"https:\/\/footdavant.fr\/actualites\/retrouver-notre-sang-froid-un-blog-darsenal\/","og_site_name":"Foot d&#039;avant","article_publisher":"https:\/\/www.facebook.com\/Footdavant\/","article_published_time":"2026-02-21T10:48:06+00:00","article_modified_time":"2026-02-21T10:48:09+00:00","og_image":[{"width":1614,"height":766,"url":"https:\/\/footdavant.fr\/actualites\/wp-content\/uploads\/2026\/02\/Retrouver-notre-sang-froid-un-blog-d39Arsenal.jpg","type":"image\/jpeg"}],"author":"Cl\u00e9ment","twitter_card":"summary_large_image","twitter_creator":"@FootdavantFr","twitter_site":"@FootdavantFr","twitter_misc":{"\u00c9crit par":"Cl\u00e9ment","Dur\u00e9e de lecture estim\u00e9e":"5 minutes"},"schema":{"@context":"https:\/\/schema.org","@graph":[{"@type":"Article","@id":"https:\/\/footdavant.fr\/actualites\/retrouver-notre-sang-froid-un-blog-darsenal\/#article","isPartOf":{"@id":"https:\/\/footdavant.fr\/actualites\/retrouver-notre-sang-froid-un-blog-darsenal\/"},"author":{"name":"Cl\u00e9ment","@id":"https:\/\/footdavant.fr\/actualites\/#\/schema\/person\/bc222566d95871b37e597b3ed3ba5e1d"},"headline":"Retrouver notre sang-froid | &#8230;un blog d&#39;Arsenal","datePublished":"2026-02-21T10:48:06+00:00","dateModified":"2026-02-21T10:48:09+00:00","mainEntityOfPage":{"@id":"https:\/\/footdavant.fr\/actualites\/retrouver-notre-sang-froid-un-blog-darsenal\/"},"wordCount":1016,"publisher":{"@id":"https:\/\/footdavant.fr\/actualites\/#organization"},"keywords":["...un","blog","d39Arsenal","notre","retrouver","sangfroid"],"articleSection":["Football"],"inLanguage":"fr-FR"},{"@type":"WebPage","@id":"https:\/\/footdavant.fr\/actualites\/retrouver-notre-sang-froid-un-blog-darsenal\/","url":"https:\/\/footdavant.fr\/actualites\/retrouver-notre-sang-froid-un-blog-darsenal\/","name":"Retrouver notre sang-froid | ...un blog d&#39;Arsenal","isPartOf":{"@id":"https:\/\/footdavant.fr\/actualites\/#website"},"datePublished":"2026-02-21T10:48:06+00:00","dateModified":"2026-02-21T10:48:09+00:00","breadcrumb":{"@id":"https:\/\/footdavant.fr\/actualites\/retrouver-notre-sang-froid-un-blog-darsenal\/#breadcrumb"},"inLanguage":"fr-FR","potentialAction":[{"@type":"ReadAction","target":["https:\/\/footdavant.fr\/actualites\/retrouver-notre-sang-froid-un-blog-darsenal\/"]}]},{"@type":"BreadcrumbList","@id":"https:\/\/footdavant.fr\/actualites\/retrouver-notre-sang-froid-un-blog-darsenal\/#breadcrumb","itemListElement":[{"@type":"ListItem","position":1,"name":"Accueil","item":"https:\/\/footdavant.fr\/actualites\/"},{"@type":"ListItem","position":2,"name":"Retrouver notre sang-froid | &#8230;un blog d&#39;Arsenal"}]},{"@type":"WebSite","@id":"https:\/\/footdavant.fr\/actualites\/#website","url":"https:\/\/footdavant.fr\/actualites\/","name":"Foot d'avant","description":"","publisher":{"@id":"https:\/\/footdavant.fr\/actualites\/#organization"},"potentialAction":[{"@type":"SearchAction","target":{"@type":"EntryPoint","urlTemplate":"https:\/\/footdavant.fr\/actualites\/?s={search_term_string}"},"query-input":"required name=search_term_string"}],"inLanguage":"fr-FR"},{"@type":"Organization","@id":"https:\/\/footdavant.fr\/actualites\/#organization","name":"Foot d'avant","url":"https:\/\/footdavant.fr\/actualites\/","logo":{"@type":"ImageObject","inLanguage":"fr-FR","@id":"https:\/\/footdavant.fr\/actualites\/#\/schema\/logo\/image\/","url":"https:\/\/footdavant.fr\/actualites\/wp-content\/uploads\/2023\/09\/Copy-of-FootDavant-Logo.png","contentUrl":"https:\/\/footdavant.fr\/actualites\/wp-content\/uploads\/2023\/09\/Copy-of-FootDavant-Logo.png","width":936,"height":549,"caption":"Foot d'avant"},"image":{"@id":"https:\/\/footdavant.fr\/actualites\/#\/schema\/logo\/image\/"},"sameAs":["https:\/\/www.facebook.com\/Footdavant\/","https:\/\/twitter.com\/FootdavantFr","https:\/\/www.instagram.com\/footdavant.fr\/"]},{"@type":"Person","@id":"https:\/\/footdavant.fr\/actualites\/#\/schema\/person\/bc222566d95871b37e597b3ed3ba5e1d","name":"Cl\u00e9ment","image":{"@type":"ImageObject","inLanguage":"fr-FR","@id":"https:\/\/footdavant.fr\/actualites\/#\/schema\/person\/image\/","url":"https:\/\/secure.gravatar.com\/avatar\/7728b29aac2719421e1a9159b2254c44?s=96&d=mm&r=g","contentUrl":"https:\/\/secure.gravatar.com\/avatar\/7728b29aac2719421e1a9159b2254c44?s=96&d=mm&r=g","caption":"Cl\u00e9ment"},"sameAs":["https:\/\/footdavant.fr\/"]}]}},"_links":{"self":[{"href":"https:\/\/footdavant.fr\/actualites\/wp-json\/wp\/v2\/posts\/34713"}],"collection":[{"href":"https:\/\/footdavant.fr\/actualites\/wp-json\/wp\/v2\/posts"}],"about":[{"href":"https:\/\/footdavant.fr\/actualites\/wp-json\/wp\/v2\/types\/post"}],"author":[{"embeddable":true,"href":"https:\/\/footdavant.fr\/actualites\/wp-json\/wp\/v2\/users\/1"}],"replies":[{"embeddable":true,"href":"https:\/\/footdavant.fr\/actualites\/wp-json\/wp\/v2\/comments?post=34713"}],"version-history":[{"count":1,"href":"https:\/\/footdavant.fr\/actualites\/wp-json\/wp\/v2\/posts\/34713\/revisions"}],"predecessor-version":[{"id":34715,"href":"https:\/\/footdavant.fr\/actualites\/wp-json\/wp\/v2\/posts\/34713\/revisions\/34715"}],"wp:featuredmedia":[{"embeddable":true,"href":"https:\/\/footdavant.fr\/actualites\/wp-json\/wp\/v2\/media\/34714"}],"wp:attachment":[{"href":"https:\/\/footdavant.fr\/actualites\/wp-json\/wp\/v2\/media?parent=34713"}],"wp:term":[{"taxonomy":"category","embeddable":true,"href":"https:\/\/footdavant.fr\/actualites\/wp-json\/wp\/v2\/categories?post=34713"},{"taxonomy":"post_tag","embeddable":true,"href":"https:\/\/footdavant.fr\/actualites\/wp-json\/wp\/v2\/tags?post=34713"}],"curies":[{"name":"wp","href":"https:\/\/api.w.org\/{rel}","templated":true}]}}