{"id":34716,"date":"2026-02-21T13:48:05","date_gmt":"2026-02-21T12:48:05","guid":{"rendered":"https:\/\/footdavant.fr\/actualites\/nouvelles-du-transfert-du-psg-paris-pourrait-rivaliser-avec-le-trio-de-premier-league-pour-la-signature-du-defenseur-du-real-madrid\/"},"modified":"2026-02-21T13:48:07","modified_gmt":"2026-02-21T12:48:07","slug":"nouvelles-du-transfert-du-psg-paris-pourrait-rivaliser-avec-le-trio-de-premier-league-pour-la-signature-du-defenseur-du-real-madrid","status":"publish","type":"post","link":"https:\/\/footdavant.fr\/actualites\/nouvelles-du-transfert-du-psg-paris-pourrait-rivaliser-avec-le-trio-de-premier-league-pour-la-signature-du-defenseur-du-real-madrid\/","title":{"rendered":"Nouvelles du transfert du PSG : Paris pourrait rivaliser avec le trio de Premier League pour la signature du d\u00e9fenseur du Real Madrid"},"content":{"rendered":"<div itemprop=\"articleBody\">\n<p>A quelques mois du mercato estival, le Paris Saint-Germain surveillerait la situation d&#39;un joueur sur le point de quitter le Real Madrid.<\/p>\n<p>En fin de contrat en fin de saison avec le Real Madrid, Antonio Rudiger n&#39;a toujours pas re\u00e7u d&#39;offre de prolongation de contrat de la part des Blancos.<\/p>\n<p>Une sortie de transfert gratuite pour le d\u00e9fenseur central allemand est donc de plus en plus probable, ainsi que celle de son partenaire d\u00e9fensif David Alaba, qui se retrouve dans la m\u00eame situation contractuelle.<\/p>\n<h2>Antonio Rudiger veut rejoindre la Premier League<\/h2>\n<div>\n<div>\n<div>\n<p>\u00a9 Imago<\/p>\n<\/div>\n<\/div>\n<\/div>\n<p>Le Real Madrid semble vouloir entamer un nouveau cycle en d\u00e9fense centrale. Face \u00e0 cette situation, Rudiger commence \u00e0 r\u00e9fl\u00e9chir \u00e0 son avenir.<\/p>\n<p>Selon <em>Discussion en \u00e9quipe<\/em>l&#39;international allemand a choisi sa prochaine destination : il souhaite revenir en Premier League et serait m\u00eame pr\u00eat \u00e0 accepter une baisse de salaire pour ce faire.<\/p>\n<p>Tottenham, Crystal Palace et West Ham ont \u00e9t\u00e9 mentionn\u00e9s comme pr\u00e9tendants s\u00e9rieux pour accueillir le joueur de 32 ans. Cette information a \u00e9t\u00e9 confirm\u00e9e par <em>Pris hors jeu<\/em>qui ajoute que ces trois clubs anglais ont ouvert des discussions avec le joueur concernant une arriv\u00e9e gratuite en transfert l&#39;\u00e9t\u00e9 prochain.<\/p>\n<h2>Le PSG surveille la situation du d\u00e9fenseur du Real Madrid<\/h2>\n<div>\n<div>\n<div><img decoding=\"async\" data-img-id=\"149988\" class=\"lazy\" loading=\"lazy\" src=\"https:\/\/footdavant.fr\/actualites\/wp-content\/uploads\/2025\/07\/PSG-ouvert-3939-a-la-vente-de-defenseur-cet.jpg\"\/><\/p>\n<p>\u00a9 Imago<\/p>\n<\/div>\n<\/div>\n<\/div>\n<p>Une bataille \u00e0 trois semble donc se dessiner dans ce dossier, mais ce n\u2019est pas tout. En effet, le m\u00e9dia britannique rapporte que \u00ab\u00a0le Paris Saint-Germain surveille \u00e9galement la situation de pr\u00e8s\u00a0\u00bb.<\/p>\n<p>Rudiger ne semble pas vraiment s&#39;int\u00e9grer dans la nouvelle strat\u00e9gie de recrutement du club de la capitale, qui se concentre avant tout sur la signature de jeunes prometteurs \u00e0 fort potentiel.<\/p>\n<p>Cependant, avec les performances d\u00e9cevantes d&#39;Illya Zabarnyi et Lucas Beraldo, ainsi que les possibles d\u00e9parts des trentenaires Marquinhos et Lucas Hernandez, le PSG pourrait avoir besoin de renforcer le c\u0153ur de sa d\u00e9fense.<\/p>\n<p>La signature de Rudiger, qui reste titulaire au Real Madrid lorsqu&#39;il est disponible, sur un transfert gratuit pourrait \u00eatre une bonne affaire. Reste \u00e0 savoir quelle sera la position du Madril\u00e8ne face \u00e0 ce nouvel int\u00e9r\u00eat.<\/p>\n<\/div>\n","protected":false},"excerpt":{"rendered":"<p>A quelques mois du mercato estival, le Paris Saint-Germain surveillerait la situation d&#39;un joueur sur le point de quitter le Real Madrid. En fin de<\/p>\n","protected":false},"author":1,"featured_media":33458,"comment_status":"closed","ping_status":"","sticky":false,"template":"","format":"standard","meta":{"footnotes":""},"categories":[5],"tags":[91,928,202,303,461,100,51,269,201,1656,302,1310,449,700,845],"yoast_head":"<!-- This site is optimized with the Yoast SEO plugin v21.0 - https:\/\/yoast.com\/wordpress\/plugins\/seo\/ -->\n<title>Nouvelles du transfert du PSG : Paris pourrait rivaliser avec le trio de Premier League pour la signature du d\u00e9fenseur du Real Madrid<\/title>\n<meta name=\"robots\" content=\"index, follow, max-snippet:-1, max-image-preview:large, max-video-preview:-1\" \/>\n<link rel=\"canonical\" href=\"https:\/\/footdavant.fr\/actualites\/nouvelles-du-transfert-du-psg-paris-pourrait-rivaliser-avec-le-trio-de-premier-league-pour-la-signature-du-defenseur-du-real-madrid\/\" \/>\n<meta property=\"og:locale\" content=\"fr_FR\" \/>\n<meta property=\"og:type\" content=\"article\" \/>\n<meta property=\"og:title\" content=\"Nouvelles du transfert du PSG : Paris pourrait rivaliser avec le trio de Premier League pour la signature du d\u00e9fenseur du Real Madrid\" \/>\n<meta property=\"og:description\" content=\"A quelques mois du mercato estival, le Paris Saint-Germain surveillerait la situation d&#039;un joueur sur le point de quitter le Real Madrid. En fin de\" \/>\n<meta property=\"og:url\" content=\"https:\/\/footdavant.fr\/actualites\/nouvelles-du-transfert-du-psg-paris-pourrait-rivaliser-avec-le-trio-de-premier-league-pour-la-signature-du-defenseur-du-real-madrid\/\" \/>\n<meta property=\"og:site_name\" content=\"Foot d&#039;avant\" \/>\n<meta property=\"article:publisher\" content=\"https:\/\/www.facebook.com\/Footdavant\/\" \/>\n<meta property=\"article:published_time\" content=\"2026-02-21T12:48:05+00:00\" \/>\n<meta property=\"article:modified_time\" content=\"2026-02-21T12:48:07+00:00\" \/>\n<meta property=\"og:image\" content=\"https:\/\/footdavant.fr\/actualites\/wp-content\/uploads\/2026\/01\/Nouveau-manager-de-Man-Utd-les-Red-Devils-font-du.net2Fuploads2F20252F112Fimago1069092509.webp\" \/>\n\t<meta property=\"og:image:width\" content=\"720\" \/>\n\t<meta property=\"og:image:height\" content=\"410\" \/>\n\t<meta property=\"og:image:type\" content=\"image\/webp\" \/>\n<meta name=\"author\" content=\"Cl\u00e9ment\" \/>\n<meta name=\"twitter:card\" content=\"summary_large_image\" \/>\n<meta name=\"twitter:creator\" content=\"@FootdavantFr\" \/>\n<meta name=\"twitter:site\" content=\"@FootdavantFr\" \/>\n<meta name=\"twitter:label1\" content=\"\u00c9crit par\" \/>\n\t<meta name=\"twitter:data1\" content=\"Cl\u00e9ment\" \/>\n\t<meta name=\"twitter:label2\" content=\"Dur\u00e9e de lecture estim\u00e9e\" \/>\n\t<meta name=\"twitter:data2\" content=\"2 minutes\" \/>\n<script type=\"application\/ld+json\" class=\"yoast-schema-graph\">{\"@context\":\"https:\/\/schema.org\",\"@graph\":[{\"@type\":\"Article\",\"@id\":\"https:\/\/footdavant.fr\/actualites\/nouvelles-du-transfert-du-psg-paris-pourrait-rivaliser-avec-le-trio-de-premier-league-pour-la-signature-du-defenseur-du-real-madrid\/#article\",\"isPartOf\":{\"@id\":\"https:\/\/footdavant.fr\/actualites\/nouvelles-du-transfert-du-psg-paris-pourrait-rivaliser-avec-le-trio-de-premier-league-pour-la-signature-du-defenseur-du-real-madrid\/\"},\"author\":{\"name\":\"Cl\u00e9ment\",\"@id\":\"https:\/\/footdavant.fr\/actualites\/#\/schema\/person\/bc222566d95871b37e597b3ed3ba5e1d\"},\"headline\":\"Nouvelles du transfert du PSG : Paris pourrait rivaliser avec le trio de Premier League pour la signature du d\u00e9fenseur du Real Madrid\",\"datePublished\":\"2026-02-21T12:48:05+00:00\",\"dateModified\":\"2026-02-21T12:48:07+00:00\",\"mainEntityOfPage\":{\"@id\":\"https:\/\/footdavant.fr\/actualites\/nouvelles-du-transfert-du-psg-paris-pourrait-rivaliser-avec-le-trio-de-premier-league-pour-la-signature-du-defenseur-du-real-madrid\/\"},\"wordCount\":385,\"publisher\":{\"@id\":\"https:\/\/footdavant.fr\/actualites\/#organization\"},\"keywords\":[\"avec\",\"d\u00e9fenseur\",\"League\",\"Madrid\",\"Nouvelles\",\"paris\",\"pour\",\"pourrait\",\"Premier\",\"PSG\",\"Real\",\"rivaliser\",\"signature\",\"transfert\",\"trio\"],\"articleSection\":[\"Premier League\"],\"inLanguage\":\"fr-FR\"},{\"@type\":\"WebPage\",\"@id\":\"https:\/\/footdavant.fr\/actualites\/nouvelles-du-transfert-du-psg-paris-pourrait-rivaliser-avec-le-trio-de-premier-league-pour-la-signature-du-defenseur-du-real-madrid\/\",\"url\":\"https:\/\/footdavant.fr\/actualites\/nouvelles-du-transfert-du-psg-paris-pourrait-rivaliser-avec-le-trio-de-premier-league-pour-la-signature-du-defenseur-du-real-madrid\/\",\"name\":\"Nouvelles du transfert du PSG : Paris pourrait rivaliser avec le trio de Premier League pour la signature du d\u00e9fenseur du Real Madrid\",\"isPartOf\":{\"@id\":\"https:\/\/footdavant.fr\/actualites\/#website\"},\"datePublished\":\"2026-02-21T12:48:05+00:00\",\"dateModified\":\"2026-02-21T12:48:07+00:00\",\"breadcrumb\":{\"@id\":\"https:\/\/footdavant.fr\/actualites\/nouvelles-du-transfert-du-psg-paris-pourrait-rivaliser-avec-le-trio-de-premier-league-pour-la-signature-du-defenseur-du-real-madrid\/#breadcrumb\"},\"inLanguage\":\"fr-FR\",\"potentialAction\":[{\"@type\":\"ReadAction\",\"target\":[\"https:\/\/footdavant.fr\/actualites\/nouvelles-du-transfert-du-psg-paris-pourrait-rivaliser-avec-le-trio-de-premier-league-pour-la-signature-du-defenseur-du-real-madrid\/\"]}]},{\"@type\":\"BreadcrumbList\",\"@id\":\"https:\/\/footdavant.fr\/actualites\/nouvelles-du-transfert-du-psg-paris-pourrait-rivaliser-avec-le-trio-de-premier-league-pour-la-signature-du-defenseur-du-real-madrid\/#breadcrumb\",\"itemListElement\":[{\"@type\":\"ListItem\",\"position\":1,\"name\":\"Accueil\",\"item\":\"https:\/\/footdavant.fr\/actualites\/\"},{\"@type\":\"ListItem\",\"position\":2,\"name\":\"Nouvelles du transfert du PSG : Paris pourrait rivaliser avec le trio de Premier League pour la signature du d\u00e9fenseur du Real Madrid\"}]},{\"@type\":\"WebSite\",\"@id\":\"https:\/\/footdavant.fr\/actualites\/#website\",\"url\":\"https:\/\/footdavant.fr\/actualites\/\",\"name\":\"Foot d'avant\",\"description\":\"\",\"publisher\":{\"@id\":\"https:\/\/footdavant.fr\/actualites\/#organization\"},\"potentialAction\":[{\"@type\":\"SearchAction\",\"target\":{\"@type\":\"EntryPoint\",\"urlTemplate\":\"https:\/\/footdavant.fr\/actualites\/?s={search_term_string}\"},\"query-input\":\"required name=search_term_string\"}],\"inLanguage\":\"fr-FR\"},{\"@type\":\"Organization\",\"@id\":\"https:\/\/footdavant.fr\/actualites\/#organization\",\"name\":\"Foot d'avant\",\"url\":\"https:\/\/footdavant.fr\/actualites\/\",\"logo\":{\"@type\":\"ImageObject\",\"inLanguage\":\"fr-FR\",\"@id\":\"https:\/\/footdavant.fr\/actualites\/#\/schema\/logo\/image\/\",\"url\":\"https:\/\/footdavant.fr\/actualites\/wp-content\/uploads\/2023\/09\/Copy-of-FootDavant-Logo.png\",\"contentUrl\":\"https:\/\/footdavant.fr\/actualites\/wp-content\/uploads\/2023\/09\/Copy-of-FootDavant-Logo.png\",\"width\":936,\"height\":549,\"caption\":\"Foot d'avant\"},\"image\":{\"@id\":\"https:\/\/footdavant.fr\/actualites\/#\/schema\/logo\/image\/\"},\"sameAs\":[\"https:\/\/www.facebook.com\/Footdavant\/\",\"https:\/\/twitter.com\/FootdavantFr\",\"https:\/\/www.instagram.com\/footdavant.fr\/\"]},{\"@type\":\"Person\",\"@id\":\"https:\/\/footdavant.fr\/actualites\/#\/schema\/person\/bc222566d95871b37e597b3ed3ba5e1d\",\"name\":\"Cl\u00e9ment\",\"image\":{\"@type\":\"ImageObject\",\"inLanguage\":\"fr-FR\",\"@id\":\"https:\/\/footdavant.fr\/actualites\/#\/schema\/person\/image\/\",\"url\":\"https:\/\/secure.gravatar.com\/avatar\/7728b29aac2719421e1a9159b2254c44?s=96&d=mm&r=g\",\"contentUrl\":\"https:\/\/secure.gravatar.com\/avatar\/7728b29aac2719421e1a9159b2254c44?s=96&d=mm&r=g\",\"caption\":\"Cl\u00e9ment\"},\"sameAs\":[\"https:\/\/footdavant.fr\/\"]}]}<\/script>\n<!-- \/ Yoast SEO plugin. -->","yoast_head_json":{"title":"Nouvelles du transfert du PSG : Paris pourrait rivaliser avec le trio de Premier League pour la signature du d\u00e9fenseur du Real Madrid","robots":{"index":"index","follow":"follow","max-snippet":"max-snippet:-1","max-image-preview":"max-image-preview:large","max-video-preview":"max-video-preview:-1"},"canonical":"https:\/\/footdavant.fr\/actualites\/nouvelles-du-transfert-du-psg-paris-pourrait-rivaliser-avec-le-trio-de-premier-league-pour-la-signature-du-defenseur-du-real-madrid\/","og_locale":"fr_FR","og_type":"article","og_title":"Nouvelles du transfert du PSG : Paris pourrait rivaliser avec le trio de Premier League pour la signature du d\u00e9fenseur du Real Madrid","og_description":"A quelques mois du mercato estival, le Paris Saint-Germain surveillerait la situation d&#39;un joueur sur le point de quitter le Real Madrid. En fin de","og_url":"https:\/\/footdavant.fr\/actualites\/nouvelles-du-transfert-du-psg-paris-pourrait-rivaliser-avec-le-trio-de-premier-league-pour-la-signature-du-defenseur-du-real-madrid\/","og_site_name":"Foot d&#039;avant","article_publisher":"https:\/\/www.facebook.com\/Footdavant\/","article_published_time":"2026-02-21T12:48:05+00:00","article_modified_time":"2026-02-21T12:48:07+00:00","og_image":[{"width":720,"height":410,"url":"https:\/\/footdavant.fr\/actualites\/wp-content\/uploads\/2026\/01\/Nouveau-manager-de-Man-Utd-les-Red-Devils-font-du.net2Fuploads2F20252F112Fimago1069092509.webp","type":"image\/webp"}],"author":"Cl\u00e9ment","twitter_card":"summary_large_image","twitter_creator":"@FootdavantFr","twitter_site":"@FootdavantFr","twitter_misc":{"\u00c9crit par":"Cl\u00e9ment","Dur\u00e9e de lecture estim\u00e9e":"2 minutes"},"schema":{"@context":"https:\/\/schema.org","@graph":[{"@type":"Article","@id":"https:\/\/footdavant.fr\/actualites\/nouvelles-du-transfert-du-psg-paris-pourrait-rivaliser-avec-le-trio-de-premier-league-pour-la-signature-du-defenseur-du-real-madrid\/#article","isPartOf":{"@id":"https:\/\/footdavant.fr\/actualites\/nouvelles-du-transfert-du-psg-paris-pourrait-rivaliser-avec-le-trio-de-premier-league-pour-la-signature-du-defenseur-du-real-madrid\/"},"author":{"name":"Cl\u00e9ment","@id":"https:\/\/footdavant.fr\/actualites\/#\/schema\/person\/bc222566d95871b37e597b3ed3ba5e1d"},"headline":"Nouvelles du transfert du PSG : Paris pourrait rivaliser avec le trio de Premier League pour la signature du d\u00e9fenseur du Real Madrid","datePublished":"2026-02-21T12:48:05+00:00","dateModified":"2026-02-21T12:48:07+00:00","mainEntityOfPage":{"@id":"https:\/\/footdavant.fr\/actualites\/nouvelles-du-transfert-du-psg-paris-pourrait-rivaliser-avec-le-trio-de-premier-league-pour-la-signature-du-defenseur-du-real-madrid\/"},"wordCount":385,"publisher":{"@id":"https:\/\/footdavant.fr\/actualites\/#organization"},"keywords":["avec","d\u00e9fenseur","League","Madrid","Nouvelles","paris","pour","pourrait","Premier","PSG","Real","rivaliser","signature","transfert","trio"],"articleSection":["Premier League"],"inLanguage":"fr-FR"},{"@type":"WebPage","@id":"https:\/\/footdavant.fr\/actualites\/nouvelles-du-transfert-du-psg-paris-pourrait-rivaliser-avec-le-trio-de-premier-league-pour-la-signature-du-defenseur-du-real-madrid\/","url":"https:\/\/footdavant.fr\/actualites\/nouvelles-du-transfert-du-psg-paris-pourrait-rivaliser-avec-le-trio-de-premier-league-pour-la-signature-du-defenseur-du-real-madrid\/","name":"Nouvelles du transfert du PSG : Paris pourrait rivaliser avec le trio de Premier League pour la signature du d\u00e9fenseur du Real Madrid","isPartOf":{"@id":"https:\/\/footdavant.fr\/actualites\/#website"},"datePublished":"2026-02-21T12:48:05+00:00","dateModified":"2026-02-21T12:48:07+00:00","breadcrumb":{"@id":"https:\/\/footdavant.fr\/actualites\/nouvelles-du-transfert-du-psg-paris-pourrait-rivaliser-avec-le-trio-de-premier-league-pour-la-signature-du-defenseur-du-real-madrid\/#breadcrumb"},"inLanguage":"fr-FR","potentialAction":[{"@type":"ReadAction","target":["https:\/\/footdavant.fr\/actualites\/nouvelles-du-transfert-du-psg-paris-pourrait-rivaliser-avec-le-trio-de-premier-league-pour-la-signature-du-defenseur-du-real-madrid\/"]}]},{"@type":"BreadcrumbList","@id":"https:\/\/footdavant.fr\/actualites\/nouvelles-du-transfert-du-psg-paris-pourrait-rivaliser-avec-le-trio-de-premier-league-pour-la-signature-du-defenseur-du-real-madrid\/#breadcrumb","itemListElement":[{"@type":"ListItem","position":1,"name":"Accueil","item":"https:\/\/footdavant.fr\/actualites\/"},{"@type":"ListItem","position":2,"name":"Nouvelles du transfert du PSG : Paris pourrait rivaliser avec le trio de Premier League pour la signature du d\u00e9fenseur du Real Madrid"}]},{"@type":"WebSite","@id":"https:\/\/footdavant.fr\/actualites\/#website","url":"https:\/\/footdavant.fr\/actualites\/","name":"Foot d'avant","description":"","publisher":{"@id":"https:\/\/footdavant.fr\/actualites\/#organization"},"potentialAction":[{"@type":"SearchAction","target":{"@type":"EntryPoint","urlTemplate":"https:\/\/footdavant.fr\/actualites\/?s={search_term_string}"},"query-input":"required name=search_term_string"}],"inLanguage":"fr-FR"},{"@type":"Organization","@id":"https:\/\/footdavant.fr\/actualites\/#organization","name":"Foot d'avant","url":"https:\/\/footdavant.fr\/actualites\/","logo":{"@type":"ImageObject","inLanguage":"fr-FR","@id":"https:\/\/footdavant.fr\/actualites\/#\/schema\/logo\/image\/","url":"https:\/\/footdavant.fr\/actualites\/wp-content\/uploads\/2023\/09\/Copy-of-FootDavant-Logo.png","contentUrl":"https:\/\/footdavant.fr\/actualites\/wp-content\/uploads\/2023\/09\/Copy-of-FootDavant-Logo.png","width":936,"height":549,"caption":"Foot d'avant"},"image":{"@id":"https:\/\/footdavant.fr\/actualites\/#\/schema\/logo\/image\/"},"sameAs":["https:\/\/www.facebook.com\/Footdavant\/","https:\/\/twitter.com\/FootdavantFr","https:\/\/www.instagram.com\/footdavant.fr\/"]},{"@type":"Person","@id":"https:\/\/footdavant.fr\/actualites\/#\/schema\/person\/bc222566d95871b37e597b3ed3ba5e1d","name":"Cl\u00e9ment","image":{"@type":"ImageObject","inLanguage":"fr-FR","@id":"https:\/\/footdavant.fr\/actualites\/#\/schema\/person\/image\/","url":"https:\/\/secure.gravatar.com\/avatar\/7728b29aac2719421e1a9159b2254c44?s=96&d=mm&r=g","contentUrl":"https:\/\/secure.gravatar.com\/avatar\/7728b29aac2719421e1a9159b2254c44?s=96&d=mm&r=g","caption":"Cl\u00e9ment"},"sameAs":["https:\/\/footdavant.fr\/"]}]}},"_links":{"self":[{"href":"https:\/\/footdavant.fr\/actualites\/wp-json\/wp\/v2\/posts\/34716"}],"collection":[{"href":"https:\/\/footdavant.fr\/actualites\/wp-json\/wp\/v2\/posts"}],"about":[{"href":"https:\/\/footdavant.fr\/actualites\/wp-json\/wp\/v2\/types\/post"}],"author":[{"embeddable":true,"href":"https:\/\/footdavant.fr\/actualites\/wp-json\/wp\/v2\/users\/1"}],"replies":[{"embeddable":true,"href":"https:\/\/footdavant.fr\/actualites\/wp-json\/wp\/v2\/comments?post=34716"}],"version-history":[{"count":1,"href":"https:\/\/footdavant.fr\/actualites\/wp-json\/wp\/v2\/posts\/34716\/revisions"}],"predecessor-version":[{"id":34717,"href":"https:\/\/footdavant.fr\/actualites\/wp-json\/wp\/v2\/posts\/34716\/revisions\/34717"}],"wp:featuredmedia":[{"embeddable":true,"href":"https:\/\/footdavant.fr\/actualites\/wp-json\/wp\/v2\/media\/33458"}],"wp:attachment":[{"href":"https:\/\/footdavant.fr\/actualites\/wp-json\/wp\/v2\/media?parent=34716"}],"wp:term":[{"taxonomy":"category","embeddable":true,"href":"https:\/\/footdavant.fr\/actualites\/wp-json\/wp\/v2\/categories?post=34716"},{"taxonomy":"post_tag","embeddable":true,"href":"https:\/\/footdavant.fr\/actualites\/wp-json\/wp\/v2\/tags?post=34716"}],"curies":[{"name":"wp","href":"https:\/\/api.w.org\/{rel}","templated":true}]}}