{"id":34718,"date":"2026-02-21T15:48:03","date_gmt":"2026-02-21T14:48:03","guid":{"rendered":"https:\/\/footdavant.fr\/actualites\/liverpool-pourrait-etre-dispose-a-vendre-cody-gakpo-cet-ete\/"},"modified":"2026-02-21T15:48:05","modified_gmt":"2026-02-21T14:48:05","slug":"liverpool-pourrait-etre-dispose-a-vendre-cody-gakpo-cet-ete","status":"publish","type":"post","link":"https:\/\/footdavant.fr\/actualites\/liverpool-pourrait-etre-dispose-a-vendre-cody-gakpo-cet-ete\/","title":{"rendered":"Liverpool pourrait \u00eatre dispos\u00e9 \u00e0 vendre Cody Gakpo cet \u00e9t\u00e9"},"content":{"rendered":"<div id=\"article-body\">\n<!-- Article Start --><\/p>\n<p>Liverpool pourrait \u00eatre ouvert aux offres pour un joueur qui a particip\u00e9 \u00e0 l&#39;\u00e9crasante majorit\u00e9 de ses matchs jusqu&#39;\u00e0 pr\u00e9sent cette saison.<\/p>\n<p><b><i>T\u00c9L\u00c9CHARGEZ L&#39;APPLICATION OFFICIELLE EMPIRE OF KOP POUR TOUTES LES DERNI\u00c8RES MISES \u00c0 JOUR \u2013 DIRECTEMENT SUR VOTRE T\u00c9L\u00c9PHONE\u00a0! SUR APPLE ET GOOGLE PLAY<\/i><\/b><\/p>\n<p>Suite \u00e0 la vente de Luis Diaz au Bayern Munich l&#39;\u00e9t\u00e9 dernier, Cody Gakpo a \u00e9t\u00e9 une s\u00e9lection quasi constante sur l&#39;aile gauche de l&#39;\u00e9quipe d&#39;Arne Slot, apparaissant dans 34 des 39 matches des Reds. Il en a rat\u00e9 trois en raison d&#39;une blessure et s&#39;est repos\u00e9 pour les deux matches de Coupe Carabao \u00e0 l&#39;automne (Transfermarkt).<\/p>\n<p>Son total de sept buts le place au troisi\u00e8me rang du classement des buteurs d&#39;Anfield pour 2025\/26, mais un nouveau rapport sugg\u00e8re qu&#39;il pourrait \u00eatre \u00e0 gagner si les circonstances sont favorables pour FSG.<\/p>\n<h2>Liverpool pourrait \u00eatre dispos\u00e9 \u00e0 vendre Gakpo cet \u00e9t\u00e9<\/h2>\n<p>Selon Pete O&#39;Rourke pour Football Insider, Liverpool pourrait \u00eatre dispos\u00e9 \u00e0 vendre le joueur de 26 ans cet \u00e9t\u00e9 s&#39;il identifie une cible privil\u00e9gi\u00e9e pour le poste d&#39;attaque du c\u00f4t\u00e9 gauche, bien que son entra\u00eeneur principal le consid\u00e8re comme un \u00e9l\u00e9ment essentiel de la premi\u00e8re \u00e9quipe.<\/p>\n<figure id=\"attachment_284454\" aria-describedby=\"caption-attachment-284454\" style=\"width: 713px\" class=\"wp-caption alignnone\"><picture><source type=\"image\/webp\" data- data-><\/source><\/picture><\/figure>\n<p>Le journaliste du transfert a expliqu\u00e9 : <\/p>\n<\/p>\n<h2>Difficile de voir Liverpool vendre Gakpo dans l\u2019\u00e9tat actuel des choses<\/h2>\n<p>Bien que le retour de sept buts de Gakpo en 34 matchs cette saison ne soit pas \u00e9pouvantable, il a fait l&#39;objet de nombreuses critiques sur les r\u00e9seaux sociaux de la part de ses supporters qui le consid\u00e8rent comme \u00e9tant trop pr\u00e9visible en attaque, coupant fr\u00e9quemment vers l&#39;int\u00e9rieur depuis le flanc gauche et \u00e9tant \u00e9touff\u00e9 par les d\u00e9fenseurs adverses.<\/p>\n<p>Le journaliste Ian Doyle a r\u00e9cemment d\u00e9nonc\u00e9 les critiques que le N\u00e9erlandais re\u00e7oit de certains c\u00f4t\u00e9s, qualifiant le traitement de \u00ab\u00a0honteux\u00a0\u00bb et rejetant les accusations selon lesquelles il n&#39;est choisi que parce que lui et Slot partagent une nationalit\u00e9.<\/p>\n<p>L&#39;utilisation prudente de Rio Ngumoha par l&#39;entra\u00eeneur principal, alli\u00e9e au d\u00e9part de Diaz l&#39;\u00e9t\u00e9 dernier, signifie que la concurrence pour le poste d&#39;ailier gauche n&#39;est pas aussi intense que les ann\u00e9es pr\u00e9c\u00e9dentes, bien que Florian Wirtz ait \u00e9t\u00e9 s\u00e9lectionn\u00e9 \u00e0 ce poste lors de quelques rencontres.<\/p>\n<figure id=\"attachment_284455\" aria-describedby=\"caption-attachment-284455\" style=\"width: 713px\" class=\"wp-caption alignnone\"><picture><source type=\"image\/webp\" data- data-><img decoding=\"async\" src=\"https:\/\/footdavant.fr\/actualites\/wp-content\/uploads\/2026\/02\/1771685283_784_Liverpool-pourrait-etre-dispose-a-vendre-Cody-Gakpo-cet-ete.jpg\" class=\"lazyload wp-image-284455 has-webp\" alt=\"Cody Gakpo a \u00e9t\u00e9 un titulaire quasi constant pour Liverpool cette saison\"  data- style=\"aspect-ratio:1520\/991;max-width:1520px\"\/><\/source><\/picture><\/figure>\n<p>Bien qu&#39;en fin de compte chaque joueur ait son prix, il semble peu probable que Liverpool envisage de vendre Gakpo \u00e0 moins d&#39;\u00eatre pleinement confiant de signer une alternative de d\u00e9part toute faite lors de la prochaine fen\u00eatre de transfert.<\/p>\n<p>Les sp\u00e9culations sur un \u00e9ventuel coup pour Yan Diomande du RB Leipzig se sont poursuivies \u00e0 un rythme soutenu, de sorte que le num\u00e9ro 18 des Reds pourrait \u00eatre consid\u00e9r\u00e9 comme plus inutile si l&#39;ailier ivoirien devait \u00eatre sign\u00e9.<\/p>\n<p>De plus, comme O&#39;Rourke l&#39;a mentionn\u00e9, le joueur de 26 ans a sign\u00e9 un nouveau contrat \u00e0 long terme \u00e0 Anfield il y a \u00e0 peine six mois, ce qui sugg\u00e8re que lui et le club sont tr\u00e8s heureux de poursuivre leur association mutuelle dans un avenir pr\u00e9visible.<\/p>\n<p>Nous ne nous attendons pas \u00e0 ce que Gakpo soit vendu cette ann\u00e9e, mais nous esp\u00e9rons qu&#39;il pourra terminer cette saison en force et dissiper les critiques qui l&#39;ont harcel\u00e9 ces derniers temps.<\/p>\n<\/p>\n<p><!-- Article End -->\t\t\t\t<\/div>\n","protected":false},"excerpt":{"rendered":"<p>Liverpool pourrait \u00eatre ouvert aux offres pour un joueur qui a particip\u00e9 \u00e0 l&#39;\u00e9crasante majorit\u00e9 de ses matchs jusqu&#39;\u00e0 pr\u00e9sent cette saison. T\u00c9L\u00c9CHARGEZ L&#39;APPLICATION OFFICIELLE<\/p>\n","protected":false},"author":1,"featured_media":34719,"comment_status":"closed","ping_status":"","sticky":false,"template":"","format":"standard","meta":{"footnotes":""},"categories":[3],"tags":[775,1412,5006,776,270,1413,53,269,2262],"yoast_head":"<!-- This site is optimized with the Yoast SEO plugin v21.0 - https:\/\/yoast.com\/wordpress\/plugins\/seo\/ -->\n<title>Liverpool pourrait \u00eatre dispos\u00e9 \u00e0 vendre Cody Gakpo cet \u00e9t\u00e9<\/title>\n<meta name=\"robots\" content=\"index, follow, max-snippet:-1, max-image-preview:large, max-video-preview:-1\" \/>\n<link rel=\"canonical\" href=\"https:\/\/footdavant.fr\/actualites\/liverpool-pourrait-etre-dispose-a-vendre-cody-gakpo-cet-ete\/\" \/>\n<meta property=\"og:locale\" content=\"fr_FR\" \/>\n<meta property=\"og:type\" content=\"article\" \/>\n<meta property=\"og:title\" content=\"Liverpool pourrait \u00eatre dispos\u00e9 \u00e0 vendre Cody Gakpo cet \u00e9t\u00e9\" \/>\n<meta property=\"og:description\" content=\"Liverpool pourrait \u00eatre ouvert aux offres pour un joueur qui a particip\u00e9 \u00e0 l&#039;\u00e9crasante majorit\u00e9 de ses matchs jusqu&#039;\u00e0 pr\u00e9sent cette saison. T\u00c9L\u00c9CHARGEZ L&#039;APPLICATION OFFICIELLE\" \/>\n<meta property=\"og:url\" content=\"https:\/\/footdavant.fr\/actualites\/liverpool-pourrait-etre-dispose-a-vendre-cody-gakpo-cet-ete\/\" \/>\n<meta property=\"og:site_name\" content=\"Foot d&#039;avant\" \/>\n<meta property=\"article:publisher\" content=\"https:\/\/www.facebook.com\/Footdavant\/\" \/>\n<meta property=\"article:published_time\" content=\"2026-02-21T14:48:03+00:00\" \/>\n<meta property=\"article:modified_time\" content=\"2026-02-21T14:48:05+00:00\" \/>\n<meta property=\"og:image\" content=\"https:\/\/footdavant.fr\/actualites\/wp-content\/uploads\/2026\/02\/1771685284_Liverpool-pourrait-etre-dispose-a-vendre-Cody-Gakpo-cet-ete.jpg\" \/>\n\t<meta property=\"og:image:width\" content=\"1465\" \/>\n\t<meta property=\"og:image:height\" content=\"823\" \/>\n\t<meta property=\"og:image:type\" content=\"image\/jpeg\" \/>\n<meta name=\"author\" content=\"Cl\u00e9ment\" \/>\n<meta name=\"twitter:card\" content=\"summary_large_image\" \/>\n<meta name=\"twitter:creator\" content=\"@FootdavantFr\" \/>\n<meta name=\"twitter:site\" content=\"@FootdavantFr\" \/>\n<meta name=\"twitter:label1\" content=\"\u00c9crit par\" \/>\n\t<meta name=\"twitter:data1\" content=\"Cl\u00e9ment\" \/>\n\t<meta name=\"twitter:label2\" content=\"Dur\u00e9e de lecture estim\u00e9e\" \/>\n\t<meta name=\"twitter:data2\" content=\"3 minutes\" \/>\n<script type=\"application\/ld+json\" class=\"yoast-schema-graph\">{\"@context\":\"https:\/\/schema.org\",\"@graph\":[{\"@type\":\"Article\",\"@id\":\"https:\/\/footdavant.fr\/actualites\/liverpool-pourrait-etre-dispose-a-vendre-cody-gakpo-cet-ete\/#article\",\"isPartOf\":{\"@id\":\"https:\/\/footdavant.fr\/actualites\/liverpool-pourrait-etre-dispose-a-vendre-cody-gakpo-cet-ete\/\"},\"author\":{\"name\":\"Cl\u00e9ment\",\"@id\":\"https:\/\/footdavant.fr\/actualites\/#\/schema\/person\/bc222566d95871b37e597b3ed3ba5e1d\"},\"headline\":\"Liverpool pourrait \u00eatre dispos\u00e9 \u00e0 vendre Cody Gakpo cet \u00e9t\u00e9\",\"datePublished\":\"2026-02-21T14:48:03+00:00\",\"dateModified\":\"2026-02-21T14:48:05+00:00\",\"mainEntityOfPage\":{\"@id\":\"https:\/\/footdavant.fr\/actualites\/liverpool-pourrait-etre-dispose-a-vendre-cody-gakpo-cet-ete\/\"},\"wordCount\":574,\"publisher\":{\"@id\":\"https:\/\/footdavant.fr\/actualites\/#organization\"},\"keywords\":[\"cet\",\"Cody\",\"dispos\u00e9\",\"\u00e9t\u00e9\",\"\u00eatre\",\"Gakpo\",\"Liverpool\",\"pourrait\",\"vendre\"],\"articleSection\":[\"Football\"],\"inLanguage\":\"fr-FR\"},{\"@type\":\"WebPage\",\"@id\":\"https:\/\/footdavant.fr\/actualites\/liverpool-pourrait-etre-dispose-a-vendre-cody-gakpo-cet-ete\/\",\"url\":\"https:\/\/footdavant.fr\/actualites\/liverpool-pourrait-etre-dispose-a-vendre-cody-gakpo-cet-ete\/\",\"name\":\"Liverpool pourrait \u00eatre dispos\u00e9 \u00e0 vendre Cody Gakpo cet \u00e9t\u00e9\",\"isPartOf\":{\"@id\":\"https:\/\/footdavant.fr\/actualites\/#website\"},\"datePublished\":\"2026-02-21T14:48:03+00:00\",\"dateModified\":\"2026-02-21T14:48:05+00:00\",\"breadcrumb\":{\"@id\":\"https:\/\/footdavant.fr\/actualites\/liverpool-pourrait-etre-dispose-a-vendre-cody-gakpo-cet-ete\/#breadcrumb\"},\"inLanguage\":\"fr-FR\",\"potentialAction\":[{\"@type\":\"ReadAction\",\"target\":[\"https:\/\/footdavant.fr\/actualites\/liverpool-pourrait-etre-dispose-a-vendre-cody-gakpo-cet-ete\/\"]}]},{\"@type\":\"BreadcrumbList\",\"@id\":\"https:\/\/footdavant.fr\/actualites\/liverpool-pourrait-etre-dispose-a-vendre-cody-gakpo-cet-ete\/#breadcrumb\",\"itemListElement\":[{\"@type\":\"ListItem\",\"position\":1,\"name\":\"Accueil\",\"item\":\"https:\/\/footdavant.fr\/actualites\/\"},{\"@type\":\"ListItem\",\"position\":2,\"name\":\"Liverpool pourrait \u00eatre dispos\u00e9 \u00e0 vendre Cody Gakpo cet \u00e9t\u00e9\"}]},{\"@type\":\"WebSite\",\"@id\":\"https:\/\/footdavant.fr\/actualites\/#website\",\"url\":\"https:\/\/footdavant.fr\/actualites\/\",\"name\":\"Foot d'avant\",\"description\":\"\",\"publisher\":{\"@id\":\"https:\/\/footdavant.fr\/actualites\/#organization\"},\"potentialAction\":[{\"@type\":\"SearchAction\",\"target\":{\"@type\":\"EntryPoint\",\"urlTemplate\":\"https:\/\/footdavant.fr\/actualites\/?s={search_term_string}\"},\"query-input\":\"required name=search_term_string\"}],\"inLanguage\":\"fr-FR\"},{\"@type\":\"Organization\",\"@id\":\"https:\/\/footdavant.fr\/actualites\/#organization\",\"name\":\"Foot d'avant\",\"url\":\"https:\/\/footdavant.fr\/actualites\/\",\"logo\":{\"@type\":\"ImageObject\",\"inLanguage\":\"fr-FR\",\"@id\":\"https:\/\/footdavant.fr\/actualites\/#\/schema\/logo\/image\/\",\"url\":\"https:\/\/footdavant.fr\/actualites\/wp-content\/uploads\/2023\/09\/Copy-of-FootDavant-Logo.png\",\"contentUrl\":\"https:\/\/footdavant.fr\/actualites\/wp-content\/uploads\/2023\/09\/Copy-of-FootDavant-Logo.png\",\"width\":936,\"height\":549,\"caption\":\"Foot d'avant\"},\"image\":{\"@id\":\"https:\/\/footdavant.fr\/actualites\/#\/schema\/logo\/image\/\"},\"sameAs\":[\"https:\/\/www.facebook.com\/Footdavant\/\",\"https:\/\/twitter.com\/FootdavantFr\",\"https:\/\/www.instagram.com\/footdavant.fr\/\"]},{\"@type\":\"Person\",\"@id\":\"https:\/\/footdavant.fr\/actualites\/#\/schema\/person\/bc222566d95871b37e597b3ed3ba5e1d\",\"name\":\"Cl\u00e9ment\",\"image\":{\"@type\":\"ImageObject\",\"inLanguage\":\"fr-FR\",\"@id\":\"https:\/\/footdavant.fr\/actualites\/#\/schema\/person\/image\/\",\"url\":\"https:\/\/secure.gravatar.com\/avatar\/7728b29aac2719421e1a9159b2254c44?s=96&d=mm&r=g\",\"contentUrl\":\"https:\/\/secure.gravatar.com\/avatar\/7728b29aac2719421e1a9159b2254c44?s=96&d=mm&r=g\",\"caption\":\"Cl\u00e9ment\"},\"sameAs\":[\"https:\/\/footdavant.fr\/\"]}]}<\/script>\n<!-- \/ Yoast SEO plugin. -->","yoast_head_json":{"title":"Liverpool pourrait \u00eatre dispos\u00e9 \u00e0 vendre Cody Gakpo cet \u00e9t\u00e9","robots":{"index":"index","follow":"follow","max-snippet":"max-snippet:-1","max-image-preview":"max-image-preview:large","max-video-preview":"max-video-preview:-1"},"canonical":"https:\/\/footdavant.fr\/actualites\/liverpool-pourrait-etre-dispose-a-vendre-cody-gakpo-cet-ete\/","og_locale":"fr_FR","og_type":"article","og_title":"Liverpool pourrait \u00eatre dispos\u00e9 \u00e0 vendre Cody Gakpo cet \u00e9t\u00e9","og_description":"Liverpool pourrait \u00eatre ouvert aux offres pour un joueur qui a particip\u00e9 \u00e0 l&#39;\u00e9crasante majorit\u00e9 de ses matchs jusqu&#39;\u00e0 pr\u00e9sent cette saison. T\u00c9L\u00c9CHARGEZ L&#39;APPLICATION OFFICIELLE","og_url":"https:\/\/footdavant.fr\/actualites\/liverpool-pourrait-etre-dispose-a-vendre-cody-gakpo-cet-ete\/","og_site_name":"Foot d&#039;avant","article_publisher":"https:\/\/www.facebook.com\/Footdavant\/","article_published_time":"2026-02-21T14:48:03+00:00","article_modified_time":"2026-02-21T14:48:05+00:00","og_image":[{"width":1465,"height":823,"url":"https:\/\/footdavant.fr\/actualites\/wp-content\/uploads\/2026\/02\/1771685284_Liverpool-pourrait-etre-dispose-a-vendre-Cody-Gakpo-cet-ete.jpg","type":"image\/jpeg"}],"author":"Cl\u00e9ment","twitter_card":"summary_large_image","twitter_creator":"@FootdavantFr","twitter_site":"@FootdavantFr","twitter_misc":{"\u00c9crit par":"Cl\u00e9ment","Dur\u00e9e de lecture estim\u00e9e":"3 minutes"},"schema":{"@context":"https:\/\/schema.org","@graph":[{"@type":"Article","@id":"https:\/\/footdavant.fr\/actualites\/liverpool-pourrait-etre-dispose-a-vendre-cody-gakpo-cet-ete\/#article","isPartOf":{"@id":"https:\/\/footdavant.fr\/actualites\/liverpool-pourrait-etre-dispose-a-vendre-cody-gakpo-cet-ete\/"},"author":{"name":"Cl\u00e9ment","@id":"https:\/\/footdavant.fr\/actualites\/#\/schema\/person\/bc222566d95871b37e597b3ed3ba5e1d"},"headline":"Liverpool pourrait \u00eatre dispos\u00e9 \u00e0 vendre Cody Gakpo cet \u00e9t\u00e9","datePublished":"2026-02-21T14:48:03+00:00","dateModified":"2026-02-21T14:48:05+00:00","mainEntityOfPage":{"@id":"https:\/\/footdavant.fr\/actualites\/liverpool-pourrait-etre-dispose-a-vendre-cody-gakpo-cet-ete\/"},"wordCount":574,"publisher":{"@id":"https:\/\/footdavant.fr\/actualites\/#organization"},"keywords":["cet","Cody","dispos\u00e9","\u00e9t\u00e9","\u00eatre","Gakpo","Liverpool","pourrait","vendre"],"articleSection":["Football"],"inLanguage":"fr-FR"},{"@type":"WebPage","@id":"https:\/\/footdavant.fr\/actualites\/liverpool-pourrait-etre-dispose-a-vendre-cody-gakpo-cet-ete\/","url":"https:\/\/footdavant.fr\/actualites\/liverpool-pourrait-etre-dispose-a-vendre-cody-gakpo-cet-ete\/","name":"Liverpool pourrait \u00eatre dispos\u00e9 \u00e0 vendre Cody Gakpo cet \u00e9t\u00e9","isPartOf":{"@id":"https:\/\/footdavant.fr\/actualites\/#website"},"datePublished":"2026-02-21T14:48:03+00:00","dateModified":"2026-02-21T14:48:05+00:00","breadcrumb":{"@id":"https:\/\/footdavant.fr\/actualites\/liverpool-pourrait-etre-dispose-a-vendre-cody-gakpo-cet-ete\/#breadcrumb"},"inLanguage":"fr-FR","potentialAction":[{"@type":"ReadAction","target":["https:\/\/footdavant.fr\/actualites\/liverpool-pourrait-etre-dispose-a-vendre-cody-gakpo-cet-ete\/"]}]},{"@type":"BreadcrumbList","@id":"https:\/\/footdavant.fr\/actualites\/liverpool-pourrait-etre-dispose-a-vendre-cody-gakpo-cet-ete\/#breadcrumb","itemListElement":[{"@type":"ListItem","position":1,"name":"Accueil","item":"https:\/\/footdavant.fr\/actualites\/"},{"@type":"ListItem","position":2,"name":"Liverpool pourrait \u00eatre dispos\u00e9 \u00e0 vendre Cody Gakpo cet \u00e9t\u00e9"}]},{"@type":"WebSite","@id":"https:\/\/footdavant.fr\/actualites\/#website","url":"https:\/\/footdavant.fr\/actualites\/","name":"Foot d'avant","description":"","publisher":{"@id":"https:\/\/footdavant.fr\/actualites\/#organization"},"potentialAction":[{"@type":"SearchAction","target":{"@type":"EntryPoint","urlTemplate":"https:\/\/footdavant.fr\/actualites\/?s={search_term_string}"},"query-input":"required name=search_term_string"}],"inLanguage":"fr-FR"},{"@type":"Organization","@id":"https:\/\/footdavant.fr\/actualites\/#organization","name":"Foot d'avant","url":"https:\/\/footdavant.fr\/actualites\/","logo":{"@type":"ImageObject","inLanguage":"fr-FR","@id":"https:\/\/footdavant.fr\/actualites\/#\/schema\/logo\/image\/","url":"https:\/\/footdavant.fr\/actualites\/wp-content\/uploads\/2023\/09\/Copy-of-FootDavant-Logo.png","contentUrl":"https:\/\/footdavant.fr\/actualites\/wp-content\/uploads\/2023\/09\/Copy-of-FootDavant-Logo.png","width":936,"height":549,"caption":"Foot d'avant"},"image":{"@id":"https:\/\/footdavant.fr\/actualites\/#\/schema\/logo\/image\/"},"sameAs":["https:\/\/www.facebook.com\/Footdavant\/","https:\/\/twitter.com\/FootdavantFr","https:\/\/www.instagram.com\/footdavant.fr\/"]},{"@type":"Person","@id":"https:\/\/footdavant.fr\/actualites\/#\/schema\/person\/bc222566d95871b37e597b3ed3ba5e1d","name":"Cl\u00e9ment","image":{"@type":"ImageObject","inLanguage":"fr-FR","@id":"https:\/\/footdavant.fr\/actualites\/#\/schema\/person\/image\/","url":"https:\/\/secure.gravatar.com\/avatar\/7728b29aac2719421e1a9159b2254c44?s=96&d=mm&r=g","contentUrl":"https:\/\/secure.gravatar.com\/avatar\/7728b29aac2719421e1a9159b2254c44?s=96&d=mm&r=g","caption":"Cl\u00e9ment"},"sameAs":["https:\/\/footdavant.fr\/"]}]}},"_links":{"self":[{"href":"https:\/\/footdavant.fr\/actualites\/wp-json\/wp\/v2\/posts\/34718"}],"collection":[{"href":"https:\/\/footdavant.fr\/actualites\/wp-json\/wp\/v2\/posts"}],"about":[{"href":"https:\/\/footdavant.fr\/actualites\/wp-json\/wp\/v2\/types\/post"}],"author":[{"embeddable":true,"href":"https:\/\/footdavant.fr\/actualites\/wp-json\/wp\/v2\/users\/1"}],"replies":[{"embeddable":true,"href":"https:\/\/footdavant.fr\/actualites\/wp-json\/wp\/v2\/comments?post=34718"}],"version-history":[{"count":1,"href":"https:\/\/footdavant.fr\/actualites\/wp-json\/wp\/v2\/posts\/34718\/revisions"}],"predecessor-version":[{"id":34720,"href":"https:\/\/footdavant.fr\/actualites\/wp-json\/wp\/v2\/posts\/34718\/revisions\/34720"}],"wp:featuredmedia":[{"embeddable":true,"href":"https:\/\/footdavant.fr\/actualites\/wp-json\/wp\/v2\/media\/34719"}],"wp:attachment":[{"href":"https:\/\/footdavant.fr\/actualites\/wp-json\/wp\/v2\/media?parent=34718"}],"wp:term":[{"taxonomy":"category","embeddable":true,"href":"https:\/\/footdavant.fr\/actualites\/wp-json\/wp\/v2\/categories?post=34718"},{"taxonomy":"post_tag","embeddable":true,"href":"https:\/\/footdavant.fr\/actualites\/wp-json\/wp\/v2\/tags?post=34718"}],"curies":[{"name":"wp","href":"https:\/\/api.w.org\/{rel}","templated":true}]}}