{"id":34721,"date":"2026-02-21T17:48:06","date_gmt":"2026-02-21T16:48:06","guid":{"rendered":"https:\/\/footdavant.fr\/actualites\/nouvelles-du-transfert-de-man-city-les-attentes-de-james-trafford-revelees-alors-que-le-gardien-de-but-fait-valoir-gianluigi-donnarumma\/"},"modified":"2026-02-21T17:48:08","modified_gmt":"2026-02-21T16:48:08","slug":"nouvelles-du-transfert-de-man-city-les-attentes-de-james-trafford-revelees-alors-que-le-gardien-de-but-fait-valoir-gianluigi-donnarumma","status":"publish","type":"post","link":"https:\/\/footdavant.fr\/actualites\/nouvelles-du-transfert-de-man-city-les-attentes-de-james-trafford-revelees-alors-que-le-gardien-de-but-fait-valoir-gianluigi-donnarumma\/","title":{"rendered":"Nouvelles du transfert de Man City: les \u00ab attentes \u00bb de James Trafford r\u00e9v\u00e9l\u00e9es alors que le gardien de but fait valoir Gianluigi Donnarumma"},"content":{"rendered":"<div itemprop=\"articleBody\">\n<p style=\"margin-bottom:11px\">James Trafford a admis qu&#39;il ne s&#39;attendait pas \u00e0 ce que Manchester City recrute son compatriote Gianluigi Donnarumma apr\u00e8s son transfert de Burnley l&#39;\u00e9t\u00e9 dernier.<\/p>\n<p>Le dipl\u00f4m\u00e9 de l&#39;acad\u00e9mie de 23 ans a \u00e9t\u00e9 re-sign\u00e9 par les Citizens pour un montant de 27 millions de livres sterling et a d\u00e9but\u00e9 chacun des trois premiers matchs du club en Premier League cette saison, devant Ederson qui a ensuite obtenu un transfert \u00e0 Fenerbahce.<\/p>\n<p>Trafford est revenu au stade Etihad dans l&#39;espoir de s&#39;imposer comme le gardien de premier choix de Pep Guardiola, mais Man City a fait appel de mani\u00e8re opportuniste au vainqueur de la Ligue des champions Donnarumma du Paris Saint-Germain le jour de la date limite.<\/p>\n<p>Donnarumma a \u00e9t\u00e9 rapidement install\u00e9 comme le nouveau n\u00b01 de Guardiola et a d\u00e9but\u00e9 23 matchs cons\u00e9cutifs de Premier League ainsi que sept autres en Ligue des champions depuis son arriv\u00e9e \u00e0 l&#39;Etihad, tandis que Trafford a \u00e9t\u00e9 contraint de jouer le second r\u00f4le derri\u00e8re l&#39;Italien.<\/p>\n<p>En effet, depuis l&#39;arriv\u00e9e de Donnarumma, Trafford a \u00e9t\u00e9 limit\u00e9 \u00e0 seulement huit sorties en \u00e9quipe premi\u00e8re toutes comp\u00e9titions confondues \u2013 cinq en Coupe EFL, deux en FA Cup et une en Ligue des Champions.<\/p>\n<p>Trafford, qui a gard\u00e9 sa cage inviol\u00e9e lors de la victoire 2-0 \u00e0 domicile de Man City contre Salford City au quatri\u00e8me tour de la FA Cup le week-end dernier, pourrait quitter le club apr\u00e8s une seule saison, avec des sp\u00e9culations sur son avenir.<\/p>\n<div>\n<div>\n<div>\n<div>\n<p>\u00a9 Imago \/ Photo Presse Sportive<\/p>\n<\/div>\n<\/div>\n<\/div>\n<\/div>\n<h2>Trafford \u00ab\u00a0ne s&#39;attendait pas\u00a0\u00bb \u00e0 l&#39;arriv\u00e9e de Donnarumma \u00e0 Man City<\/h2>\n<p>\u00ab\u00a0Je ne m&#39;attendais pas \u00e0 ce que la situation (avec Donnarumma) se produise, mais c&#39;est arriv\u00e9, donc je dois juste y aller.\u00a0\u00bb Trafford a d\u00e9clar\u00e9 aux journalistes.<\/p>\n<p>\u00ab\u00a0C&#39;est comme \u00e7a, c&#39;est le football. Il faut continuer \u00e0 se greffer chaque jour et quand les matchs arrivent, jouer aussi fort que possible. C&#39;est juste une autre exp\u00e9rience \u00e0 ajouter \u00e0 ma carri\u00e8re et cela a \u00e9t\u00e9 une bonne exp\u00e9rience d&#39;apprentissage.\u00a0\u00bb<\/p>\n<p>Trafford a sign\u00e9 un contrat de cinq ans lorsqu&#39;il a rejoint Man City l&#39;\u00e9t\u00e9 dernier, mais avec un temps de jeu limit\u00e9 et ses espoirs de faire partie de l&#39;\u00e9quipe d&#39;Angleterre de Thomas Tuchel pour la Coupe du monde 2026, il ne sait pas ce que l&#39;avenir lui r\u00e9serve.<\/p>\n<p>\u00ab\u00a0Prenons les choses au jour le jour et essayons de travailler aussi dur que possible et quoi qu&#39;il arrive, cela arrivera\u00a0\u00bb, a-t-il ajout\u00e9. \u00ab\u00a0J&#39;ai \u00e9videmment un contrat (mais) je ne sais pas ce qui se passera la saison prochaine. Je sais juste que je vais juste le prendre un jour \u00e0 la fois et essayer de m&#39;am\u00e9liorer.<\/p>\n<p>\u00ab\u00a0\u00c9videmment, tout le monde sait ce qui m&#39;arrive. Je dois juste, chaque fois que je joue, jouer du mieux que je peux.\u00a0\u00bb<\/p>\n<p>Trafford a \u00e9galement insist\u00e9 sur le fait qu&#39;il n&#39;avait aucun probl\u00e8me personnel avec Donnarumma et qu&#39;il avait g\u00e9r\u00e9 son revers \u00e0 Man City de mani\u00e8re positive.<\/p>\n<p>\u00ab\u00a0C&#39;est un gars formidable, c&#39;est un homme adorable\u00a0\u00bb, a d\u00e9clar\u00e9 Trafford. \u00ab\u00a0Nous nous entra\u00eenons tous les deux aussi dur que possible et essayons de nous am\u00e9liorer. De toute \u00e9vidence, il a eu une belle carri\u00e8re jusqu&#39;\u00e0 pr\u00e9sent et il a d&#39;excellents standards.<\/p>\n<p>\u00ab\u00a0Certaines personnes trouveraient cela difficile, d&#39;autres non. J&#39;essaie juste de tout ce que je peux et je fais ce que je crois pouvoir faire.\u00a0\u00bb<\/p>\n<div>\n<div>\n<div>\n<div><img decoding=\"async\" data-img-id=\"155777\" class=\"lazy\" loading=\"lazy\" src=\"https:\/\/footdavant.fr\/actualites\/wp-content\/uploads\/2026\/02\/Nouvelles-du-transfert-de-Man-City-les-attentes.webp\"\/><\/p>\n<p>\u00a9 Imago<\/p>\n<\/div>\n<\/div>\n<\/div>\n<\/div>\n<h2>\u00ab\u00a0Un certain nombre de pr\u00e9tendants sont attendus\u00a0\u00bb pour Trafford cet \u00e9t\u00e9<\/h2>\n<p>Guardiola a clairement indiqu\u00e9 \u00e0 la mi-d\u00e9cembre que Trafford ne quitterait pas Man City pendant la fen\u00eatre hivernale et a insist\u00e9 sur le fait que le gardien \u00ab incroyable \u00bb \u00ab reste ici \u00bb.<\/p>\n<p>Cependant, \u00e0 peine un mois plus tard, Guardiola a admis qu&#39;il ne savait pas si Trafford resterait un joueur de Man City pour la saison prochaine et a refus\u00e9 d&#39;exclure une \u00e9ventuelle sortie estivale.<\/p>\n<p>Selon le <em>Courrier quotidien<\/em>au moins un club de Premier League a manifest\u00e9 son int\u00e9r\u00eat pour la signature de Trafford en janvier et \u00ab un certain nombre de pr\u00e9tendants \u00bb devraient \u00ab faire surface \u00bb au cours des prochains mois, avant le mercato d&#39;\u00e9t\u00e9.<\/p>\n<p>Un rapport r\u00e9cent affirme qu&#39;Aston Villa a identifi\u00e9 Trafford comme un rempla\u00e7ant potentiel pour Emiliano Martinez, s&#39;il quitte le club cet \u00e9t\u00e9.<\/p>\n<p>Il reste \u00e0 voir si Newcastle United renouvellera son int\u00e9r\u00eat pour Trafford apr\u00e8s avoir rat\u00e9 sa signature l\u2019\u00e9t\u00e9 dernier, avant de signer le pr\u00eat d\u2019Aaron Ramsdale pour concurrencer Nick Pope.<\/p>\n<\/div>\n","protected":false},"excerpt":{"rendered":"<p>James Trafford a admis qu&#39;il ne s&#39;attendait pas \u00e0 ce que Manchester City recrute son compatriote Gianluigi Donnarumma apr\u00e8s son transfert de Burnley l&#39;\u00e9t\u00e9 dernier.<\/p>\n","protected":false},"author":1,"featured_media":34608,"comment_status":"closed","ping_status":"","sticky":false,"template":"","format":"standard","meta":{"footnotes":""},"categories":[5],"tags":[318,1650,27,9190,152,1488,9189,111,93,24,461,7155,2090,700,3263],"yoast_head":"<!-- This site is optimized with the Yoast SEO plugin v21.0 - https:\/\/yoast.com\/wordpress\/plugins\/seo\/ -->\n<title>Nouvelles du transfert de Man City: les \u00ab attentes \u00bb de James Trafford r\u00e9v\u00e9l\u00e9es alors que le gardien de but fait valoir Gianluigi Donnarumma<\/title>\n<meta name=\"robots\" content=\"index, follow, max-snippet:-1, max-image-preview:large, max-video-preview:-1\" \/>\n<link rel=\"canonical\" href=\"https:\/\/footdavant.fr\/actualites\/nouvelles-du-transfert-de-man-city-les-attentes-de-james-trafford-revelees-alors-que-le-gardien-de-but-fait-valoir-gianluigi-donnarumma\/\" \/>\n<meta property=\"og:locale\" content=\"fr_FR\" \/>\n<meta property=\"og:type\" content=\"article\" \/>\n<meta property=\"og:title\" content=\"Nouvelles du transfert de Man City: les \u00ab attentes \u00bb de James Trafford r\u00e9v\u00e9l\u00e9es alors que le gardien de but fait valoir Gianluigi Donnarumma\" \/>\n<meta property=\"og:description\" content=\"James Trafford a admis qu&#039;il ne s&#039;attendait pas \u00e0 ce que Manchester City recrute son compatriote Gianluigi Donnarumma apr\u00e8s son transfert de Burnley l&#039;\u00e9t\u00e9 dernier.\" \/>\n<meta property=\"og:url\" content=\"https:\/\/footdavant.fr\/actualites\/nouvelles-du-transfert-de-man-city-les-attentes-de-james-trafford-revelees-alors-que-le-gardien-de-but-fait-valoir-gianluigi-donnarumma\/\" \/>\n<meta property=\"og:site_name\" content=\"Foot d&#039;avant\" \/>\n<meta property=\"article:publisher\" content=\"https:\/\/www.facebook.com\/Footdavant\/\" \/>\n<meta property=\"article:published_time\" content=\"2026-02-21T16:48:06+00:00\" \/>\n<meta property=\"article:modified_time\" content=\"2026-02-21T16:48:08+00:00\" \/>\n<meta property=\"og:image\" content=\"https:\/\/footdavant.fr\/actualites\/wp-content\/uploads\/2026\/02\/La-position-de-transfert-de-Man-City-pour-James-Trafford.net2Fuploads2F20262F022Fsm-azzuu-traffor.webp\" \/>\n\t<meta property=\"og:image:width\" content=\"720\" \/>\n\t<meta property=\"og:image:height\" content=\"410\" \/>\n\t<meta property=\"og:image:type\" content=\"image\/webp\" \/>\n<meta name=\"author\" content=\"Cl\u00e9ment\" \/>\n<meta name=\"twitter:card\" content=\"summary_large_image\" \/>\n<meta name=\"twitter:creator\" content=\"@FootdavantFr\" \/>\n<meta name=\"twitter:site\" content=\"@FootdavantFr\" \/>\n<meta name=\"twitter:label1\" content=\"\u00c9crit par\" \/>\n\t<meta name=\"twitter:data1\" content=\"Cl\u00e9ment\" \/>\n\t<meta name=\"twitter:label2\" content=\"Dur\u00e9e de lecture estim\u00e9e\" \/>\n\t<meta name=\"twitter:data2\" content=\"4 minutes\" \/>\n<script type=\"application\/ld+json\" class=\"yoast-schema-graph\">{\"@context\":\"https:\/\/schema.org\",\"@graph\":[{\"@type\":\"Article\",\"@id\":\"https:\/\/footdavant.fr\/actualites\/nouvelles-du-transfert-de-man-city-les-attentes-de-james-trafford-revelees-alors-que-le-gardien-de-but-fait-valoir-gianluigi-donnarumma\/#article\",\"isPartOf\":{\"@id\":\"https:\/\/footdavant.fr\/actualites\/nouvelles-du-transfert-de-man-city-les-attentes-de-james-trafford-revelees-alors-que-le-gardien-de-but-fait-valoir-gianluigi-donnarumma\/\"},\"author\":{\"name\":\"Cl\u00e9ment\",\"@id\":\"https:\/\/footdavant.fr\/actualites\/#\/schema\/person\/bc222566d95871b37e597b3ed3ba5e1d\"},\"headline\":\"Nouvelles du transfert de Man City: les \u00ab attentes \u00bb de James Trafford r\u00e9v\u00e9l\u00e9es alors que le gardien de but fait valoir Gianluigi Donnarumma\",\"datePublished\":\"2026-02-21T16:48:06+00:00\",\"dateModified\":\"2026-02-21T16:48:08+00:00\",\"mainEntityOfPage\":{\"@id\":\"https:\/\/footdavant.fr\/actualites\/nouvelles-du-transfert-de-man-city-les-attentes-de-james-trafford-revelees-alors-que-le-gardien-de-but-fait-valoir-gianluigi-donnarumma\/\"},\"wordCount\":802,\"publisher\":{\"@id\":\"https:\/\/footdavant.fr\/actualites\/#organization\"},\"keywords\":[\"alors\",\"attentes\",\"City\",\"Donnarumma\",\"fait\",\"gardien\",\"Gianluigi\",\"James\",\"les\",\"Man\",\"Nouvelles\",\"r\u00e9v\u00e9l\u00e9es\",\"Trafford\",\"transfert\",\"valoir\"],\"articleSection\":[\"Premier League\"],\"inLanguage\":\"fr-FR\"},{\"@type\":\"WebPage\",\"@id\":\"https:\/\/footdavant.fr\/actualites\/nouvelles-du-transfert-de-man-city-les-attentes-de-james-trafford-revelees-alors-que-le-gardien-de-but-fait-valoir-gianluigi-donnarumma\/\",\"url\":\"https:\/\/footdavant.fr\/actualites\/nouvelles-du-transfert-de-man-city-les-attentes-de-james-trafford-revelees-alors-que-le-gardien-de-but-fait-valoir-gianluigi-donnarumma\/\",\"name\":\"Nouvelles du transfert de Man City: les \u00ab attentes \u00bb de James Trafford r\u00e9v\u00e9l\u00e9es alors que le gardien de but fait valoir Gianluigi Donnarumma\",\"isPartOf\":{\"@id\":\"https:\/\/footdavant.fr\/actualites\/#website\"},\"datePublished\":\"2026-02-21T16:48:06+00:00\",\"dateModified\":\"2026-02-21T16:48:08+00:00\",\"breadcrumb\":{\"@id\":\"https:\/\/footdavant.fr\/actualites\/nouvelles-du-transfert-de-man-city-les-attentes-de-james-trafford-revelees-alors-que-le-gardien-de-but-fait-valoir-gianluigi-donnarumma\/#breadcrumb\"},\"inLanguage\":\"fr-FR\",\"potentialAction\":[{\"@type\":\"ReadAction\",\"target\":[\"https:\/\/footdavant.fr\/actualites\/nouvelles-du-transfert-de-man-city-les-attentes-de-james-trafford-revelees-alors-que-le-gardien-de-but-fait-valoir-gianluigi-donnarumma\/\"]}]},{\"@type\":\"BreadcrumbList\",\"@id\":\"https:\/\/footdavant.fr\/actualites\/nouvelles-du-transfert-de-man-city-les-attentes-de-james-trafford-revelees-alors-que-le-gardien-de-but-fait-valoir-gianluigi-donnarumma\/#breadcrumb\",\"itemListElement\":[{\"@type\":\"ListItem\",\"position\":1,\"name\":\"Accueil\",\"item\":\"https:\/\/footdavant.fr\/actualites\/\"},{\"@type\":\"ListItem\",\"position\":2,\"name\":\"Nouvelles du transfert de Man City: les \u00ab attentes \u00bb de James Trafford r\u00e9v\u00e9l\u00e9es alors que le gardien de but fait valoir Gianluigi Donnarumma\"}]},{\"@type\":\"WebSite\",\"@id\":\"https:\/\/footdavant.fr\/actualites\/#website\",\"url\":\"https:\/\/footdavant.fr\/actualites\/\",\"name\":\"Foot d'avant\",\"description\":\"\",\"publisher\":{\"@id\":\"https:\/\/footdavant.fr\/actualites\/#organization\"},\"potentialAction\":[{\"@type\":\"SearchAction\",\"target\":{\"@type\":\"EntryPoint\",\"urlTemplate\":\"https:\/\/footdavant.fr\/actualites\/?s={search_term_string}\"},\"query-input\":\"required name=search_term_string\"}],\"inLanguage\":\"fr-FR\"},{\"@type\":\"Organization\",\"@id\":\"https:\/\/footdavant.fr\/actualites\/#organization\",\"name\":\"Foot d'avant\",\"url\":\"https:\/\/footdavant.fr\/actualites\/\",\"logo\":{\"@type\":\"ImageObject\",\"inLanguage\":\"fr-FR\",\"@id\":\"https:\/\/footdavant.fr\/actualites\/#\/schema\/logo\/image\/\",\"url\":\"https:\/\/footdavant.fr\/actualites\/wp-content\/uploads\/2023\/09\/Copy-of-FootDavant-Logo.png\",\"contentUrl\":\"https:\/\/footdavant.fr\/actualites\/wp-content\/uploads\/2023\/09\/Copy-of-FootDavant-Logo.png\",\"width\":936,\"height\":549,\"caption\":\"Foot d'avant\"},\"image\":{\"@id\":\"https:\/\/footdavant.fr\/actualites\/#\/schema\/logo\/image\/\"},\"sameAs\":[\"https:\/\/www.facebook.com\/Footdavant\/\",\"https:\/\/twitter.com\/FootdavantFr\",\"https:\/\/www.instagram.com\/footdavant.fr\/\"]},{\"@type\":\"Person\",\"@id\":\"https:\/\/footdavant.fr\/actualites\/#\/schema\/person\/bc222566d95871b37e597b3ed3ba5e1d\",\"name\":\"Cl\u00e9ment\",\"image\":{\"@type\":\"ImageObject\",\"inLanguage\":\"fr-FR\",\"@id\":\"https:\/\/footdavant.fr\/actualites\/#\/schema\/person\/image\/\",\"url\":\"https:\/\/secure.gravatar.com\/avatar\/7728b29aac2719421e1a9159b2254c44?s=96&d=mm&r=g\",\"contentUrl\":\"https:\/\/secure.gravatar.com\/avatar\/7728b29aac2719421e1a9159b2254c44?s=96&d=mm&r=g\",\"caption\":\"Cl\u00e9ment\"},\"sameAs\":[\"https:\/\/footdavant.fr\/\"]}]}<\/script>\n<!-- \/ Yoast SEO plugin. -->","yoast_head_json":{"title":"Nouvelles du transfert de Man City: les \u00ab attentes \u00bb de James Trafford r\u00e9v\u00e9l\u00e9es alors que le gardien de but fait valoir Gianluigi Donnarumma","robots":{"index":"index","follow":"follow","max-snippet":"max-snippet:-1","max-image-preview":"max-image-preview:large","max-video-preview":"max-video-preview:-1"},"canonical":"https:\/\/footdavant.fr\/actualites\/nouvelles-du-transfert-de-man-city-les-attentes-de-james-trafford-revelees-alors-que-le-gardien-de-but-fait-valoir-gianluigi-donnarumma\/","og_locale":"fr_FR","og_type":"article","og_title":"Nouvelles du transfert de Man City: les \u00ab attentes \u00bb de James Trafford r\u00e9v\u00e9l\u00e9es alors que le gardien de but fait valoir Gianluigi Donnarumma","og_description":"James Trafford a admis qu&#39;il ne s&#39;attendait pas \u00e0 ce que Manchester City recrute son compatriote Gianluigi Donnarumma apr\u00e8s son transfert de Burnley l&#39;\u00e9t\u00e9 dernier.","og_url":"https:\/\/footdavant.fr\/actualites\/nouvelles-du-transfert-de-man-city-les-attentes-de-james-trafford-revelees-alors-que-le-gardien-de-but-fait-valoir-gianluigi-donnarumma\/","og_site_name":"Foot d&#039;avant","article_publisher":"https:\/\/www.facebook.com\/Footdavant\/","article_published_time":"2026-02-21T16:48:06+00:00","article_modified_time":"2026-02-21T16:48:08+00:00","og_image":[{"width":720,"height":410,"url":"https:\/\/footdavant.fr\/actualites\/wp-content\/uploads\/2026\/02\/La-position-de-transfert-de-Man-City-pour-James-Trafford.net2Fuploads2F20262F022Fsm-azzuu-traffor.webp","type":"image\/webp"}],"author":"Cl\u00e9ment","twitter_card":"summary_large_image","twitter_creator":"@FootdavantFr","twitter_site":"@FootdavantFr","twitter_misc":{"\u00c9crit par":"Cl\u00e9ment","Dur\u00e9e de lecture estim\u00e9e":"4 minutes"},"schema":{"@context":"https:\/\/schema.org","@graph":[{"@type":"Article","@id":"https:\/\/footdavant.fr\/actualites\/nouvelles-du-transfert-de-man-city-les-attentes-de-james-trafford-revelees-alors-que-le-gardien-de-but-fait-valoir-gianluigi-donnarumma\/#article","isPartOf":{"@id":"https:\/\/footdavant.fr\/actualites\/nouvelles-du-transfert-de-man-city-les-attentes-de-james-trafford-revelees-alors-que-le-gardien-de-but-fait-valoir-gianluigi-donnarumma\/"},"author":{"name":"Cl\u00e9ment","@id":"https:\/\/footdavant.fr\/actualites\/#\/schema\/person\/bc222566d95871b37e597b3ed3ba5e1d"},"headline":"Nouvelles du transfert de Man City: les \u00ab attentes \u00bb de James Trafford r\u00e9v\u00e9l\u00e9es alors que le gardien de but fait valoir Gianluigi Donnarumma","datePublished":"2026-02-21T16:48:06+00:00","dateModified":"2026-02-21T16:48:08+00:00","mainEntityOfPage":{"@id":"https:\/\/footdavant.fr\/actualites\/nouvelles-du-transfert-de-man-city-les-attentes-de-james-trafford-revelees-alors-que-le-gardien-de-but-fait-valoir-gianluigi-donnarumma\/"},"wordCount":802,"publisher":{"@id":"https:\/\/footdavant.fr\/actualites\/#organization"},"keywords":["alors","attentes","City","Donnarumma","fait","gardien","Gianluigi","James","les","Man","Nouvelles","r\u00e9v\u00e9l\u00e9es","Trafford","transfert","valoir"],"articleSection":["Premier League"],"inLanguage":"fr-FR"},{"@type":"WebPage","@id":"https:\/\/footdavant.fr\/actualites\/nouvelles-du-transfert-de-man-city-les-attentes-de-james-trafford-revelees-alors-que-le-gardien-de-but-fait-valoir-gianluigi-donnarumma\/","url":"https:\/\/footdavant.fr\/actualites\/nouvelles-du-transfert-de-man-city-les-attentes-de-james-trafford-revelees-alors-que-le-gardien-de-but-fait-valoir-gianluigi-donnarumma\/","name":"Nouvelles du transfert de Man City: les \u00ab attentes \u00bb de James Trafford r\u00e9v\u00e9l\u00e9es alors que le gardien de but fait valoir Gianluigi Donnarumma","isPartOf":{"@id":"https:\/\/footdavant.fr\/actualites\/#website"},"datePublished":"2026-02-21T16:48:06+00:00","dateModified":"2026-02-21T16:48:08+00:00","breadcrumb":{"@id":"https:\/\/footdavant.fr\/actualites\/nouvelles-du-transfert-de-man-city-les-attentes-de-james-trafford-revelees-alors-que-le-gardien-de-but-fait-valoir-gianluigi-donnarumma\/#breadcrumb"},"inLanguage":"fr-FR","potentialAction":[{"@type":"ReadAction","target":["https:\/\/footdavant.fr\/actualites\/nouvelles-du-transfert-de-man-city-les-attentes-de-james-trafford-revelees-alors-que-le-gardien-de-but-fait-valoir-gianluigi-donnarumma\/"]}]},{"@type":"BreadcrumbList","@id":"https:\/\/footdavant.fr\/actualites\/nouvelles-du-transfert-de-man-city-les-attentes-de-james-trafford-revelees-alors-que-le-gardien-de-but-fait-valoir-gianluigi-donnarumma\/#breadcrumb","itemListElement":[{"@type":"ListItem","position":1,"name":"Accueil","item":"https:\/\/footdavant.fr\/actualites\/"},{"@type":"ListItem","position":2,"name":"Nouvelles du transfert de Man City: les \u00ab attentes \u00bb de James Trafford r\u00e9v\u00e9l\u00e9es alors que le gardien de but fait valoir Gianluigi Donnarumma"}]},{"@type":"WebSite","@id":"https:\/\/footdavant.fr\/actualites\/#website","url":"https:\/\/footdavant.fr\/actualites\/","name":"Foot d'avant","description":"","publisher":{"@id":"https:\/\/footdavant.fr\/actualites\/#organization"},"potentialAction":[{"@type":"SearchAction","target":{"@type":"EntryPoint","urlTemplate":"https:\/\/footdavant.fr\/actualites\/?s={search_term_string}"},"query-input":"required name=search_term_string"}],"inLanguage":"fr-FR"},{"@type":"Organization","@id":"https:\/\/footdavant.fr\/actualites\/#organization","name":"Foot d'avant","url":"https:\/\/footdavant.fr\/actualites\/","logo":{"@type":"ImageObject","inLanguage":"fr-FR","@id":"https:\/\/footdavant.fr\/actualites\/#\/schema\/logo\/image\/","url":"https:\/\/footdavant.fr\/actualites\/wp-content\/uploads\/2023\/09\/Copy-of-FootDavant-Logo.png","contentUrl":"https:\/\/footdavant.fr\/actualites\/wp-content\/uploads\/2023\/09\/Copy-of-FootDavant-Logo.png","width":936,"height":549,"caption":"Foot d'avant"},"image":{"@id":"https:\/\/footdavant.fr\/actualites\/#\/schema\/logo\/image\/"},"sameAs":["https:\/\/www.facebook.com\/Footdavant\/","https:\/\/twitter.com\/FootdavantFr","https:\/\/www.instagram.com\/footdavant.fr\/"]},{"@type":"Person","@id":"https:\/\/footdavant.fr\/actualites\/#\/schema\/person\/bc222566d95871b37e597b3ed3ba5e1d","name":"Cl\u00e9ment","image":{"@type":"ImageObject","inLanguage":"fr-FR","@id":"https:\/\/footdavant.fr\/actualites\/#\/schema\/person\/image\/","url":"https:\/\/secure.gravatar.com\/avatar\/7728b29aac2719421e1a9159b2254c44?s=96&d=mm&r=g","contentUrl":"https:\/\/secure.gravatar.com\/avatar\/7728b29aac2719421e1a9159b2254c44?s=96&d=mm&r=g","caption":"Cl\u00e9ment"},"sameAs":["https:\/\/footdavant.fr\/"]}]}},"_links":{"self":[{"href":"https:\/\/footdavant.fr\/actualites\/wp-json\/wp\/v2\/posts\/34721"}],"collection":[{"href":"https:\/\/footdavant.fr\/actualites\/wp-json\/wp\/v2\/posts"}],"about":[{"href":"https:\/\/footdavant.fr\/actualites\/wp-json\/wp\/v2\/types\/post"}],"author":[{"embeddable":true,"href":"https:\/\/footdavant.fr\/actualites\/wp-json\/wp\/v2\/users\/1"}],"replies":[{"embeddable":true,"href":"https:\/\/footdavant.fr\/actualites\/wp-json\/wp\/v2\/comments?post=34721"}],"version-history":[{"count":1,"href":"https:\/\/footdavant.fr\/actualites\/wp-json\/wp\/v2\/posts\/34721\/revisions"}],"predecessor-version":[{"id":34722,"href":"https:\/\/footdavant.fr\/actualites\/wp-json\/wp\/v2\/posts\/34721\/revisions\/34722"}],"wp:featuredmedia":[{"embeddable":true,"href":"https:\/\/footdavant.fr\/actualites\/wp-json\/wp\/v2\/media\/34608"}],"wp:attachment":[{"href":"https:\/\/footdavant.fr\/actualites\/wp-json\/wp\/v2\/media?parent=34721"}],"wp:term":[{"taxonomy":"category","embeddable":true,"href":"https:\/\/footdavant.fr\/actualites\/wp-json\/wp\/v2\/categories?post=34721"},{"taxonomy":"post_tag","embeddable":true,"href":"https:\/\/footdavant.fr\/actualites\/wp-json\/wp\/v2\/tags?post=34721"}],"curies":[{"name":"wp","href":"https:\/\/api.w.org\/{rel}","templated":true}]}}